{"id":886,"date":"2021-09-01T09:01:19","date_gmt":"2021-09-01T12:01:19","guid":{"rendered":"http:\/\/palmerodespachante.uy\/?p=886"},"modified":"2021-09-03T09:07:08","modified_gmt":"2021-09-03T12:07:08","slug":"la-fiebre-en-el-precio-de-los-fletes-maritimos-asfixia-al-comercio-latinoamericano","status":"publish","type":"post","link":"https:\/\/palmerodespachante.uy\/index.php\/2021\/09\/01\/la-fiebre-en-el-precio-de-los-fletes-maritimos-asfixia-al-comercio-latinoamericano\/","title":{"rendered":"La fiebre en el precio de los fletes mar\u00edtimos asfixia al comercio latinoamericano"},"content":{"rendered":"<p>Una demanda mayor a la prevista y la ralentizaci\u00f3n de la cadena log\u00edstica por los nuevos protocolos, entre otros factores, han llevado al cielo las tarifas de transporte mar\u00edtimo. Para las navieras, que ven c\u00f3mo sus m\u00e1rgenes aumentan, se han alineado los planetas. Pero para la industria de comercio exterior latinoamericana se trata de una tormenta perfecta, en la que los importadores de Asia est\u00e1n siendo especialmente perjudicados, con alzas de m\u00e1s de 100% en los fletes.<\/p>\n<p><a href=\"https:\/\/www.americaeconomia.com\/negocios-industrias\/la-fiebre-en-el-precio-de-los-fletes-maritimos-asfixia-al-comercio\" target=\"_blank\" rel=\"noopener\">Continuar leyendo en Am\u00e9rica Econom\u00eda<\/a><\/p>\n","protected":false},"excerpt":{"rendered":"<p>Una demanda mayor a la prevista y la ralentizaci\u00f3n de la cadena log\u00edstica por los nuevos protocolos, entre otros factores, han llevado al cielo las tarifas de transporte mar\u00edtimo. Para las navieras, que ven c\u00f3mo sus m\u00e1rgenes aumentan, se han alineado los planetas. Pero para la industria de comercio exterior latinoamericana se trata de una [&hellip;]<\/p>\n","protected":false},"author":2,"featured_media":887,"comment_status":"open","ping_status":"open","sticky":false,"template":"","format":"standard","meta":{"_joinchat":[],"footnotes":""},"categories":[37],"tags":[71,73],"class_list":{"0":"post-886","1":"post","2":"type-post","3":"status-publish","4":"format-standard","5":"has-post-thumbnail","7":"category-noticias","8":"tag-fletes","9":"tag-maritimos"},"yoast_head":"<!-- This site is optimized with the Yoast SEO plugin v27.5 - https:\/\/yoast.com\/product\/yoast-seo-wordpress\/ -->\n<title>La fiebre en el precio de los fletes mar\u00edtimos asfixia al comercio latinoamericano - Palmero Despachante de Aduana<\/title>\n<meta name=\"robots\" content=\"noindex, follow\" \/>\n<meta property=\"og:locale\" content=\"es_ES\" \/>\n<meta property=\"og:type\" content=\"article\" \/>\n<meta property=\"og:title\" content=\"La fiebre en el precio de los fletes mar\u00edtimos asfixia al comercio latinoamericano - Palmero Despachante de Aduana\" \/>\n<meta property=\"og:description\" content=\"Una demanda mayor a la prevista y la ralentizaci\u00f3n de la cadena log\u00edstica por los nuevos protocolos, entre otros factores, han llevado al cielo las tarifas de transporte mar\u00edtimo. Para las navieras, que ven c\u00f3mo sus m\u00e1rgenes aumentan, se han alineado los planetas. Pero para la industria de comercio exterior latinoamericana se trata de una [&hellip;]\" \/>\n<meta property=\"og:url\" content=\"https:\/\/palmerodespachante.uy\/index.php\/2021\/09\/01\/la-fiebre-en-el-precio-de-los-fletes-maritimos-asfixia-al-comercio-latinoamericano\/\" \/>\n<meta property=\"og:site_name\" content=\"Palmero Despachante de Aduana\" \/>\n<meta property=\"article:publisher\" content=\"https:\/\/www.facebook.com\/despachantedeaduana.palmero?hc_ref=ARQPWzEmqFz3O_9qTlrxPP6NW-Vf1b4-iJdwH7XdkuWdfarefzfPyjY7DGBCye4mnJs\" \/>\n<meta property=\"article:published_time\" content=\"2021-09-01T12:01:19+00:00\" \/>\n<meta property=\"article:modified_time\" content=\"2021-09-03T12:07:08+00:00\" \/>\n<meta property=\"og:image\" content=\"https:\/\/palmerodespachante.uy\/wp-content\/uploads\/2021\/09\/Foto-America-Economia.jpg\" \/>\n\t<meta property=\"og:image:width\" content=\"800\" \/>\n\t<meta property=\"og:image:height\" content=\"379\" \/>\n\t<meta property=\"og:image:type\" content=\"image\/jpeg\" \/>\n<meta name=\"author\" content=\"Alvaro Rodriguez\" \/>\n<meta name=\"twitter:card\" content=\"summary_large_image\" \/>\n<meta name=\"twitter:label1\" content=\"Escrito por\" \/>\n\t<meta name=\"twitter:data1\" content=\"Alvaro Rodriguez\" \/>\n\t<meta name=\"twitter:label2\" content=\"Tiempo de lectura\" \/>\n\t<meta name=\"twitter:data2\" content=\"1 minuto\" \/>\n<script type=\"application\/ld+json\" class=\"yoast-schema-graph\">{\"@context\":\"https:\\\/\\\/schema.org\",\"@graph\":[{\"@type\":\"Article\",\"@id\":\"https:\\\/\\\/palmerodespachante.uy\\\/index.php\\\/2021\\\/09\\\/01\\\/la-fiebre-en-el-precio-de-los-fletes-maritimos-asfixia-al-comercio-latinoamericano\\\/#article\",\"isPartOf\":{\"@id\":\"https:\\\/\\\/palmerodespachante.uy\\\/index.php\\\/2021\\\/09\\\/01\\\/la-fiebre-en-el-precio-de-los-fletes-maritimos-asfixia-al-comercio-latinoamericano\\\/\"},\"author\":{\"name\":\"Alvaro Rodriguez\",\"@id\":\"https:\\\/\\\/palmerodespachante.uy\\\/#\\\/schema\\\/person\\\/1e2e6d1dc7d586cb03537c927bb9340d\"},\"headline\":\"La fiebre en el precio de los fletes mar\u00edtimos asfixia al comercio latinoamericano\",\"datePublished\":\"2021-09-01T12:01:19+00:00\",\"dateModified\":\"2021-09-03T12:07:08+00:00\",\"mainEntityOfPage\":{\"@id\":\"https:\\\/\\\/palmerodespachante.uy\\\/index.php\\\/2021\\\/09\\\/01\\\/la-fiebre-en-el-precio-de-los-fletes-maritimos-asfixia-al-comercio-latinoamericano\\\/\"},\"wordCount\":104,\"commentCount\":0,\"publisher\":{\"@id\":\"https:\\\/\\\/palmerodespachante.uy\\\/#organization\"},\"image\":{\"@id\":\"https:\\\/\\\/palmerodespachante.uy\\\/index.php\\\/2021\\\/09\\\/01\\\/la-fiebre-en-el-precio-de-los-fletes-maritimos-asfixia-al-comercio-latinoamericano\\\/#primaryimage\"},\"thumbnailUrl\":\"https:\\\/\\\/palmerodespachante.uy\\\/wp-content\\\/uploads\\\/2021\\\/09\\\/Foto-America-Economia.jpg\",\"keywords\":[\"Fletes\",\"Maritimos\"],\"articleSection\":[\"Noticias\"],\"inLanguage\":\"es\",\"potentialAction\":[{\"@type\":\"CommentAction\",\"name\":\"Comment\",\"target\":[\"https:\\\/\\\/palmerodespachante.uy\\\/index.php\\\/2021\\\/09\\\/01\\\/la-fiebre-en-el-precio-de-los-fletes-maritimos-asfixia-al-comercio-latinoamericano\\\/#respond\"]}]},{\"@type\":\"WebPage\",\"@id\":\"https:\\\/\\\/palmerodespachante.uy\\\/index.php\\\/2021\\\/09\\\/01\\\/la-fiebre-en-el-precio-de-los-fletes-maritimos-asfixia-al-comercio-latinoamericano\\\/\",\"url\":\"https:\\\/\\\/palmerodespachante.uy\\\/index.php\\\/2021\\\/09\\\/01\\\/la-fiebre-en-el-precio-de-los-fletes-maritimos-asfixia-al-comercio-latinoamericano\\\/\",\"name\":\"La fiebre en el precio de los fletes mar\u00edtimos asfixia al comercio latinoamericano - Palmero Despachante de Aduana\",\"isPartOf\":{\"@id\":\"https:\\\/\\\/palmerodespachante.uy\\\/#website\"},\"primaryImageOfPage\":{\"@id\":\"https:\\\/\\\/palmerodespachante.uy\\\/index.php\\\/2021\\\/09\\\/01\\\/la-fiebre-en-el-precio-de-los-fletes-maritimos-asfixia-al-comercio-latinoamericano\\\/#primaryimage\"},\"image\":{\"@id\":\"https:\\\/\\\/palmerodespachante.uy\\\/index.php\\\/2021\\\/09\\\/01\\\/la-fiebre-en-el-precio-de-los-fletes-maritimos-asfixia-al-comercio-latinoamericano\\\/#primaryimage\"},\"thumbnailUrl\":\"https:\\\/\\\/palmerodespachante.uy\\\/wp-content\\\/uploads\\\/2021\\\/09\\\/Foto-America-Economia.jpg\",\"datePublished\":\"2021-09-01T12:01:19+00:00\",\"dateModified\":\"2021-09-03T12:07:08+00:00\",\"breadcrumb\":{\"@id\":\"https:\\\/\\\/palmerodespachante.uy\\\/index.php\\\/2021\\\/09\\\/01\\\/la-fiebre-en-el-precio-de-los-fletes-maritimos-asfixia-al-comercio-latinoamericano\\\/#breadcrumb\"},\"inLanguage\":\"es\",\"potentialAction\":[{\"@type\":\"ReadAction\",\"target\":[\"https:\\\/\\\/palmerodespachante.uy\\\/index.php\\\/2021\\\/09\\\/01\\\/la-fiebre-en-el-precio-de-los-fletes-maritimos-asfixia-al-comercio-latinoamericano\\\/\"]}]},{\"@type\":\"ImageObject\",\"inLanguage\":\"es\",\"@id\":\"https:\\\/\\\/palmerodespachante.uy\\\/index.php\\\/2021\\\/09\\\/01\\\/la-fiebre-en-el-precio-de-los-fletes-maritimos-asfixia-al-comercio-latinoamericano\\\/#primaryimage\",\"url\":\"https:\\\/\\\/palmerodespachante.uy\\\/wp-content\\\/uploads\\\/2021\\\/09\\\/Foto-America-Economia.jpg\",\"contentUrl\":\"https:\\\/\\\/palmerodespachante.uy\\\/wp-content\\\/uploads\\\/2021\\\/09\\\/Foto-America-Economia.jpg\",\"width\":800,\"height\":379,\"caption\":\"Foto America Economia\"},{\"@type\":\"BreadcrumbList\",\"@id\":\"https:\\\/\\\/palmerodespachante.uy\\\/index.php\\\/2021\\\/09\\\/01\\\/la-fiebre-en-el-precio-de-los-fletes-maritimos-asfixia-al-comercio-latinoamericano\\\/#breadcrumb\",\"itemListElement\":[{\"@type\":\"ListItem\",\"position\":1,\"name\":\"Portada\",\"item\":\"https:\\\/\\\/palmerodespachante.uy\\\/\"},{\"@type\":\"ListItem\",\"position\":2,\"name\":\"La fiebre en el precio de los fletes mar\u00edtimos asfixia al comercio latinoamericano\"}]},{\"@type\":\"WebSite\",\"@id\":\"https:\\\/\\\/palmerodespachante.uy\\\/#website\",\"url\":\"https:\\\/\\\/palmerodespachante.uy\\\/\",\"name\":\"Palmero Despachante de Aduana\",\"description\":\"Importaci\u00f3n, Exportaci\u00f3n, Tr\u00e1nsito\",\"publisher\":{\"@id\":\"https:\\\/\\\/palmerodespachante.uy\\\/#organization\"},\"potentialAction\":[{\"@type\":\"SearchAction\",\"target\":{\"@type\":\"EntryPoint\",\"urlTemplate\":\"https:\\\/\\\/palmerodespachante.uy\\\/?s={search_term_string}\"},\"query-input\":{\"@type\":\"PropertyValueSpecification\",\"valueRequired\":true,\"valueName\":\"search_term_string\"}}],\"inLanguage\":\"es\"},{\"@type\":\"Organization\",\"@id\":\"https:\\\/\\\/palmerodespachante.uy\\\/#organization\",\"name\":\"Palmero Despachante de Aduanas\",\"url\":\"https:\\\/\\\/palmerodespachante.uy\\\/\",\"logo\":{\"@type\":\"ImageObject\",\"inLanguage\":\"es\",\"@id\":\"https:\\\/\\\/palmerodespachante.uy\\\/#\\\/schema\\\/logo\\\/image\\\/\",\"url\":\"https:\\\/\\\/palmerodespachante.uy\\\/wp-content\\\/uploads\\\/2018\\\/08\\\/Logo-144.png\",\"contentUrl\":\"https:\\\/\\\/palmerodespachante.uy\\\/wp-content\\\/uploads\\\/2018\\\/08\\\/Logo-144.png\",\"width\":144,\"height\":144,\"caption\":\"Palmero Despachante de Aduanas\"},\"image\":{\"@id\":\"https:\\\/\\\/palmerodespachante.uy\\\/#\\\/schema\\\/logo\\\/image\\\/\"},\"sameAs\":[\"https:\\\/\\\/www.facebook.com\\\/despachantedeaduana.palmero?hc_ref=ARQPWzEmqFz3O_9qTlrxPP6NW-Vf1b4-iJdwH7XdkuWdfarefzfPyjY7DGBCye4mnJs\",\"https:\\\/\\\/www.linkedin.com\\\/company\\\/despachante-de-aduana-palmero\\\/\"]},{\"@type\":\"Person\",\"@id\":\"https:\\\/\\\/palmerodespachante.uy\\\/#\\\/schema\\\/person\\\/1e2e6d1dc7d586cb03537c927bb9340d\",\"name\":\"Alvaro Rodriguez\",\"image\":{\"@type\":\"ImageObject\",\"inLanguage\":\"es\",\"@id\":\"https:\\\/\\\/palmerodespachante.uy\\\/wp-content\\\/litespeed\\\/avatar\\\/a597d94e8bb52931be5ec5c736940e56.jpg?ver=1777516842\",\"url\":\"https:\\\/\\\/palmerodespachante.uy\\\/wp-content\\\/litespeed\\\/avatar\\\/a597d94e8bb52931be5ec5c736940e56.jpg?ver=1777516842\",\"contentUrl\":\"https:\\\/\\\/palmerodespachante.uy\\\/wp-content\\\/litespeed\\\/avatar\\\/a597d94e8bb52931be5ec5c736940e56.jpg?ver=1777516842\",\"caption\":\"Alvaro Rodriguez\"}}]}<\/script>\n<!-- \/ Yoast SEO plugin. -->","yoast_head_json":{"title":"La fiebre en el precio de los fletes mar\u00edtimos asfixia al comercio latinoamericano - Palmero Despachante de Aduana","robots":{"index":"noindex","follow":"follow"},"og_locale":"es_ES","og_type":"article","og_title":"La fiebre en el precio de los fletes mar\u00edtimos asfixia al comercio latinoamericano - Palmero Despachante de Aduana","og_description":"Una demanda mayor a la prevista y la ralentizaci\u00f3n de la cadena log\u00edstica por los nuevos protocolos, entre otros factores, han llevado al cielo las tarifas de transporte mar\u00edtimo. Para las navieras, que ven c\u00f3mo sus m\u00e1rgenes aumentan, se han alineado los planetas. Pero para la industria de comercio exterior latinoamericana se trata de una [&hellip;]","og_url":"https:\/\/palmerodespachante.uy\/index.php\/2021\/09\/01\/la-fiebre-en-el-precio-de-los-fletes-maritimos-asfixia-al-comercio-latinoamericano\/","og_site_name":"Palmero Despachante de Aduana","article_publisher":"https:\/\/www.facebook.com\/despachantedeaduana.palmero?hc_ref=ARQPWzEmqFz3O_9qTlrxPP6NW-Vf1b4-iJdwH7XdkuWdfarefzfPyjY7DGBCye4mnJs","article_published_time":"2021-09-01T12:01:19+00:00","article_modified_time":"2021-09-03T12:07:08+00:00","og_image":[{"width":800,"height":379,"url":"https:\/\/palmerodespachante.uy\/wp-content\/uploads\/2021\/09\/Foto-America-Economia.jpg","type":"image\/jpeg"}],"author":"Alvaro Rodriguez","twitter_card":"summary_large_image","twitter_misc":{"Escrito por":"Alvaro Rodriguez","Tiempo de lectura":"1 minuto"},"schema":{"@context":"https:\/\/schema.org","@graph":[{"@type":"Article","@id":"https:\/\/palmerodespachante.uy\/index.php\/2021\/09\/01\/la-fiebre-en-el-precio-de-los-fletes-maritimos-asfixia-al-comercio-latinoamericano\/#article","isPartOf":{"@id":"https:\/\/palmerodespachante.uy\/index.php\/2021\/09\/01\/la-fiebre-en-el-precio-de-los-fletes-maritimos-asfixia-al-comercio-latinoamericano\/"},"author":{"name":"Alvaro Rodriguez","@id":"https:\/\/palmerodespachante.uy\/#\/schema\/person\/1e2e6d1dc7d586cb03537c927bb9340d"},"headline":"La fiebre en el precio de los fletes mar\u00edtimos asfixia al comercio latinoamericano","datePublished":"2021-09-01T12:01:19+00:00","dateModified":"2021-09-03T12:07:08+00:00","mainEntityOfPage":{"@id":"https:\/\/palmerodespachante.uy\/index.php\/2021\/09\/01\/la-fiebre-en-el-precio-de-los-fletes-maritimos-asfixia-al-comercio-latinoamericano\/"},"wordCount":104,"commentCount":0,"publisher":{"@id":"https:\/\/palmerodespachante.uy\/#organization"},"image":{"@id":"https:\/\/palmerodespachante.uy\/index.php\/2021\/09\/01\/la-fiebre-en-el-precio-de-los-fletes-maritimos-asfixia-al-comercio-latinoamericano\/#primaryimage"},"thumbnailUrl":"https:\/\/palmerodespachante.uy\/wp-content\/uploads\/2021\/09\/Foto-America-Economia.jpg","keywords":["Fletes","Maritimos"],"articleSection":["Noticias"],"inLanguage":"es","potentialAction":[{"@type":"CommentAction","name":"Comment","target":["https:\/\/palmerodespachante.uy\/index.php\/2021\/09\/01\/la-fiebre-en-el-precio-de-los-fletes-maritimos-asfixia-al-comercio-latinoamericano\/#respond"]}]},{"@type":"WebPage","@id":"https:\/\/palmerodespachante.uy\/index.php\/2021\/09\/01\/la-fiebre-en-el-precio-de-los-fletes-maritimos-asfixia-al-comercio-latinoamericano\/","url":"https:\/\/palmerodespachante.uy\/index.php\/2021\/09\/01\/la-fiebre-en-el-precio-de-los-fletes-maritimos-asfixia-al-comercio-latinoamericano\/","name":"La fiebre en el precio de los fletes mar\u00edtimos asfixia al comercio latinoamericano - Palmero Despachante de Aduana","isPartOf":{"@id":"https:\/\/palmerodespachante.uy\/#website"},"primaryImageOfPage":{"@id":"https:\/\/palmerodespachante.uy\/index.php\/2021\/09\/01\/la-fiebre-en-el-precio-de-los-fletes-maritimos-asfixia-al-comercio-latinoamericano\/#primaryimage"},"image":{"@id":"https:\/\/palmerodespachante.uy\/index.php\/2021\/09\/01\/la-fiebre-en-el-precio-de-los-fletes-maritimos-asfixia-al-comercio-latinoamericano\/#primaryimage"},"thumbnailUrl":"https:\/\/palmerodespachante.uy\/wp-content\/uploads\/2021\/09\/Foto-America-Economia.jpg","datePublished":"2021-09-01T12:01:19+00:00","dateModified":"2021-09-03T12:07:08+00:00","breadcrumb":{"@id":"https:\/\/palmerodespachante.uy\/index.php\/2021\/09\/01\/la-fiebre-en-el-precio-de-los-fletes-maritimos-asfixia-al-comercio-latinoamericano\/#breadcrumb"},"inLanguage":"es","potentialAction":[{"@type":"ReadAction","target":["https:\/\/palmerodespachante.uy\/index.php\/2021\/09\/01\/la-fiebre-en-el-precio-de-los-fletes-maritimos-asfixia-al-comercio-latinoamericano\/"]}]},{"@type":"ImageObject","inLanguage":"es","@id":"https:\/\/palmerodespachante.uy\/index.php\/2021\/09\/01\/la-fiebre-en-el-precio-de-los-fletes-maritimos-asfixia-al-comercio-latinoamericano\/#primaryimage","url":"https:\/\/palmerodespachante.uy\/wp-content\/uploads\/2021\/09\/Foto-America-Economia.jpg","contentUrl":"https:\/\/palmerodespachante.uy\/wp-content\/uploads\/2021\/09\/Foto-America-Economia.jpg","width":800,"height":379,"caption":"Foto America Economia"},{"@type":"BreadcrumbList","@id":"https:\/\/palmerodespachante.uy\/index.php\/2021\/09\/01\/la-fiebre-en-el-precio-de-los-fletes-maritimos-asfixia-al-comercio-latinoamericano\/#breadcrumb","itemListElement":[{"@type":"ListItem","position":1,"name":"Portada","item":"https:\/\/palmerodespachante.uy\/"},{"@type":"ListItem","position":2,"name":"La fiebre en el precio de los fletes mar\u00edtimos asfixia al comercio latinoamericano"}]},{"@type":"WebSite","@id":"https:\/\/palmerodespachante.uy\/#website","url":"https:\/\/palmerodespachante.uy\/","name":"Palmero Despachante de Aduana","description":"Importaci\u00f3n, Exportaci\u00f3n, Tr\u00e1nsito","publisher":{"@id":"https:\/\/palmerodespachante.uy\/#organization"},"potentialAction":[{"@type":"SearchAction","target":{"@type":"EntryPoint","urlTemplate":"https:\/\/palmerodespachante.uy\/?s={search_term_string}"},"query-input":{"@type":"PropertyValueSpecification","valueRequired":true,"valueName":"search_term_string"}}],"inLanguage":"es"},{"@type":"Organization","@id":"https:\/\/palmerodespachante.uy\/#organization","name":"Palmero Despachante de Aduanas","url":"https:\/\/palmerodespachante.uy\/","logo":{"@type":"ImageObject","inLanguage":"es","@id":"https:\/\/palmerodespachante.uy\/#\/schema\/logo\/image\/","url":"https:\/\/palmerodespachante.uy\/wp-content\/uploads\/2018\/08\/Logo-144.png","contentUrl":"https:\/\/palmerodespachante.uy\/wp-content\/uploads\/2018\/08\/Logo-144.png","width":144,"height":144,"caption":"Palmero Despachante de Aduanas"},"image":{"@id":"https:\/\/palmerodespachante.uy\/#\/schema\/logo\/image\/"},"sameAs":["https:\/\/www.facebook.com\/despachantedeaduana.palmero?hc_ref=ARQPWzEmqFz3O_9qTlrxPP6NW-Vf1b4-iJdwH7XdkuWdfarefzfPyjY7DGBCye4mnJs","https:\/\/www.linkedin.com\/company\/despachante-de-aduana-palmero\/"]},{"@type":"Person","@id":"https:\/\/palmerodespachante.uy\/#\/schema\/person\/1e2e6d1dc7d586cb03537c927bb9340d","name":"Alvaro Rodriguez","image":{"@type":"ImageObject","inLanguage":"es","@id":"https:\/\/palmerodespachante.uy\/wp-content\/litespeed\/avatar\/a597d94e8bb52931be5ec5c736940e56.jpg?ver=1777516842","url":"https:\/\/palmerodespachante.uy\/wp-content\/litespeed\/avatar\/a597d94e8bb52931be5ec5c736940e56.jpg?ver=1777516842","contentUrl":"https:\/\/palmerodespachante.uy\/wp-content\/litespeed\/avatar\/a597d94e8bb52931be5ec5c736940e56.jpg?ver=1777516842","caption":"Alvaro Rodriguez"}}]}},"jetpack_featured_media_url":"https:\/\/palmerodespachante.uy\/wp-content\/uploads\/2021\/09\/Foto-America-Economia.jpg","_links":{"self":[{"href":"https:\/\/palmerodespachante.uy\/index.php\/wp-json\/wp\/v2\/posts\/886","targetHints":{"allow":["GET"]}}],"collection":[{"href":"https:\/\/palmerodespachante.uy\/index.php\/wp-json\/wp\/v2\/posts"}],"about":[{"href":"https:\/\/palmerodespachante.uy\/index.php\/wp-json\/wp\/v2\/types\/post"}],"author":[{"embeddable":true,"href":"https:\/\/palmerodespachante.uy\/index.php\/wp-json\/wp\/v2\/users\/2"}],"replies":[{"embeddable":true,"href":"https:\/\/palmerodespachante.uy\/index.php\/wp-json\/wp\/v2\/comments?post=886"}],"version-history":[{"count":1,"href":"https:\/\/palmerodespachante.uy\/index.php\/wp-json\/wp\/v2\/posts\/886\/revisions"}],"predecessor-version":[{"id":888,"href":"https:\/\/palmerodespachante.uy\/index.php\/wp-json\/wp\/v2\/posts\/886\/revisions\/888"}],"wp:featuredmedia":[{"embeddable":true,"href":"https:\/\/palmerodespachante.uy\/index.php\/wp-json\/wp\/v2\/media\/887"}],"wp:attachment":[{"href":"https:\/\/palmerodespachante.uy\/index.php\/wp-json\/wp\/v2\/media?parent=886"}],"wp:term":[{"taxonomy":"category","embeddable":true,"href":"https:\/\/palmerodespachante.uy\/index.php\/wp-json\/wp\/v2\/categories?post=886"},{"taxonomy":"post_tag","embeddable":true,"href":"https:\/\/palmerodespachante.uy\/index.php\/wp-json\/wp\/v2\/tags?post=886"}],"curies":[{"name":"wp","href":"https:\/\/api.w.org\/{rel}","templated":true}]}}