{"id":861,"date":"2021-08-14T12:50:01","date_gmt":"2021-08-14T15:50:01","guid":{"rendered":"http:\/\/palmerodespachante.uy\/?p=861"},"modified":"2021-08-20T12:57:23","modified_gmt":"2021-08-20T15:57:23","slug":"tras-el-golpe-por-la-pandemia-numero-de-pequenas-empresas-se-recupero-en-1-800","status":"publish","type":"post","link":"https:\/\/palmerodespachante.uy\/index.php\/2021\/08\/14\/tras-el-golpe-por-la-pandemia-numero-de-pequenas-empresas-se-recupero-en-1-800\/","title":{"rendered":"Tras el golpe por la pandemia, n\u00famero de peque\u00f1as empresas se recuper\u00f3 en 1.800"},"content":{"rendered":"<p>Se crearon 22 mil nuevos puestos de trabajo respecto a junio del a\u00f1o pasado pero hay 18 mil trabajadores menos que febrero de 2020.<\/p>\n<p>Continuar leyendo en <a href=\"https:\/\/www.elobservador.com.uy\/nota\/tras-el-golpe-por-la-pandemia-numero-de-pequenas-empresas-se-recupero-en-1-800--202181313024\" target=\"_blank\" rel=\"noopener\">El Observador<\/a><\/p>\n","protected":false},"excerpt":{"rendered":"<p>Se crearon 22 mil nuevos puestos de trabajo respecto a junio del a\u00f1o pasado pero hay 18 mil trabajadores menos que febrero de 2020. Continuar leyendo en El Observador<\/p>\n","protected":false},"author":2,"featured_media":862,"comment_status":"open","ping_status":"open","sticky":false,"template":"","format":"standard","meta":{"_joinchat":[],"footnotes":""},"categories":[37],"tags":[],"class_list":{"0":"post-861","1":"post","2":"type-post","3":"status-publish","4":"format-standard","5":"has-post-thumbnail","7":"category-noticias"},"yoast_head":"<!-- This site is optimized with the Yoast SEO plugin v27.5 - https:\/\/yoast.com\/product\/yoast-seo-wordpress\/ -->\n<title>Tras el golpe por la pandemia, n\u00famero de peque\u00f1as empresas se recuper\u00f3 en 1.800 - Palmero Despachante de Aduana<\/title>\n<meta name=\"robots\" content=\"noindex, follow\" \/>\n<meta property=\"og:locale\" content=\"es_ES\" \/>\n<meta property=\"og:type\" content=\"article\" \/>\n<meta property=\"og:title\" content=\"Tras el golpe por la pandemia, n\u00famero de peque\u00f1as empresas se recuper\u00f3 en 1.800 - Palmero Despachante de Aduana\" \/>\n<meta property=\"og:description\" content=\"Se crearon 22 mil nuevos puestos de trabajo respecto a junio del a\u00f1o pasado pero hay 18 mil trabajadores menos que febrero de 2020. Continuar leyendo en El Observador\" \/>\n<meta property=\"og:url\" content=\"https:\/\/palmerodespachante.uy\/index.php\/2021\/08\/14\/tras-el-golpe-por-la-pandemia-numero-de-pequenas-empresas-se-recupero-en-1-800\/\" \/>\n<meta property=\"og:site_name\" content=\"Palmero Despachante de Aduana\" \/>\n<meta property=\"article:publisher\" content=\"https:\/\/www.facebook.com\/despachantedeaduana.palmero?hc_ref=ARQPWzEmqFz3O_9qTlrxPP6NW-Vf1b4-iJdwH7XdkuWdfarefzfPyjY7DGBCye4mnJs\" \/>\n<meta property=\"article:published_time\" content=\"2021-08-14T15:50:01+00:00\" \/>\n<meta property=\"article:modified_time\" content=\"2021-08-20T15:57:23+00:00\" \/>\n<meta property=\"og:image\" content=\"https:\/\/palmerodespachante.uy\/wp-content\/uploads\/2021\/08\/Foto-El-Observador.jpeg\" \/>\n\t<meta property=\"og:image:width\" content=\"800\" \/>\n\t<meta property=\"og:image:height\" content=\"532\" \/>\n\t<meta property=\"og:image:type\" content=\"image\/jpeg\" \/>\n<meta name=\"author\" content=\"Alvaro Rodriguez\" \/>\n<meta name=\"twitter:card\" content=\"summary_large_image\" \/>\n<meta name=\"twitter:label1\" content=\"Escrito por\" \/>\n\t<meta name=\"twitter:data1\" content=\"Alvaro Rodriguez\" \/>\n\t<meta name=\"twitter:label2\" content=\"Tiempo de lectura\" \/>\n\t<meta name=\"twitter:data2\" content=\"1 minuto\" \/>\n<script type=\"application\/ld+json\" class=\"yoast-schema-graph\">{\"@context\":\"https:\\\/\\\/schema.org\",\"@graph\":[{\"@type\":\"Article\",\"@id\":\"https:\\\/\\\/palmerodespachante.uy\\\/index.php\\\/2021\\\/08\\\/14\\\/tras-el-golpe-por-la-pandemia-numero-de-pequenas-empresas-se-recupero-en-1-800\\\/#article\",\"isPartOf\":{\"@id\":\"https:\\\/\\\/palmerodespachante.uy\\\/index.php\\\/2021\\\/08\\\/14\\\/tras-el-golpe-por-la-pandemia-numero-de-pequenas-empresas-se-recupero-en-1-800\\\/\"},\"author\":{\"name\":\"Alvaro Rodriguez\",\"@id\":\"https:\\\/\\\/palmerodespachante.uy\\\/#\\\/schema\\\/person\\\/1e2e6d1dc7d586cb03537c927bb9340d\"},\"headline\":\"Tras el golpe por la pandemia, n\u00famero de peque\u00f1as empresas se recuper\u00f3 en 1.800\",\"datePublished\":\"2021-08-14T15:50:01+00:00\",\"dateModified\":\"2021-08-20T15:57:23+00:00\",\"mainEntityOfPage\":{\"@id\":\"https:\\\/\\\/palmerodespachante.uy\\\/index.php\\\/2021\\\/08\\\/14\\\/tras-el-golpe-por-la-pandemia-numero-de-pequenas-empresas-se-recupero-en-1-800\\\/\"},\"wordCount\":42,\"commentCount\":0,\"publisher\":{\"@id\":\"https:\\\/\\\/palmerodespachante.uy\\\/#organization\"},\"image\":{\"@id\":\"https:\\\/\\\/palmerodespachante.uy\\\/index.php\\\/2021\\\/08\\\/14\\\/tras-el-golpe-por-la-pandemia-numero-de-pequenas-empresas-se-recupero-en-1-800\\\/#primaryimage\"},\"thumbnailUrl\":\"https:\\\/\\\/palmerodespachante.uy\\\/wp-content\\\/uploads\\\/2021\\\/08\\\/Foto-El-Observador.jpeg\",\"articleSection\":[\"Noticias\"],\"inLanguage\":\"es\",\"potentialAction\":[{\"@type\":\"CommentAction\",\"name\":\"Comment\",\"target\":[\"https:\\\/\\\/palmerodespachante.uy\\\/index.php\\\/2021\\\/08\\\/14\\\/tras-el-golpe-por-la-pandemia-numero-de-pequenas-empresas-se-recupero-en-1-800\\\/#respond\"]}]},{\"@type\":\"WebPage\",\"@id\":\"https:\\\/\\\/palmerodespachante.uy\\\/index.php\\\/2021\\\/08\\\/14\\\/tras-el-golpe-por-la-pandemia-numero-de-pequenas-empresas-se-recupero-en-1-800\\\/\",\"url\":\"https:\\\/\\\/palmerodespachante.uy\\\/index.php\\\/2021\\\/08\\\/14\\\/tras-el-golpe-por-la-pandemia-numero-de-pequenas-empresas-se-recupero-en-1-800\\\/\",\"name\":\"Tras el golpe por la pandemia, n\u00famero de peque\u00f1as empresas se recuper\u00f3 en 1.800 - Palmero Despachante de Aduana\",\"isPartOf\":{\"@id\":\"https:\\\/\\\/palmerodespachante.uy\\\/#website\"},\"primaryImageOfPage\":{\"@id\":\"https:\\\/\\\/palmerodespachante.uy\\\/index.php\\\/2021\\\/08\\\/14\\\/tras-el-golpe-por-la-pandemia-numero-de-pequenas-empresas-se-recupero-en-1-800\\\/#primaryimage\"},\"image\":{\"@id\":\"https:\\\/\\\/palmerodespachante.uy\\\/index.php\\\/2021\\\/08\\\/14\\\/tras-el-golpe-por-la-pandemia-numero-de-pequenas-empresas-se-recupero-en-1-800\\\/#primaryimage\"},\"thumbnailUrl\":\"https:\\\/\\\/palmerodespachante.uy\\\/wp-content\\\/uploads\\\/2021\\\/08\\\/Foto-El-Observador.jpeg\",\"datePublished\":\"2021-08-14T15:50:01+00:00\",\"dateModified\":\"2021-08-20T15:57:23+00:00\",\"breadcrumb\":{\"@id\":\"https:\\\/\\\/palmerodespachante.uy\\\/index.php\\\/2021\\\/08\\\/14\\\/tras-el-golpe-por-la-pandemia-numero-de-pequenas-empresas-se-recupero-en-1-800\\\/#breadcrumb\"},\"inLanguage\":\"es\",\"potentialAction\":[{\"@type\":\"ReadAction\",\"target\":[\"https:\\\/\\\/palmerodespachante.uy\\\/index.php\\\/2021\\\/08\\\/14\\\/tras-el-golpe-por-la-pandemia-numero-de-pequenas-empresas-se-recupero-en-1-800\\\/\"]}]},{\"@type\":\"ImageObject\",\"inLanguage\":\"es\",\"@id\":\"https:\\\/\\\/palmerodespachante.uy\\\/index.php\\\/2021\\\/08\\\/14\\\/tras-el-golpe-por-la-pandemia-numero-de-pequenas-empresas-se-recupero-en-1-800\\\/#primaryimage\",\"url\":\"https:\\\/\\\/palmerodespachante.uy\\\/wp-content\\\/uploads\\\/2021\\\/08\\\/Foto-El-Observador.jpeg\",\"contentUrl\":\"https:\\\/\\\/palmerodespachante.uy\\\/wp-content\\\/uploads\\\/2021\\\/08\\\/Foto-El-Observador.jpeg\",\"width\":800,\"height\":532,\"caption\":\"Foto El Observador\"},{\"@type\":\"BreadcrumbList\",\"@id\":\"https:\\\/\\\/palmerodespachante.uy\\\/index.php\\\/2021\\\/08\\\/14\\\/tras-el-golpe-por-la-pandemia-numero-de-pequenas-empresas-se-recupero-en-1-800\\\/#breadcrumb\",\"itemListElement\":[{\"@type\":\"ListItem\",\"position\":1,\"name\":\"Portada\",\"item\":\"https:\\\/\\\/palmerodespachante.uy\\\/\"},{\"@type\":\"ListItem\",\"position\":2,\"name\":\"Tras el golpe por la pandemia, n\u00famero de peque\u00f1as empresas se recuper\u00f3 en 1.800\"}]},{\"@type\":\"WebSite\",\"@id\":\"https:\\\/\\\/palmerodespachante.uy\\\/#website\",\"url\":\"https:\\\/\\\/palmerodespachante.uy\\\/\",\"name\":\"Palmero Despachante de Aduana\",\"description\":\"Importaci\u00f3n, Exportaci\u00f3n, Tr\u00e1nsito\",\"publisher\":{\"@id\":\"https:\\\/\\\/palmerodespachante.uy\\\/#organization\"},\"potentialAction\":[{\"@type\":\"SearchAction\",\"target\":{\"@type\":\"EntryPoint\",\"urlTemplate\":\"https:\\\/\\\/palmerodespachante.uy\\\/?s={search_term_string}\"},\"query-input\":{\"@type\":\"PropertyValueSpecification\",\"valueRequired\":true,\"valueName\":\"search_term_string\"}}],\"inLanguage\":\"es\"},{\"@type\":\"Organization\",\"@id\":\"https:\\\/\\\/palmerodespachante.uy\\\/#organization\",\"name\":\"Palmero Despachante de Aduanas\",\"url\":\"https:\\\/\\\/palmerodespachante.uy\\\/\",\"logo\":{\"@type\":\"ImageObject\",\"inLanguage\":\"es\",\"@id\":\"https:\\\/\\\/palmerodespachante.uy\\\/#\\\/schema\\\/logo\\\/image\\\/\",\"url\":\"https:\\\/\\\/palmerodespachante.uy\\\/wp-content\\\/uploads\\\/2018\\\/08\\\/Logo-144.png\",\"contentUrl\":\"https:\\\/\\\/palmerodespachante.uy\\\/wp-content\\\/uploads\\\/2018\\\/08\\\/Logo-144.png\",\"width\":144,\"height\":144,\"caption\":\"Palmero Despachante de Aduanas\"},\"image\":{\"@id\":\"https:\\\/\\\/palmerodespachante.uy\\\/#\\\/schema\\\/logo\\\/image\\\/\"},\"sameAs\":[\"https:\\\/\\\/www.facebook.com\\\/despachantedeaduana.palmero?hc_ref=ARQPWzEmqFz3O_9qTlrxPP6NW-Vf1b4-iJdwH7XdkuWdfarefzfPyjY7DGBCye4mnJs\",\"https:\\\/\\\/www.linkedin.com\\\/company\\\/despachante-de-aduana-palmero\\\/\"]},{\"@type\":\"Person\",\"@id\":\"https:\\\/\\\/palmerodespachante.uy\\\/#\\\/schema\\\/person\\\/1e2e6d1dc7d586cb03537c927bb9340d\",\"name\":\"Alvaro Rodriguez\",\"image\":{\"@type\":\"ImageObject\",\"inLanguage\":\"es\",\"@id\":\"https:\\\/\\\/palmerodespachante.uy\\\/wp-content\\\/litespeed\\\/avatar\\\/a597d94e8bb52931be5ec5c736940e56.jpg?ver=1777516842\",\"url\":\"https:\\\/\\\/palmerodespachante.uy\\\/wp-content\\\/litespeed\\\/avatar\\\/a597d94e8bb52931be5ec5c736940e56.jpg?ver=1777516842\",\"contentUrl\":\"https:\\\/\\\/palmerodespachante.uy\\\/wp-content\\\/litespeed\\\/avatar\\\/a597d94e8bb52931be5ec5c736940e56.jpg?ver=1777516842\",\"caption\":\"Alvaro Rodriguez\"}}]}<\/script>\n<!-- \/ Yoast SEO plugin. -->","yoast_head_json":{"title":"Tras el golpe por la pandemia, n\u00famero de peque\u00f1as empresas se recuper\u00f3 en 1.800 - Palmero Despachante de Aduana","robots":{"index":"noindex","follow":"follow"},"og_locale":"es_ES","og_type":"article","og_title":"Tras el golpe por la pandemia, n\u00famero de peque\u00f1as empresas se recuper\u00f3 en 1.800 - Palmero Despachante de Aduana","og_description":"Se crearon 22 mil nuevos puestos de trabajo respecto a junio del a\u00f1o pasado pero hay 18 mil trabajadores menos que febrero de 2020. Continuar leyendo en El Observador","og_url":"https:\/\/palmerodespachante.uy\/index.php\/2021\/08\/14\/tras-el-golpe-por-la-pandemia-numero-de-pequenas-empresas-se-recupero-en-1-800\/","og_site_name":"Palmero Despachante de Aduana","article_publisher":"https:\/\/www.facebook.com\/despachantedeaduana.palmero?hc_ref=ARQPWzEmqFz3O_9qTlrxPP6NW-Vf1b4-iJdwH7XdkuWdfarefzfPyjY7DGBCye4mnJs","article_published_time":"2021-08-14T15:50:01+00:00","article_modified_time":"2021-08-20T15:57:23+00:00","og_image":[{"width":800,"height":532,"url":"https:\/\/palmerodespachante.uy\/wp-content\/uploads\/2021\/08\/Foto-El-Observador.jpeg","type":"image\/jpeg"}],"author":"Alvaro Rodriguez","twitter_card":"summary_large_image","twitter_misc":{"Escrito por":"Alvaro Rodriguez","Tiempo de lectura":"1 minuto"},"schema":{"@context":"https:\/\/schema.org","@graph":[{"@type":"Article","@id":"https:\/\/palmerodespachante.uy\/index.php\/2021\/08\/14\/tras-el-golpe-por-la-pandemia-numero-de-pequenas-empresas-se-recupero-en-1-800\/#article","isPartOf":{"@id":"https:\/\/palmerodespachante.uy\/index.php\/2021\/08\/14\/tras-el-golpe-por-la-pandemia-numero-de-pequenas-empresas-se-recupero-en-1-800\/"},"author":{"name":"Alvaro Rodriguez","@id":"https:\/\/palmerodespachante.uy\/#\/schema\/person\/1e2e6d1dc7d586cb03537c927bb9340d"},"headline":"Tras el golpe por la pandemia, n\u00famero de peque\u00f1as empresas se recuper\u00f3 en 1.800","datePublished":"2021-08-14T15:50:01+00:00","dateModified":"2021-08-20T15:57:23+00:00","mainEntityOfPage":{"@id":"https:\/\/palmerodespachante.uy\/index.php\/2021\/08\/14\/tras-el-golpe-por-la-pandemia-numero-de-pequenas-empresas-se-recupero-en-1-800\/"},"wordCount":42,"commentCount":0,"publisher":{"@id":"https:\/\/palmerodespachante.uy\/#organization"},"image":{"@id":"https:\/\/palmerodespachante.uy\/index.php\/2021\/08\/14\/tras-el-golpe-por-la-pandemia-numero-de-pequenas-empresas-se-recupero-en-1-800\/#primaryimage"},"thumbnailUrl":"https:\/\/palmerodespachante.uy\/wp-content\/uploads\/2021\/08\/Foto-El-Observador.jpeg","articleSection":["Noticias"],"inLanguage":"es","potentialAction":[{"@type":"CommentAction","name":"Comment","target":["https:\/\/palmerodespachante.uy\/index.php\/2021\/08\/14\/tras-el-golpe-por-la-pandemia-numero-de-pequenas-empresas-se-recupero-en-1-800\/#respond"]}]},{"@type":"WebPage","@id":"https:\/\/palmerodespachante.uy\/index.php\/2021\/08\/14\/tras-el-golpe-por-la-pandemia-numero-de-pequenas-empresas-se-recupero-en-1-800\/","url":"https:\/\/palmerodespachante.uy\/index.php\/2021\/08\/14\/tras-el-golpe-por-la-pandemia-numero-de-pequenas-empresas-se-recupero-en-1-800\/","name":"Tras el golpe por la pandemia, n\u00famero de peque\u00f1as empresas se recuper\u00f3 en 1.800 - Palmero Despachante de Aduana","isPartOf":{"@id":"https:\/\/palmerodespachante.uy\/#website"},"primaryImageOfPage":{"@id":"https:\/\/palmerodespachante.uy\/index.php\/2021\/08\/14\/tras-el-golpe-por-la-pandemia-numero-de-pequenas-empresas-se-recupero-en-1-800\/#primaryimage"},"image":{"@id":"https:\/\/palmerodespachante.uy\/index.php\/2021\/08\/14\/tras-el-golpe-por-la-pandemia-numero-de-pequenas-empresas-se-recupero-en-1-800\/#primaryimage"},"thumbnailUrl":"https:\/\/palmerodespachante.uy\/wp-content\/uploads\/2021\/08\/Foto-El-Observador.jpeg","datePublished":"2021-08-14T15:50:01+00:00","dateModified":"2021-08-20T15:57:23+00:00","breadcrumb":{"@id":"https:\/\/palmerodespachante.uy\/index.php\/2021\/08\/14\/tras-el-golpe-por-la-pandemia-numero-de-pequenas-empresas-se-recupero-en-1-800\/#breadcrumb"},"inLanguage":"es","potentialAction":[{"@type":"ReadAction","target":["https:\/\/palmerodespachante.uy\/index.php\/2021\/08\/14\/tras-el-golpe-por-la-pandemia-numero-de-pequenas-empresas-se-recupero-en-1-800\/"]}]},{"@type":"ImageObject","inLanguage":"es","@id":"https:\/\/palmerodespachante.uy\/index.php\/2021\/08\/14\/tras-el-golpe-por-la-pandemia-numero-de-pequenas-empresas-se-recupero-en-1-800\/#primaryimage","url":"https:\/\/palmerodespachante.uy\/wp-content\/uploads\/2021\/08\/Foto-El-Observador.jpeg","contentUrl":"https:\/\/palmerodespachante.uy\/wp-content\/uploads\/2021\/08\/Foto-El-Observador.jpeg","width":800,"height":532,"caption":"Foto El Observador"},{"@type":"BreadcrumbList","@id":"https:\/\/palmerodespachante.uy\/index.php\/2021\/08\/14\/tras-el-golpe-por-la-pandemia-numero-de-pequenas-empresas-se-recupero-en-1-800\/#breadcrumb","itemListElement":[{"@type":"ListItem","position":1,"name":"Portada","item":"https:\/\/palmerodespachante.uy\/"},{"@type":"ListItem","position":2,"name":"Tras el golpe por la pandemia, n\u00famero de peque\u00f1as empresas se recuper\u00f3 en 1.800"}]},{"@type":"WebSite","@id":"https:\/\/palmerodespachante.uy\/#website","url":"https:\/\/palmerodespachante.uy\/","name":"Palmero Despachante de Aduana","description":"Importaci\u00f3n, Exportaci\u00f3n, Tr\u00e1nsito","publisher":{"@id":"https:\/\/palmerodespachante.uy\/#organization"},"potentialAction":[{"@type":"SearchAction","target":{"@type":"EntryPoint","urlTemplate":"https:\/\/palmerodespachante.uy\/?s={search_term_string}"},"query-input":{"@type":"PropertyValueSpecification","valueRequired":true,"valueName":"search_term_string"}}],"inLanguage":"es"},{"@type":"Organization","@id":"https:\/\/palmerodespachante.uy\/#organization","name":"Palmero Despachante de Aduanas","url":"https:\/\/palmerodespachante.uy\/","logo":{"@type":"ImageObject","inLanguage":"es","@id":"https:\/\/palmerodespachante.uy\/#\/schema\/logo\/image\/","url":"https:\/\/palmerodespachante.uy\/wp-content\/uploads\/2018\/08\/Logo-144.png","contentUrl":"https:\/\/palmerodespachante.uy\/wp-content\/uploads\/2018\/08\/Logo-144.png","width":144,"height":144,"caption":"Palmero Despachante de Aduanas"},"image":{"@id":"https:\/\/palmerodespachante.uy\/#\/schema\/logo\/image\/"},"sameAs":["https:\/\/www.facebook.com\/despachantedeaduana.palmero?hc_ref=ARQPWzEmqFz3O_9qTlrxPP6NW-Vf1b4-iJdwH7XdkuWdfarefzfPyjY7DGBCye4mnJs","https:\/\/www.linkedin.com\/company\/despachante-de-aduana-palmero\/"]},{"@type":"Person","@id":"https:\/\/palmerodespachante.uy\/#\/schema\/person\/1e2e6d1dc7d586cb03537c927bb9340d","name":"Alvaro Rodriguez","image":{"@type":"ImageObject","inLanguage":"es","@id":"https:\/\/palmerodespachante.uy\/wp-content\/litespeed\/avatar\/a597d94e8bb52931be5ec5c736940e56.jpg?ver=1777516842","url":"https:\/\/palmerodespachante.uy\/wp-content\/litespeed\/avatar\/a597d94e8bb52931be5ec5c736940e56.jpg?ver=1777516842","contentUrl":"https:\/\/palmerodespachante.uy\/wp-content\/litespeed\/avatar\/a597d94e8bb52931be5ec5c736940e56.jpg?ver=1777516842","caption":"Alvaro Rodriguez"}}]}},"jetpack_featured_media_url":"https:\/\/palmerodespachante.uy\/wp-content\/uploads\/2021\/08\/Foto-El-Observador.jpeg","_links":{"self":[{"href":"https:\/\/palmerodespachante.uy\/index.php\/wp-json\/wp\/v2\/posts\/861","targetHints":{"allow":["GET"]}}],"collection":[{"href":"https:\/\/palmerodespachante.uy\/index.php\/wp-json\/wp\/v2\/posts"}],"about":[{"href":"https:\/\/palmerodespachante.uy\/index.php\/wp-json\/wp\/v2\/types\/post"}],"author":[{"embeddable":true,"href":"https:\/\/palmerodespachante.uy\/index.php\/wp-json\/wp\/v2\/users\/2"}],"replies":[{"embeddable":true,"href":"https:\/\/palmerodespachante.uy\/index.php\/wp-json\/wp\/v2\/comments?post=861"}],"version-history":[{"count":1,"href":"https:\/\/palmerodespachante.uy\/index.php\/wp-json\/wp\/v2\/posts\/861\/revisions"}],"predecessor-version":[{"id":863,"href":"https:\/\/palmerodespachante.uy\/index.php\/wp-json\/wp\/v2\/posts\/861\/revisions\/863"}],"wp:featuredmedia":[{"embeddable":true,"href":"https:\/\/palmerodespachante.uy\/index.php\/wp-json\/wp\/v2\/media\/862"}],"wp:attachment":[{"href":"https:\/\/palmerodespachante.uy\/index.php\/wp-json\/wp\/v2\/media?parent=861"}],"wp:term":[{"taxonomy":"category","embeddable":true,"href":"https:\/\/palmerodespachante.uy\/index.php\/wp-json\/wp\/v2\/categories?post=861"},{"taxonomy":"post_tag","embeddable":true,"href":"https:\/\/palmerodespachante.uy\/index.php\/wp-json\/wp\/v2\/tags?post=861"}],"curies":[{"name":"wp","href":"https:\/\/api.w.org\/{rel}","templated":true}]}}