{"id":793,"date":"2021-04-26T11:29:05","date_gmt":"2021-04-26T14:29:05","guid":{"rendered":"http:\/\/palmerodespachante.uy\/?p=793"},"modified":"2021-05-03T11:33:59","modified_gmt":"2021-05-03T14:33:59","slug":"se-puso-en-marcha-la-iniciativa-pyme-al-mundo","status":"publish","type":"post","link":"https:\/\/palmerodespachante.uy\/index.php\/2021\/04\/26\/se-puso-en-marcha-la-iniciativa-pyme-al-mundo\/","title":{"rendered":"SE PUSO EN MARCHA LA INICIATIVA PYME AL MUNDO"},"content":{"rendered":"<p>Este piloto acompa\u00f1ar\u00e1 a 21 peque\u00f1as y medianas empresas, seleccionadas entre m\u00e1s de 80 postuladas para iniciar o aumentar sus exportaciones de bienes o servicios.<\/p>\n<p><a href=\"https:\/\/www.uruguayxxi.gub.uy\/es\/noticias\/articulo\/se-puso-en-marcha-la-iniciativa-pyme-al-mundo\/\" target=\"_blank\" rel=\"noopener\">Continuar leyendo en Uruguay XXI<\/a><\/p>\n<p class=\"mt-20\">\n","protected":false},"excerpt":{"rendered":"<p>Este piloto acompa\u00f1ar\u00e1 a 21 peque\u00f1as y medianas empresas, seleccionadas entre m\u00e1s de 80 postuladas para iniciar o aumentar sus exportaciones de bienes o servicios. Continuar leyendo en Uruguay XXI<\/p>\n","protected":false},"author":2,"featured_media":794,"comment_status":"open","ping_status":"open","sticky":false,"template":"","format":"standard","meta":{"_joinchat":[],"footnotes":""},"categories":[37],"tags":[63],"class_list":{"0":"post-793","1":"post","2":"type-post","3":"status-publish","4":"format-standard","5":"has-post-thumbnail","7":"category-noticias","8":"tag-pyme"},"yoast_head":"<!-- This site is optimized with the Yoast SEO plugin v27.4 - https:\/\/yoast.com\/product\/yoast-seo-wordpress\/ -->\n<title>SE PUSO EN MARCHA LA INICIATIVA PYME AL MUNDO - Palmero Despachante de Aduana<\/title>\n<meta name=\"robots\" content=\"noindex, follow\" \/>\n<meta property=\"og:locale\" content=\"es_ES\" \/>\n<meta property=\"og:type\" content=\"article\" \/>\n<meta property=\"og:title\" content=\"SE PUSO EN MARCHA LA INICIATIVA PYME AL MUNDO - Palmero Despachante de Aduana\" \/>\n<meta property=\"og:description\" content=\"Este piloto acompa\u00f1ar\u00e1 a 21 peque\u00f1as y medianas empresas, seleccionadas entre m\u00e1s de 80 postuladas para iniciar o aumentar sus exportaciones de bienes o servicios. Continuar leyendo en Uruguay XXI\" \/>\n<meta property=\"og:url\" content=\"https:\/\/palmerodespachante.uy\/index.php\/2021\/04\/26\/se-puso-en-marcha-la-iniciativa-pyme-al-mundo\/\" \/>\n<meta property=\"og:site_name\" content=\"Palmero Despachante de Aduana\" \/>\n<meta property=\"article:publisher\" content=\"https:\/\/www.facebook.com\/despachantedeaduana.palmero?hc_ref=ARQPWzEmqFz3O_9qTlrxPP6NW-Vf1b4-iJdwH7XdkuWdfarefzfPyjY7DGBCye4mnJs\" \/>\n<meta property=\"article:published_time\" content=\"2021-04-26T14:29:05+00:00\" \/>\n<meta property=\"article:modified_time\" content=\"2021-05-03T14:33:59+00:00\" \/>\n<meta property=\"og:image\" content=\"https:\/\/palmerodespachante.uy\/wp-content\/uploads\/2021\/05\/PYME-al-mundo.jpg\" \/>\n\t<meta property=\"og:image:width\" content=\"800\" \/>\n\t<meta property=\"og:image:height\" content=\"364\" \/>\n\t<meta property=\"og:image:type\" content=\"image\/jpeg\" \/>\n<meta name=\"author\" content=\"Alvaro Rodriguez\" \/>\n<meta name=\"twitter:card\" content=\"summary_large_image\" \/>\n<meta name=\"twitter:label1\" content=\"Escrito por\" \/>\n\t<meta name=\"twitter:data1\" content=\"Alvaro Rodriguez\" \/>\n\t<meta name=\"twitter:label2\" content=\"Tiempo de lectura\" \/>\n\t<meta name=\"twitter:data2\" content=\"1 minuto\" \/>\n<script type=\"application\/ld+json\" class=\"yoast-schema-graph\">{\"@context\":\"https:\\\/\\\/schema.org\",\"@graph\":[{\"@type\":\"Article\",\"@id\":\"https:\\\/\\\/palmerodespachante.uy\\\/index.php\\\/2021\\\/04\\\/26\\\/se-puso-en-marcha-la-iniciativa-pyme-al-mundo\\\/#article\",\"isPartOf\":{\"@id\":\"https:\\\/\\\/palmerodespachante.uy\\\/index.php\\\/2021\\\/04\\\/26\\\/se-puso-en-marcha-la-iniciativa-pyme-al-mundo\\\/\"},\"author\":{\"name\":\"Alvaro Rodriguez\",\"@id\":\"https:\\\/\\\/palmerodespachante.uy\\\/#\\\/schema\\\/person\\\/1e2e6d1dc7d586cb03537c927bb9340d\"},\"headline\":\"SE PUSO EN MARCHA LA INICIATIVA PYME AL MUNDO\",\"datePublished\":\"2021-04-26T14:29:05+00:00\",\"dateModified\":\"2021-05-03T14:33:59+00:00\",\"mainEntityOfPage\":{\"@id\":\"https:\\\/\\\/palmerodespachante.uy\\\/index.php\\\/2021\\\/04\\\/26\\\/se-puso-en-marcha-la-iniciativa-pyme-al-mundo\\\/\"},\"wordCount\":40,\"commentCount\":0,\"publisher\":{\"@id\":\"https:\\\/\\\/palmerodespachante.uy\\\/#organization\"},\"image\":{\"@id\":\"https:\\\/\\\/palmerodespachante.uy\\\/index.php\\\/2021\\\/04\\\/26\\\/se-puso-en-marcha-la-iniciativa-pyme-al-mundo\\\/#primaryimage\"},\"thumbnailUrl\":\"https:\\\/\\\/palmerodespachante.uy\\\/wp-content\\\/uploads\\\/2021\\\/05\\\/PYME-al-mundo.jpg\",\"keywords\":[\"PYME\"],\"articleSection\":[\"Noticias\"],\"inLanguage\":\"es\",\"potentialAction\":[{\"@type\":\"CommentAction\",\"name\":\"Comment\",\"target\":[\"https:\\\/\\\/palmerodespachante.uy\\\/index.php\\\/2021\\\/04\\\/26\\\/se-puso-en-marcha-la-iniciativa-pyme-al-mundo\\\/#respond\"]}]},{\"@type\":\"WebPage\",\"@id\":\"https:\\\/\\\/palmerodespachante.uy\\\/index.php\\\/2021\\\/04\\\/26\\\/se-puso-en-marcha-la-iniciativa-pyme-al-mundo\\\/\",\"url\":\"https:\\\/\\\/palmerodespachante.uy\\\/index.php\\\/2021\\\/04\\\/26\\\/se-puso-en-marcha-la-iniciativa-pyme-al-mundo\\\/\",\"name\":\"SE PUSO EN MARCHA LA INICIATIVA PYME AL MUNDO - Palmero Despachante de Aduana\",\"isPartOf\":{\"@id\":\"https:\\\/\\\/palmerodespachante.uy\\\/#website\"},\"primaryImageOfPage\":{\"@id\":\"https:\\\/\\\/palmerodespachante.uy\\\/index.php\\\/2021\\\/04\\\/26\\\/se-puso-en-marcha-la-iniciativa-pyme-al-mundo\\\/#primaryimage\"},\"image\":{\"@id\":\"https:\\\/\\\/palmerodespachante.uy\\\/index.php\\\/2021\\\/04\\\/26\\\/se-puso-en-marcha-la-iniciativa-pyme-al-mundo\\\/#primaryimage\"},\"thumbnailUrl\":\"https:\\\/\\\/palmerodespachante.uy\\\/wp-content\\\/uploads\\\/2021\\\/05\\\/PYME-al-mundo.jpg\",\"datePublished\":\"2021-04-26T14:29:05+00:00\",\"dateModified\":\"2021-05-03T14:33:59+00:00\",\"breadcrumb\":{\"@id\":\"https:\\\/\\\/palmerodespachante.uy\\\/index.php\\\/2021\\\/04\\\/26\\\/se-puso-en-marcha-la-iniciativa-pyme-al-mundo\\\/#breadcrumb\"},\"inLanguage\":\"es\",\"potentialAction\":[{\"@type\":\"ReadAction\",\"target\":[\"https:\\\/\\\/palmerodespachante.uy\\\/index.php\\\/2021\\\/04\\\/26\\\/se-puso-en-marcha-la-iniciativa-pyme-al-mundo\\\/\"]}]},{\"@type\":\"ImageObject\",\"inLanguage\":\"es\",\"@id\":\"https:\\\/\\\/palmerodespachante.uy\\\/index.php\\\/2021\\\/04\\\/26\\\/se-puso-en-marcha-la-iniciativa-pyme-al-mundo\\\/#primaryimage\",\"url\":\"https:\\\/\\\/palmerodespachante.uy\\\/wp-content\\\/uploads\\\/2021\\\/05\\\/PYME-al-mundo.jpg\",\"contentUrl\":\"https:\\\/\\\/palmerodespachante.uy\\\/wp-content\\\/uploads\\\/2021\\\/05\\\/PYME-al-mundo.jpg\",\"width\":800,\"height\":364,\"caption\":\"PYME al mundo Foto: Uruguay XXI\"},{\"@type\":\"BreadcrumbList\",\"@id\":\"https:\\\/\\\/palmerodespachante.uy\\\/index.php\\\/2021\\\/04\\\/26\\\/se-puso-en-marcha-la-iniciativa-pyme-al-mundo\\\/#breadcrumb\",\"itemListElement\":[{\"@type\":\"ListItem\",\"position\":1,\"name\":\"Portada\",\"item\":\"https:\\\/\\\/palmerodespachante.uy\\\/\"},{\"@type\":\"ListItem\",\"position\":2,\"name\":\"SE PUSO EN MARCHA LA INICIATIVA PYME AL MUNDO\"}]},{\"@type\":\"WebSite\",\"@id\":\"https:\\\/\\\/palmerodespachante.uy\\\/#website\",\"url\":\"https:\\\/\\\/palmerodespachante.uy\\\/\",\"name\":\"Palmero Despachante de Aduana\",\"description\":\"Importaci\u00f3n, Exportaci\u00f3n, Tr\u00e1nsito\",\"publisher\":{\"@id\":\"https:\\\/\\\/palmerodespachante.uy\\\/#organization\"},\"potentialAction\":[{\"@type\":\"SearchAction\",\"target\":{\"@type\":\"EntryPoint\",\"urlTemplate\":\"https:\\\/\\\/palmerodespachante.uy\\\/?s={search_term_string}\"},\"query-input\":{\"@type\":\"PropertyValueSpecification\",\"valueRequired\":true,\"valueName\":\"search_term_string\"}}],\"inLanguage\":\"es\"},{\"@type\":\"Organization\",\"@id\":\"https:\\\/\\\/palmerodespachante.uy\\\/#organization\",\"name\":\"Palmero Despachante de Aduanas\",\"url\":\"https:\\\/\\\/palmerodespachante.uy\\\/\",\"logo\":{\"@type\":\"ImageObject\",\"inLanguage\":\"es\",\"@id\":\"https:\\\/\\\/palmerodespachante.uy\\\/#\\\/schema\\\/logo\\\/image\\\/\",\"url\":\"https:\\\/\\\/palmerodespachante.uy\\\/wp-content\\\/uploads\\\/2018\\\/08\\\/Logo-144.png\",\"contentUrl\":\"https:\\\/\\\/palmerodespachante.uy\\\/wp-content\\\/uploads\\\/2018\\\/08\\\/Logo-144.png\",\"width\":144,\"height\":144,\"caption\":\"Palmero Despachante de Aduanas\"},\"image\":{\"@id\":\"https:\\\/\\\/palmerodespachante.uy\\\/#\\\/schema\\\/logo\\\/image\\\/\"},\"sameAs\":[\"https:\\\/\\\/www.facebook.com\\\/despachantedeaduana.palmero?hc_ref=ARQPWzEmqFz3O_9qTlrxPP6NW-Vf1b4-iJdwH7XdkuWdfarefzfPyjY7DGBCye4mnJs\",\"https:\\\/\\\/www.linkedin.com\\\/company\\\/despachante-de-aduana-palmero\\\/\"]},{\"@type\":\"Person\",\"@id\":\"https:\\\/\\\/palmerodespachante.uy\\\/#\\\/schema\\\/person\\\/1e2e6d1dc7d586cb03537c927bb9340d\",\"name\":\"Alvaro Rodriguez\",\"image\":{\"@type\":\"ImageObject\",\"inLanguage\":\"es\",\"@id\":\"https:\\\/\\\/palmerodespachante.uy\\\/wp-content\\\/litespeed\\\/avatar\\\/a597d94e8bb52931be5ec5c736940e56.jpg?ver=1776911515\",\"url\":\"https:\\\/\\\/palmerodespachante.uy\\\/wp-content\\\/litespeed\\\/avatar\\\/a597d94e8bb52931be5ec5c736940e56.jpg?ver=1776911515\",\"contentUrl\":\"https:\\\/\\\/palmerodespachante.uy\\\/wp-content\\\/litespeed\\\/avatar\\\/a597d94e8bb52931be5ec5c736940e56.jpg?ver=1776911515\",\"caption\":\"Alvaro Rodriguez\"}}]}<\/script>\n<!-- \/ Yoast SEO plugin. -->","yoast_head_json":{"title":"SE PUSO EN MARCHA LA INICIATIVA PYME AL MUNDO - Palmero Despachante de Aduana","robots":{"index":"noindex","follow":"follow"},"og_locale":"es_ES","og_type":"article","og_title":"SE PUSO EN MARCHA LA INICIATIVA PYME AL MUNDO - Palmero Despachante de Aduana","og_description":"Este piloto acompa\u00f1ar\u00e1 a 21 peque\u00f1as y medianas empresas, seleccionadas entre m\u00e1s de 80 postuladas para iniciar o aumentar sus exportaciones de bienes o servicios. Continuar leyendo en Uruguay XXI","og_url":"https:\/\/palmerodespachante.uy\/index.php\/2021\/04\/26\/se-puso-en-marcha-la-iniciativa-pyme-al-mundo\/","og_site_name":"Palmero Despachante de Aduana","article_publisher":"https:\/\/www.facebook.com\/despachantedeaduana.palmero?hc_ref=ARQPWzEmqFz3O_9qTlrxPP6NW-Vf1b4-iJdwH7XdkuWdfarefzfPyjY7DGBCye4mnJs","article_published_time":"2021-04-26T14:29:05+00:00","article_modified_time":"2021-05-03T14:33:59+00:00","og_image":[{"width":800,"height":364,"url":"https:\/\/palmerodespachante.uy\/wp-content\/uploads\/2021\/05\/PYME-al-mundo.jpg","type":"image\/jpeg"}],"author":"Alvaro Rodriguez","twitter_card":"summary_large_image","twitter_misc":{"Escrito por":"Alvaro Rodriguez","Tiempo de lectura":"1 minuto"},"schema":{"@context":"https:\/\/schema.org","@graph":[{"@type":"Article","@id":"https:\/\/palmerodespachante.uy\/index.php\/2021\/04\/26\/se-puso-en-marcha-la-iniciativa-pyme-al-mundo\/#article","isPartOf":{"@id":"https:\/\/palmerodespachante.uy\/index.php\/2021\/04\/26\/se-puso-en-marcha-la-iniciativa-pyme-al-mundo\/"},"author":{"name":"Alvaro Rodriguez","@id":"https:\/\/palmerodespachante.uy\/#\/schema\/person\/1e2e6d1dc7d586cb03537c927bb9340d"},"headline":"SE PUSO EN MARCHA LA INICIATIVA PYME AL MUNDO","datePublished":"2021-04-26T14:29:05+00:00","dateModified":"2021-05-03T14:33:59+00:00","mainEntityOfPage":{"@id":"https:\/\/palmerodespachante.uy\/index.php\/2021\/04\/26\/se-puso-en-marcha-la-iniciativa-pyme-al-mundo\/"},"wordCount":40,"commentCount":0,"publisher":{"@id":"https:\/\/palmerodespachante.uy\/#organization"},"image":{"@id":"https:\/\/palmerodespachante.uy\/index.php\/2021\/04\/26\/se-puso-en-marcha-la-iniciativa-pyme-al-mundo\/#primaryimage"},"thumbnailUrl":"https:\/\/palmerodespachante.uy\/wp-content\/uploads\/2021\/05\/PYME-al-mundo.jpg","keywords":["PYME"],"articleSection":["Noticias"],"inLanguage":"es","potentialAction":[{"@type":"CommentAction","name":"Comment","target":["https:\/\/palmerodespachante.uy\/index.php\/2021\/04\/26\/se-puso-en-marcha-la-iniciativa-pyme-al-mundo\/#respond"]}]},{"@type":"WebPage","@id":"https:\/\/palmerodespachante.uy\/index.php\/2021\/04\/26\/se-puso-en-marcha-la-iniciativa-pyme-al-mundo\/","url":"https:\/\/palmerodespachante.uy\/index.php\/2021\/04\/26\/se-puso-en-marcha-la-iniciativa-pyme-al-mundo\/","name":"SE PUSO EN MARCHA LA INICIATIVA PYME AL MUNDO - Palmero Despachante de Aduana","isPartOf":{"@id":"https:\/\/palmerodespachante.uy\/#website"},"primaryImageOfPage":{"@id":"https:\/\/palmerodespachante.uy\/index.php\/2021\/04\/26\/se-puso-en-marcha-la-iniciativa-pyme-al-mundo\/#primaryimage"},"image":{"@id":"https:\/\/palmerodespachante.uy\/index.php\/2021\/04\/26\/se-puso-en-marcha-la-iniciativa-pyme-al-mundo\/#primaryimage"},"thumbnailUrl":"https:\/\/palmerodespachante.uy\/wp-content\/uploads\/2021\/05\/PYME-al-mundo.jpg","datePublished":"2021-04-26T14:29:05+00:00","dateModified":"2021-05-03T14:33:59+00:00","breadcrumb":{"@id":"https:\/\/palmerodespachante.uy\/index.php\/2021\/04\/26\/se-puso-en-marcha-la-iniciativa-pyme-al-mundo\/#breadcrumb"},"inLanguage":"es","potentialAction":[{"@type":"ReadAction","target":["https:\/\/palmerodespachante.uy\/index.php\/2021\/04\/26\/se-puso-en-marcha-la-iniciativa-pyme-al-mundo\/"]}]},{"@type":"ImageObject","inLanguage":"es","@id":"https:\/\/palmerodespachante.uy\/index.php\/2021\/04\/26\/se-puso-en-marcha-la-iniciativa-pyme-al-mundo\/#primaryimage","url":"https:\/\/palmerodespachante.uy\/wp-content\/uploads\/2021\/05\/PYME-al-mundo.jpg","contentUrl":"https:\/\/palmerodespachante.uy\/wp-content\/uploads\/2021\/05\/PYME-al-mundo.jpg","width":800,"height":364,"caption":"PYME al mundo Foto: Uruguay XXI"},{"@type":"BreadcrumbList","@id":"https:\/\/palmerodespachante.uy\/index.php\/2021\/04\/26\/se-puso-en-marcha-la-iniciativa-pyme-al-mundo\/#breadcrumb","itemListElement":[{"@type":"ListItem","position":1,"name":"Portada","item":"https:\/\/palmerodespachante.uy\/"},{"@type":"ListItem","position":2,"name":"SE PUSO EN MARCHA LA INICIATIVA PYME AL MUNDO"}]},{"@type":"WebSite","@id":"https:\/\/palmerodespachante.uy\/#website","url":"https:\/\/palmerodespachante.uy\/","name":"Palmero Despachante de Aduana","description":"Importaci\u00f3n, Exportaci\u00f3n, Tr\u00e1nsito","publisher":{"@id":"https:\/\/palmerodespachante.uy\/#organization"},"potentialAction":[{"@type":"SearchAction","target":{"@type":"EntryPoint","urlTemplate":"https:\/\/palmerodespachante.uy\/?s={search_term_string}"},"query-input":{"@type":"PropertyValueSpecification","valueRequired":true,"valueName":"search_term_string"}}],"inLanguage":"es"},{"@type":"Organization","@id":"https:\/\/palmerodespachante.uy\/#organization","name":"Palmero Despachante de Aduanas","url":"https:\/\/palmerodespachante.uy\/","logo":{"@type":"ImageObject","inLanguage":"es","@id":"https:\/\/palmerodespachante.uy\/#\/schema\/logo\/image\/","url":"https:\/\/palmerodespachante.uy\/wp-content\/uploads\/2018\/08\/Logo-144.png","contentUrl":"https:\/\/palmerodespachante.uy\/wp-content\/uploads\/2018\/08\/Logo-144.png","width":144,"height":144,"caption":"Palmero Despachante de Aduanas"},"image":{"@id":"https:\/\/palmerodespachante.uy\/#\/schema\/logo\/image\/"},"sameAs":["https:\/\/www.facebook.com\/despachantedeaduana.palmero?hc_ref=ARQPWzEmqFz3O_9qTlrxPP6NW-Vf1b4-iJdwH7XdkuWdfarefzfPyjY7DGBCye4mnJs","https:\/\/www.linkedin.com\/company\/despachante-de-aduana-palmero\/"]},{"@type":"Person","@id":"https:\/\/palmerodespachante.uy\/#\/schema\/person\/1e2e6d1dc7d586cb03537c927bb9340d","name":"Alvaro Rodriguez","image":{"@type":"ImageObject","inLanguage":"es","@id":"https:\/\/palmerodespachante.uy\/wp-content\/litespeed\/avatar\/a597d94e8bb52931be5ec5c736940e56.jpg?ver=1776911515","url":"https:\/\/palmerodespachante.uy\/wp-content\/litespeed\/avatar\/a597d94e8bb52931be5ec5c736940e56.jpg?ver=1776911515","contentUrl":"https:\/\/palmerodespachante.uy\/wp-content\/litespeed\/avatar\/a597d94e8bb52931be5ec5c736940e56.jpg?ver=1776911515","caption":"Alvaro Rodriguez"}}]}},"jetpack_featured_media_url":"https:\/\/palmerodespachante.uy\/wp-content\/uploads\/2021\/05\/PYME-al-mundo.jpg","_links":{"self":[{"href":"https:\/\/palmerodespachante.uy\/index.php\/wp-json\/wp\/v2\/posts\/793","targetHints":{"allow":["GET"]}}],"collection":[{"href":"https:\/\/palmerodespachante.uy\/index.php\/wp-json\/wp\/v2\/posts"}],"about":[{"href":"https:\/\/palmerodespachante.uy\/index.php\/wp-json\/wp\/v2\/types\/post"}],"author":[{"embeddable":true,"href":"https:\/\/palmerodespachante.uy\/index.php\/wp-json\/wp\/v2\/users\/2"}],"replies":[{"embeddable":true,"href":"https:\/\/palmerodespachante.uy\/index.php\/wp-json\/wp\/v2\/comments?post=793"}],"version-history":[{"count":1,"href":"https:\/\/palmerodespachante.uy\/index.php\/wp-json\/wp\/v2\/posts\/793\/revisions"}],"predecessor-version":[{"id":795,"href":"https:\/\/palmerodespachante.uy\/index.php\/wp-json\/wp\/v2\/posts\/793\/revisions\/795"}],"wp:featuredmedia":[{"embeddable":true,"href":"https:\/\/palmerodespachante.uy\/index.php\/wp-json\/wp\/v2\/media\/794"}],"wp:attachment":[{"href":"https:\/\/palmerodespachante.uy\/index.php\/wp-json\/wp\/v2\/media?parent=793"}],"wp:term":[{"taxonomy":"category","embeddable":true,"href":"https:\/\/palmerodespachante.uy\/index.php\/wp-json\/wp\/v2\/categories?post=793"},{"taxonomy":"post_tag","embeddable":true,"href":"https:\/\/palmerodespachante.uy\/index.php\/wp-json\/wp\/v2\/tags?post=793"}],"curies":[{"name":"wp","href":"https:\/\/api.w.org\/{rel}","templated":true}]}}