{"id":775,"date":"2021-04-07T08:56:33","date_gmt":"2021-04-07T11:56:33","guid":{"rendered":"http:\/\/palmerodespachante.uy\/?p=775"},"modified":"2021-04-14T09:10:30","modified_gmt":"2021-04-14T12:10:30","slug":"el-motor-que-esta-tirando-de-la-economia-las-exportaciones-superan-niveles-pre-covid","status":"publish","type":"post","link":"https:\/\/palmerodespachante.uy\/index.php\/2021\/04\/07\/el-motor-que-esta-tirando-de-la-economia-las-exportaciones-superan-niveles-pre-covid\/","title":{"rendered":"El motor que est\u00e1 tirando de la econom\u00eda: las exportaciones superan niveles pre-COVID"},"content":{"rendered":"<p>En el primer trimestre las exportaciones crecen 19,3% frente a igual lapso de 2020 cuando ya estaban los efectos del COVID-19. Pero adem\u00e1s aumentan frente al primer trimestre de 2019.<\/p>\n<p><a href=\"https:\/\/negocios.elpais.com.uy\/noticias\/motor-tirando-economia-exportaciones-superan-niveles-pre-covid.html\" target=\"_blank\" rel=\"noopener\">Continuar leyendo en El Pa\u00eds<\/a><\/p>\n","protected":false},"excerpt":{"rendered":"<p>En el primer trimestre las exportaciones crecen 19,3% frente a igual lapso de 2020 cuando ya estaban los efectos del COVID-19. Pero adem\u00e1s aumentan frente al primer trimestre de 2019. Continuar leyendo en El Pa\u00eds<\/p>\n","protected":false},"author":2,"featured_media":776,"comment_status":"open","ping_status":"open","sticky":false,"template":"","format":"standard","meta":{"_joinchat":[],"footnotes":""},"categories":[37],"tags":[],"class_list":["post-775","post","type-post","status-publish","format-standard","has-post-thumbnail","category-noticias"],"yoast_head":"<!-- This site is optimized with the Yoast SEO plugin v28.4 - https:\/\/yoast.com\/product\/yoast-seo-wordpress\/ -->\n<title>El motor que est\u00e1 tirando de la econom\u00eda: las exportaciones superan niveles pre-COVID - Palmero Despachante de Aduana<\/title>\n<meta name=\"robots\" content=\"noindex, follow\" \/>\n<meta property=\"og:locale\" content=\"es_ES\" \/>\n<meta property=\"og:type\" content=\"article\" \/>\n<meta property=\"og:title\" content=\"El motor que est\u00e1 tirando de la econom\u00eda: las exportaciones superan niveles pre-COVID - Palmero Despachante de Aduana\" \/>\n<meta property=\"og:description\" content=\"En el primer trimestre las exportaciones crecen 19,3% frente a igual lapso de 2020 cuando ya estaban los efectos del COVID-19. Pero adem\u00e1s aumentan frente al primer trimestre de 2019. Continuar leyendo en El Pa\u00eds\" \/>\n<meta property=\"og:url\" content=\"https:\/\/palmerodespachante.uy\/index.php\/2021\/04\/07\/el-motor-que-esta-tirando-de-la-economia-las-exportaciones-superan-niveles-pre-covid\/\" \/>\n<meta property=\"og:site_name\" content=\"Palmero Despachante de Aduana\" \/>\n<meta property=\"article:publisher\" content=\"https:\/\/www.facebook.com\/despachantedeaduana.palmero?hc_ref=ARQPWzEmqFz3O_9qTlrxPP6NW-Vf1b4-iJdwH7XdkuWdfarefzfPyjY7DGBCye4mnJs\" \/>\n<meta property=\"article:published_time\" content=\"2021-04-07T11:56:33+00:00\" \/>\n<meta property=\"article:modified_time\" content=\"2021-04-14T12:10:30+00:00\" \/>\n<meta property=\"og:image\" content=\"https:\/\/palmerodespachante.uy\/wp-content\/uploads\/2021\/04\/Foto-Darwin-Borrelli.jpeg\" \/>\n\t<meta property=\"og:image:width\" content=\"800\" \/>\n\t<meta property=\"og:image:height\" content=\"510\" \/>\n\t<meta property=\"og:image:type\" content=\"image\/jpeg\" \/>\n<meta name=\"author\" content=\"Alvaro Rodriguez\" \/>\n<meta name=\"twitter:card\" content=\"summary_large_image\" \/>\n<meta name=\"twitter:label1\" content=\"Escrito por\" \/>\n\t<meta name=\"twitter:data1\" content=\"Alvaro Rodriguez\" \/>\n\t<meta name=\"twitter:label2\" content=\"Tiempo de lectura\" \/>\n\t<meta name=\"twitter:data2\" content=\"1 minuto\" \/>\n<script type=\"application\/ld+json\" class=\"yoast-schema-graph\">{\"@context\":\"https:\\\/\\\/schema.org\",\"@graph\":[{\"@type\":\"Article\",\"@id\":\"https:\\\/\\\/palmerodespachante.uy\\\/index.php\\\/2021\\\/04\\\/07\\\/el-motor-que-esta-tirando-de-la-economia-las-exportaciones-superan-niveles-pre-covid\\\/#article\",\"isPartOf\":{\"@id\":\"https:\\\/\\\/palmerodespachante.uy\\\/index.php\\\/2021\\\/04\\\/07\\\/el-motor-que-esta-tirando-de-la-economia-las-exportaciones-superan-niveles-pre-covid\\\/\"},\"author\":{\"name\":\"Alvaro Rodriguez\",\"@id\":\"https:\\\/\\\/palmerodespachante.uy\\\/#\\\/schema\\\/person\\\/1e2e6d1dc7d586cb03537c927bb9340d\"},\"headline\":\"El motor que est\u00e1 tirando de la econom\u00eda: las exportaciones superan niveles pre-COVID\",\"datePublished\":\"2021-04-07T11:56:33+00:00\",\"dateModified\":\"2021-04-14T12:10:30+00:00\",\"mainEntityOfPage\":{\"@id\":\"https:\\\/\\\/palmerodespachante.uy\\\/index.php\\\/2021\\\/04\\\/07\\\/el-motor-que-esta-tirando-de-la-economia-las-exportaciones-superan-niveles-pre-covid\\\/\"},\"wordCount\":48,\"commentCount\":0,\"publisher\":{\"@id\":\"https:\\\/\\\/palmerodespachante.uy\\\/#organization\"},\"image\":{\"@id\":\"https:\\\/\\\/palmerodespachante.uy\\\/index.php\\\/2021\\\/04\\\/07\\\/el-motor-que-esta-tirando-de-la-economia-las-exportaciones-superan-niveles-pre-covid\\\/#primaryimage\"},\"thumbnailUrl\":\"https:\\\/\\\/palmerodespachante.uy\\\/wp-content\\\/uploads\\\/2021\\\/04\\\/Foto-Darwin-Borrelli.jpeg\",\"articleSection\":[\"Noticias\"],\"inLanguage\":\"es\",\"potentialAction\":[{\"@type\":\"CommentAction\",\"name\":\"Comment\",\"target\":[\"https:\\\/\\\/palmerodespachante.uy\\\/index.php\\\/2021\\\/04\\\/07\\\/el-motor-que-esta-tirando-de-la-economia-las-exportaciones-superan-niveles-pre-covid\\\/#respond\"]}]},{\"@type\":\"WebPage\",\"@id\":\"https:\\\/\\\/palmerodespachante.uy\\\/index.php\\\/2021\\\/04\\\/07\\\/el-motor-que-esta-tirando-de-la-economia-las-exportaciones-superan-niveles-pre-covid\\\/\",\"url\":\"https:\\\/\\\/palmerodespachante.uy\\\/index.php\\\/2021\\\/04\\\/07\\\/el-motor-que-esta-tirando-de-la-economia-las-exportaciones-superan-niveles-pre-covid\\\/\",\"name\":\"El motor que est\u00e1 tirando de la econom\u00eda: las exportaciones superan niveles pre-COVID - Palmero Despachante de Aduana\",\"isPartOf\":{\"@id\":\"https:\\\/\\\/palmerodespachante.uy\\\/#website\"},\"primaryImageOfPage\":{\"@id\":\"https:\\\/\\\/palmerodespachante.uy\\\/index.php\\\/2021\\\/04\\\/07\\\/el-motor-que-esta-tirando-de-la-economia-las-exportaciones-superan-niveles-pre-covid\\\/#primaryimage\"},\"image\":{\"@id\":\"https:\\\/\\\/palmerodespachante.uy\\\/index.php\\\/2021\\\/04\\\/07\\\/el-motor-que-esta-tirando-de-la-economia-las-exportaciones-superan-niveles-pre-covid\\\/#primaryimage\"},\"thumbnailUrl\":\"https:\\\/\\\/palmerodespachante.uy\\\/wp-content\\\/uploads\\\/2021\\\/04\\\/Foto-Darwin-Borrelli.jpeg\",\"datePublished\":\"2021-04-07T11:56:33+00:00\",\"dateModified\":\"2021-04-14T12:10:30+00:00\",\"breadcrumb\":{\"@id\":\"https:\\\/\\\/palmerodespachante.uy\\\/index.php\\\/2021\\\/04\\\/07\\\/el-motor-que-esta-tirando-de-la-economia-las-exportaciones-superan-niveles-pre-covid\\\/#breadcrumb\"},\"inLanguage\":\"es\",\"potentialAction\":[{\"@type\":\"ReadAction\",\"target\":[\"https:\\\/\\\/palmerodespachante.uy\\\/index.php\\\/2021\\\/04\\\/07\\\/el-motor-que-esta-tirando-de-la-economia-las-exportaciones-superan-niveles-pre-covid\\\/\"]}]},{\"@type\":\"ImageObject\",\"inLanguage\":\"es\",\"@id\":\"https:\\\/\\\/palmerodespachante.uy\\\/index.php\\\/2021\\\/04\\\/07\\\/el-motor-que-esta-tirando-de-la-economia-las-exportaciones-superan-niveles-pre-covid\\\/#primaryimage\",\"url\":\"https:\\\/\\\/palmerodespachante.uy\\\/wp-content\\\/uploads\\\/2021\\\/04\\\/Foto-Darwin-Borrelli.jpeg\",\"contentUrl\":\"https:\\\/\\\/palmerodespachante.uy\\\/wp-content\\\/uploads\\\/2021\\\/04\\\/Foto-Darwin-Borrelli.jpeg\",\"width\":800,\"height\":510,\"caption\":\"Foto: Darwin Borrelli\"},{\"@type\":\"BreadcrumbList\",\"@id\":\"https:\\\/\\\/palmerodespachante.uy\\\/index.php\\\/2021\\\/04\\\/07\\\/el-motor-que-esta-tirando-de-la-economia-las-exportaciones-superan-niveles-pre-covid\\\/#breadcrumb\",\"itemListElement\":[{\"@type\":\"ListItem\",\"position\":1,\"name\":\"Portada\",\"item\":\"https:\\\/\\\/palmerodespachante.uy\\\/\"},{\"@type\":\"ListItem\",\"position\":2,\"name\":\"El motor que est\u00e1 tirando de la econom\u00eda: las exportaciones superan niveles pre-COVID\"}]},{\"@type\":\"WebSite\",\"@id\":\"https:\\\/\\\/palmerodespachante.uy\\\/#website\",\"url\":\"https:\\\/\\\/palmerodespachante.uy\\\/\",\"name\":\"Palmero Despachante de Aduana\",\"description\":\"Importaci\u00f3n, Exportaci\u00f3n, Tr\u00e1nsito\",\"publisher\":{\"@id\":\"https:\\\/\\\/palmerodespachante.uy\\\/#organization\"},\"potentialAction\":[{\"@type\":\"SearchAction\",\"target\":{\"@type\":\"EntryPoint\",\"urlTemplate\":\"https:\\\/\\\/palmerodespachante.uy\\\/?s={search_term_string}\"},\"query-input\":{\"@type\":\"PropertyValueSpecification\",\"valueRequired\":true,\"valueName\":\"search_term_string\"}}],\"inLanguage\":\"es\"},{\"@type\":\"Organization\",\"@id\":\"https:\\\/\\\/palmerodespachante.uy\\\/#organization\",\"name\":\"Palmero Despachante de Aduanas\",\"url\":\"https:\\\/\\\/palmerodespachante.uy\\\/\",\"logo\":{\"@type\":\"ImageObject\",\"inLanguage\":\"es\",\"@id\":\"https:\\\/\\\/palmerodespachante.uy\\\/#\\\/schema\\\/logo\\\/image\\\/\",\"url\":\"https:\\\/\\\/palmerodespachante.uy\\\/wp-content\\\/uploads\\\/2018\\\/08\\\/Logo-144.png\",\"contentUrl\":\"https:\\\/\\\/palmerodespachante.uy\\\/wp-content\\\/uploads\\\/2018\\\/08\\\/Logo-144.png\",\"width\":144,\"height\":144,\"caption\":\"Palmero Despachante de Aduanas\"},\"image\":{\"@id\":\"https:\\\/\\\/palmerodespachante.uy\\\/#\\\/schema\\\/logo\\\/image\\\/\"},\"sameAs\":[\"https:\\\/\\\/www.facebook.com\\\/despachantedeaduana.palmero?hc_ref=ARQPWzEmqFz3O_9qTlrxPP6NW-Vf1b4-iJdwH7XdkuWdfarefzfPyjY7DGBCye4mnJs\",\"https:\\\/\\\/www.linkedin.com\\\/company\\\/despachante-de-aduana-palmero\\\/\"]},{\"@type\":\"Person\",\"@id\":\"https:\\\/\\\/palmerodespachante.uy\\\/#\\\/schema\\\/person\\\/1e2e6d1dc7d586cb03537c927bb9340d\",\"name\":\"Alvaro Rodriguez\",\"image\":{\"@type\":\"ImageObject\",\"inLanguage\":\"es\",\"@id\":\"https:\\\/\\\/palmerodespachante.uy\\\/wp-content\\\/litespeed\\\/avatar\\\/a597d94e8bb52931be5ec5c736940e56.jpg?ver=1788426342\",\"url\":\"https:\\\/\\\/palmerodespachante.uy\\\/wp-content\\\/litespeed\\\/avatar\\\/a597d94e8bb52931be5ec5c736940e56.jpg?ver=1788426342\",\"contentUrl\":\"https:\\\/\\\/palmerodespachante.uy\\\/wp-content\\\/litespeed\\\/avatar\\\/a597d94e8bb52931be5ec5c736940e56.jpg?ver=1788426342\",\"caption\":\"Alvaro Rodriguez\"}}]}<\/script>\n<!-- \/ Yoast SEO plugin. -->","yoast_head_json":{"title":"El motor que est\u00e1 tirando de la econom\u00eda: las exportaciones superan niveles pre-COVID - Palmero Despachante de Aduana","robots":{"index":"noindex","follow":"follow"},"og_locale":"es_ES","og_type":"article","og_title":"El motor que est\u00e1 tirando de la econom\u00eda: las exportaciones superan niveles pre-COVID - Palmero Despachante de Aduana","og_description":"En el primer trimestre las exportaciones crecen 19,3% frente a igual lapso de 2020 cuando ya estaban los efectos del COVID-19. Pero adem\u00e1s aumentan frente al primer trimestre de 2019. Continuar leyendo en El Pa\u00eds","og_url":"https:\/\/palmerodespachante.uy\/index.php\/2021\/04\/07\/el-motor-que-esta-tirando-de-la-economia-las-exportaciones-superan-niveles-pre-covid\/","og_site_name":"Palmero Despachante de Aduana","article_publisher":"https:\/\/www.facebook.com\/despachantedeaduana.palmero?hc_ref=ARQPWzEmqFz3O_9qTlrxPP6NW-Vf1b4-iJdwH7XdkuWdfarefzfPyjY7DGBCye4mnJs","article_published_time":"2021-04-07T11:56:33+00:00","article_modified_time":"2021-04-14T12:10:30+00:00","og_image":[{"width":800,"height":510,"url":"https:\/\/palmerodespachante.uy\/wp-content\/uploads\/2021\/04\/Foto-Darwin-Borrelli.jpeg","type":"image\/jpeg"}],"author":"Alvaro Rodriguez","twitter_card":"summary_large_image","twitter_misc":{"Escrito por":"Alvaro Rodriguez","Tiempo de lectura":"1 minuto"},"schema":{"@context":"https:\/\/schema.org","@graph":[{"@type":"Article","@id":"https:\/\/palmerodespachante.uy\/index.php\/2021\/04\/07\/el-motor-que-esta-tirando-de-la-economia-las-exportaciones-superan-niveles-pre-covid\/#article","isPartOf":{"@id":"https:\/\/palmerodespachante.uy\/index.php\/2021\/04\/07\/el-motor-que-esta-tirando-de-la-economia-las-exportaciones-superan-niveles-pre-covid\/"},"author":{"name":"Alvaro Rodriguez","@id":"https:\/\/palmerodespachante.uy\/#\/schema\/person\/1e2e6d1dc7d586cb03537c927bb9340d"},"headline":"El motor que est\u00e1 tirando de la econom\u00eda: las exportaciones superan niveles pre-COVID","datePublished":"2021-04-07T11:56:33+00:00","dateModified":"2021-04-14T12:10:30+00:00","mainEntityOfPage":{"@id":"https:\/\/palmerodespachante.uy\/index.php\/2021\/04\/07\/el-motor-que-esta-tirando-de-la-economia-las-exportaciones-superan-niveles-pre-covid\/"},"wordCount":48,"commentCount":0,"publisher":{"@id":"https:\/\/palmerodespachante.uy\/#organization"},"image":{"@id":"https:\/\/palmerodespachante.uy\/index.php\/2021\/04\/07\/el-motor-que-esta-tirando-de-la-economia-las-exportaciones-superan-niveles-pre-covid\/#primaryimage"},"thumbnailUrl":"https:\/\/palmerodespachante.uy\/wp-content\/uploads\/2021\/04\/Foto-Darwin-Borrelli.jpeg","articleSection":["Noticias"],"inLanguage":"es","potentialAction":[{"@type":"CommentAction","name":"Comment","target":["https:\/\/palmerodespachante.uy\/index.php\/2021\/04\/07\/el-motor-que-esta-tirando-de-la-economia-las-exportaciones-superan-niveles-pre-covid\/#respond"]}]},{"@type":"WebPage","@id":"https:\/\/palmerodespachante.uy\/index.php\/2021\/04\/07\/el-motor-que-esta-tirando-de-la-economia-las-exportaciones-superan-niveles-pre-covid\/","url":"https:\/\/palmerodespachante.uy\/index.php\/2021\/04\/07\/el-motor-que-esta-tirando-de-la-economia-las-exportaciones-superan-niveles-pre-covid\/","name":"El motor que est\u00e1 tirando de la econom\u00eda: las exportaciones superan niveles pre-COVID - Palmero Despachante de Aduana","isPartOf":{"@id":"https:\/\/palmerodespachante.uy\/#website"},"primaryImageOfPage":{"@id":"https:\/\/palmerodespachante.uy\/index.php\/2021\/04\/07\/el-motor-que-esta-tirando-de-la-economia-las-exportaciones-superan-niveles-pre-covid\/#primaryimage"},"image":{"@id":"https:\/\/palmerodespachante.uy\/index.php\/2021\/04\/07\/el-motor-que-esta-tirando-de-la-economia-las-exportaciones-superan-niveles-pre-covid\/#primaryimage"},"thumbnailUrl":"https:\/\/palmerodespachante.uy\/wp-content\/uploads\/2021\/04\/Foto-Darwin-Borrelli.jpeg","datePublished":"2021-04-07T11:56:33+00:00","dateModified":"2021-04-14T12:10:30+00:00","breadcrumb":{"@id":"https:\/\/palmerodespachante.uy\/index.php\/2021\/04\/07\/el-motor-que-esta-tirando-de-la-economia-las-exportaciones-superan-niveles-pre-covid\/#breadcrumb"},"inLanguage":"es","potentialAction":[{"@type":"ReadAction","target":["https:\/\/palmerodespachante.uy\/index.php\/2021\/04\/07\/el-motor-que-esta-tirando-de-la-economia-las-exportaciones-superan-niveles-pre-covid\/"]}]},{"@type":"ImageObject","inLanguage":"es","@id":"https:\/\/palmerodespachante.uy\/index.php\/2021\/04\/07\/el-motor-que-esta-tirando-de-la-economia-las-exportaciones-superan-niveles-pre-covid\/#primaryimage","url":"https:\/\/palmerodespachante.uy\/wp-content\/uploads\/2021\/04\/Foto-Darwin-Borrelli.jpeg","contentUrl":"https:\/\/palmerodespachante.uy\/wp-content\/uploads\/2021\/04\/Foto-Darwin-Borrelli.jpeg","width":800,"height":510,"caption":"Foto: Darwin Borrelli"},{"@type":"BreadcrumbList","@id":"https:\/\/palmerodespachante.uy\/index.php\/2021\/04\/07\/el-motor-que-esta-tirando-de-la-economia-las-exportaciones-superan-niveles-pre-covid\/#breadcrumb","itemListElement":[{"@type":"ListItem","position":1,"name":"Portada","item":"https:\/\/palmerodespachante.uy\/"},{"@type":"ListItem","position":2,"name":"El motor que est\u00e1 tirando de la econom\u00eda: las exportaciones superan niveles pre-COVID"}]},{"@type":"WebSite","@id":"https:\/\/palmerodespachante.uy\/#website","url":"https:\/\/palmerodespachante.uy\/","name":"Palmero Despachante de Aduana","description":"Importaci\u00f3n, Exportaci\u00f3n, Tr\u00e1nsito","publisher":{"@id":"https:\/\/palmerodespachante.uy\/#organization"},"potentialAction":[{"@type":"SearchAction","target":{"@type":"EntryPoint","urlTemplate":"https:\/\/palmerodespachante.uy\/?s={search_term_string}"},"query-input":{"@type":"PropertyValueSpecification","valueRequired":true,"valueName":"search_term_string"}}],"inLanguage":"es"},{"@type":"Organization","@id":"https:\/\/palmerodespachante.uy\/#organization","name":"Palmero Despachante de Aduanas","url":"https:\/\/palmerodespachante.uy\/","logo":{"@type":"ImageObject","inLanguage":"es","@id":"https:\/\/palmerodespachante.uy\/#\/schema\/logo\/image\/","url":"https:\/\/palmerodespachante.uy\/wp-content\/uploads\/2018\/08\/Logo-144.png","contentUrl":"https:\/\/palmerodespachante.uy\/wp-content\/uploads\/2018\/08\/Logo-144.png","width":144,"height":144,"caption":"Palmero Despachante de Aduanas"},"image":{"@id":"https:\/\/palmerodespachante.uy\/#\/schema\/logo\/image\/"},"sameAs":["https:\/\/www.facebook.com\/despachantedeaduana.palmero?hc_ref=ARQPWzEmqFz3O_9qTlrxPP6NW-Vf1b4-iJdwH7XdkuWdfarefzfPyjY7DGBCye4mnJs","https:\/\/www.linkedin.com\/company\/despachante-de-aduana-palmero\/"]},{"@type":"Person","@id":"https:\/\/palmerodespachante.uy\/#\/schema\/person\/1e2e6d1dc7d586cb03537c927bb9340d","name":"Alvaro Rodriguez","image":{"@type":"ImageObject","inLanguage":"es","@id":"https:\/\/palmerodespachante.uy\/wp-content\/litespeed\/avatar\/a597d94e8bb52931be5ec5c736940e56.jpg?ver=1788426342","url":"https:\/\/palmerodespachante.uy\/wp-content\/litespeed\/avatar\/a597d94e8bb52931be5ec5c736940e56.jpg?ver=1788426342","contentUrl":"https:\/\/palmerodespachante.uy\/wp-content\/litespeed\/avatar\/a597d94e8bb52931be5ec5c736940e56.jpg?ver=1788426342","caption":"Alvaro Rodriguez"}}]}},"jetpack_featured_media_url":"https:\/\/palmerodespachante.uy\/wp-content\/uploads\/2021\/04\/Foto-Darwin-Borrelli.jpeg","_links":{"self":[{"href":"https:\/\/palmerodespachante.uy\/index.php\/wp-json\/wp\/v2\/posts\/775","targetHints":{"allow":["GET"]}}],"collection":[{"href":"https:\/\/palmerodespachante.uy\/index.php\/wp-json\/wp\/v2\/posts"}],"about":[{"href":"https:\/\/palmerodespachante.uy\/index.php\/wp-json\/wp\/v2\/types\/post"}],"author":[{"embeddable":true,"href":"https:\/\/palmerodespachante.uy\/index.php\/wp-json\/wp\/v2\/users\/2"}],"replies":[{"embeddable":true,"href":"https:\/\/palmerodespachante.uy\/index.php\/wp-json\/wp\/v2\/comments?post=775"}],"version-history":[{"count":1,"href":"https:\/\/palmerodespachante.uy\/index.php\/wp-json\/wp\/v2\/posts\/775\/revisions"}],"predecessor-version":[{"id":777,"href":"https:\/\/palmerodespachante.uy\/index.php\/wp-json\/wp\/v2\/posts\/775\/revisions\/777"}],"wp:featuredmedia":[{"embeddable":true,"href":"https:\/\/palmerodespachante.uy\/index.php\/wp-json\/wp\/v2\/media\/776"}],"wp:attachment":[{"href":"https:\/\/palmerodespachante.uy\/index.php\/wp-json\/wp\/v2\/media?parent=775"}],"wp:term":[{"taxonomy":"category","embeddable":true,"href":"https:\/\/palmerodespachante.uy\/index.php\/wp-json\/wp\/v2\/categories?post=775"},{"taxonomy":"post_tag","embeddable":true,"href":"https:\/\/palmerodespachante.uy\/index.php\/wp-json\/wp\/v2\/tags?post=775"}],"curies":[{"name":"wp","href":"https:\/\/api.w.org\/{rel}","templated":true}]}}