{"id":1986,"date":"2026-09-03T11:25:32","date_gmt":"2026-09-03T14:25:32","guid":{"rendered":"https:\/\/palmerodespachante.uy\/?p=1986"},"modified":"2026-09-03T11:25:33","modified_gmt":"2026-09-03T14:25:33","slug":"uruguay-obtuvo-27-millones-de-dolares-en-los-primeros-meses-del-acuerdo-mercosur-ue","status":"publish","type":"post","link":"https:\/\/palmerodespachante.uy\/index.php\/2026\/09\/03\/uruguay-obtuvo-27-millones-de-dolares-en-los-primeros-meses-del-acuerdo-mercosur-ue\/","title":{"rendered":"Uruguay obtuvo 27 millones de d\u00f3lares en los primeros meses del acuerdo Mercosur-UE"},"content":{"rendered":"\n<p class=\"wp-block-paragraph\">El acuerdo comercial entre el Mercosur y la Uni\u00f3n Europea, que entr\u00f3 en vigencia provisional el 1 de mayo de 2026, ya muestra resultados concretos para Uruguay. Seg\u00fan datos oficiales presentados por el canciller Mario Lubetkin, el pa\u00eds obtuvo m\u00e1s de 27 millones de d\u00f3lares en beneficios netos durante los primeros cuatro meses de aplicaci\u00f3n del tratado.<\/p>\n\n\n\n<h3 class=\"wp-block-heading\">Desglose de los beneficios<\/h3>\n\n\n\n<p class=\"wp-block-paragraph\">El beneficio total se compone de dos grandes rubros:<\/p>\n\n\n\n<ul class=\"wp-block-list\">\n<li><strong>M\u00e1s de 12 millones de d\u00f3lares<\/strong>\u00a0provienen del uso de preferencias arancelarias otorgadas por la Uni\u00f3n Europea, lo que permiti\u00f3 a exportadores uruguayos acceder a mercados europeos con menores costos impositivos.<\/li>\n\n\n\n<li><strong>15 millones de d\u00f3lares<\/strong>\u00a0corresponden a la utilizaci\u00f3n de cuotas bajo el sistema de \u00abprimero llegado, primero servido\u00bb, mecanismo que facilita el acceso a cupos de exportaci\u00f3n sin aranceles o con aranceles reducidos.<\/li>\n<\/ul>\n\n\n\n<p class=\"wp-block-paragraph\">En palabras del canciller Lubetkin, \u00abno estamos hablando de poco dinero. Estamos hablando de resultados potentes de una realidad que apenas nace y que le est\u00e1 dando estos resultados a nuestro pa\u00eds\u00bb.<\/p>\n\n\n\n<h2 class=\"wp-block-heading\">Estado de las negociaciones internas en el Mercosur<\/h2>\n\n\n\n<p class=\"wp-block-paragraph\">A pesar de los beneficios econ\u00f3micos iniciales, el bloque sudamericano a\u00fan enfrenta desaf\u00edos en la distribuci\u00f3n de las cuotas de exportaci\u00f3n hacia la Uni\u00f3n Europea. Durante la reuni\u00f3n informal de ministros de Relaciones Exteriores del Mercosur, realizada el 2 de septiembre en Montevideo, no se logr\u00f3 un consenso definitivo sobre este punto.<\/p>\n\n\n\n<h3 class=\"wp-block-heading\">Diferencias entre los pa\u00edses miembros<\/h3>\n\n\n\n<p class=\"wp-block-paragraph\">El principal escollo radica en la propuesta de Paraguay, que plantea una distribuci\u00f3n equitativa del 25% de las cuotas para cada miembro del bloque. Por su parte, Argentina, Brasil y Uruguay mantienen posiciones m\u00e1s cercanas entre s\u00ed, pero alejadas de la postura paraguaya. Lubetkin reconoci\u00f3 que \u00abhay una cercan\u00eda de posiciones entre Brasil, Argentina y Uruguay, pero persiste una diferencia importante con Paraguay\u00bb.<\/p>\n\n\n\n<p class=\"wp-block-paragraph\">Ante la falta de acuerdo, los cancilleres ordenaron a sus equipos t\u00e9cnicos trabajar en los criterios de distribuci\u00f3n y acordaron volver a reunirse presencialmente en Uruguay en un plazo de 45 a 60 d\u00edas para intentar cerrar un acuerdo pol\u00edtico.<\/p>\n\n\n\n<h2 class=\"wp-block-heading\">Herramientas para aprovechar el acuerdo<\/h2>\n\n\n\n<p class=\"wp-block-paragraph\">Con el objetivo de facilitar el acceso de las empresas uruguayas a los beneficios del acuerdo, el instituto Uruguay XXI lanz\u00f3 una plataforma interactiva. Esta herramienta permite a las micro, peque\u00f1as y medianas empresas (mipymes) consultar aranceles, reglas de origen y cuotas disponibles, buscando reducir el desconocimiento sobre c\u00f3mo aprovechar las oportunidades que ofrece el tratado.<\/p>\n\n\n\n<h2 class=\"wp-block-heading\">Pr\u00f3ximos pasos y agenda regional<\/h2>\n\n\n\n<p class=\"wp-block-paragraph\">Uruguay se prepara para acoger la cumbre del Mercosur en diciembre de 2026 en Punta del Este, donde se entregar\u00e1 la presidencia pro t\u00e9mpore a Argentina. El evento estar\u00e1 precedido por un foro empresarial con la Uni\u00f3n Europea, lo que refuerza la importancia estrat\u00e9gica del acuerdo para el pa\u00eds y la regi\u00f3n.<\/p>\n\n\n\n<h2 class=\"wp-block-heading\">Contexto del acuerdo Mercosur-UE<\/h2>\n\n\n\n<p class=\"wp-block-paragraph\">El acuerdo entre el Mercosur y la Uni\u00f3n Europea es uno de los tratados comerciales m\u00e1s relevantes firmados por el bloque sudamericano en las \u00faltimas d\u00e9cadas. Su entrada en vigencia provisional permite a los pa\u00edses miembros acceder a un mercado de m\u00e1s de 400 millones de consumidores, con ventajas arancelarias y cuotas preferenciales para productos clave de la regi\u00f3n.<\/p>\n\n\n\n<p class=\"wp-block-paragraph\">Para Uruguay, la apertura de nuevos mercados y la reducci\u00f3n de barreras comerciales representan una oportunidad para diversificar exportaciones y fortalecer sectores productivos como el agroindustrial y el tecnol\u00f3gico.<\/p>\n\n\n\n<h2 class=\"wp-block-heading\">Desaf\u00edos pendientes<\/h2>\n\n\n\n<p class=\"wp-block-paragraph\">Si bien los resultados econ\u00f3micos iniciales son positivos, la falta de acuerdo sobre la distribuci\u00f3n de cuotas podr\u00eda limitar el aprovechamiento pleno del tratado. La resoluci\u00f3n de este tema ser\u00e1 clave en las pr\u00f3ximas reuniones del Mercosur y en la agenda de negociaciones con la Uni\u00f3n Europea.<\/p>\n\n\n\n<p class=\"wp-block-paragraph\">El gobierno uruguayo, a trav\u00e9s de la Canciller\u00eda y organismos como Uruguay XXI, contin\u00faa promoviendo la capacitaci\u00f3n y el acceso a informaci\u00f3n para que m\u00e1s empresas puedan beneficiarse de las condiciones preferenciales del acuerdo.<\/p>\n","protected":false},"excerpt":{"rendered":"<p>El acuerdo comercial entre el Mercosur y la Uni\u00f3n Europea, que entr\u00f3 en vigencia provisional el 1 de mayo de 2026, ya muestra resultados concretos para Uruguay. Seg\u00fan datos oficiales presentados por el canciller Mario Lubetkin, el pa\u00eds obtuvo m\u00e1s de 27 millones de d\u00f3lares en beneficios netos durante los primeros cuatro meses de aplicaci\u00f3n [&hellip;]<\/p>\n","protected":false},"author":3,"featured_media":0,"comment_status":"open","ping_status":"open","sticky":false,"template":"","format":"standard","meta":{"_joinchat":[],"footnotes":""},"categories":[37],"tags":[],"class_list":["post-1986","post","type-post","status-publish","format-standard","category-noticias"],"yoast_head":"<!-- This site is optimized with the Yoast SEO plugin v28.4 - https:\/\/yoast.com\/product\/yoast-seo-wordpress\/ -->\n<title>Uruguay obtuvo 27 millones de d\u00f3lares en los primeros meses del acuerdo Mercosur-UE - Palmero Despachante de Aduana<\/title>\n<meta name=\"robots\" content=\"noindex, follow\" \/>\n<meta property=\"og:locale\" content=\"es_ES\" \/>\n<meta property=\"og:type\" content=\"article\" \/>\n<meta property=\"og:title\" content=\"Uruguay obtuvo 27 millones de d\u00f3lares en los primeros meses del acuerdo Mercosur-UE - Palmero Despachante de Aduana\" \/>\n<meta property=\"og:description\" content=\"El acuerdo comercial entre el Mercosur y la Uni\u00f3n Europea, que entr\u00f3 en vigencia provisional el 1 de mayo de 2026, ya muestra resultados concretos para Uruguay. Seg\u00fan datos oficiales presentados por el canciller Mario Lubetkin, el pa\u00eds obtuvo m\u00e1s de 27 millones de d\u00f3lares en beneficios netos durante los primeros cuatro meses de aplicaci\u00f3n [&hellip;]\" \/>\n<meta property=\"og:url\" content=\"https:\/\/palmerodespachante.uy\/index.php\/2026\/09\/03\/uruguay-obtuvo-27-millones-de-dolares-en-los-primeros-meses-del-acuerdo-mercosur-ue\/\" \/>\n<meta property=\"og:site_name\" content=\"Palmero Despachante de Aduana\" \/>\n<meta property=\"article:publisher\" content=\"https:\/\/www.facebook.com\/despachantedeaduana.palmero?hc_ref=ARQPWzEmqFz3O_9qTlrxPP6NW-Vf1b4-iJdwH7XdkuWdfarefzfPyjY7DGBCye4mnJs\" \/>\n<meta property=\"article:published_time\" content=\"2026-09-03T14:25:32+00:00\" \/>\n<meta property=\"article:modified_time\" content=\"2026-09-03T14:25:33+00:00\" \/>\n<meta name=\"author\" content=\"Javier Palmero\" \/>\n<meta name=\"twitter:card\" content=\"summary_large_image\" \/>\n<meta name=\"twitter:label1\" content=\"Escrito por\" \/>\n\t<meta name=\"twitter:data1\" content=\"Javier Palmero\" \/>\n\t<meta name=\"twitter:label2\" content=\"Tiempo de lectura\" \/>\n\t<meta name=\"twitter:data2\" content=\"3 minutos\" \/>\n<script type=\"application\/ld+json\" class=\"yoast-schema-graph\">{\"@context\":\"https:\\\/\\\/schema.org\",\"@graph\":[{\"@type\":\"Article\",\"@id\":\"https:\\\/\\\/palmerodespachante.uy\\\/index.php\\\/2026\\\/09\\\/03\\\/uruguay-obtuvo-27-millones-de-dolares-en-los-primeros-meses-del-acuerdo-mercosur-ue\\\/#article\",\"isPartOf\":{\"@id\":\"https:\\\/\\\/palmerodespachante.uy\\\/index.php\\\/2026\\\/09\\\/03\\\/uruguay-obtuvo-27-millones-de-dolares-en-los-primeros-meses-del-acuerdo-mercosur-ue\\\/\"},\"author\":{\"name\":\"Javier Palmero\",\"@id\":\"https:\\\/\\\/palmerodespachante.uy\\\/#\\\/schema\\\/person\\\/9eabdcdc87fc74d275cc2faf2ce2f732\"},\"headline\":\"Uruguay obtuvo 27 millones de d\u00f3lares en los primeros meses del acuerdo Mercosur-UE\",\"datePublished\":\"2026-09-03T14:25:32+00:00\",\"dateModified\":\"2026-09-03T14:25:33+00:00\",\"mainEntityOfPage\":{\"@id\":\"https:\\\/\\\/palmerodespachante.uy\\\/index.php\\\/2026\\\/09\\\/03\\\/uruguay-obtuvo-27-millones-de-dolares-en-los-primeros-meses-del-acuerdo-mercosur-ue\\\/\"},\"wordCount\":686,\"commentCount\":0,\"publisher\":{\"@id\":\"https:\\\/\\\/palmerodespachante.uy\\\/#organization\"},\"articleSection\":[\"Noticias\"],\"inLanguage\":\"es\",\"potentialAction\":[{\"@type\":\"CommentAction\",\"name\":\"Comment\",\"target\":[\"https:\\\/\\\/palmerodespachante.uy\\\/index.php\\\/2026\\\/09\\\/03\\\/uruguay-obtuvo-27-millones-de-dolares-en-los-primeros-meses-del-acuerdo-mercosur-ue\\\/#respond\"]}]},{\"@type\":\"WebPage\",\"@id\":\"https:\\\/\\\/palmerodespachante.uy\\\/index.php\\\/2026\\\/09\\\/03\\\/uruguay-obtuvo-27-millones-de-dolares-en-los-primeros-meses-del-acuerdo-mercosur-ue\\\/\",\"url\":\"https:\\\/\\\/palmerodespachante.uy\\\/index.php\\\/2026\\\/09\\\/03\\\/uruguay-obtuvo-27-millones-de-dolares-en-los-primeros-meses-del-acuerdo-mercosur-ue\\\/\",\"name\":\"Uruguay obtuvo 27 millones de d\u00f3lares en los primeros meses del acuerdo Mercosur-UE - Palmero Despachante de Aduana\",\"isPartOf\":{\"@id\":\"https:\\\/\\\/palmerodespachante.uy\\\/#website\"},\"datePublished\":\"2026-09-03T14:25:32+00:00\",\"dateModified\":\"2026-09-03T14:25:33+00:00\",\"breadcrumb\":{\"@id\":\"https:\\\/\\\/palmerodespachante.uy\\\/index.php\\\/2026\\\/09\\\/03\\\/uruguay-obtuvo-27-millones-de-dolares-en-los-primeros-meses-del-acuerdo-mercosur-ue\\\/#breadcrumb\"},\"inLanguage\":\"es\",\"potentialAction\":[{\"@type\":\"ReadAction\",\"target\":[\"https:\\\/\\\/palmerodespachante.uy\\\/index.php\\\/2026\\\/09\\\/03\\\/uruguay-obtuvo-27-millones-de-dolares-en-los-primeros-meses-del-acuerdo-mercosur-ue\\\/\"]}]},{\"@type\":\"BreadcrumbList\",\"@id\":\"https:\\\/\\\/palmerodespachante.uy\\\/index.php\\\/2026\\\/09\\\/03\\\/uruguay-obtuvo-27-millones-de-dolares-en-los-primeros-meses-del-acuerdo-mercosur-ue\\\/#breadcrumb\",\"itemListElement\":[{\"@type\":\"ListItem\",\"position\":1,\"name\":\"Portada\",\"item\":\"https:\\\/\\\/palmerodespachante.uy\\\/\"},{\"@type\":\"ListItem\",\"position\":2,\"name\":\"Uruguay obtuvo 27 millones de d\u00f3lares en los primeros meses del acuerdo Mercosur-UE\"}]},{\"@type\":\"WebSite\",\"@id\":\"https:\\\/\\\/palmerodespachante.uy\\\/#website\",\"url\":\"https:\\\/\\\/palmerodespachante.uy\\\/\",\"name\":\"Palmero Despachante de Aduana\",\"description\":\"Importaci\u00f3n, Exportaci\u00f3n, Tr\u00e1nsito\",\"publisher\":{\"@id\":\"https:\\\/\\\/palmerodespachante.uy\\\/#organization\"},\"potentialAction\":[{\"@type\":\"SearchAction\",\"target\":{\"@type\":\"EntryPoint\",\"urlTemplate\":\"https:\\\/\\\/palmerodespachante.uy\\\/?s={search_term_string}\"},\"query-input\":{\"@type\":\"PropertyValueSpecification\",\"valueRequired\":true,\"valueName\":\"search_term_string\"}}],\"inLanguage\":\"es\"},{\"@type\":\"Organization\",\"@id\":\"https:\\\/\\\/palmerodespachante.uy\\\/#organization\",\"name\":\"Palmero Despachante de Aduanas\",\"url\":\"https:\\\/\\\/palmerodespachante.uy\\\/\",\"logo\":{\"@type\":\"ImageObject\",\"inLanguage\":\"es\",\"@id\":\"https:\\\/\\\/palmerodespachante.uy\\\/#\\\/schema\\\/logo\\\/image\\\/\",\"url\":\"https:\\\/\\\/palmerodespachante.uy\\\/wp-content\\\/uploads\\\/2018\\\/08\\\/Logo-144.png\",\"contentUrl\":\"https:\\\/\\\/palmerodespachante.uy\\\/wp-content\\\/uploads\\\/2018\\\/08\\\/Logo-144.png\",\"width\":144,\"height\":144,\"caption\":\"Palmero Despachante de Aduanas\"},\"image\":{\"@id\":\"https:\\\/\\\/palmerodespachante.uy\\\/#\\\/schema\\\/logo\\\/image\\\/\"},\"sameAs\":[\"https:\\\/\\\/www.facebook.com\\\/despachantedeaduana.palmero?hc_ref=ARQPWzEmqFz3O_9qTlrxPP6NW-Vf1b4-iJdwH7XdkuWdfarefzfPyjY7DGBCye4mnJs\",\"https:\\\/\\\/www.linkedin.com\\\/company\\\/despachante-de-aduana-palmero\\\/\"]},{\"@type\":\"Person\",\"@id\":\"https:\\\/\\\/palmerodespachante.uy\\\/#\\\/schema\\\/person\\\/9eabdcdc87fc74d275cc2faf2ce2f732\",\"name\":\"Javier Palmero\",\"image\":{\"@type\":\"ImageObject\",\"inLanguage\":\"es\",\"@id\":\"https:\\\/\\\/palmerodespachante.uy\\\/wp-content\\\/litespeed\\\/avatar\\\/8e783966089c8fa82b27a6627fb956c2.jpg?ver=1788373403\",\"url\":\"https:\\\/\\\/palmerodespachante.uy\\\/wp-content\\\/litespeed\\\/avatar\\\/8e783966089c8fa82b27a6627fb956c2.jpg?ver=1788373403\",\"contentUrl\":\"https:\\\/\\\/palmerodespachante.uy\\\/wp-content\\\/litespeed\\\/avatar\\\/8e783966089c8fa82b27a6627fb956c2.jpg?ver=1788373403\",\"caption\":\"Javier Palmero\"}}]}<\/script>\n<!-- \/ Yoast SEO plugin. -->","yoast_head_json":{"title":"Uruguay obtuvo 27 millones de d\u00f3lares en los primeros meses del acuerdo Mercosur-UE - Palmero Despachante de Aduana","robots":{"index":"noindex","follow":"follow"},"og_locale":"es_ES","og_type":"article","og_title":"Uruguay obtuvo 27 millones de d\u00f3lares en los primeros meses del acuerdo Mercosur-UE - Palmero Despachante de Aduana","og_description":"El acuerdo comercial entre el Mercosur y la Uni\u00f3n Europea, que entr\u00f3 en vigencia provisional el 1 de mayo de 2026, ya muestra resultados concretos para Uruguay. Seg\u00fan datos oficiales presentados por el canciller Mario Lubetkin, el pa\u00eds obtuvo m\u00e1s de 27 millones de d\u00f3lares en beneficios netos durante los primeros cuatro meses de aplicaci\u00f3n [&hellip;]","og_url":"https:\/\/palmerodespachante.uy\/index.php\/2026\/09\/03\/uruguay-obtuvo-27-millones-de-dolares-en-los-primeros-meses-del-acuerdo-mercosur-ue\/","og_site_name":"Palmero Despachante de Aduana","article_publisher":"https:\/\/www.facebook.com\/despachantedeaduana.palmero?hc_ref=ARQPWzEmqFz3O_9qTlrxPP6NW-Vf1b4-iJdwH7XdkuWdfarefzfPyjY7DGBCye4mnJs","article_published_time":"2026-09-03T14:25:32+00:00","article_modified_time":"2026-09-03T14:25:33+00:00","author":"Javier Palmero","twitter_card":"summary_large_image","twitter_misc":{"Escrito por":"Javier Palmero","Tiempo de lectura":"3 minutos"},"schema":{"@context":"https:\/\/schema.org","@graph":[{"@type":"Article","@id":"https:\/\/palmerodespachante.uy\/index.php\/2026\/09\/03\/uruguay-obtuvo-27-millones-de-dolares-en-los-primeros-meses-del-acuerdo-mercosur-ue\/#article","isPartOf":{"@id":"https:\/\/palmerodespachante.uy\/index.php\/2026\/09\/03\/uruguay-obtuvo-27-millones-de-dolares-en-los-primeros-meses-del-acuerdo-mercosur-ue\/"},"author":{"name":"Javier Palmero","@id":"https:\/\/palmerodespachante.uy\/#\/schema\/person\/9eabdcdc87fc74d275cc2faf2ce2f732"},"headline":"Uruguay obtuvo 27 millones de d\u00f3lares en los primeros meses del acuerdo Mercosur-UE","datePublished":"2026-09-03T14:25:32+00:00","dateModified":"2026-09-03T14:25:33+00:00","mainEntityOfPage":{"@id":"https:\/\/palmerodespachante.uy\/index.php\/2026\/09\/03\/uruguay-obtuvo-27-millones-de-dolares-en-los-primeros-meses-del-acuerdo-mercosur-ue\/"},"wordCount":686,"commentCount":0,"publisher":{"@id":"https:\/\/palmerodespachante.uy\/#organization"},"articleSection":["Noticias"],"inLanguage":"es","potentialAction":[{"@type":"CommentAction","name":"Comment","target":["https:\/\/palmerodespachante.uy\/index.php\/2026\/09\/03\/uruguay-obtuvo-27-millones-de-dolares-en-los-primeros-meses-del-acuerdo-mercosur-ue\/#respond"]}]},{"@type":"WebPage","@id":"https:\/\/palmerodespachante.uy\/index.php\/2026\/09\/03\/uruguay-obtuvo-27-millones-de-dolares-en-los-primeros-meses-del-acuerdo-mercosur-ue\/","url":"https:\/\/palmerodespachante.uy\/index.php\/2026\/09\/03\/uruguay-obtuvo-27-millones-de-dolares-en-los-primeros-meses-del-acuerdo-mercosur-ue\/","name":"Uruguay obtuvo 27 millones de d\u00f3lares en los primeros meses del acuerdo Mercosur-UE - Palmero Despachante de Aduana","isPartOf":{"@id":"https:\/\/palmerodespachante.uy\/#website"},"datePublished":"2026-09-03T14:25:32+00:00","dateModified":"2026-09-03T14:25:33+00:00","breadcrumb":{"@id":"https:\/\/palmerodespachante.uy\/index.php\/2026\/09\/03\/uruguay-obtuvo-27-millones-de-dolares-en-los-primeros-meses-del-acuerdo-mercosur-ue\/#breadcrumb"},"inLanguage":"es","potentialAction":[{"@type":"ReadAction","target":["https:\/\/palmerodespachante.uy\/index.php\/2026\/09\/03\/uruguay-obtuvo-27-millones-de-dolares-en-los-primeros-meses-del-acuerdo-mercosur-ue\/"]}]},{"@type":"BreadcrumbList","@id":"https:\/\/palmerodespachante.uy\/index.php\/2026\/09\/03\/uruguay-obtuvo-27-millones-de-dolares-en-los-primeros-meses-del-acuerdo-mercosur-ue\/#breadcrumb","itemListElement":[{"@type":"ListItem","position":1,"name":"Portada","item":"https:\/\/palmerodespachante.uy\/"},{"@type":"ListItem","position":2,"name":"Uruguay obtuvo 27 millones de d\u00f3lares en los primeros meses del acuerdo Mercosur-UE"}]},{"@type":"WebSite","@id":"https:\/\/palmerodespachante.uy\/#website","url":"https:\/\/palmerodespachante.uy\/","name":"Palmero Despachante de Aduana","description":"Importaci\u00f3n, Exportaci\u00f3n, Tr\u00e1nsito","publisher":{"@id":"https:\/\/palmerodespachante.uy\/#organization"},"potentialAction":[{"@type":"SearchAction","target":{"@type":"EntryPoint","urlTemplate":"https:\/\/palmerodespachante.uy\/?s={search_term_string}"},"query-input":{"@type":"PropertyValueSpecification","valueRequired":true,"valueName":"search_term_string"}}],"inLanguage":"es"},{"@type":"Organization","@id":"https:\/\/palmerodespachante.uy\/#organization","name":"Palmero Despachante de Aduanas","url":"https:\/\/palmerodespachante.uy\/","logo":{"@type":"ImageObject","inLanguage":"es","@id":"https:\/\/palmerodespachante.uy\/#\/schema\/logo\/image\/","url":"https:\/\/palmerodespachante.uy\/wp-content\/uploads\/2018\/08\/Logo-144.png","contentUrl":"https:\/\/palmerodespachante.uy\/wp-content\/uploads\/2018\/08\/Logo-144.png","width":144,"height":144,"caption":"Palmero Despachante de Aduanas"},"image":{"@id":"https:\/\/palmerodespachante.uy\/#\/schema\/logo\/image\/"},"sameAs":["https:\/\/www.facebook.com\/despachantedeaduana.palmero?hc_ref=ARQPWzEmqFz3O_9qTlrxPP6NW-Vf1b4-iJdwH7XdkuWdfarefzfPyjY7DGBCye4mnJs","https:\/\/www.linkedin.com\/company\/despachante-de-aduana-palmero\/"]},{"@type":"Person","@id":"https:\/\/palmerodespachante.uy\/#\/schema\/person\/9eabdcdc87fc74d275cc2faf2ce2f732","name":"Javier Palmero","image":{"@type":"ImageObject","inLanguage":"es","@id":"https:\/\/palmerodespachante.uy\/wp-content\/litespeed\/avatar\/8e783966089c8fa82b27a6627fb956c2.jpg?ver=1788373403","url":"https:\/\/palmerodespachante.uy\/wp-content\/litespeed\/avatar\/8e783966089c8fa82b27a6627fb956c2.jpg?ver=1788373403","contentUrl":"https:\/\/palmerodespachante.uy\/wp-content\/litespeed\/avatar\/8e783966089c8fa82b27a6627fb956c2.jpg?ver=1788373403","caption":"Javier Palmero"}}]}},"jetpack_featured_media_url":"","_links":{"self":[{"href":"https:\/\/palmerodespachante.uy\/index.php\/wp-json\/wp\/v2\/posts\/1986","targetHints":{"allow":["GET"]}}],"collection":[{"href":"https:\/\/palmerodespachante.uy\/index.php\/wp-json\/wp\/v2\/posts"}],"about":[{"href":"https:\/\/palmerodespachante.uy\/index.php\/wp-json\/wp\/v2\/types\/post"}],"author":[{"embeddable":true,"href":"https:\/\/palmerodespachante.uy\/index.php\/wp-json\/wp\/v2\/users\/3"}],"replies":[{"embeddable":true,"href":"https:\/\/palmerodespachante.uy\/index.php\/wp-json\/wp\/v2\/comments?post=1986"}],"version-history":[{"count":1,"href":"https:\/\/palmerodespachante.uy\/index.php\/wp-json\/wp\/v2\/posts\/1986\/revisions"}],"predecessor-version":[{"id":1987,"href":"https:\/\/palmerodespachante.uy\/index.php\/wp-json\/wp\/v2\/posts\/1986\/revisions\/1987"}],"wp:attachment":[{"href":"https:\/\/palmerodespachante.uy\/index.php\/wp-json\/wp\/v2\/media?parent=1986"}],"wp:term":[{"taxonomy":"category","embeddable":true,"href":"https:\/\/palmerodespachante.uy\/index.php\/wp-json\/wp\/v2\/categories?post=1986"},{"taxonomy":"post_tag","embeddable":true,"href":"https:\/\/palmerodespachante.uy\/index.php\/wp-json\/wp\/v2\/tags?post=1986"}],"curies":[{"name":"wp","href":"https:\/\/api.w.org\/{rel}","templated":true}]}}