{"id":1794,"date":"2026-03-03T14:59:07","date_gmt":"2026-03-03T17:59:07","guid":{"rendered":"https:\/\/palmerodespachante.uy\/?p=1794"},"modified":"2026-03-03T14:59:08","modified_gmt":"2026-03-03T17:59:08","slug":"oddone-cumplimiento-de-regla-fiscal-la-casa-en-orden-empleo-y-no-me-van-a-escuchar-hablar-de-pretextos","status":"publish","type":"post","link":"https:\/\/palmerodespachante.uy\/index.php\/2026\/03\/03\/oddone-cumplimiento-de-regla-fiscal-la-casa-en-orden-empleo-y-no-me-van-a-escuchar-hablar-de-pretextos\/","title":{"rendered":"ODDONE: CUMPLIMIENTO DE REGLA FISCAL, \u00abLA CASA EN ORDEN\u00bb, EMPLEO Y \u00abNO ME VAN A ESCUCHAR HABLAR DE PRETEXTOS\u00bb"},"content":{"rendered":"\n<p>\u00abLa casa est\u00e1 en orden y estamos trabajando con el m\u00e1ximo esfuerzo\u201d, afirm\u00f3 el ministro de Econom\u00eda y Finanzas, Gabriel Oddone -acompa\u00f1ado por el subsecretario de la cartera, Mart\u00edn Vallcorba, y por la directora de Pol\u00edtica Econ\u00f3mica Bibiana Lanzilotta- quienes presentaron un balance de \u201ccumplimiento de metas fiscales\u201d, en conferencia de prensa ayer en la sede del organismo. Seg\u00fan el balance del Ministerio de Econom\u00eda y Finanzas (MEF), en 2025 se cumplieron las metas fiscales, con un resultado fiscal estructural de 3,9% del Producto Interno Bruto (PIB) y un endeudamiento neto por debajo del l\u00edmite legal (sin hacer uso de la cl\u00e1usula de salvaguarda), y el gobierno mantendr\u00e1 las metas del resultado estructural establecidas en el Presupuesto, as\u00ed como las proyecciones de crecimiento del PIB de 2,2% para este a\u00f1o, seg\u00fan anunci\u00f3 Oddone. No obstante, el Indicador Mensual de la Actividad Econ\u00f3mica (IMAE) de diciembre publicado ayer por el Banco Central (BCU), mostr\u00f3 una ca\u00edda desestacionalizada y, algunos analistas eval\u00faan que hubo \u201crecesi\u00f3n t\u00e9cnica\u201d (dos trimestres seguidos de ca\u00edda). El ministro destac\u00f3 que, a un a\u00f1o de la asunci\u00f3n de esta administraci\u00f3n, el resultado observado del cierre fiscal de 2025 est\u00e1 en l\u00ednea con lo proyectado en el Presupuesto. \u201cEl cumplimiento de las proyecciones de resultado fiscal que hizo el gobierno se logr\u00f3, a pesar de la discusi\u00f3n respecto a si la econom\u00eda se estaba desacelerando\u201d, afirm\u00f3 ayer al mediod\u00eda (antes de conocerse la publicaci\u00f3n del IMAE de diciembre). Hizo \u00e9nfasis en que las metas operativas en relaci\u00f3n a la regla fiscal \u201cfueron cumplidas\u201d, as\u00ed como la del tope del endeudamiento. Oddone tambi\u00e9n destac\u00f3 que \u201cUruguay en 2025 alcanz\u00f3 una tasa de empleo r\u00e9cord de los \u00faltimos diez a\u00f1os, con la creaci\u00f3n de dos d\u00edgitos de puestos de trabajo\u201d. Agreg\u00f3 que el alza del n\u00famero de cotizantes en el BPS es consistente con la suba del salario real por encima del 1,3%. Esto muestra una mayor actividad econ\u00f3mica, seg\u00fan el MEF. <strong>Como ejes de medidas de ahora en m\u00e1s, el ministro mencion\u00f3: avanzar en un \u201cmarco regulatorio legal claro\u201d para mejorar la competitividad y prometi\u00f3 tener un proyecto de ley al respecto definido para el pr\u00f3ximo 31 de mayo, <u>y captar m\u00e1s inversiones sobre todo en energ\u00eda, transporte y log\u00edstica,<\/u> por lo que el MEF trabaja conjuntamente con el Ministerio de Industria, Energ\u00eda y Miner\u00eda (MIEM) y con el Ministerio de Transporte y Obras P\u00fablicas (MTOP<\/strong>). (El Pa\u00eds \u2013 28\/02)<\/p>\n","protected":false},"excerpt":{"rendered":"<p>\u00abLa casa est\u00e1 en orden y estamos trabajando con el m\u00e1ximo esfuerzo\u201d, afirm\u00f3 el ministro de Econom\u00eda y Finanzas, Gabriel Oddone -acompa\u00f1ado por el subsecretario de la cartera, Mart\u00edn Vallcorba, y por la directora de Pol\u00edtica Econ\u00f3mica Bibiana Lanzilotta- quienes presentaron un balance de \u201ccumplimiento de metas fiscales\u201d, en conferencia de prensa ayer en la [&hellip;]<\/p>\n","protected":false},"author":3,"featured_media":0,"comment_status":"open","ping_status":"open","sticky":false,"template":"","format":"standard","meta":{"_joinchat":[],"footnotes":""},"categories":[37],"tags":[],"class_list":{"0":"post-1794","1":"post","2":"type-post","3":"status-publish","4":"format-standard","6":"category-noticias"},"yoast_head":"<!-- This site is optimized with the Yoast SEO plugin v27.5 - https:\/\/yoast.com\/product\/yoast-seo-wordpress\/ -->\n<title>ODDONE: CUMPLIMIENTO DE REGLA FISCAL, &quot;LA CASA EN ORDEN&quot;, EMPLEO Y &quot;NO ME VAN A ESCUCHAR HABLAR DE PRETEXTOS&quot; - Palmero Despachante de Aduana<\/title>\n<meta name=\"robots\" content=\"noindex, follow\" \/>\n<meta property=\"og:locale\" content=\"es_ES\" \/>\n<meta property=\"og:type\" content=\"article\" \/>\n<meta property=\"og:title\" content=\"ODDONE: CUMPLIMIENTO DE REGLA FISCAL, &quot;LA CASA EN ORDEN&quot;, EMPLEO Y &quot;NO ME VAN A ESCUCHAR HABLAR DE PRETEXTOS&quot; - Palmero Despachante de Aduana\" \/>\n<meta property=\"og:description\" content=\"\u00abLa casa est\u00e1 en orden y estamos trabajando con el m\u00e1ximo esfuerzo\u201d, afirm\u00f3 el ministro de Econom\u00eda y Finanzas, Gabriel Oddone -acompa\u00f1ado por el subsecretario de la cartera, Mart\u00edn Vallcorba, y por la directora de Pol\u00edtica Econ\u00f3mica Bibiana Lanzilotta- quienes presentaron un balance de \u201ccumplimiento de metas fiscales\u201d, en conferencia de prensa ayer en la [&hellip;]\" \/>\n<meta property=\"og:url\" content=\"https:\/\/palmerodespachante.uy\/index.php\/2026\/03\/03\/oddone-cumplimiento-de-regla-fiscal-la-casa-en-orden-empleo-y-no-me-van-a-escuchar-hablar-de-pretextos\/\" \/>\n<meta property=\"og:site_name\" content=\"Palmero Despachante de Aduana\" \/>\n<meta property=\"article:publisher\" content=\"https:\/\/www.facebook.com\/despachantedeaduana.palmero?hc_ref=ARQPWzEmqFz3O_9qTlrxPP6NW-Vf1b4-iJdwH7XdkuWdfarefzfPyjY7DGBCye4mnJs\" \/>\n<meta property=\"article:published_time\" content=\"2026-03-03T17:59:07+00:00\" \/>\n<meta property=\"article:modified_time\" content=\"2026-03-03T17:59:08+00:00\" \/>\n<meta name=\"author\" content=\"Javier Palmero\" \/>\n<meta name=\"twitter:card\" content=\"summary_large_image\" \/>\n<meta name=\"twitter:label1\" content=\"Escrito por\" \/>\n\t<meta name=\"twitter:data1\" content=\"Javier Palmero\" \/>\n\t<meta name=\"twitter:label2\" content=\"Tiempo de lectura\" \/>\n\t<meta name=\"twitter:data2\" content=\"2 minutos\" \/>\n<script type=\"application\/ld+json\" class=\"yoast-schema-graph\">{\"@context\":\"https:\\\/\\\/schema.org\",\"@graph\":[{\"@type\":\"Article\",\"@id\":\"https:\\\/\\\/palmerodespachante.uy\\\/index.php\\\/2026\\\/03\\\/03\\\/oddone-cumplimiento-de-regla-fiscal-la-casa-en-orden-empleo-y-no-me-van-a-escuchar-hablar-de-pretextos\\\/#article\",\"isPartOf\":{\"@id\":\"https:\\\/\\\/palmerodespachante.uy\\\/index.php\\\/2026\\\/03\\\/03\\\/oddone-cumplimiento-de-regla-fiscal-la-casa-en-orden-empleo-y-no-me-van-a-escuchar-hablar-de-pretextos\\\/\"},\"author\":{\"name\":\"Javier Palmero\",\"@id\":\"https:\\\/\\\/palmerodespachante.uy\\\/#\\\/schema\\\/person\\\/9eabdcdc87fc74d275cc2faf2ce2f732\"},\"headline\":\"ODDONE: CUMPLIMIENTO DE REGLA FISCAL, \u00abLA CASA EN ORDEN\u00bb, EMPLEO Y \u00abNO ME VAN A ESCUCHAR HABLAR DE PRETEXTOS\u00bb\",\"datePublished\":\"2026-03-03T17:59:07+00:00\",\"dateModified\":\"2026-03-03T17:59:08+00:00\",\"mainEntityOfPage\":{\"@id\":\"https:\\\/\\\/palmerodespachante.uy\\\/index.php\\\/2026\\\/03\\\/03\\\/oddone-cumplimiento-de-regla-fiscal-la-casa-en-orden-empleo-y-no-me-van-a-escuchar-hablar-de-pretextos\\\/\"},\"wordCount\":454,\"commentCount\":0,\"publisher\":{\"@id\":\"https:\\\/\\\/palmerodespachante.uy\\\/#organization\"},\"articleSection\":[\"Noticias\"],\"inLanguage\":\"es\",\"potentialAction\":[{\"@type\":\"CommentAction\",\"name\":\"Comment\",\"target\":[\"https:\\\/\\\/palmerodespachante.uy\\\/index.php\\\/2026\\\/03\\\/03\\\/oddone-cumplimiento-de-regla-fiscal-la-casa-en-orden-empleo-y-no-me-van-a-escuchar-hablar-de-pretextos\\\/#respond\"]}]},{\"@type\":\"WebPage\",\"@id\":\"https:\\\/\\\/palmerodespachante.uy\\\/index.php\\\/2026\\\/03\\\/03\\\/oddone-cumplimiento-de-regla-fiscal-la-casa-en-orden-empleo-y-no-me-van-a-escuchar-hablar-de-pretextos\\\/\",\"url\":\"https:\\\/\\\/palmerodespachante.uy\\\/index.php\\\/2026\\\/03\\\/03\\\/oddone-cumplimiento-de-regla-fiscal-la-casa-en-orden-empleo-y-no-me-van-a-escuchar-hablar-de-pretextos\\\/\",\"name\":\"ODDONE: CUMPLIMIENTO DE REGLA FISCAL, \\\"LA CASA EN ORDEN\\\", EMPLEO Y \\\"NO ME VAN A ESCUCHAR HABLAR DE PRETEXTOS\\\" - Palmero Despachante de Aduana\",\"isPartOf\":{\"@id\":\"https:\\\/\\\/palmerodespachante.uy\\\/#website\"},\"datePublished\":\"2026-03-03T17:59:07+00:00\",\"dateModified\":\"2026-03-03T17:59:08+00:00\",\"breadcrumb\":{\"@id\":\"https:\\\/\\\/palmerodespachante.uy\\\/index.php\\\/2026\\\/03\\\/03\\\/oddone-cumplimiento-de-regla-fiscal-la-casa-en-orden-empleo-y-no-me-van-a-escuchar-hablar-de-pretextos\\\/#breadcrumb\"},\"inLanguage\":\"es\",\"potentialAction\":[{\"@type\":\"ReadAction\",\"target\":[\"https:\\\/\\\/palmerodespachante.uy\\\/index.php\\\/2026\\\/03\\\/03\\\/oddone-cumplimiento-de-regla-fiscal-la-casa-en-orden-empleo-y-no-me-van-a-escuchar-hablar-de-pretextos\\\/\"]}]},{\"@type\":\"BreadcrumbList\",\"@id\":\"https:\\\/\\\/palmerodespachante.uy\\\/index.php\\\/2026\\\/03\\\/03\\\/oddone-cumplimiento-de-regla-fiscal-la-casa-en-orden-empleo-y-no-me-van-a-escuchar-hablar-de-pretextos\\\/#breadcrumb\",\"itemListElement\":[{\"@type\":\"ListItem\",\"position\":1,\"name\":\"Portada\",\"item\":\"https:\\\/\\\/palmerodespachante.uy\\\/\"},{\"@type\":\"ListItem\",\"position\":2,\"name\":\"ODDONE: CUMPLIMIENTO DE REGLA FISCAL, \u00abLA CASA EN ORDEN\u00bb, EMPLEO Y \u00abNO ME VAN A ESCUCHAR HABLAR DE PRETEXTOS\u00bb\"}]},{\"@type\":\"WebSite\",\"@id\":\"https:\\\/\\\/palmerodespachante.uy\\\/#website\",\"url\":\"https:\\\/\\\/palmerodespachante.uy\\\/\",\"name\":\"Palmero Despachante de Aduana\",\"description\":\"Importaci\u00f3n, Exportaci\u00f3n, Tr\u00e1nsito\",\"publisher\":{\"@id\":\"https:\\\/\\\/palmerodespachante.uy\\\/#organization\"},\"potentialAction\":[{\"@type\":\"SearchAction\",\"target\":{\"@type\":\"EntryPoint\",\"urlTemplate\":\"https:\\\/\\\/palmerodespachante.uy\\\/?s={search_term_string}\"},\"query-input\":{\"@type\":\"PropertyValueSpecification\",\"valueRequired\":true,\"valueName\":\"search_term_string\"}}],\"inLanguage\":\"es\"},{\"@type\":\"Organization\",\"@id\":\"https:\\\/\\\/palmerodespachante.uy\\\/#organization\",\"name\":\"Palmero Despachante de Aduanas\",\"url\":\"https:\\\/\\\/palmerodespachante.uy\\\/\",\"logo\":{\"@type\":\"ImageObject\",\"inLanguage\":\"es\",\"@id\":\"https:\\\/\\\/palmerodespachante.uy\\\/#\\\/schema\\\/logo\\\/image\\\/\",\"url\":\"https:\\\/\\\/palmerodespachante.uy\\\/wp-content\\\/uploads\\\/2018\\\/08\\\/Logo-144.png\",\"contentUrl\":\"https:\\\/\\\/palmerodespachante.uy\\\/wp-content\\\/uploads\\\/2018\\\/08\\\/Logo-144.png\",\"width\":144,\"height\":144,\"caption\":\"Palmero Despachante de Aduanas\"},\"image\":{\"@id\":\"https:\\\/\\\/palmerodespachante.uy\\\/#\\\/schema\\\/logo\\\/image\\\/\"},\"sameAs\":[\"https:\\\/\\\/www.facebook.com\\\/despachantedeaduana.palmero?hc_ref=ARQPWzEmqFz3O_9qTlrxPP6NW-Vf1b4-iJdwH7XdkuWdfarefzfPyjY7DGBCye4mnJs\",\"https:\\\/\\\/www.linkedin.com\\\/company\\\/despachante-de-aduana-palmero\\\/\"]},{\"@type\":\"Person\",\"@id\":\"https:\\\/\\\/palmerodespachante.uy\\\/#\\\/schema\\\/person\\\/9eabdcdc87fc74d275cc2faf2ce2f732\",\"name\":\"Javier Palmero\",\"image\":{\"@type\":\"ImageObject\",\"inLanguage\":\"es\",\"@id\":\"https:\\\/\\\/palmerodespachante.uy\\\/wp-content\\\/litespeed\\\/avatar\\\/8e783966089c8fa82b27a6627fb956c2.jpg?ver=1777463218\",\"url\":\"https:\\\/\\\/palmerodespachante.uy\\\/wp-content\\\/litespeed\\\/avatar\\\/8e783966089c8fa82b27a6627fb956c2.jpg?ver=1777463218\",\"contentUrl\":\"https:\\\/\\\/palmerodespachante.uy\\\/wp-content\\\/litespeed\\\/avatar\\\/8e783966089c8fa82b27a6627fb956c2.jpg?ver=1777463218\",\"caption\":\"Javier Palmero\"}}]}<\/script>\n<!-- \/ Yoast SEO plugin. -->","yoast_head_json":{"title":"ODDONE: CUMPLIMIENTO DE REGLA FISCAL, \"LA CASA EN ORDEN\", EMPLEO Y \"NO ME VAN A ESCUCHAR HABLAR DE PRETEXTOS\" - Palmero Despachante de Aduana","robots":{"index":"noindex","follow":"follow"},"og_locale":"es_ES","og_type":"article","og_title":"ODDONE: CUMPLIMIENTO DE REGLA FISCAL, \"LA CASA EN ORDEN\", EMPLEO Y \"NO ME VAN A ESCUCHAR HABLAR DE PRETEXTOS\" - Palmero Despachante de Aduana","og_description":"\u00abLa casa est\u00e1 en orden y estamos trabajando con el m\u00e1ximo esfuerzo\u201d, afirm\u00f3 el ministro de Econom\u00eda y Finanzas, Gabriel Oddone -acompa\u00f1ado por el subsecretario de la cartera, Mart\u00edn Vallcorba, y por la directora de Pol\u00edtica Econ\u00f3mica Bibiana Lanzilotta- quienes presentaron un balance de \u201ccumplimiento de metas fiscales\u201d, en conferencia de prensa ayer en la [&hellip;]","og_url":"https:\/\/palmerodespachante.uy\/index.php\/2026\/03\/03\/oddone-cumplimiento-de-regla-fiscal-la-casa-en-orden-empleo-y-no-me-van-a-escuchar-hablar-de-pretextos\/","og_site_name":"Palmero Despachante de Aduana","article_publisher":"https:\/\/www.facebook.com\/despachantedeaduana.palmero?hc_ref=ARQPWzEmqFz3O_9qTlrxPP6NW-Vf1b4-iJdwH7XdkuWdfarefzfPyjY7DGBCye4mnJs","article_published_time":"2026-03-03T17:59:07+00:00","article_modified_time":"2026-03-03T17:59:08+00:00","author":"Javier Palmero","twitter_card":"summary_large_image","twitter_misc":{"Escrito por":"Javier Palmero","Tiempo de lectura":"2 minutos"},"schema":{"@context":"https:\/\/schema.org","@graph":[{"@type":"Article","@id":"https:\/\/palmerodespachante.uy\/index.php\/2026\/03\/03\/oddone-cumplimiento-de-regla-fiscal-la-casa-en-orden-empleo-y-no-me-van-a-escuchar-hablar-de-pretextos\/#article","isPartOf":{"@id":"https:\/\/palmerodespachante.uy\/index.php\/2026\/03\/03\/oddone-cumplimiento-de-regla-fiscal-la-casa-en-orden-empleo-y-no-me-van-a-escuchar-hablar-de-pretextos\/"},"author":{"name":"Javier Palmero","@id":"https:\/\/palmerodespachante.uy\/#\/schema\/person\/9eabdcdc87fc74d275cc2faf2ce2f732"},"headline":"ODDONE: CUMPLIMIENTO DE REGLA FISCAL, \u00abLA CASA EN ORDEN\u00bb, EMPLEO Y \u00abNO ME VAN A ESCUCHAR HABLAR DE PRETEXTOS\u00bb","datePublished":"2026-03-03T17:59:07+00:00","dateModified":"2026-03-03T17:59:08+00:00","mainEntityOfPage":{"@id":"https:\/\/palmerodespachante.uy\/index.php\/2026\/03\/03\/oddone-cumplimiento-de-regla-fiscal-la-casa-en-orden-empleo-y-no-me-van-a-escuchar-hablar-de-pretextos\/"},"wordCount":454,"commentCount":0,"publisher":{"@id":"https:\/\/palmerodespachante.uy\/#organization"},"articleSection":["Noticias"],"inLanguage":"es","potentialAction":[{"@type":"CommentAction","name":"Comment","target":["https:\/\/palmerodespachante.uy\/index.php\/2026\/03\/03\/oddone-cumplimiento-de-regla-fiscal-la-casa-en-orden-empleo-y-no-me-van-a-escuchar-hablar-de-pretextos\/#respond"]}]},{"@type":"WebPage","@id":"https:\/\/palmerodespachante.uy\/index.php\/2026\/03\/03\/oddone-cumplimiento-de-regla-fiscal-la-casa-en-orden-empleo-y-no-me-van-a-escuchar-hablar-de-pretextos\/","url":"https:\/\/palmerodespachante.uy\/index.php\/2026\/03\/03\/oddone-cumplimiento-de-regla-fiscal-la-casa-en-orden-empleo-y-no-me-van-a-escuchar-hablar-de-pretextos\/","name":"ODDONE: CUMPLIMIENTO DE REGLA FISCAL, \"LA CASA EN ORDEN\", EMPLEO Y \"NO ME VAN A ESCUCHAR HABLAR DE PRETEXTOS\" - Palmero Despachante de Aduana","isPartOf":{"@id":"https:\/\/palmerodespachante.uy\/#website"},"datePublished":"2026-03-03T17:59:07+00:00","dateModified":"2026-03-03T17:59:08+00:00","breadcrumb":{"@id":"https:\/\/palmerodespachante.uy\/index.php\/2026\/03\/03\/oddone-cumplimiento-de-regla-fiscal-la-casa-en-orden-empleo-y-no-me-van-a-escuchar-hablar-de-pretextos\/#breadcrumb"},"inLanguage":"es","potentialAction":[{"@type":"ReadAction","target":["https:\/\/palmerodespachante.uy\/index.php\/2026\/03\/03\/oddone-cumplimiento-de-regla-fiscal-la-casa-en-orden-empleo-y-no-me-van-a-escuchar-hablar-de-pretextos\/"]}]},{"@type":"BreadcrumbList","@id":"https:\/\/palmerodespachante.uy\/index.php\/2026\/03\/03\/oddone-cumplimiento-de-regla-fiscal-la-casa-en-orden-empleo-y-no-me-van-a-escuchar-hablar-de-pretextos\/#breadcrumb","itemListElement":[{"@type":"ListItem","position":1,"name":"Portada","item":"https:\/\/palmerodespachante.uy\/"},{"@type":"ListItem","position":2,"name":"ODDONE: CUMPLIMIENTO DE REGLA FISCAL, \u00abLA CASA EN ORDEN\u00bb, EMPLEO Y \u00abNO ME VAN A ESCUCHAR HABLAR DE PRETEXTOS\u00bb"}]},{"@type":"WebSite","@id":"https:\/\/palmerodespachante.uy\/#website","url":"https:\/\/palmerodespachante.uy\/","name":"Palmero Despachante de Aduana","description":"Importaci\u00f3n, Exportaci\u00f3n, Tr\u00e1nsito","publisher":{"@id":"https:\/\/palmerodespachante.uy\/#organization"},"potentialAction":[{"@type":"SearchAction","target":{"@type":"EntryPoint","urlTemplate":"https:\/\/palmerodespachante.uy\/?s={search_term_string}"},"query-input":{"@type":"PropertyValueSpecification","valueRequired":true,"valueName":"search_term_string"}}],"inLanguage":"es"},{"@type":"Organization","@id":"https:\/\/palmerodespachante.uy\/#organization","name":"Palmero Despachante de Aduanas","url":"https:\/\/palmerodespachante.uy\/","logo":{"@type":"ImageObject","inLanguage":"es","@id":"https:\/\/palmerodespachante.uy\/#\/schema\/logo\/image\/","url":"https:\/\/palmerodespachante.uy\/wp-content\/uploads\/2018\/08\/Logo-144.png","contentUrl":"https:\/\/palmerodespachante.uy\/wp-content\/uploads\/2018\/08\/Logo-144.png","width":144,"height":144,"caption":"Palmero Despachante de Aduanas"},"image":{"@id":"https:\/\/palmerodespachante.uy\/#\/schema\/logo\/image\/"},"sameAs":["https:\/\/www.facebook.com\/despachantedeaduana.palmero?hc_ref=ARQPWzEmqFz3O_9qTlrxPP6NW-Vf1b4-iJdwH7XdkuWdfarefzfPyjY7DGBCye4mnJs","https:\/\/www.linkedin.com\/company\/despachante-de-aduana-palmero\/"]},{"@type":"Person","@id":"https:\/\/palmerodespachante.uy\/#\/schema\/person\/9eabdcdc87fc74d275cc2faf2ce2f732","name":"Javier Palmero","image":{"@type":"ImageObject","inLanguage":"es","@id":"https:\/\/palmerodespachante.uy\/wp-content\/litespeed\/avatar\/8e783966089c8fa82b27a6627fb956c2.jpg?ver=1777463218","url":"https:\/\/palmerodespachante.uy\/wp-content\/litespeed\/avatar\/8e783966089c8fa82b27a6627fb956c2.jpg?ver=1777463218","contentUrl":"https:\/\/palmerodespachante.uy\/wp-content\/litespeed\/avatar\/8e783966089c8fa82b27a6627fb956c2.jpg?ver=1777463218","caption":"Javier Palmero"}}]}},"jetpack_featured_media_url":"","_links":{"self":[{"href":"https:\/\/palmerodespachante.uy\/index.php\/wp-json\/wp\/v2\/posts\/1794","targetHints":{"allow":["GET"]}}],"collection":[{"href":"https:\/\/palmerodespachante.uy\/index.php\/wp-json\/wp\/v2\/posts"}],"about":[{"href":"https:\/\/palmerodespachante.uy\/index.php\/wp-json\/wp\/v2\/types\/post"}],"author":[{"embeddable":true,"href":"https:\/\/palmerodespachante.uy\/index.php\/wp-json\/wp\/v2\/users\/3"}],"replies":[{"embeddable":true,"href":"https:\/\/palmerodespachante.uy\/index.php\/wp-json\/wp\/v2\/comments?post=1794"}],"version-history":[{"count":1,"href":"https:\/\/palmerodespachante.uy\/index.php\/wp-json\/wp\/v2\/posts\/1794\/revisions"}],"predecessor-version":[{"id":1795,"href":"https:\/\/palmerodespachante.uy\/index.php\/wp-json\/wp\/v2\/posts\/1794\/revisions\/1795"}],"wp:attachment":[{"href":"https:\/\/palmerodespachante.uy\/index.php\/wp-json\/wp\/v2\/media?parent=1794"}],"wp:term":[{"taxonomy":"category","embeddable":true,"href":"https:\/\/palmerodespachante.uy\/index.php\/wp-json\/wp\/v2\/categories?post=1794"},{"taxonomy":"post_tag","embeddable":true,"href":"https:\/\/palmerodespachante.uy\/index.php\/wp-json\/wp\/v2\/tags?post=1794"}],"curies":[{"name":"wp","href":"https:\/\/api.w.org\/{rel}","templated":true}]}}