{"id":1757,"date":"2026-02-03T14:40:01","date_gmt":"2026-02-03T17:40:01","guid":{"rendered":"https:\/\/palmerodespachante.uy\/?p=1757"},"modified":"2026-02-03T14:40:02","modified_gmt":"2026-02-03T17:40:02","slug":"exportaciones-crecieron-un-9-en-enero","status":"publish","type":"post","link":"https:\/\/palmerodespachante.uy\/index.php\/2026\/02\/03\/exportaciones-crecieron-un-9-en-enero\/","title":{"rendered":"EXPORTACIONES CRECIERON UN 9% EN ENERO"},"content":{"rendered":"\n<p><strong>LAS EXPORTACIONES CRECIERON UN 9% EN ENERO, \u00bfQU\u00c9 PRODUCTOS FUERON LOS M\u00c1S DEMANDADOS Y A D\u00d3NDE SE COMERCIALIZARON?<\/strong><\/p>\n\n\n\n<p>Las solicitudes de exportaci\u00f3n de bienes, incluidas las zonas francas, alcanzaron US$ 995 millones y marcaron un incremento interanual de 9% en enero de este a\u00f1o, seg\u00fan datos del Instituto Uruguay XXI. Este resultado estuvo impulsado por el crecimiento interanual de comercializaci\u00f3n de celulosa (+36%) y carne bovina (+8%). El instituto resalta la visita del presidente de la Rep\u00fablica a China y sostiene: \u00abPara Uruguay, la relaci\u00f3n con China tiene un peso que va m\u00e1s all\u00e1 de la tendencia global. En 2025, el intercambio bilateral represent\u00f3 el 26% del comercio total de bienes de Uruguay, una proporci\u00f3n que se explica tanto por la gravitaci\u00f3n de China en la econom\u00eda mundial como por la consolidaci\u00f3n, a lo largo del tiempo, de un patr\u00f3n de especializaci\u00f3n y complementariedad entre ambos pa\u00edses\u00bb. La carne bovina fue el principal producto de exportaci\u00f3n, con ventas por un total de US$ 218 millones, lo que represent\u00f3 un 22% del total exportado. En segundo lugar se ubic\u00f3 la celulosa con US$ 186 millones, un 19% de participaci\u00f3n en las exportaciones totales de bienes y fue considerado el producto con la mayor incidencia positiva en el mes (5%). Entre los principales destinos en los que se colocaron estos productos, la lista fue liderada por la Uni\u00f3n Europea con ventas por US$ 164 millones, lo que represent\u00f3 un aumento interanual de 29% y una participaci\u00f3n del 16% en las exportaciones totales de bienes. China fue el segundo destino de exportaci\u00f3n en enero de este a\u00f1o, con ventas por US$ 150 millones. Esto represent\u00f3 una baja interanual de 3% y una participaci\u00f3n de 15% en el total exportado. Por su parte, Brasil se mantuvo como el tercer principal destino en enero, con colocaciones por US$ 146 millones, lo que implic\u00f3 una ca\u00edda interanual de 15%. (El Pa\u00eds)<\/p>\n","protected":false},"excerpt":{"rendered":"<p>LAS EXPORTACIONES CRECIERON UN 9% EN ENERO, \u00bfQU\u00c9 PRODUCTOS FUERON LOS M\u00c1S DEMANDADOS Y A D\u00d3NDE SE COMERCIALIZARON? Las solicitudes de exportaci\u00f3n de bienes, incluidas las zonas francas, alcanzaron US$ 995 millones y marcaron un incremento interanual de 9% en enero de este a\u00f1o, seg\u00fan datos del Instituto Uruguay XXI. Este resultado estuvo impulsado por [&hellip;]<\/p>\n","protected":false},"author":3,"featured_media":0,"comment_status":"open","ping_status":"open","sticky":false,"template":"","format":"standard","meta":{"_joinchat":[],"footnotes":""},"categories":[37],"tags":[],"class_list":{"0":"post-1757","1":"post","2":"type-post","3":"status-publish","4":"format-standard","6":"category-noticias"},"yoast_head":"<!-- This site is optimized with the Yoast SEO plugin v27.4 - https:\/\/yoast.com\/product\/yoast-seo-wordpress\/ -->\n<title>EXPORTACIONES CRECIERON UN 9% EN ENERO - Palmero Despachante de Aduana<\/title>\n<meta name=\"robots\" content=\"noindex, follow\" \/>\n<meta property=\"og:locale\" content=\"es_ES\" \/>\n<meta property=\"og:type\" content=\"article\" \/>\n<meta property=\"og:title\" content=\"EXPORTACIONES CRECIERON UN 9% EN ENERO - Palmero Despachante de Aduana\" \/>\n<meta property=\"og:description\" content=\"LAS EXPORTACIONES CRECIERON UN 9% EN ENERO, \u00bfQU\u00c9 PRODUCTOS FUERON LOS M\u00c1S DEMANDADOS Y A D\u00d3NDE SE COMERCIALIZARON? Las solicitudes de exportaci\u00f3n de bienes, incluidas las zonas francas, alcanzaron US$ 995 millones y marcaron un incremento interanual de 9% en enero de este a\u00f1o, seg\u00fan datos del Instituto Uruguay XXI. Este resultado estuvo impulsado por [&hellip;]\" \/>\n<meta property=\"og:url\" content=\"https:\/\/palmerodespachante.uy\/index.php\/2026\/02\/03\/exportaciones-crecieron-un-9-en-enero\/\" \/>\n<meta property=\"og:site_name\" content=\"Palmero Despachante de Aduana\" \/>\n<meta property=\"article:publisher\" content=\"https:\/\/www.facebook.com\/despachantedeaduana.palmero?hc_ref=ARQPWzEmqFz3O_9qTlrxPP6NW-Vf1b4-iJdwH7XdkuWdfarefzfPyjY7DGBCye4mnJs\" \/>\n<meta property=\"article:published_time\" content=\"2026-02-03T17:40:01+00:00\" \/>\n<meta property=\"article:modified_time\" content=\"2026-02-03T17:40:02+00:00\" \/>\n<meta name=\"author\" content=\"Javier Palmero\" \/>\n<meta name=\"twitter:card\" content=\"summary_large_image\" \/>\n<meta name=\"twitter:label1\" content=\"Escrito por\" \/>\n\t<meta name=\"twitter:data1\" content=\"Javier Palmero\" \/>\n\t<meta name=\"twitter:label2\" content=\"Tiempo de lectura\" \/>\n\t<meta name=\"twitter:data2\" content=\"2 minutos\" \/>\n<script type=\"application\/ld+json\" class=\"yoast-schema-graph\">{\"@context\":\"https:\\\/\\\/schema.org\",\"@graph\":[{\"@type\":\"Article\",\"@id\":\"https:\\\/\\\/palmerodespachante.uy\\\/index.php\\\/2026\\\/02\\\/03\\\/exportaciones-crecieron-un-9-en-enero\\\/#article\",\"isPartOf\":{\"@id\":\"https:\\\/\\\/palmerodespachante.uy\\\/index.php\\\/2026\\\/02\\\/03\\\/exportaciones-crecieron-un-9-en-enero\\\/\"},\"author\":{\"name\":\"Javier Palmero\",\"@id\":\"https:\\\/\\\/palmerodespachante.uy\\\/#\\\/schema\\\/person\\\/9eabdcdc87fc74d275cc2faf2ce2f732\"},\"headline\":\"EXPORTACIONES CRECIERON UN 9% EN ENERO\",\"datePublished\":\"2026-02-03T17:40:01+00:00\",\"dateModified\":\"2026-02-03T17:40:02+00:00\",\"mainEntityOfPage\":{\"@id\":\"https:\\\/\\\/palmerodespachante.uy\\\/index.php\\\/2026\\\/02\\\/03\\\/exportaciones-crecieron-un-9-en-enero\\\/\"},\"wordCount\":325,\"commentCount\":0,\"publisher\":{\"@id\":\"https:\\\/\\\/palmerodespachante.uy\\\/#organization\"},\"articleSection\":[\"Noticias\"],\"inLanguage\":\"es\",\"potentialAction\":[{\"@type\":\"CommentAction\",\"name\":\"Comment\",\"target\":[\"https:\\\/\\\/palmerodespachante.uy\\\/index.php\\\/2026\\\/02\\\/03\\\/exportaciones-crecieron-un-9-en-enero\\\/#respond\"]}]},{\"@type\":\"WebPage\",\"@id\":\"https:\\\/\\\/palmerodespachante.uy\\\/index.php\\\/2026\\\/02\\\/03\\\/exportaciones-crecieron-un-9-en-enero\\\/\",\"url\":\"https:\\\/\\\/palmerodespachante.uy\\\/index.php\\\/2026\\\/02\\\/03\\\/exportaciones-crecieron-un-9-en-enero\\\/\",\"name\":\"EXPORTACIONES CRECIERON UN 9% EN ENERO - Palmero Despachante de Aduana\",\"isPartOf\":{\"@id\":\"https:\\\/\\\/palmerodespachante.uy\\\/#website\"},\"datePublished\":\"2026-02-03T17:40:01+00:00\",\"dateModified\":\"2026-02-03T17:40:02+00:00\",\"breadcrumb\":{\"@id\":\"https:\\\/\\\/palmerodespachante.uy\\\/index.php\\\/2026\\\/02\\\/03\\\/exportaciones-crecieron-un-9-en-enero\\\/#breadcrumb\"},\"inLanguage\":\"es\",\"potentialAction\":[{\"@type\":\"ReadAction\",\"target\":[\"https:\\\/\\\/palmerodespachante.uy\\\/index.php\\\/2026\\\/02\\\/03\\\/exportaciones-crecieron-un-9-en-enero\\\/\"]}]},{\"@type\":\"BreadcrumbList\",\"@id\":\"https:\\\/\\\/palmerodespachante.uy\\\/index.php\\\/2026\\\/02\\\/03\\\/exportaciones-crecieron-un-9-en-enero\\\/#breadcrumb\",\"itemListElement\":[{\"@type\":\"ListItem\",\"position\":1,\"name\":\"Portada\",\"item\":\"https:\\\/\\\/palmerodespachante.uy\\\/\"},{\"@type\":\"ListItem\",\"position\":2,\"name\":\"EXPORTACIONES CRECIERON UN 9% EN ENERO\"}]},{\"@type\":\"WebSite\",\"@id\":\"https:\\\/\\\/palmerodespachante.uy\\\/#website\",\"url\":\"https:\\\/\\\/palmerodespachante.uy\\\/\",\"name\":\"Palmero Despachante de Aduana\",\"description\":\"Importaci\u00f3n, Exportaci\u00f3n, Tr\u00e1nsito\",\"publisher\":{\"@id\":\"https:\\\/\\\/palmerodespachante.uy\\\/#organization\"},\"potentialAction\":[{\"@type\":\"SearchAction\",\"target\":{\"@type\":\"EntryPoint\",\"urlTemplate\":\"https:\\\/\\\/palmerodespachante.uy\\\/?s={search_term_string}\"},\"query-input\":{\"@type\":\"PropertyValueSpecification\",\"valueRequired\":true,\"valueName\":\"search_term_string\"}}],\"inLanguage\":\"es\"},{\"@type\":\"Organization\",\"@id\":\"https:\\\/\\\/palmerodespachante.uy\\\/#organization\",\"name\":\"Palmero Despachante de Aduanas\",\"url\":\"https:\\\/\\\/palmerodespachante.uy\\\/\",\"logo\":{\"@type\":\"ImageObject\",\"inLanguage\":\"es\",\"@id\":\"https:\\\/\\\/palmerodespachante.uy\\\/#\\\/schema\\\/logo\\\/image\\\/\",\"url\":\"https:\\\/\\\/palmerodespachante.uy\\\/wp-content\\\/uploads\\\/2018\\\/08\\\/Logo-144.png\",\"contentUrl\":\"https:\\\/\\\/palmerodespachante.uy\\\/wp-content\\\/uploads\\\/2018\\\/08\\\/Logo-144.png\",\"width\":144,\"height\":144,\"caption\":\"Palmero Despachante de Aduanas\"},\"image\":{\"@id\":\"https:\\\/\\\/palmerodespachante.uy\\\/#\\\/schema\\\/logo\\\/image\\\/\"},\"sameAs\":[\"https:\\\/\\\/www.facebook.com\\\/despachantedeaduana.palmero?hc_ref=ARQPWzEmqFz3O_9qTlrxPP6NW-Vf1b4-iJdwH7XdkuWdfarefzfPyjY7DGBCye4mnJs\",\"https:\\\/\\\/www.linkedin.com\\\/company\\\/despachante-de-aduana-palmero\\\/\"]},{\"@type\":\"Person\",\"@id\":\"https:\\\/\\\/palmerodespachante.uy\\\/#\\\/schema\\\/person\\\/9eabdcdc87fc74d275cc2faf2ce2f732\",\"name\":\"Javier Palmero\",\"image\":{\"@type\":\"ImageObject\",\"inLanguage\":\"es\",\"@id\":\"https:\\\/\\\/palmerodespachante.uy\\\/wp-content\\\/litespeed\\\/avatar\\\/8e783966089c8fa82b27a6627fb956c2.jpg?ver=1776856630\",\"url\":\"https:\\\/\\\/palmerodespachante.uy\\\/wp-content\\\/litespeed\\\/avatar\\\/8e783966089c8fa82b27a6627fb956c2.jpg?ver=1776856630\",\"contentUrl\":\"https:\\\/\\\/palmerodespachante.uy\\\/wp-content\\\/litespeed\\\/avatar\\\/8e783966089c8fa82b27a6627fb956c2.jpg?ver=1776856630\",\"caption\":\"Javier Palmero\"}}]}<\/script>\n<!-- \/ Yoast SEO plugin. -->","yoast_head_json":{"title":"EXPORTACIONES CRECIERON UN 9% EN ENERO - Palmero Despachante de Aduana","robots":{"index":"noindex","follow":"follow"},"og_locale":"es_ES","og_type":"article","og_title":"EXPORTACIONES CRECIERON UN 9% EN ENERO - Palmero Despachante de Aduana","og_description":"LAS EXPORTACIONES CRECIERON UN 9% EN ENERO, \u00bfQU\u00c9 PRODUCTOS FUERON LOS M\u00c1S DEMANDADOS Y A D\u00d3NDE SE COMERCIALIZARON? Las solicitudes de exportaci\u00f3n de bienes, incluidas las zonas francas, alcanzaron US$ 995 millones y marcaron un incremento interanual de 9% en enero de este a\u00f1o, seg\u00fan datos del Instituto Uruguay XXI. Este resultado estuvo impulsado por [&hellip;]","og_url":"https:\/\/palmerodespachante.uy\/index.php\/2026\/02\/03\/exportaciones-crecieron-un-9-en-enero\/","og_site_name":"Palmero Despachante de Aduana","article_publisher":"https:\/\/www.facebook.com\/despachantedeaduana.palmero?hc_ref=ARQPWzEmqFz3O_9qTlrxPP6NW-Vf1b4-iJdwH7XdkuWdfarefzfPyjY7DGBCye4mnJs","article_published_time":"2026-02-03T17:40:01+00:00","article_modified_time":"2026-02-03T17:40:02+00:00","author":"Javier Palmero","twitter_card":"summary_large_image","twitter_misc":{"Escrito por":"Javier Palmero","Tiempo de lectura":"2 minutos"},"schema":{"@context":"https:\/\/schema.org","@graph":[{"@type":"Article","@id":"https:\/\/palmerodespachante.uy\/index.php\/2026\/02\/03\/exportaciones-crecieron-un-9-en-enero\/#article","isPartOf":{"@id":"https:\/\/palmerodespachante.uy\/index.php\/2026\/02\/03\/exportaciones-crecieron-un-9-en-enero\/"},"author":{"name":"Javier Palmero","@id":"https:\/\/palmerodespachante.uy\/#\/schema\/person\/9eabdcdc87fc74d275cc2faf2ce2f732"},"headline":"EXPORTACIONES CRECIERON UN 9% EN ENERO","datePublished":"2026-02-03T17:40:01+00:00","dateModified":"2026-02-03T17:40:02+00:00","mainEntityOfPage":{"@id":"https:\/\/palmerodespachante.uy\/index.php\/2026\/02\/03\/exportaciones-crecieron-un-9-en-enero\/"},"wordCount":325,"commentCount":0,"publisher":{"@id":"https:\/\/palmerodespachante.uy\/#organization"},"articleSection":["Noticias"],"inLanguage":"es","potentialAction":[{"@type":"CommentAction","name":"Comment","target":["https:\/\/palmerodespachante.uy\/index.php\/2026\/02\/03\/exportaciones-crecieron-un-9-en-enero\/#respond"]}]},{"@type":"WebPage","@id":"https:\/\/palmerodespachante.uy\/index.php\/2026\/02\/03\/exportaciones-crecieron-un-9-en-enero\/","url":"https:\/\/palmerodespachante.uy\/index.php\/2026\/02\/03\/exportaciones-crecieron-un-9-en-enero\/","name":"EXPORTACIONES CRECIERON UN 9% EN ENERO - Palmero Despachante de Aduana","isPartOf":{"@id":"https:\/\/palmerodespachante.uy\/#website"},"datePublished":"2026-02-03T17:40:01+00:00","dateModified":"2026-02-03T17:40:02+00:00","breadcrumb":{"@id":"https:\/\/palmerodespachante.uy\/index.php\/2026\/02\/03\/exportaciones-crecieron-un-9-en-enero\/#breadcrumb"},"inLanguage":"es","potentialAction":[{"@type":"ReadAction","target":["https:\/\/palmerodespachante.uy\/index.php\/2026\/02\/03\/exportaciones-crecieron-un-9-en-enero\/"]}]},{"@type":"BreadcrumbList","@id":"https:\/\/palmerodespachante.uy\/index.php\/2026\/02\/03\/exportaciones-crecieron-un-9-en-enero\/#breadcrumb","itemListElement":[{"@type":"ListItem","position":1,"name":"Portada","item":"https:\/\/palmerodespachante.uy\/"},{"@type":"ListItem","position":2,"name":"EXPORTACIONES CRECIERON UN 9% EN ENERO"}]},{"@type":"WebSite","@id":"https:\/\/palmerodespachante.uy\/#website","url":"https:\/\/palmerodespachante.uy\/","name":"Palmero Despachante de Aduana","description":"Importaci\u00f3n, Exportaci\u00f3n, Tr\u00e1nsito","publisher":{"@id":"https:\/\/palmerodespachante.uy\/#organization"},"potentialAction":[{"@type":"SearchAction","target":{"@type":"EntryPoint","urlTemplate":"https:\/\/palmerodespachante.uy\/?s={search_term_string}"},"query-input":{"@type":"PropertyValueSpecification","valueRequired":true,"valueName":"search_term_string"}}],"inLanguage":"es"},{"@type":"Organization","@id":"https:\/\/palmerodespachante.uy\/#organization","name":"Palmero Despachante de Aduanas","url":"https:\/\/palmerodespachante.uy\/","logo":{"@type":"ImageObject","inLanguage":"es","@id":"https:\/\/palmerodespachante.uy\/#\/schema\/logo\/image\/","url":"https:\/\/palmerodespachante.uy\/wp-content\/uploads\/2018\/08\/Logo-144.png","contentUrl":"https:\/\/palmerodespachante.uy\/wp-content\/uploads\/2018\/08\/Logo-144.png","width":144,"height":144,"caption":"Palmero Despachante de Aduanas"},"image":{"@id":"https:\/\/palmerodespachante.uy\/#\/schema\/logo\/image\/"},"sameAs":["https:\/\/www.facebook.com\/despachantedeaduana.palmero?hc_ref=ARQPWzEmqFz3O_9qTlrxPP6NW-Vf1b4-iJdwH7XdkuWdfarefzfPyjY7DGBCye4mnJs","https:\/\/www.linkedin.com\/company\/despachante-de-aduana-palmero\/"]},{"@type":"Person","@id":"https:\/\/palmerodespachante.uy\/#\/schema\/person\/9eabdcdc87fc74d275cc2faf2ce2f732","name":"Javier Palmero","image":{"@type":"ImageObject","inLanguage":"es","@id":"https:\/\/palmerodespachante.uy\/wp-content\/litespeed\/avatar\/8e783966089c8fa82b27a6627fb956c2.jpg?ver=1776856630","url":"https:\/\/palmerodespachante.uy\/wp-content\/litespeed\/avatar\/8e783966089c8fa82b27a6627fb956c2.jpg?ver=1776856630","contentUrl":"https:\/\/palmerodespachante.uy\/wp-content\/litespeed\/avatar\/8e783966089c8fa82b27a6627fb956c2.jpg?ver=1776856630","caption":"Javier Palmero"}}]}},"jetpack_featured_media_url":"","_links":{"self":[{"href":"https:\/\/palmerodespachante.uy\/index.php\/wp-json\/wp\/v2\/posts\/1757","targetHints":{"allow":["GET"]}}],"collection":[{"href":"https:\/\/palmerodespachante.uy\/index.php\/wp-json\/wp\/v2\/posts"}],"about":[{"href":"https:\/\/palmerodespachante.uy\/index.php\/wp-json\/wp\/v2\/types\/post"}],"author":[{"embeddable":true,"href":"https:\/\/palmerodespachante.uy\/index.php\/wp-json\/wp\/v2\/users\/3"}],"replies":[{"embeddable":true,"href":"https:\/\/palmerodespachante.uy\/index.php\/wp-json\/wp\/v2\/comments?post=1757"}],"version-history":[{"count":1,"href":"https:\/\/palmerodespachante.uy\/index.php\/wp-json\/wp\/v2\/posts\/1757\/revisions"}],"predecessor-version":[{"id":1758,"href":"https:\/\/palmerodespachante.uy\/index.php\/wp-json\/wp\/v2\/posts\/1757\/revisions\/1758"}],"wp:attachment":[{"href":"https:\/\/palmerodespachante.uy\/index.php\/wp-json\/wp\/v2\/media?parent=1757"}],"wp:term":[{"taxonomy":"category","embeddable":true,"href":"https:\/\/palmerodespachante.uy\/index.php\/wp-json\/wp\/v2\/categories?post=1757"},{"taxonomy":"post_tag","embeddable":true,"href":"https:\/\/palmerodespachante.uy\/index.php\/wp-json\/wp\/v2\/tags?post=1757"}],"curies":[{"name":"wp","href":"https:\/\/api.w.org\/{rel}","templated":true}]}}