{"id":1748,"date":"2026-01-22T14:31:25","date_gmt":"2026-01-22T17:31:25","guid":{"rendered":"https:\/\/palmerodespachante.uy\/?p=1748"},"modified":"2026-01-22T14:31:26","modified_gmt":"2026-01-22T17:31:26","slug":"cierran-acuerdo-para-la-compra-de-combustible-para-aviacion-que-se-producira-en-durazno","status":"publish","type":"post","link":"https:\/\/palmerodespachante.uy\/index.php\/2026\/01\/22\/cierran-acuerdo-para-la-compra-de-combustible-para-aviacion-que-se-producira-en-durazno\/","title":{"rendered":"CIERRAN ACUERDO PARA LA COMPRA DE COMBUSTIBLE PARA AVIACI\u00d3N QUE SE PRODUCIR\u00c1 EN DURAZNO."},"content":{"rendered":"\n<p>La empresa<strong>&nbsp;<\/strong>Syzygy Plasmonics&nbsp;desarrolla un proyecto en Durazno para la&nbsp;producci\u00f3n de combustible de aviaci\u00f3n sostenible avanzado (SAF)&nbsp;y ya asegur\u00f3 la colocaci\u00f3n del producto a la compa\u00f1\u00eda Trafigura. El emprendimiento en Uruguay se denomina NovaSAF-1 y ser\u00e1 la primera planta a nivel mundial dedicada a la conversi\u00f3n de biog\u00e1s a combustible de aviaci\u00f3n sostenible. La planta tomar\u00e1 el biog\u00e1s de la empresa lechera Estancias del Lago y tambi\u00e9n utilizar\u00e1 energ\u00eda renovable. Con eso producir\u00e1 SAF con un 90% de emisiones durante su ciclo de vida en comparaci\u00f3n con el combustible de aviaci\u00f3n f\u00f3sil. (El Observador)<\/p>\n","protected":false},"excerpt":{"rendered":"<p>La empresa&nbsp;Syzygy Plasmonics&nbsp;desarrolla un proyecto en Durazno para la&nbsp;producci\u00f3n de combustible de aviaci\u00f3n sostenible avanzado (SAF)&nbsp;y ya asegur\u00f3 la colocaci\u00f3n del producto a la compa\u00f1\u00eda Trafigura. El emprendimiento en Uruguay se denomina NovaSAF-1 y ser\u00e1 la primera planta a nivel mundial dedicada a la conversi\u00f3n de biog\u00e1s a combustible de aviaci\u00f3n sostenible. La planta tomar\u00e1 [&hellip;]<\/p>\n","protected":false},"author":3,"featured_media":0,"comment_status":"open","ping_status":"open","sticky":false,"template":"","format":"standard","meta":{"_joinchat":[],"footnotes":""},"categories":[37],"tags":[],"class_list":{"0":"post-1748","1":"post","2":"type-post","3":"status-publish","4":"format-standard","6":"category-noticias"},"yoast_head":"<!-- This site is optimized with the Yoast SEO plugin v27.4 - https:\/\/yoast.com\/product\/yoast-seo-wordpress\/ -->\n<title>CIERRAN ACUERDO PARA LA COMPRA DE COMBUSTIBLE PARA AVIACI\u00d3N QUE SE PRODUCIR\u00c1 EN DURAZNO. - Palmero Despachante de Aduana<\/title>\n<meta name=\"robots\" content=\"noindex, follow\" \/>\n<meta property=\"og:locale\" content=\"es_ES\" \/>\n<meta property=\"og:type\" content=\"article\" \/>\n<meta property=\"og:title\" content=\"CIERRAN ACUERDO PARA LA COMPRA DE COMBUSTIBLE PARA AVIACI\u00d3N QUE SE PRODUCIR\u00c1 EN DURAZNO. - Palmero Despachante de Aduana\" \/>\n<meta property=\"og:description\" content=\"La empresa&nbsp;Syzygy Plasmonics&nbsp;desarrolla un proyecto en Durazno para la&nbsp;producci\u00f3n de combustible de aviaci\u00f3n sostenible avanzado (SAF)&nbsp;y ya asegur\u00f3 la colocaci\u00f3n del producto a la compa\u00f1\u00eda Trafigura. El emprendimiento en Uruguay se denomina NovaSAF-1 y ser\u00e1 la primera planta a nivel mundial dedicada a la conversi\u00f3n de biog\u00e1s a combustible de aviaci\u00f3n sostenible. La planta tomar\u00e1 [&hellip;]\" \/>\n<meta property=\"og:url\" content=\"https:\/\/palmerodespachante.uy\/index.php\/2026\/01\/22\/cierran-acuerdo-para-la-compra-de-combustible-para-aviacion-que-se-producira-en-durazno\/\" \/>\n<meta property=\"og:site_name\" content=\"Palmero Despachante de Aduana\" \/>\n<meta property=\"article:publisher\" content=\"https:\/\/www.facebook.com\/despachantedeaduana.palmero?hc_ref=ARQPWzEmqFz3O_9qTlrxPP6NW-Vf1b4-iJdwH7XdkuWdfarefzfPyjY7DGBCye4mnJs\" \/>\n<meta property=\"article:published_time\" content=\"2026-01-22T17:31:25+00:00\" \/>\n<meta property=\"article:modified_time\" content=\"2026-01-22T17:31:26+00:00\" \/>\n<meta name=\"author\" content=\"Javier Palmero\" \/>\n<meta name=\"twitter:card\" content=\"summary_large_image\" \/>\n<meta name=\"twitter:label1\" content=\"Escrito por\" \/>\n\t<meta name=\"twitter:data1\" content=\"Javier Palmero\" \/>\n\t<meta name=\"twitter:label2\" content=\"Tiempo de lectura\" \/>\n\t<meta name=\"twitter:data2\" content=\"1 minuto\" \/>\n<script type=\"application\/ld+json\" class=\"yoast-schema-graph\">{\"@context\":\"https:\\\/\\\/schema.org\",\"@graph\":[{\"@type\":\"Article\",\"@id\":\"https:\\\/\\\/palmerodespachante.uy\\\/index.php\\\/2026\\\/01\\\/22\\\/cierran-acuerdo-para-la-compra-de-combustible-para-aviacion-que-se-producira-en-durazno\\\/#article\",\"isPartOf\":{\"@id\":\"https:\\\/\\\/palmerodespachante.uy\\\/index.php\\\/2026\\\/01\\\/22\\\/cierran-acuerdo-para-la-compra-de-combustible-para-aviacion-que-se-producira-en-durazno\\\/\"},\"author\":{\"name\":\"Javier Palmero\",\"@id\":\"https:\\\/\\\/palmerodespachante.uy\\\/#\\\/schema\\\/person\\\/9eabdcdc87fc74d275cc2faf2ce2f732\"},\"headline\":\"CIERRAN ACUERDO PARA LA COMPRA DE COMBUSTIBLE PARA AVIACI\u00d3N QUE SE PRODUCIR\u00c1 EN DURAZNO.\",\"datePublished\":\"2026-01-22T17:31:25+00:00\",\"dateModified\":\"2026-01-22T17:31:26+00:00\",\"mainEntityOfPage\":{\"@id\":\"https:\\\/\\\/palmerodespachante.uy\\\/index.php\\\/2026\\\/01\\\/22\\\/cierran-acuerdo-para-la-compra-de-combustible-para-aviacion-que-se-producira-en-durazno\\\/\"},\"wordCount\":128,\"commentCount\":0,\"publisher\":{\"@id\":\"https:\\\/\\\/palmerodespachante.uy\\\/#organization\"},\"articleSection\":[\"Noticias\"],\"inLanguage\":\"es\",\"potentialAction\":[{\"@type\":\"CommentAction\",\"name\":\"Comment\",\"target\":[\"https:\\\/\\\/palmerodespachante.uy\\\/index.php\\\/2026\\\/01\\\/22\\\/cierran-acuerdo-para-la-compra-de-combustible-para-aviacion-que-se-producira-en-durazno\\\/#respond\"]}]},{\"@type\":\"WebPage\",\"@id\":\"https:\\\/\\\/palmerodespachante.uy\\\/index.php\\\/2026\\\/01\\\/22\\\/cierran-acuerdo-para-la-compra-de-combustible-para-aviacion-que-se-producira-en-durazno\\\/\",\"url\":\"https:\\\/\\\/palmerodespachante.uy\\\/index.php\\\/2026\\\/01\\\/22\\\/cierran-acuerdo-para-la-compra-de-combustible-para-aviacion-que-se-producira-en-durazno\\\/\",\"name\":\"CIERRAN ACUERDO PARA LA COMPRA DE COMBUSTIBLE PARA AVIACI\u00d3N QUE SE PRODUCIR\u00c1 EN DURAZNO. - Palmero Despachante de Aduana\",\"isPartOf\":{\"@id\":\"https:\\\/\\\/palmerodespachante.uy\\\/#website\"},\"datePublished\":\"2026-01-22T17:31:25+00:00\",\"dateModified\":\"2026-01-22T17:31:26+00:00\",\"breadcrumb\":{\"@id\":\"https:\\\/\\\/palmerodespachante.uy\\\/index.php\\\/2026\\\/01\\\/22\\\/cierran-acuerdo-para-la-compra-de-combustible-para-aviacion-que-se-producira-en-durazno\\\/#breadcrumb\"},\"inLanguage\":\"es\",\"potentialAction\":[{\"@type\":\"ReadAction\",\"target\":[\"https:\\\/\\\/palmerodespachante.uy\\\/index.php\\\/2026\\\/01\\\/22\\\/cierran-acuerdo-para-la-compra-de-combustible-para-aviacion-que-se-producira-en-durazno\\\/\"]}]},{\"@type\":\"BreadcrumbList\",\"@id\":\"https:\\\/\\\/palmerodespachante.uy\\\/index.php\\\/2026\\\/01\\\/22\\\/cierran-acuerdo-para-la-compra-de-combustible-para-aviacion-que-se-producira-en-durazno\\\/#breadcrumb\",\"itemListElement\":[{\"@type\":\"ListItem\",\"position\":1,\"name\":\"Portada\",\"item\":\"https:\\\/\\\/palmerodespachante.uy\\\/\"},{\"@type\":\"ListItem\",\"position\":2,\"name\":\"CIERRAN ACUERDO PARA LA COMPRA DE COMBUSTIBLE PARA AVIACI\u00d3N QUE SE PRODUCIR\u00c1 EN DURAZNO.\"}]},{\"@type\":\"WebSite\",\"@id\":\"https:\\\/\\\/palmerodespachante.uy\\\/#website\",\"url\":\"https:\\\/\\\/palmerodespachante.uy\\\/\",\"name\":\"Palmero Despachante de Aduana\",\"description\":\"Importaci\u00f3n, Exportaci\u00f3n, Tr\u00e1nsito\",\"publisher\":{\"@id\":\"https:\\\/\\\/palmerodespachante.uy\\\/#organization\"},\"potentialAction\":[{\"@type\":\"SearchAction\",\"target\":{\"@type\":\"EntryPoint\",\"urlTemplate\":\"https:\\\/\\\/palmerodespachante.uy\\\/?s={search_term_string}\"},\"query-input\":{\"@type\":\"PropertyValueSpecification\",\"valueRequired\":true,\"valueName\":\"search_term_string\"}}],\"inLanguage\":\"es\"},{\"@type\":\"Organization\",\"@id\":\"https:\\\/\\\/palmerodespachante.uy\\\/#organization\",\"name\":\"Palmero Despachante de Aduanas\",\"url\":\"https:\\\/\\\/palmerodespachante.uy\\\/\",\"logo\":{\"@type\":\"ImageObject\",\"inLanguage\":\"es\",\"@id\":\"https:\\\/\\\/palmerodespachante.uy\\\/#\\\/schema\\\/logo\\\/image\\\/\",\"url\":\"https:\\\/\\\/palmerodespachante.uy\\\/wp-content\\\/uploads\\\/2018\\\/08\\\/Logo-144.png\",\"contentUrl\":\"https:\\\/\\\/palmerodespachante.uy\\\/wp-content\\\/uploads\\\/2018\\\/08\\\/Logo-144.png\",\"width\":144,\"height\":144,\"caption\":\"Palmero Despachante de Aduanas\"},\"image\":{\"@id\":\"https:\\\/\\\/palmerodespachante.uy\\\/#\\\/schema\\\/logo\\\/image\\\/\"},\"sameAs\":[\"https:\\\/\\\/www.facebook.com\\\/despachantedeaduana.palmero?hc_ref=ARQPWzEmqFz3O_9qTlrxPP6NW-Vf1b4-iJdwH7XdkuWdfarefzfPyjY7DGBCye4mnJs\",\"https:\\\/\\\/www.linkedin.com\\\/company\\\/despachante-de-aduana-palmero\\\/\"]},{\"@type\":\"Person\",\"@id\":\"https:\\\/\\\/palmerodespachante.uy\\\/#\\\/schema\\\/person\\\/9eabdcdc87fc74d275cc2faf2ce2f732\",\"name\":\"Javier Palmero\",\"image\":{\"@type\":\"ImageObject\",\"inLanguage\":\"es\",\"@id\":\"https:\\\/\\\/palmerodespachante.uy\\\/wp-content\\\/litespeed\\\/avatar\\\/8e783966089c8fa82b27a6627fb956c2.jpg?ver=1776856630\",\"url\":\"https:\\\/\\\/palmerodespachante.uy\\\/wp-content\\\/litespeed\\\/avatar\\\/8e783966089c8fa82b27a6627fb956c2.jpg?ver=1776856630\",\"contentUrl\":\"https:\\\/\\\/palmerodespachante.uy\\\/wp-content\\\/litespeed\\\/avatar\\\/8e783966089c8fa82b27a6627fb956c2.jpg?ver=1776856630\",\"caption\":\"Javier Palmero\"}}]}<\/script>\n<!-- \/ Yoast SEO plugin. -->","yoast_head_json":{"title":"CIERRAN ACUERDO PARA LA COMPRA DE COMBUSTIBLE PARA AVIACI\u00d3N QUE SE PRODUCIR\u00c1 EN DURAZNO. - Palmero Despachante de Aduana","robots":{"index":"noindex","follow":"follow"},"og_locale":"es_ES","og_type":"article","og_title":"CIERRAN ACUERDO PARA LA COMPRA DE COMBUSTIBLE PARA AVIACI\u00d3N QUE SE PRODUCIR\u00c1 EN DURAZNO. - Palmero Despachante de Aduana","og_description":"La empresa&nbsp;Syzygy Plasmonics&nbsp;desarrolla un proyecto en Durazno para la&nbsp;producci\u00f3n de combustible de aviaci\u00f3n sostenible avanzado (SAF)&nbsp;y ya asegur\u00f3 la colocaci\u00f3n del producto a la compa\u00f1\u00eda Trafigura. El emprendimiento en Uruguay se denomina NovaSAF-1 y ser\u00e1 la primera planta a nivel mundial dedicada a la conversi\u00f3n de biog\u00e1s a combustible de aviaci\u00f3n sostenible. La planta tomar\u00e1 [&hellip;]","og_url":"https:\/\/palmerodespachante.uy\/index.php\/2026\/01\/22\/cierran-acuerdo-para-la-compra-de-combustible-para-aviacion-que-se-producira-en-durazno\/","og_site_name":"Palmero Despachante de Aduana","article_publisher":"https:\/\/www.facebook.com\/despachantedeaduana.palmero?hc_ref=ARQPWzEmqFz3O_9qTlrxPP6NW-Vf1b4-iJdwH7XdkuWdfarefzfPyjY7DGBCye4mnJs","article_published_time":"2026-01-22T17:31:25+00:00","article_modified_time":"2026-01-22T17:31:26+00:00","author":"Javier Palmero","twitter_card":"summary_large_image","twitter_misc":{"Escrito por":"Javier Palmero","Tiempo de lectura":"1 minuto"},"schema":{"@context":"https:\/\/schema.org","@graph":[{"@type":"Article","@id":"https:\/\/palmerodespachante.uy\/index.php\/2026\/01\/22\/cierran-acuerdo-para-la-compra-de-combustible-para-aviacion-que-se-producira-en-durazno\/#article","isPartOf":{"@id":"https:\/\/palmerodespachante.uy\/index.php\/2026\/01\/22\/cierran-acuerdo-para-la-compra-de-combustible-para-aviacion-que-se-producira-en-durazno\/"},"author":{"name":"Javier Palmero","@id":"https:\/\/palmerodespachante.uy\/#\/schema\/person\/9eabdcdc87fc74d275cc2faf2ce2f732"},"headline":"CIERRAN ACUERDO PARA LA COMPRA DE COMBUSTIBLE PARA AVIACI\u00d3N QUE SE PRODUCIR\u00c1 EN DURAZNO.","datePublished":"2026-01-22T17:31:25+00:00","dateModified":"2026-01-22T17:31:26+00:00","mainEntityOfPage":{"@id":"https:\/\/palmerodespachante.uy\/index.php\/2026\/01\/22\/cierran-acuerdo-para-la-compra-de-combustible-para-aviacion-que-se-producira-en-durazno\/"},"wordCount":128,"commentCount":0,"publisher":{"@id":"https:\/\/palmerodespachante.uy\/#organization"},"articleSection":["Noticias"],"inLanguage":"es","potentialAction":[{"@type":"CommentAction","name":"Comment","target":["https:\/\/palmerodespachante.uy\/index.php\/2026\/01\/22\/cierran-acuerdo-para-la-compra-de-combustible-para-aviacion-que-se-producira-en-durazno\/#respond"]}]},{"@type":"WebPage","@id":"https:\/\/palmerodespachante.uy\/index.php\/2026\/01\/22\/cierran-acuerdo-para-la-compra-de-combustible-para-aviacion-que-se-producira-en-durazno\/","url":"https:\/\/palmerodespachante.uy\/index.php\/2026\/01\/22\/cierran-acuerdo-para-la-compra-de-combustible-para-aviacion-que-se-producira-en-durazno\/","name":"CIERRAN ACUERDO PARA LA COMPRA DE COMBUSTIBLE PARA AVIACI\u00d3N QUE SE PRODUCIR\u00c1 EN DURAZNO. - Palmero Despachante de Aduana","isPartOf":{"@id":"https:\/\/palmerodespachante.uy\/#website"},"datePublished":"2026-01-22T17:31:25+00:00","dateModified":"2026-01-22T17:31:26+00:00","breadcrumb":{"@id":"https:\/\/palmerodespachante.uy\/index.php\/2026\/01\/22\/cierran-acuerdo-para-la-compra-de-combustible-para-aviacion-que-se-producira-en-durazno\/#breadcrumb"},"inLanguage":"es","potentialAction":[{"@type":"ReadAction","target":["https:\/\/palmerodespachante.uy\/index.php\/2026\/01\/22\/cierran-acuerdo-para-la-compra-de-combustible-para-aviacion-que-se-producira-en-durazno\/"]}]},{"@type":"BreadcrumbList","@id":"https:\/\/palmerodespachante.uy\/index.php\/2026\/01\/22\/cierran-acuerdo-para-la-compra-de-combustible-para-aviacion-que-se-producira-en-durazno\/#breadcrumb","itemListElement":[{"@type":"ListItem","position":1,"name":"Portada","item":"https:\/\/palmerodespachante.uy\/"},{"@type":"ListItem","position":2,"name":"CIERRAN ACUERDO PARA LA COMPRA DE COMBUSTIBLE PARA AVIACI\u00d3N QUE SE PRODUCIR\u00c1 EN DURAZNO."}]},{"@type":"WebSite","@id":"https:\/\/palmerodespachante.uy\/#website","url":"https:\/\/palmerodespachante.uy\/","name":"Palmero Despachante de Aduana","description":"Importaci\u00f3n, Exportaci\u00f3n, Tr\u00e1nsito","publisher":{"@id":"https:\/\/palmerodespachante.uy\/#organization"},"potentialAction":[{"@type":"SearchAction","target":{"@type":"EntryPoint","urlTemplate":"https:\/\/palmerodespachante.uy\/?s={search_term_string}"},"query-input":{"@type":"PropertyValueSpecification","valueRequired":true,"valueName":"search_term_string"}}],"inLanguage":"es"},{"@type":"Organization","@id":"https:\/\/palmerodespachante.uy\/#organization","name":"Palmero Despachante de Aduanas","url":"https:\/\/palmerodespachante.uy\/","logo":{"@type":"ImageObject","inLanguage":"es","@id":"https:\/\/palmerodespachante.uy\/#\/schema\/logo\/image\/","url":"https:\/\/palmerodespachante.uy\/wp-content\/uploads\/2018\/08\/Logo-144.png","contentUrl":"https:\/\/palmerodespachante.uy\/wp-content\/uploads\/2018\/08\/Logo-144.png","width":144,"height":144,"caption":"Palmero Despachante de Aduanas"},"image":{"@id":"https:\/\/palmerodespachante.uy\/#\/schema\/logo\/image\/"},"sameAs":["https:\/\/www.facebook.com\/despachantedeaduana.palmero?hc_ref=ARQPWzEmqFz3O_9qTlrxPP6NW-Vf1b4-iJdwH7XdkuWdfarefzfPyjY7DGBCye4mnJs","https:\/\/www.linkedin.com\/company\/despachante-de-aduana-palmero\/"]},{"@type":"Person","@id":"https:\/\/palmerodespachante.uy\/#\/schema\/person\/9eabdcdc87fc74d275cc2faf2ce2f732","name":"Javier Palmero","image":{"@type":"ImageObject","inLanguage":"es","@id":"https:\/\/palmerodespachante.uy\/wp-content\/litespeed\/avatar\/8e783966089c8fa82b27a6627fb956c2.jpg?ver=1776856630","url":"https:\/\/palmerodespachante.uy\/wp-content\/litespeed\/avatar\/8e783966089c8fa82b27a6627fb956c2.jpg?ver=1776856630","contentUrl":"https:\/\/palmerodespachante.uy\/wp-content\/litespeed\/avatar\/8e783966089c8fa82b27a6627fb956c2.jpg?ver=1776856630","caption":"Javier Palmero"}}]}},"jetpack_featured_media_url":"","_links":{"self":[{"href":"https:\/\/palmerodespachante.uy\/index.php\/wp-json\/wp\/v2\/posts\/1748","targetHints":{"allow":["GET"]}}],"collection":[{"href":"https:\/\/palmerodespachante.uy\/index.php\/wp-json\/wp\/v2\/posts"}],"about":[{"href":"https:\/\/palmerodespachante.uy\/index.php\/wp-json\/wp\/v2\/types\/post"}],"author":[{"embeddable":true,"href":"https:\/\/palmerodespachante.uy\/index.php\/wp-json\/wp\/v2\/users\/3"}],"replies":[{"embeddable":true,"href":"https:\/\/palmerodespachante.uy\/index.php\/wp-json\/wp\/v2\/comments?post=1748"}],"version-history":[{"count":1,"href":"https:\/\/palmerodespachante.uy\/index.php\/wp-json\/wp\/v2\/posts\/1748\/revisions"}],"predecessor-version":[{"id":1749,"href":"https:\/\/palmerodespachante.uy\/index.php\/wp-json\/wp\/v2\/posts\/1748\/revisions\/1749"}],"wp:attachment":[{"href":"https:\/\/palmerodespachante.uy\/index.php\/wp-json\/wp\/v2\/media?parent=1748"}],"wp:term":[{"taxonomy":"category","embeddable":true,"href":"https:\/\/palmerodespachante.uy\/index.php\/wp-json\/wp\/v2\/categories?post=1748"},{"taxonomy":"post_tag","embeddable":true,"href":"https:\/\/palmerodespachante.uy\/index.php\/wp-json\/wp\/v2\/tags?post=1748"}],"curies":[{"name":"wp","href":"https:\/\/api.w.org\/{rel}","templated":true}]}}