{"id":1746,"date":"2026-01-22T14:30:33","date_gmt":"2026-01-22T17:30:33","guid":{"rendered":"https:\/\/palmerodespachante.uy\/?p=1746"},"modified":"2026-01-22T14:30:34","modified_gmt":"2026-01-22T17:30:34","slug":"cuales-son-las-nuevas-franjas-de-aportes-de-irpf-e-iass-en-2026-y-el-nuevo-valor-de-la-bpc","status":"publish","type":"post","link":"https:\/\/palmerodespachante.uy\/index.php\/2026\/01\/22\/cuales-son-las-nuevas-franjas-de-aportes-de-irpf-e-iass-en-2026-y-el-nuevo-valor-de-la-bpc\/","title":{"rendered":"CU\u00c1LES SON LAS NUEVAS FRANJAS DE APORTES DE IRPF E IASS EN 2026 Y EL NUEVO VALOR DE LA BPC."},"content":{"rendered":"\n<p>El<strong>\u00a0<\/strong>Poder Ejecutivo\u00a0inform\u00f3 este martes <strong>el aumento de la Base de Prestaciones y Contribuciones (BPC) a $ 6.864<\/strong> \u2014con validez desde el 1\u00ba de enero de 2026\u2014 desde los $ 6.576 del a\u00f1o pasado, con una suba de 4,38%. Mediante un comunicado, el\u00a0Ministerio de Econom\u00eda (MEF) se\u00f1al\u00f3 que se retom\u00f3 el criterio de ajuste de la BPC en funci\u00f3n de la variaci\u00f3n del \u00cdndice de Precios al Consumo (IPC)<strong>,<\/strong> tal como hab\u00eda sucedido hasta el 2020. A\u00f1adi\u00f3 que luego de considerar\u00a0la baja pronunciada de la inflaci\u00f3n hacia el cierre de 2025 \u2014que registr\u00f3 una variaci\u00f3n anual de 3,65%\u2014 y que la inflaci\u00f3n esperada para 2026 se sit\u00faa en torno a 4,5%, se resolvi\u00f3 hacer uso de la facultad prevista en el art\u00edculo tercero de la Ley N.\u00ba 17.856 que permite ajustar hasta un 20% por encima de la variaci\u00f3n del IPC<strong>. <\/strong>(El Observador)<\/p>\n\n\n\n<p><\/p>\n","protected":false},"excerpt":{"rendered":"<p>El\u00a0Poder Ejecutivo\u00a0inform\u00f3 este martes el aumento de la Base de Prestaciones y Contribuciones (BPC) a $ 6.864 \u2014con validez desde el 1\u00ba de enero de 2026\u2014 desde los $ 6.576 del a\u00f1o pasado, con una suba de 4,38%. Mediante un comunicado, el\u00a0Ministerio de Econom\u00eda (MEF) se\u00f1al\u00f3 que se retom\u00f3 el criterio de ajuste de la [&hellip;]<\/p>\n","protected":false},"author":3,"featured_media":0,"comment_status":"open","ping_status":"open","sticky":false,"template":"","format":"standard","meta":{"_joinchat":[],"footnotes":""},"categories":[37],"tags":[],"class_list":{"0":"post-1746","1":"post","2":"type-post","3":"status-publish","4":"format-standard","6":"category-noticias"},"yoast_head":"<!-- This site is optimized with the Yoast SEO plugin v27.4 - https:\/\/yoast.com\/product\/yoast-seo-wordpress\/ -->\n<title>CU\u00c1LES SON LAS NUEVAS FRANJAS DE APORTES DE IRPF E IASS EN 2026 Y EL NUEVO VALOR DE LA BPC. - Palmero Despachante de Aduana<\/title>\n<meta name=\"robots\" content=\"noindex, follow\" \/>\n<meta property=\"og:locale\" content=\"es_ES\" \/>\n<meta property=\"og:type\" content=\"article\" \/>\n<meta property=\"og:title\" content=\"CU\u00c1LES SON LAS NUEVAS FRANJAS DE APORTES DE IRPF E IASS EN 2026 Y EL NUEVO VALOR DE LA BPC. - Palmero Despachante de Aduana\" \/>\n<meta property=\"og:description\" content=\"El\u00a0Poder Ejecutivo\u00a0inform\u00f3 este martes el aumento de la Base de Prestaciones y Contribuciones (BPC) a $ 6.864 \u2014con validez desde el 1\u00ba de enero de 2026\u2014 desde los $ 6.576 del a\u00f1o pasado, con una suba de 4,38%. Mediante un comunicado, el\u00a0Ministerio de Econom\u00eda (MEF) se\u00f1al\u00f3 que se retom\u00f3 el criterio de ajuste de la [&hellip;]\" \/>\n<meta property=\"og:url\" content=\"https:\/\/palmerodespachante.uy\/index.php\/2026\/01\/22\/cuales-son-las-nuevas-franjas-de-aportes-de-irpf-e-iass-en-2026-y-el-nuevo-valor-de-la-bpc\/\" \/>\n<meta property=\"og:site_name\" content=\"Palmero Despachante de Aduana\" \/>\n<meta property=\"article:publisher\" content=\"https:\/\/www.facebook.com\/despachantedeaduana.palmero?hc_ref=ARQPWzEmqFz3O_9qTlrxPP6NW-Vf1b4-iJdwH7XdkuWdfarefzfPyjY7DGBCye4mnJs\" \/>\n<meta property=\"article:published_time\" content=\"2026-01-22T17:30:33+00:00\" \/>\n<meta property=\"article:modified_time\" content=\"2026-01-22T17:30:34+00:00\" \/>\n<meta name=\"author\" content=\"Javier Palmero\" \/>\n<meta name=\"twitter:card\" content=\"summary_large_image\" \/>\n<meta name=\"twitter:label1\" content=\"Escrito por\" \/>\n\t<meta name=\"twitter:data1\" content=\"Javier Palmero\" \/>\n\t<meta name=\"twitter:label2\" content=\"Tiempo de lectura\" \/>\n\t<meta name=\"twitter:data2\" content=\"1 minuto\" \/>\n<script type=\"application\/ld+json\" class=\"yoast-schema-graph\">{\"@context\":\"https:\\\/\\\/schema.org\",\"@graph\":[{\"@type\":\"Article\",\"@id\":\"https:\\\/\\\/palmerodespachante.uy\\\/index.php\\\/2026\\\/01\\\/22\\\/cuales-son-las-nuevas-franjas-de-aportes-de-irpf-e-iass-en-2026-y-el-nuevo-valor-de-la-bpc\\\/#article\",\"isPartOf\":{\"@id\":\"https:\\\/\\\/palmerodespachante.uy\\\/index.php\\\/2026\\\/01\\\/22\\\/cuales-son-las-nuevas-franjas-de-aportes-de-irpf-e-iass-en-2026-y-el-nuevo-valor-de-la-bpc\\\/\"},\"author\":{\"name\":\"Javier Palmero\",\"@id\":\"https:\\\/\\\/palmerodespachante.uy\\\/#\\\/schema\\\/person\\\/9eabdcdc87fc74d275cc2faf2ce2f732\"},\"headline\":\"CU\u00c1LES SON LAS NUEVAS FRANJAS DE APORTES DE IRPF E IASS EN 2026 Y EL NUEVO VALOR DE LA BPC.\",\"datePublished\":\"2026-01-22T17:30:33+00:00\",\"dateModified\":\"2026-01-22T17:30:34+00:00\",\"mainEntityOfPage\":{\"@id\":\"https:\\\/\\\/palmerodespachante.uy\\\/index.php\\\/2026\\\/01\\\/22\\\/cuales-son-las-nuevas-franjas-de-aportes-de-irpf-e-iass-en-2026-y-el-nuevo-valor-de-la-bpc\\\/\"},\"wordCount\":165,\"commentCount\":0,\"publisher\":{\"@id\":\"https:\\\/\\\/palmerodespachante.uy\\\/#organization\"},\"articleSection\":[\"Noticias\"],\"inLanguage\":\"es\",\"potentialAction\":[{\"@type\":\"CommentAction\",\"name\":\"Comment\",\"target\":[\"https:\\\/\\\/palmerodespachante.uy\\\/index.php\\\/2026\\\/01\\\/22\\\/cuales-son-las-nuevas-franjas-de-aportes-de-irpf-e-iass-en-2026-y-el-nuevo-valor-de-la-bpc\\\/#respond\"]}]},{\"@type\":\"WebPage\",\"@id\":\"https:\\\/\\\/palmerodespachante.uy\\\/index.php\\\/2026\\\/01\\\/22\\\/cuales-son-las-nuevas-franjas-de-aportes-de-irpf-e-iass-en-2026-y-el-nuevo-valor-de-la-bpc\\\/\",\"url\":\"https:\\\/\\\/palmerodespachante.uy\\\/index.php\\\/2026\\\/01\\\/22\\\/cuales-son-las-nuevas-franjas-de-aportes-de-irpf-e-iass-en-2026-y-el-nuevo-valor-de-la-bpc\\\/\",\"name\":\"CU\u00c1LES SON LAS NUEVAS FRANJAS DE APORTES DE IRPF E IASS EN 2026 Y EL NUEVO VALOR DE LA BPC. - Palmero Despachante de Aduana\",\"isPartOf\":{\"@id\":\"https:\\\/\\\/palmerodespachante.uy\\\/#website\"},\"datePublished\":\"2026-01-22T17:30:33+00:00\",\"dateModified\":\"2026-01-22T17:30:34+00:00\",\"breadcrumb\":{\"@id\":\"https:\\\/\\\/palmerodespachante.uy\\\/index.php\\\/2026\\\/01\\\/22\\\/cuales-son-las-nuevas-franjas-de-aportes-de-irpf-e-iass-en-2026-y-el-nuevo-valor-de-la-bpc\\\/#breadcrumb\"},\"inLanguage\":\"es\",\"potentialAction\":[{\"@type\":\"ReadAction\",\"target\":[\"https:\\\/\\\/palmerodespachante.uy\\\/index.php\\\/2026\\\/01\\\/22\\\/cuales-son-las-nuevas-franjas-de-aportes-de-irpf-e-iass-en-2026-y-el-nuevo-valor-de-la-bpc\\\/\"]}]},{\"@type\":\"BreadcrumbList\",\"@id\":\"https:\\\/\\\/palmerodespachante.uy\\\/index.php\\\/2026\\\/01\\\/22\\\/cuales-son-las-nuevas-franjas-de-aportes-de-irpf-e-iass-en-2026-y-el-nuevo-valor-de-la-bpc\\\/#breadcrumb\",\"itemListElement\":[{\"@type\":\"ListItem\",\"position\":1,\"name\":\"Portada\",\"item\":\"https:\\\/\\\/palmerodespachante.uy\\\/\"},{\"@type\":\"ListItem\",\"position\":2,\"name\":\"CU\u00c1LES SON LAS NUEVAS FRANJAS DE APORTES DE IRPF E IASS EN 2026 Y EL NUEVO VALOR DE LA BPC.\"}]},{\"@type\":\"WebSite\",\"@id\":\"https:\\\/\\\/palmerodespachante.uy\\\/#website\",\"url\":\"https:\\\/\\\/palmerodespachante.uy\\\/\",\"name\":\"Palmero Despachante de Aduana\",\"description\":\"Importaci\u00f3n, Exportaci\u00f3n, Tr\u00e1nsito\",\"publisher\":{\"@id\":\"https:\\\/\\\/palmerodespachante.uy\\\/#organization\"},\"potentialAction\":[{\"@type\":\"SearchAction\",\"target\":{\"@type\":\"EntryPoint\",\"urlTemplate\":\"https:\\\/\\\/palmerodespachante.uy\\\/?s={search_term_string}\"},\"query-input\":{\"@type\":\"PropertyValueSpecification\",\"valueRequired\":true,\"valueName\":\"search_term_string\"}}],\"inLanguage\":\"es\"},{\"@type\":\"Organization\",\"@id\":\"https:\\\/\\\/palmerodespachante.uy\\\/#organization\",\"name\":\"Palmero Despachante de Aduanas\",\"url\":\"https:\\\/\\\/palmerodespachante.uy\\\/\",\"logo\":{\"@type\":\"ImageObject\",\"inLanguage\":\"es\",\"@id\":\"https:\\\/\\\/palmerodespachante.uy\\\/#\\\/schema\\\/logo\\\/image\\\/\",\"url\":\"https:\\\/\\\/palmerodespachante.uy\\\/wp-content\\\/uploads\\\/2018\\\/08\\\/Logo-144.png\",\"contentUrl\":\"https:\\\/\\\/palmerodespachante.uy\\\/wp-content\\\/uploads\\\/2018\\\/08\\\/Logo-144.png\",\"width\":144,\"height\":144,\"caption\":\"Palmero Despachante de Aduanas\"},\"image\":{\"@id\":\"https:\\\/\\\/palmerodespachante.uy\\\/#\\\/schema\\\/logo\\\/image\\\/\"},\"sameAs\":[\"https:\\\/\\\/www.facebook.com\\\/despachantedeaduana.palmero?hc_ref=ARQPWzEmqFz3O_9qTlrxPP6NW-Vf1b4-iJdwH7XdkuWdfarefzfPyjY7DGBCye4mnJs\",\"https:\\\/\\\/www.linkedin.com\\\/company\\\/despachante-de-aduana-palmero\\\/\"]},{\"@type\":\"Person\",\"@id\":\"https:\\\/\\\/palmerodespachante.uy\\\/#\\\/schema\\\/person\\\/9eabdcdc87fc74d275cc2faf2ce2f732\",\"name\":\"Javier Palmero\",\"image\":{\"@type\":\"ImageObject\",\"inLanguage\":\"es\",\"@id\":\"https:\\\/\\\/palmerodespachante.uy\\\/wp-content\\\/litespeed\\\/avatar\\\/8e783966089c8fa82b27a6627fb956c2.jpg?ver=1776856630\",\"url\":\"https:\\\/\\\/palmerodespachante.uy\\\/wp-content\\\/litespeed\\\/avatar\\\/8e783966089c8fa82b27a6627fb956c2.jpg?ver=1776856630\",\"contentUrl\":\"https:\\\/\\\/palmerodespachante.uy\\\/wp-content\\\/litespeed\\\/avatar\\\/8e783966089c8fa82b27a6627fb956c2.jpg?ver=1776856630\",\"caption\":\"Javier Palmero\"}}]}<\/script>\n<!-- \/ Yoast SEO plugin. -->","yoast_head_json":{"title":"CU\u00c1LES SON LAS NUEVAS FRANJAS DE APORTES DE IRPF E IASS EN 2026 Y EL NUEVO VALOR DE LA BPC. - Palmero Despachante de Aduana","robots":{"index":"noindex","follow":"follow"},"og_locale":"es_ES","og_type":"article","og_title":"CU\u00c1LES SON LAS NUEVAS FRANJAS DE APORTES DE IRPF E IASS EN 2026 Y EL NUEVO VALOR DE LA BPC. - Palmero Despachante de Aduana","og_description":"El\u00a0Poder Ejecutivo\u00a0inform\u00f3 este martes el aumento de la Base de Prestaciones y Contribuciones (BPC) a $ 6.864 \u2014con validez desde el 1\u00ba de enero de 2026\u2014 desde los $ 6.576 del a\u00f1o pasado, con una suba de 4,38%. Mediante un comunicado, el\u00a0Ministerio de Econom\u00eda (MEF) se\u00f1al\u00f3 que se retom\u00f3 el criterio de ajuste de la [&hellip;]","og_url":"https:\/\/palmerodespachante.uy\/index.php\/2026\/01\/22\/cuales-son-las-nuevas-franjas-de-aportes-de-irpf-e-iass-en-2026-y-el-nuevo-valor-de-la-bpc\/","og_site_name":"Palmero Despachante de Aduana","article_publisher":"https:\/\/www.facebook.com\/despachantedeaduana.palmero?hc_ref=ARQPWzEmqFz3O_9qTlrxPP6NW-Vf1b4-iJdwH7XdkuWdfarefzfPyjY7DGBCye4mnJs","article_published_time":"2026-01-22T17:30:33+00:00","article_modified_time":"2026-01-22T17:30:34+00:00","author":"Javier Palmero","twitter_card":"summary_large_image","twitter_misc":{"Escrito por":"Javier Palmero","Tiempo de lectura":"1 minuto"},"schema":{"@context":"https:\/\/schema.org","@graph":[{"@type":"Article","@id":"https:\/\/palmerodespachante.uy\/index.php\/2026\/01\/22\/cuales-son-las-nuevas-franjas-de-aportes-de-irpf-e-iass-en-2026-y-el-nuevo-valor-de-la-bpc\/#article","isPartOf":{"@id":"https:\/\/palmerodespachante.uy\/index.php\/2026\/01\/22\/cuales-son-las-nuevas-franjas-de-aportes-de-irpf-e-iass-en-2026-y-el-nuevo-valor-de-la-bpc\/"},"author":{"name":"Javier Palmero","@id":"https:\/\/palmerodespachante.uy\/#\/schema\/person\/9eabdcdc87fc74d275cc2faf2ce2f732"},"headline":"CU\u00c1LES SON LAS NUEVAS FRANJAS DE APORTES DE IRPF E IASS EN 2026 Y EL NUEVO VALOR DE LA BPC.","datePublished":"2026-01-22T17:30:33+00:00","dateModified":"2026-01-22T17:30:34+00:00","mainEntityOfPage":{"@id":"https:\/\/palmerodespachante.uy\/index.php\/2026\/01\/22\/cuales-son-las-nuevas-franjas-de-aportes-de-irpf-e-iass-en-2026-y-el-nuevo-valor-de-la-bpc\/"},"wordCount":165,"commentCount":0,"publisher":{"@id":"https:\/\/palmerodespachante.uy\/#organization"},"articleSection":["Noticias"],"inLanguage":"es","potentialAction":[{"@type":"CommentAction","name":"Comment","target":["https:\/\/palmerodespachante.uy\/index.php\/2026\/01\/22\/cuales-son-las-nuevas-franjas-de-aportes-de-irpf-e-iass-en-2026-y-el-nuevo-valor-de-la-bpc\/#respond"]}]},{"@type":"WebPage","@id":"https:\/\/palmerodespachante.uy\/index.php\/2026\/01\/22\/cuales-son-las-nuevas-franjas-de-aportes-de-irpf-e-iass-en-2026-y-el-nuevo-valor-de-la-bpc\/","url":"https:\/\/palmerodespachante.uy\/index.php\/2026\/01\/22\/cuales-son-las-nuevas-franjas-de-aportes-de-irpf-e-iass-en-2026-y-el-nuevo-valor-de-la-bpc\/","name":"CU\u00c1LES SON LAS NUEVAS FRANJAS DE APORTES DE IRPF E IASS EN 2026 Y EL NUEVO VALOR DE LA BPC. - Palmero Despachante de Aduana","isPartOf":{"@id":"https:\/\/palmerodespachante.uy\/#website"},"datePublished":"2026-01-22T17:30:33+00:00","dateModified":"2026-01-22T17:30:34+00:00","breadcrumb":{"@id":"https:\/\/palmerodespachante.uy\/index.php\/2026\/01\/22\/cuales-son-las-nuevas-franjas-de-aportes-de-irpf-e-iass-en-2026-y-el-nuevo-valor-de-la-bpc\/#breadcrumb"},"inLanguage":"es","potentialAction":[{"@type":"ReadAction","target":["https:\/\/palmerodespachante.uy\/index.php\/2026\/01\/22\/cuales-son-las-nuevas-franjas-de-aportes-de-irpf-e-iass-en-2026-y-el-nuevo-valor-de-la-bpc\/"]}]},{"@type":"BreadcrumbList","@id":"https:\/\/palmerodespachante.uy\/index.php\/2026\/01\/22\/cuales-son-las-nuevas-franjas-de-aportes-de-irpf-e-iass-en-2026-y-el-nuevo-valor-de-la-bpc\/#breadcrumb","itemListElement":[{"@type":"ListItem","position":1,"name":"Portada","item":"https:\/\/palmerodespachante.uy\/"},{"@type":"ListItem","position":2,"name":"CU\u00c1LES SON LAS NUEVAS FRANJAS DE APORTES DE IRPF E IASS EN 2026 Y EL NUEVO VALOR DE LA BPC."}]},{"@type":"WebSite","@id":"https:\/\/palmerodespachante.uy\/#website","url":"https:\/\/palmerodespachante.uy\/","name":"Palmero Despachante de Aduana","description":"Importaci\u00f3n, Exportaci\u00f3n, Tr\u00e1nsito","publisher":{"@id":"https:\/\/palmerodespachante.uy\/#organization"},"potentialAction":[{"@type":"SearchAction","target":{"@type":"EntryPoint","urlTemplate":"https:\/\/palmerodespachante.uy\/?s={search_term_string}"},"query-input":{"@type":"PropertyValueSpecification","valueRequired":true,"valueName":"search_term_string"}}],"inLanguage":"es"},{"@type":"Organization","@id":"https:\/\/palmerodespachante.uy\/#organization","name":"Palmero Despachante de Aduanas","url":"https:\/\/palmerodespachante.uy\/","logo":{"@type":"ImageObject","inLanguage":"es","@id":"https:\/\/palmerodespachante.uy\/#\/schema\/logo\/image\/","url":"https:\/\/palmerodespachante.uy\/wp-content\/uploads\/2018\/08\/Logo-144.png","contentUrl":"https:\/\/palmerodespachante.uy\/wp-content\/uploads\/2018\/08\/Logo-144.png","width":144,"height":144,"caption":"Palmero Despachante de Aduanas"},"image":{"@id":"https:\/\/palmerodespachante.uy\/#\/schema\/logo\/image\/"},"sameAs":["https:\/\/www.facebook.com\/despachantedeaduana.palmero?hc_ref=ARQPWzEmqFz3O_9qTlrxPP6NW-Vf1b4-iJdwH7XdkuWdfarefzfPyjY7DGBCye4mnJs","https:\/\/www.linkedin.com\/company\/despachante-de-aduana-palmero\/"]},{"@type":"Person","@id":"https:\/\/palmerodespachante.uy\/#\/schema\/person\/9eabdcdc87fc74d275cc2faf2ce2f732","name":"Javier Palmero","image":{"@type":"ImageObject","inLanguage":"es","@id":"https:\/\/palmerodespachante.uy\/wp-content\/litespeed\/avatar\/8e783966089c8fa82b27a6627fb956c2.jpg?ver=1776856630","url":"https:\/\/palmerodespachante.uy\/wp-content\/litespeed\/avatar\/8e783966089c8fa82b27a6627fb956c2.jpg?ver=1776856630","contentUrl":"https:\/\/palmerodespachante.uy\/wp-content\/litespeed\/avatar\/8e783966089c8fa82b27a6627fb956c2.jpg?ver=1776856630","caption":"Javier Palmero"}}]}},"jetpack_featured_media_url":"","_links":{"self":[{"href":"https:\/\/palmerodespachante.uy\/index.php\/wp-json\/wp\/v2\/posts\/1746","targetHints":{"allow":["GET"]}}],"collection":[{"href":"https:\/\/palmerodespachante.uy\/index.php\/wp-json\/wp\/v2\/posts"}],"about":[{"href":"https:\/\/palmerodespachante.uy\/index.php\/wp-json\/wp\/v2\/types\/post"}],"author":[{"embeddable":true,"href":"https:\/\/palmerodespachante.uy\/index.php\/wp-json\/wp\/v2\/users\/3"}],"replies":[{"embeddable":true,"href":"https:\/\/palmerodespachante.uy\/index.php\/wp-json\/wp\/v2\/comments?post=1746"}],"version-history":[{"count":1,"href":"https:\/\/palmerodespachante.uy\/index.php\/wp-json\/wp\/v2\/posts\/1746\/revisions"}],"predecessor-version":[{"id":1747,"href":"https:\/\/palmerodespachante.uy\/index.php\/wp-json\/wp\/v2\/posts\/1746\/revisions\/1747"}],"wp:attachment":[{"href":"https:\/\/palmerodespachante.uy\/index.php\/wp-json\/wp\/v2\/media?parent=1746"}],"wp:term":[{"taxonomy":"category","embeddable":true,"href":"https:\/\/palmerodespachante.uy\/index.php\/wp-json\/wp\/v2\/categories?post=1746"},{"taxonomy":"post_tag","embeddable":true,"href":"https:\/\/palmerodespachante.uy\/index.php\/wp-json\/wp\/v2\/tags?post=1746"}],"curies":[{"name":"wp","href":"https:\/\/api.w.org\/{rel}","templated":true}]}}