{"id":1730,"date":"2026-01-16T13:23:42","date_gmt":"2026-01-16T16:23:42","guid":{"rendered":"https:\/\/palmerodespachante.uy\/?p=1730"},"modified":"2026-01-16T13:23:44","modified_gmt":"2026-01-16T16:23:44","slug":"que-la-suba-de-precios-este-por-debajo-de-la-meta-es-buena-noticia-para-unos-pero-complicado-para-otros","status":"publish","type":"post","link":"https:\/\/palmerodespachante.uy\/index.php\/2026\/01\/16\/que-la-suba-de-precios-este-por-debajo-de-la-meta-es-buena-noticia-para-unos-pero-complicado-para-otros\/","title":{"rendered":"QUE LA SUBA DE PRECIOS EST\u00c9 POR DEBAJO DE LA META ES BUENA NOTICIA PARA UNOS, PERO COMPLICADO PARA OTROS."},"content":{"rendered":"\n<p>El Banco Central (BCU) inform\u00f3 que la inflaci\u00f3n cerr\u00f3 en 3,7% en el pasado diciembre, por debajo de la meta que la ubica en 4,5%, lo que es una buena noticia para el consumidor, pero tambi\u00e9n tiene su lado negativo, seg\u00fan advierten el propio ente y analistas consultados. El presidente del BCU, Guillermo Tolosa, ha se\u00f1alado que \u201cel BCU cree que una inflaci\u00f3n m\u00e1s baja que el 4,5% es buena para el pa\u00eds\u201d y que \u201cnuestra aspiraci\u00f3n, como lo dije al asumir, es bajar esa meta por debajo del 4,5%, (pero) hoy estamos mandatados a una meta del 4,5%\u201d. Lo cierto es que una inflaci\u00f3n por debajo de la meta afecta la recaudaci\u00f3n fiscal nominal del Estado y obliga a una pol\u00edtica monetaria m\u00e1s expansiva (bajar tasas). \u201cSobrecumplir\u201d la meta, es decir estar por debajo del 4,5%, puede ser visto como una se\u00f1al de cierto desequilibrio que el BCU buscar\u00e1 corregir para alcanzar la estabilidad y el crecimiento. Lo esperable, entonces, es que el BCU trabaje para que la inflaci\u00f3n vuelva a la meta. Y as\u00ed lo ha anunciado. Hoy la tasa de inter\u00e9s es del 7,5% y se espera un nuevo recorte, aunque no tan pronunciado como el de diciembre (0,5%). \u201cDada la ca\u00edda sostenida de las expectativas a dos a\u00f1os y una inflaci\u00f3n subyacente que se espera contin\u00fae por debajo de la meta, el BCU recort\u00f3 su tasa de inter\u00e9s en 50 puntos b\u00e1sicos, ubicando la pol\u00edtica monetaria en torno a la neutralidad, con margen para avanzar hacia una fase expansiva, en l\u00ednea con el objetivo de estabilidad de precios y una inflaci\u00f3n en torno al 4,5%\u201d, public\u00f3 en diciembre el central. El BCU anunci\u00f3 tambi\u00e9n que trabajar\u00e1 especialmente en la inflaci\u00f3n no transable (aquella que recoge lo que sucede con los productos cuyos precios se determinan internamente en el pa\u00eds), dado que se mantiene en niveles elevados. En tal sentido, destac\u00f3 en su bolet\u00edn publicado ayer, que el \u00cdndice de Precios al Consumo (IPC) disminuy\u00f3 0,09% en diciembre y que las mayores incidencias a la baja se observaron en tarifas (principalmente por el efecto de \u201cUTE premia\u201d) y frutas y verduras. En cambio, presionaron al alza los rubros vinculados a restaurantes, hoteles y algunos servicios transables como paquetes tur\u00edsticos y hoteles. Es decir, no todos los precios de la econom\u00eda se ubican por debajo de la meta del BCU. &nbsp;(El Pa\u00eds)<\/p>\n","protected":false},"excerpt":{"rendered":"<p>El Banco Central (BCU) inform\u00f3 que la inflaci\u00f3n cerr\u00f3 en 3,7% en el pasado diciembre, por debajo de la meta que la ubica en 4,5%, lo que es una buena noticia para el consumidor, pero tambi\u00e9n tiene su lado negativo, seg\u00fan advierten el propio ente y analistas consultados. El presidente del BCU, Guillermo Tolosa, ha [&hellip;]<\/p>\n","protected":false},"author":3,"featured_media":0,"comment_status":"open","ping_status":"open","sticky":false,"template":"","format":"standard","meta":{"_joinchat":[],"footnotes":""},"categories":[37],"tags":[],"class_list":{"0":"post-1730","1":"post","2":"type-post","3":"status-publish","4":"format-standard","6":"category-noticias"},"yoast_head":"<!-- This site is optimized with the Yoast SEO plugin v27.4 - https:\/\/yoast.com\/product\/yoast-seo-wordpress\/ -->\n<title>QUE LA SUBA DE PRECIOS EST\u00c9 POR DEBAJO DE LA META ES BUENA NOTICIA PARA UNOS, PERO COMPLICADO PARA OTROS. - Palmero Despachante de Aduana<\/title>\n<meta name=\"robots\" content=\"noindex, follow\" \/>\n<meta property=\"og:locale\" content=\"es_ES\" \/>\n<meta property=\"og:type\" content=\"article\" \/>\n<meta property=\"og:title\" content=\"QUE LA SUBA DE PRECIOS EST\u00c9 POR DEBAJO DE LA META ES BUENA NOTICIA PARA UNOS, PERO COMPLICADO PARA OTROS. - Palmero Despachante de Aduana\" \/>\n<meta property=\"og:description\" content=\"El Banco Central (BCU) inform\u00f3 que la inflaci\u00f3n cerr\u00f3 en 3,7% en el pasado diciembre, por debajo de la meta que la ubica en 4,5%, lo que es una buena noticia para el consumidor, pero tambi\u00e9n tiene su lado negativo, seg\u00fan advierten el propio ente y analistas consultados. El presidente del BCU, Guillermo Tolosa, ha [&hellip;]\" \/>\n<meta property=\"og:url\" content=\"https:\/\/palmerodespachante.uy\/index.php\/2026\/01\/16\/que-la-suba-de-precios-este-por-debajo-de-la-meta-es-buena-noticia-para-unos-pero-complicado-para-otros\/\" \/>\n<meta property=\"og:site_name\" content=\"Palmero Despachante de Aduana\" \/>\n<meta property=\"article:publisher\" content=\"https:\/\/www.facebook.com\/despachantedeaduana.palmero?hc_ref=ARQPWzEmqFz3O_9qTlrxPP6NW-Vf1b4-iJdwH7XdkuWdfarefzfPyjY7DGBCye4mnJs\" \/>\n<meta property=\"article:published_time\" content=\"2026-01-16T16:23:42+00:00\" \/>\n<meta property=\"article:modified_time\" content=\"2026-01-16T16:23:44+00:00\" \/>\n<meta name=\"author\" content=\"Javier Palmero\" \/>\n<meta name=\"twitter:card\" content=\"summary_large_image\" \/>\n<meta name=\"twitter:label1\" content=\"Escrito por\" \/>\n\t<meta name=\"twitter:data1\" content=\"Javier Palmero\" \/>\n\t<meta name=\"twitter:label2\" content=\"Tiempo de lectura\" \/>\n\t<meta name=\"twitter:data2\" content=\"2 minutos\" \/>\n<script type=\"application\/ld+json\" class=\"yoast-schema-graph\">{\"@context\":\"https:\\\/\\\/schema.org\",\"@graph\":[{\"@type\":\"Article\",\"@id\":\"https:\\\/\\\/palmerodespachante.uy\\\/index.php\\\/2026\\\/01\\\/16\\\/que-la-suba-de-precios-este-por-debajo-de-la-meta-es-buena-noticia-para-unos-pero-complicado-para-otros\\\/#article\",\"isPartOf\":{\"@id\":\"https:\\\/\\\/palmerodespachante.uy\\\/index.php\\\/2026\\\/01\\\/16\\\/que-la-suba-de-precios-este-por-debajo-de-la-meta-es-buena-noticia-para-unos-pero-complicado-para-otros\\\/\"},\"author\":{\"name\":\"Javier Palmero\",\"@id\":\"https:\\\/\\\/palmerodespachante.uy\\\/#\\\/schema\\\/person\\\/9eabdcdc87fc74d275cc2faf2ce2f732\"},\"headline\":\"QUE LA SUBA DE PRECIOS EST\u00c9 POR DEBAJO DE LA META ES BUENA NOTICIA PARA UNOS, PERO COMPLICADO PARA OTROS.\",\"datePublished\":\"2026-01-16T16:23:42+00:00\",\"dateModified\":\"2026-01-16T16:23:44+00:00\",\"mainEntityOfPage\":{\"@id\":\"https:\\\/\\\/palmerodespachante.uy\\\/index.php\\\/2026\\\/01\\\/16\\\/que-la-suba-de-precios-este-por-debajo-de-la-meta-es-buena-noticia-para-unos-pero-complicado-para-otros\\\/\"},\"wordCount\":435,\"commentCount\":0,\"publisher\":{\"@id\":\"https:\\\/\\\/palmerodespachante.uy\\\/#organization\"},\"articleSection\":[\"Noticias\"],\"inLanguage\":\"es\",\"potentialAction\":[{\"@type\":\"CommentAction\",\"name\":\"Comment\",\"target\":[\"https:\\\/\\\/palmerodespachante.uy\\\/index.php\\\/2026\\\/01\\\/16\\\/que-la-suba-de-precios-este-por-debajo-de-la-meta-es-buena-noticia-para-unos-pero-complicado-para-otros\\\/#respond\"]}]},{\"@type\":\"WebPage\",\"@id\":\"https:\\\/\\\/palmerodespachante.uy\\\/index.php\\\/2026\\\/01\\\/16\\\/que-la-suba-de-precios-este-por-debajo-de-la-meta-es-buena-noticia-para-unos-pero-complicado-para-otros\\\/\",\"url\":\"https:\\\/\\\/palmerodespachante.uy\\\/index.php\\\/2026\\\/01\\\/16\\\/que-la-suba-de-precios-este-por-debajo-de-la-meta-es-buena-noticia-para-unos-pero-complicado-para-otros\\\/\",\"name\":\"QUE LA SUBA DE PRECIOS EST\u00c9 POR DEBAJO DE LA META ES BUENA NOTICIA PARA UNOS, PERO COMPLICADO PARA OTROS. - Palmero Despachante de Aduana\",\"isPartOf\":{\"@id\":\"https:\\\/\\\/palmerodespachante.uy\\\/#website\"},\"datePublished\":\"2026-01-16T16:23:42+00:00\",\"dateModified\":\"2026-01-16T16:23:44+00:00\",\"breadcrumb\":{\"@id\":\"https:\\\/\\\/palmerodespachante.uy\\\/index.php\\\/2026\\\/01\\\/16\\\/que-la-suba-de-precios-este-por-debajo-de-la-meta-es-buena-noticia-para-unos-pero-complicado-para-otros\\\/#breadcrumb\"},\"inLanguage\":\"es\",\"potentialAction\":[{\"@type\":\"ReadAction\",\"target\":[\"https:\\\/\\\/palmerodespachante.uy\\\/index.php\\\/2026\\\/01\\\/16\\\/que-la-suba-de-precios-este-por-debajo-de-la-meta-es-buena-noticia-para-unos-pero-complicado-para-otros\\\/\"]}]},{\"@type\":\"BreadcrumbList\",\"@id\":\"https:\\\/\\\/palmerodespachante.uy\\\/index.php\\\/2026\\\/01\\\/16\\\/que-la-suba-de-precios-este-por-debajo-de-la-meta-es-buena-noticia-para-unos-pero-complicado-para-otros\\\/#breadcrumb\",\"itemListElement\":[{\"@type\":\"ListItem\",\"position\":1,\"name\":\"Portada\",\"item\":\"https:\\\/\\\/palmerodespachante.uy\\\/\"},{\"@type\":\"ListItem\",\"position\":2,\"name\":\"QUE LA SUBA DE PRECIOS EST\u00c9 POR DEBAJO DE LA META ES BUENA NOTICIA PARA UNOS, PERO COMPLICADO PARA OTROS.\"}]},{\"@type\":\"WebSite\",\"@id\":\"https:\\\/\\\/palmerodespachante.uy\\\/#website\",\"url\":\"https:\\\/\\\/palmerodespachante.uy\\\/\",\"name\":\"Palmero Despachante de Aduana\",\"description\":\"Importaci\u00f3n, Exportaci\u00f3n, Tr\u00e1nsito\",\"publisher\":{\"@id\":\"https:\\\/\\\/palmerodespachante.uy\\\/#organization\"},\"potentialAction\":[{\"@type\":\"SearchAction\",\"target\":{\"@type\":\"EntryPoint\",\"urlTemplate\":\"https:\\\/\\\/palmerodespachante.uy\\\/?s={search_term_string}\"},\"query-input\":{\"@type\":\"PropertyValueSpecification\",\"valueRequired\":true,\"valueName\":\"search_term_string\"}}],\"inLanguage\":\"es\"},{\"@type\":\"Organization\",\"@id\":\"https:\\\/\\\/palmerodespachante.uy\\\/#organization\",\"name\":\"Palmero Despachante de Aduanas\",\"url\":\"https:\\\/\\\/palmerodespachante.uy\\\/\",\"logo\":{\"@type\":\"ImageObject\",\"inLanguage\":\"es\",\"@id\":\"https:\\\/\\\/palmerodespachante.uy\\\/#\\\/schema\\\/logo\\\/image\\\/\",\"url\":\"https:\\\/\\\/palmerodespachante.uy\\\/wp-content\\\/uploads\\\/2018\\\/08\\\/Logo-144.png\",\"contentUrl\":\"https:\\\/\\\/palmerodespachante.uy\\\/wp-content\\\/uploads\\\/2018\\\/08\\\/Logo-144.png\",\"width\":144,\"height\":144,\"caption\":\"Palmero Despachante de Aduanas\"},\"image\":{\"@id\":\"https:\\\/\\\/palmerodespachante.uy\\\/#\\\/schema\\\/logo\\\/image\\\/\"},\"sameAs\":[\"https:\\\/\\\/www.facebook.com\\\/despachantedeaduana.palmero?hc_ref=ARQPWzEmqFz3O_9qTlrxPP6NW-Vf1b4-iJdwH7XdkuWdfarefzfPyjY7DGBCye4mnJs\",\"https:\\\/\\\/www.linkedin.com\\\/company\\\/despachante-de-aduana-palmero\\\/\"]},{\"@type\":\"Person\",\"@id\":\"https:\\\/\\\/palmerodespachante.uy\\\/#\\\/schema\\\/person\\\/9eabdcdc87fc74d275cc2faf2ce2f732\",\"name\":\"Javier Palmero\",\"image\":{\"@type\":\"ImageObject\",\"inLanguage\":\"es\",\"@id\":\"https:\\\/\\\/palmerodespachante.uy\\\/wp-content\\\/litespeed\\\/avatar\\\/8e783966089c8fa82b27a6627fb956c2.jpg?ver=1776856630\",\"url\":\"https:\\\/\\\/palmerodespachante.uy\\\/wp-content\\\/litespeed\\\/avatar\\\/8e783966089c8fa82b27a6627fb956c2.jpg?ver=1776856630\",\"contentUrl\":\"https:\\\/\\\/palmerodespachante.uy\\\/wp-content\\\/litespeed\\\/avatar\\\/8e783966089c8fa82b27a6627fb956c2.jpg?ver=1776856630\",\"caption\":\"Javier Palmero\"}}]}<\/script>\n<!-- \/ Yoast SEO plugin. -->","yoast_head_json":{"title":"QUE LA SUBA DE PRECIOS EST\u00c9 POR DEBAJO DE LA META ES BUENA NOTICIA PARA UNOS, PERO COMPLICADO PARA OTROS. - Palmero Despachante de Aduana","robots":{"index":"noindex","follow":"follow"},"og_locale":"es_ES","og_type":"article","og_title":"QUE LA SUBA DE PRECIOS EST\u00c9 POR DEBAJO DE LA META ES BUENA NOTICIA PARA UNOS, PERO COMPLICADO PARA OTROS. - Palmero Despachante de Aduana","og_description":"El Banco Central (BCU) inform\u00f3 que la inflaci\u00f3n cerr\u00f3 en 3,7% en el pasado diciembre, por debajo de la meta que la ubica en 4,5%, lo que es una buena noticia para el consumidor, pero tambi\u00e9n tiene su lado negativo, seg\u00fan advierten el propio ente y analistas consultados. El presidente del BCU, Guillermo Tolosa, ha [&hellip;]","og_url":"https:\/\/palmerodespachante.uy\/index.php\/2026\/01\/16\/que-la-suba-de-precios-este-por-debajo-de-la-meta-es-buena-noticia-para-unos-pero-complicado-para-otros\/","og_site_name":"Palmero Despachante de Aduana","article_publisher":"https:\/\/www.facebook.com\/despachantedeaduana.palmero?hc_ref=ARQPWzEmqFz3O_9qTlrxPP6NW-Vf1b4-iJdwH7XdkuWdfarefzfPyjY7DGBCye4mnJs","article_published_time":"2026-01-16T16:23:42+00:00","article_modified_time":"2026-01-16T16:23:44+00:00","author":"Javier Palmero","twitter_card":"summary_large_image","twitter_misc":{"Escrito por":"Javier Palmero","Tiempo de lectura":"2 minutos"},"schema":{"@context":"https:\/\/schema.org","@graph":[{"@type":"Article","@id":"https:\/\/palmerodespachante.uy\/index.php\/2026\/01\/16\/que-la-suba-de-precios-este-por-debajo-de-la-meta-es-buena-noticia-para-unos-pero-complicado-para-otros\/#article","isPartOf":{"@id":"https:\/\/palmerodespachante.uy\/index.php\/2026\/01\/16\/que-la-suba-de-precios-este-por-debajo-de-la-meta-es-buena-noticia-para-unos-pero-complicado-para-otros\/"},"author":{"name":"Javier Palmero","@id":"https:\/\/palmerodespachante.uy\/#\/schema\/person\/9eabdcdc87fc74d275cc2faf2ce2f732"},"headline":"QUE LA SUBA DE PRECIOS EST\u00c9 POR DEBAJO DE LA META ES BUENA NOTICIA PARA UNOS, PERO COMPLICADO PARA OTROS.","datePublished":"2026-01-16T16:23:42+00:00","dateModified":"2026-01-16T16:23:44+00:00","mainEntityOfPage":{"@id":"https:\/\/palmerodespachante.uy\/index.php\/2026\/01\/16\/que-la-suba-de-precios-este-por-debajo-de-la-meta-es-buena-noticia-para-unos-pero-complicado-para-otros\/"},"wordCount":435,"commentCount":0,"publisher":{"@id":"https:\/\/palmerodespachante.uy\/#organization"},"articleSection":["Noticias"],"inLanguage":"es","potentialAction":[{"@type":"CommentAction","name":"Comment","target":["https:\/\/palmerodespachante.uy\/index.php\/2026\/01\/16\/que-la-suba-de-precios-este-por-debajo-de-la-meta-es-buena-noticia-para-unos-pero-complicado-para-otros\/#respond"]}]},{"@type":"WebPage","@id":"https:\/\/palmerodespachante.uy\/index.php\/2026\/01\/16\/que-la-suba-de-precios-este-por-debajo-de-la-meta-es-buena-noticia-para-unos-pero-complicado-para-otros\/","url":"https:\/\/palmerodespachante.uy\/index.php\/2026\/01\/16\/que-la-suba-de-precios-este-por-debajo-de-la-meta-es-buena-noticia-para-unos-pero-complicado-para-otros\/","name":"QUE LA SUBA DE PRECIOS EST\u00c9 POR DEBAJO DE LA META ES BUENA NOTICIA PARA UNOS, PERO COMPLICADO PARA OTROS. - Palmero Despachante de Aduana","isPartOf":{"@id":"https:\/\/palmerodespachante.uy\/#website"},"datePublished":"2026-01-16T16:23:42+00:00","dateModified":"2026-01-16T16:23:44+00:00","breadcrumb":{"@id":"https:\/\/palmerodespachante.uy\/index.php\/2026\/01\/16\/que-la-suba-de-precios-este-por-debajo-de-la-meta-es-buena-noticia-para-unos-pero-complicado-para-otros\/#breadcrumb"},"inLanguage":"es","potentialAction":[{"@type":"ReadAction","target":["https:\/\/palmerodespachante.uy\/index.php\/2026\/01\/16\/que-la-suba-de-precios-este-por-debajo-de-la-meta-es-buena-noticia-para-unos-pero-complicado-para-otros\/"]}]},{"@type":"BreadcrumbList","@id":"https:\/\/palmerodespachante.uy\/index.php\/2026\/01\/16\/que-la-suba-de-precios-este-por-debajo-de-la-meta-es-buena-noticia-para-unos-pero-complicado-para-otros\/#breadcrumb","itemListElement":[{"@type":"ListItem","position":1,"name":"Portada","item":"https:\/\/palmerodespachante.uy\/"},{"@type":"ListItem","position":2,"name":"QUE LA SUBA DE PRECIOS EST\u00c9 POR DEBAJO DE LA META ES BUENA NOTICIA PARA UNOS, PERO COMPLICADO PARA OTROS."}]},{"@type":"WebSite","@id":"https:\/\/palmerodespachante.uy\/#website","url":"https:\/\/palmerodespachante.uy\/","name":"Palmero Despachante de Aduana","description":"Importaci\u00f3n, Exportaci\u00f3n, Tr\u00e1nsito","publisher":{"@id":"https:\/\/palmerodespachante.uy\/#organization"},"potentialAction":[{"@type":"SearchAction","target":{"@type":"EntryPoint","urlTemplate":"https:\/\/palmerodespachante.uy\/?s={search_term_string}"},"query-input":{"@type":"PropertyValueSpecification","valueRequired":true,"valueName":"search_term_string"}}],"inLanguage":"es"},{"@type":"Organization","@id":"https:\/\/palmerodespachante.uy\/#organization","name":"Palmero Despachante de Aduanas","url":"https:\/\/palmerodespachante.uy\/","logo":{"@type":"ImageObject","inLanguage":"es","@id":"https:\/\/palmerodespachante.uy\/#\/schema\/logo\/image\/","url":"https:\/\/palmerodespachante.uy\/wp-content\/uploads\/2018\/08\/Logo-144.png","contentUrl":"https:\/\/palmerodespachante.uy\/wp-content\/uploads\/2018\/08\/Logo-144.png","width":144,"height":144,"caption":"Palmero Despachante de Aduanas"},"image":{"@id":"https:\/\/palmerodespachante.uy\/#\/schema\/logo\/image\/"},"sameAs":["https:\/\/www.facebook.com\/despachantedeaduana.palmero?hc_ref=ARQPWzEmqFz3O_9qTlrxPP6NW-Vf1b4-iJdwH7XdkuWdfarefzfPyjY7DGBCye4mnJs","https:\/\/www.linkedin.com\/company\/despachante-de-aduana-palmero\/"]},{"@type":"Person","@id":"https:\/\/palmerodespachante.uy\/#\/schema\/person\/9eabdcdc87fc74d275cc2faf2ce2f732","name":"Javier Palmero","image":{"@type":"ImageObject","inLanguage":"es","@id":"https:\/\/palmerodespachante.uy\/wp-content\/litespeed\/avatar\/8e783966089c8fa82b27a6627fb956c2.jpg?ver=1776856630","url":"https:\/\/palmerodespachante.uy\/wp-content\/litespeed\/avatar\/8e783966089c8fa82b27a6627fb956c2.jpg?ver=1776856630","contentUrl":"https:\/\/palmerodespachante.uy\/wp-content\/litespeed\/avatar\/8e783966089c8fa82b27a6627fb956c2.jpg?ver=1776856630","caption":"Javier Palmero"}}]}},"jetpack_featured_media_url":"","_links":{"self":[{"href":"https:\/\/palmerodespachante.uy\/index.php\/wp-json\/wp\/v2\/posts\/1730","targetHints":{"allow":["GET"]}}],"collection":[{"href":"https:\/\/palmerodespachante.uy\/index.php\/wp-json\/wp\/v2\/posts"}],"about":[{"href":"https:\/\/palmerodespachante.uy\/index.php\/wp-json\/wp\/v2\/types\/post"}],"author":[{"embeddable":true,"href":"https:\/\/palmerodespachante.uy\/index.php\/wp-json\/wp\/v2\/users\/3"}],"replies":[{"embeddable":true,"href":"https:\/\/palmerodespachante.uy\/index.php\/wp-json\/wp\/v2\/comments?post=1730"}],"version-history":[{"count":1,"href":"https:\/\/palmerodespachante.uy\/index.php\/wp-json\/wp\/v2\/posts\/1730\/revisions"}],"predecessor-version":[{"id":1731,"href":"https:\/\/palmerodespachante.uy\/index.php\/wp-json\/wp\/v2\/posts\/1730\/revisions\/1731"}],"wp:attachment":[{"href":"https:\/\/palmerodespachante.uy\/index.php\/wp-json\/wp\/v2\/media?parent=1730"}],"wp:term":[{"taxonomy":"category","embeddable":true,"href":"https:\/\/palmerodespachante.uy\/index.php\/wp-json\/wp\/v2\/categories?post=1730"},{"taxonomy":"post_tag","embeddable":true,"href":"https:\/\/palmerodespachante.uy\/index.php\/wp-json\/wp\/v2\/tags?post=1730"}],"curies":[{"name":"wp","href":"https:\/\/api.w.org\/{rel}","templated":true}]}}