{"id":1728,"date":"2026-01-16T13:22:32","date_gmt":"2026-01-16T16:22:32","guid":{"rendered":"https:\/\/palmerodespachante.uy\/?p=1728"},"modified":"2026-01-16T13:22:33","modified_gmt":"2026-01-16T16:22:33","slug":"rubro-por-rubro-impactos-del-acuerdo-union-europea-mercosur-beneficios-y-alertas-y-como-queda-el-consumidor","status":"publish","type":"post","link":"https:\/\/palmerodespachante.uy\/index.php\/2026\/01\/16\/rubro-por-rubro-impactos-del-acuerdo-union-europea-mercosur-beneficios-y-alertas-y-como-queda-el-consumidor\/","title":{"rendered":"RUBRO POR RUBRO, IMPACTOS DEL ACUERDO UNI\u00d3N EUROPEA-MERCOSUR, BENEFICIOS Y ALERTAS, Y C\u00d3MO QUEDA EL CONSUMIDOR"},"content":{"rendered":"\n<p>Uruguay ya est\u00e1 celebrando por adelantado la firma del acuerdo Mercosur-Uni\u00f3n Europea (UE) del pr\u00f3ximo 17 de enero, luego de m\u00e1s de 25 a\u00f1os de \u201camagues\u201d. De todos los pa\u00edses involucrados en el acuerdo, de uno u otro lado del Atl\u00e1ntico, Uruguay podr\u00eda ser, en t\u00e9rminos generales, el m\u00e1s beneficiado, considerando el impacto en una econom\u00eda peque\u00f1a que tiene claro que necesita exportar m\u00e1s. Han surgido algunas voces con reparos en el mercado local, que est\u00e1n siendo aclarados o negociados a nivel sectorial con el gobierno. El ministro de Econom\u00eda y Finanzas, Gabriel Oddone, declar\u00f3 que el Producto Interno Bruto (PIB) de Uruguay podr\u00eda crecer algo m\u00e1s de 1,5 puntos porcentuales por este acuerdo (no precis\u00f3 en cu\u00e1nto tiempo; es dif\u00edcil de calcular). Esto a su vez impactar\u00e1 positivamente en el empleo y en el salario real. Hay que esperar la puesta en vigor del acuerdo, que ser\u00e1 progresiva, para afinar n\u00fameros. Quienes son m\u00e1s optimistas proyectan que habr\u00e1 \u201cun antes y un despu\u00e9s\u201d en la econom\u00eda uruguaya, aunque, como en todo acuerdo, siempre habr\u00e1 ganadores y perdedores. Los sectores m\u00e1s beneficiados \u2014y m\u00e1s pronto\u2014 ser\u00e1n aquellos que ya est\u00e1n exportando a la Uni\u00f3n Europea, dado que tienen el camino recorrido y ahora acceder\u00e1n a mejores condiciones. Entre ellos, destaca la carne, el producto estrella de Uruguay, por mencionar alguno. Seg\u00fan el instituto Uruguay XXI, los diez principales productos de exportaci\u00f3n del pa\u00eds (en general, no solo a la UE), son: carne bovina, celulosa, soja, productos l\u00e1cteos, concentrados de bebidas, arroz, autopartes, madera y sus subproductos, malta (cerveza y derivados) y subproductos c\u00e1rnicos, en ese orden y de acuerdo a datos de 2025. Ignacio Bartesaghi, director de Negocios Internacionales de la Universidad Cat\u00f3lica (UCU), dimensiona el escenario, en di\u00e1logo con El Pa\u00eds: \u201cLa gran mayor\u00eda, m\u00e1s precisamente el 72%, de las exportaciones de Uruguay a la UE, son carne y pasta de celulosa\u201d, afirm\u00f3. (El Pa\u00eds)<\/p>\n","protected":false},"excerpt":{"rendered":"<p>Uruguay ya est\u00e1 celebrando por adelantado la firma del acuerdo Mercosur-Uni\u00f3n Europea (UE) del pr\u00f3ximo 17 de enero, luego de m\u00e1s de 25 a\u00f1os de \u201camagues\u201d. De todos los pa\u00edses involucrados en el acuerdo, de uno u otro lado del Atl\u00e1ntico, Uruguay podr\u00eda ser, en t\u00e9rminos generales, el m\u00e1s beneficiado, considerando el impacto en una [&hellip;]<\/p>\n","protected":false},"author":3,"featured_media":0,"comment_status":"open","ping_status":"open","sticky":false,"template":"","format":"standard","meta":{"_joinchat":[],"footnotes":""},"categories":[37],"tags":[],"class_list":{"0":"post-1728","1":"post","2":"type-post","3":"status-publish","4":"format-standard","6":"category-noticias"},"yoast_head":"<!-- This site is optimized with the Yoast SEO plugin v27.4 - https:\/\/yoast.com\/product\/yoast-seo-wordpress\/ -->\n<title>RUBRO POR RUBRO, IMPACTOS DEL ACUERDO UNI\u00d3N EUROPEA-MERCOSUR, BENEFICIOS Y ALERTAS, Y C\u00d3MO QUEDA EL CONSUMIDOR - Palmero Despachante de Aduana<\/title>\n<meta name=\"robots\" content=\"noindex, follow\" \/>\n<meta property=\"og:locale\" content=\"es_ES\" \/>\n<meta property=\"og:type\" content=\"article\" \/>\n<meta property=\"og:title\" content=\"RUBRO POR RUBRO, IMPACTOS DEL ACUERDO UNI\u00d3N EUROPEA-MERCOSUR, BENEFICIOS Y ALERTAS, Y C\u00d3MO QUEDA EL CONSUMIDOR - Palmero Despachante de Aduana\" \/>\n<meta property=\"og:description\" content=\"Uruguay ya est\u00e1 celebrando por adelantado la firma del acuerdo Mercosur-Uni\u00f3n Europea (UE) del pr\u00f3ximo 17 de enero, luego de m\u00e1s de 25 a\u00f1os de \u201camagues\u201d. De todos los pa\u00edses involucrados en el acuerdo, de uno u otro lado del Atl\u00e1ntico, Uruguay podr\u00eda ser, en t\u00e9rminos generales, el m\u00e1s beneficiado, considerando el impacto en una [&hellip;]\" \/>\n<meta property=\"og:url\" content=\"https:\/\/palmerodespachante.uy\/index.php\/2026\/01\/16\/rubro-por-rubro-impactos-del-acuerdo-union-europea-mercosur-beneficios-y-alertas-y-como-queda-el-consumidor\/\" \/>\n<meta property=\"og:site_name\" content=\"Palmero Despachante de Aduana\" \/>\n<meta property=\"article:publisher\" content=\"https:\/\/www.facebook.com\/despachantedeaduana.palmero?hc_ref=ARQPWzEmqFz3O_9qTlrxPP6NW-Vf1b4-iJdwH7XdkuWdfarefzfPyjY7DGBCye4mnJs\" \/>\n<meta property=\"article:published_time\" content=\"2026-01-16T16:22:32+00:00\" \/>\n<meta property=\"article:modified_time\" content=\"2026-01-16T16:22:33+00:00\" \/>\n<meta name=\"author\" content=\"Javier Palmero\" \/>\n<meta name=\"twitter:card\" content=\"summary_large_image\" \/>\n<meta name=\"twitter:label1\" content=\"Escrito por\" \/>\n\t<meta name=\"twitter:data1\" content=\"Javier Palmero\" \/>\n\t<meta name=\"twitter:label2\" content=\"Tiempo de lectura\" \/>\n\t<meta name=\"twitter:data2\" content=\"2 minutos\" \/>\n<script type=\"application\/ld+json\" class=\"yoast-schema-graph\">{\"@context\":\"https:\\\/\\\/schema.org\",\"@graph\":[{\"@type\":\"Article\",\"@id\":\"https:\\\/\\\/palmerodespachante.uy\\\/index.php\\\/2026\\\/01\\\/16\\\/rubro-por-rubro-impactos-del-acuerdo-union-europea-mercosur-beneficios-y-alertas-y-como-queda-el-consumidor\\\/#article\",\"isPartOf\":{\"@id\":\"https:\\\/\\\/palmerodespachante.uy\\\/index.php\\\/2026\\\/01\\\/16\\\/rubro-por-rubro-impactos-del-acuerdo-union-europea-mercosur-beneficios-y-alertas-y-como-queda-el-consumidor\\\/\"},\"author\":{\"name\":\"Javier Palmero\",\"@id\":\"https:\\\/\\\/palmerodespachante.uy\\\/#\\\/schema\\\/person\\\/9eabdcdc87fc74d275cc2faf2ce2f732\"},\"headline\":\"RUBRO POR RUBRO, IMPACTOS DEL ACUERDO UNI\u00d3N EUROPEA-MERCOSUR, BENEFICIOS Y ALERTAS, Y C\u00d3MO QUEDA EL CONSUMIDOR\",\"datePublished\":\"2026-01-16T16:22:32+00:00\",\"dateModified\":\"2026-01-16T16:22:33+00:00\",\"mainEntityOfPage\":{\"@id\":\"https:\\\/\\\/palmerodespachante.uy\\\/index.php\\\/2026\\\/01\\\/16\\\/rubro-por-rubro-impactos-del-acuerdo-union-europea-mercosur-beneficios-y-alertas-y-como-queda-el-consumidor\\\/\"},\"wordCount\":368,\"commentCount\":0,\"publisher\":{\"@id\":\"https:\\\/\\\/palmerodespachante.uy\\\/#organization\"},\"articleSection\":[\"Noticias\"],\"inLanguage\":\"es\",\"potentialAction\":[{\"@type\":\"CommentAction\",\"name\":\"Comment\",\"target\":[\"https:\\\/\\\/palmerodespachante.uy\\\/index.php\\\/2026\\\/01\\\/16\\\/rubro-por-rubro-impactos-del-acuerdo-union-europea-mercosur-beneficios-y-alertas-y-como-queda-el-consumidor\\\/#respond\"]}]},{\"@type\":\"WebPage\",\"@id\":\"https:\\\/\\\/palmerodespachante.uy\\\/index.php\\\/2026\\\/01\\\/16\\\/rubro-por-rubro-impactos-del-acuerdo-union-europea-mercosur-beneficios-y-alertas-y-como-queda-el-consumidor\\\/\",\"url\":\"https:\\\/\\\/palmerodespachante.uy\\\/index.php\\\/2026\\\/01\\\/16\\\/rubro-por-rubro-impactos-del-acuerdo-union-europea-mercosur-beneficios-y-alertas-y-como-queda-el-consumidor\\\/\",\"name\":\"RUBRO POR RUBRO, IMPACTOS DEL ACUERDO UNI\u00d3N EUROPEA-MERCOSUR, BENEFICIOS Y ALERTAS, Y C\u00d3MO QUEDA EL CONSUMIDOR - Palmero Despachante de Aduana\",\"isPartOf\":{\"@id\":\"https:\\\/\\\/palmerodespachante.uy\\\/#website\"},\"datePublished\":\"2026-01-16T16:22:32+00:00\",\"dateModified\":\"2026-01-16T16:22:33+00:00\",\"breadcrumb\":{\"@id\":\"https:\\\/\\\/palmerodespachante.uy\\\/index.php\\\/2026\\\/01\\\/16\\\/rubro-por-rubro-impactos-del-acuerdo-union-europea-mercosur-beneficios-y-alertas-y-como-queda-el-consumidor\\\/#breadcrumb\"},\"inLanguage\":\"es\",\"potentialAction\":[{\"@type\":\"ReadAction\",\"target\":[\"https:\\\/\\\/palmerodespachante.uy\\\/index.php\\\/2026\\\/01\\\/16\\\/rubro-por-rubro-impactos-del-acuerdo-union-europea-mercosur-beneficios-y-alertas-y-como-queda-el-consumidor\\\/\"]}]},{\"@type\":\"BreadcrumbList\",\"@id\":\"https:\\\/\\\/palmerodespachante.uy\\\/index.php\\\/2026\\\/01\\\/16\\\/rubro-por-rubro-impactos-del-acuerdo-union-europea-mercosur-beneficios-y-alertas-y-como-queda-el-consumidor\\\/#breadcrumb\",\"itemListElement\":[{\"@type\":\"ListItem\",\"position\":1,\"name\":\"Portada\",\"item\":\"https:\\\/\\\/palmerodespachante.uy\\\/\"},{\"@type\":\"ListItem\",\"position\":2,\"name\":\"RUBRO POR RUBRO, IMPACTOS DEL ACUERDO UNI\u00d3N EUROPEA-MERCOSUR, BENEFICIOS Y ALERTAS, Y C\u00d3MO QUEDA EL CONSUMIDOR\"}]},{\"@type\":\"WebSite\",\"@id\":\"https:\\\/\\\/palmerodespachante.uy\\\/#website\",\"url\":\"https:\\\/\\\/palmerodespachante.uy\\\/\",\"name\":\"Palmero Despachante de Aduana\",\"description\":\"Importaci\u00f3n, Exportaci\u00f3n, Tr\u00e1nsito\",\"publisher\":{\"@id\":\"https:\\\/\\\/palmerodespachante.uy\\\/#organization\"},\"potentialAction\":[{\"@type\":\"SearchAction\",\"target\":{\"@type\":\"EntryPoint\",\"urlTemplate\":\"https:\\\/\\\/palmerodespachante.uy\\\/?s={search_term_string}\"},\"query-input\":{\"@type\":\"PropertyValueSpecification\",\"valueRequired\":true,\"valueName\":\"search_term_string\"}}],\"inLanguage\":\"es\"},{\"@type\":\"Organization\",\"@id\":\"https:\\\/\\\/palmerodespachante.uy\\\/#organization\",\"name\":\"Palmero Despachante de Aduanas\",\"url\":\"https:\\\/\\\/palmerodespachante.uy\\\/\",\"logo\":{\"@type\":\"ImageObject\",\"inLanguage\":\"es\",\"@id\":\"https:\\\/\\\/palmerodespachante.uy\\\/#\\\/schema\\\/logo\\\/image\\\/\",\"url\":\"https:\\\/\\\/palmerodespachante.uy\\\/wp-content\\\/uploads\\\/2018\\\/08\\\/Logo-144.png\",\"contentUrl\":\"https:\\\/\\\/palmerodespachante.uy\\\/wp-content\\\/uploads\\\/2018\\\/08\\\/Logo-144.png\",\"width\":144,\"height\":144,\"caption\":\"Palmero Despachante de Aduanas\"},\"image\":{\"@id\":\"https:\\\/\\\/palmerodespachante.uy\\\/#\\\/schema\\\/logo\\\/image\\\/\"},\"sameAs\":[\"https:\\\/\\\/www.facebook.com\\\/despachantedeaduana.palmero?hc_ref=ARQPWzEmqFz3O_9qTlrxPP6NW-Vf1b4-iJdwH7XdkuWdfarefzfPyjY7DGBCye4mnJs\",\"https:\\\/\\\/www.linkedin.com\\\/company\\\/despachante-de-aduana-palmero\\\/\"]},{\"@type\":\"Person\",\"@id\":\"https:\\\/\\\/palmerodespachante.uy\\\/#\\\/schema\\\/person\\\/9eabdcdc87fc74d275cc2faf2ce2f732\",\"name\":\"Javier Palmero\",\"image\":{\"@type\":\"ImageObject\",\"inLanguage\":\"es\",\"@id\":\"https:\\\/\\\/palmerodespachante.uy\\\/wp-content\\\/litespeed\\\/avatar\\\/8e783966089c8fa82b27a6627fb956c2.jpg?ver=1776856630\",\"url\":\"https:\\\/\\\/palmerodespachante.uy\\\/wp-content\\\/litespeed\\\/avatar\\\/8e783966089c8fa82b27a6627fb956c2.jpg?ver=1776856630\",\"contentUrl\":\"https:\\\/\\\/palmerodespachante.uy\\\/wp-content\\\/litespeed\\\/avatar\\\/8e783966089c8fa82b27a6627fb956c2.jpg?ver=1776856630\",\"caption\":\"Javier Palmero\"}}]}<\/script>\n<!-- \/ Yoast SEO plugin. -->","yoast_head_json":{"title":"RUBRO POR RUBRO, IMPACTOS DEL ACUERDO UNI\u00d3N EUROPEA-MERCOSUR, BENEFICIOS Y ALERTAS, Y C\u00d3MO QUEDA EL CONSUMIDOR - Palmero Despachante de Aduana","robots":{"index":"noindex","follow":"follow"},"og_locale":"es_ES","og_type":"article","og_title":"RUBRO POR RUBRO, IMPACTOS DEL ACUERDO UNI\u00d3N EUROPEA-MERCOSUR, BENEFICIOS Y ALERTAS, Y C\u00d3MO QUEDA EL CONSUMIDOR - Palmero Despachante de Aduana","og_description":"Uruguay ya est\u00e1 celebrando por adelantado la firma del acuerdo Mercosur-Uni\u00f3n Europea (UE) del pr\u00f3ximo 17 de enero, luego de m\u00e1s de 25 a\u00f1os de \u201camagues\u201d. De todos los pa\u00edses involucrados en el acuerdo, de uno u otro lado del Atl\u00e1ntico, Uruguay podr\u00eda ser, en t\u00e9rminos generales, el m\u00e1s beneficiado, considerando el impacto en una [&hellip;]","og_url":"https:\/\/palmerodespachante.uy\/index.php\/2026\/01\/16\/rubro-por-rubro-impactos-del-acuerdo-union-europea-mercosur-beneficios-y-alertas-y-como-queda-el-consumidor\/","og_site_name":"Palmero Despachante de Aduana","article_publisher":"https:\/\/www.facebook.com\/despachantedeaduana.palmero?hc_ref=ARQPWzEmqFz3O_9qTlrxPP6NW-Vf1b4-iJdwH7XdkuWdfarefzfPyjY7DGBCye4mnJs","article_published_time":"2026-01-16T16:22:32+00:00","article_modified_time":"2026-01-16T16:22:33+00:00","author":"Javier Palmero","twitter_card":"summary_large_image","twitter_misc":{"Escrito por":"Javier Palmero","Tiempo de lectura":"2 minutos"},"schema":{"@context":"https:\/\/schema.org","@graph":[{"@type":"Article","@id":"https:\/\/palmerodespachante.uy\/index.php\/2026\/01\/16\/rubro-por-rubro-impactos-del-acuerdo-union-europea-mercosur-beneficios-y-alertas-y-como-queda-el-consumidor\/#article","isPartOf":{"@id":"https:\/\/palmerodespachante.uy\/index.php\/2026\/01\/16\/rubro-por-rubro-impactos-del-acuerdo-union-europea-mercosur-beneficios-y-alertas-y-como-queda-el-consumidor\/"},"author":{"name":"Javier Palmero","@id":"https:\/\/palmerodespachante.uy\/#\/schema\/person\/9eabdcdc87fc74d275cc2faf2ce2f732"},"headline":"RUBRO POR RUBRO, IMPACTOS DEL ACUERDO UNI\u00d3N EUROPEA-MERCOSUR, BENEFICIOS Y ALERTAS, Y C\u00d3MO QUEDA EL CONSUMIDOR","datePublished":"2026-01-16T16:22:32+00:00","dateModified":"2026-01-16T16:22:33+00:00","mainEntityOfPage":{"@id":"https:\/\/palmerodespachante.uy\/index.php\/2026\/01\/16\/rubro-por-rubro-impactos-del-acuerdo-union-europea-mercosur-beneficios-y-alertas-y-como-queda-el-consumidor\/"},"wordCount":368,"commentCount":0,"publisher":{"@id":"https:\/\/palmerodespachante.uy\/#organization"},"articleSection":["Noticias"],"inLanguage":"es","potentialAction":[{"@type":"CommentAction","name":"Comment","target":["https:\/\/palmerodespachante.uy\/index.php\/2026\/01\/16\/rubro-por-rubro-impactos-del-acuerdo-union-europea-mercosur-beneficios-y-alertas-y-como-queda-el-consumidor\/#respond"]}]},{"@type":"WebPage","@id":"https:\/\/palmerodespachante.uy\/index.php\/2026\/01\/16\/rubro-por-rubro-impactos-del-acuerdo-union-europea-mercosur-beneficios-y-alertas-y-como-queda-el-consumidor\/","url":"https:\/\/palmerodespachante.uy\/index.php\/2026\/01\/16\/rubro-por-rubro-impactos-del-acuerdo-union-europea-mercosur-beneficios-y-alertas-y-como-queda-el-consumidor\/","name":"RUBRO POR RUBRO, IMPACTOS DEL ACUERDO UNI\u00d3N EUROPEA-MERCOSUR, BENEFICIOS Y ALERTAS, Y C\u00d3MO QUEDA EL CONSUMIDOR - Palmero Despachante de Aduana","isPartOf":{"@id":"https:\/\/palmerodespachante.uy\/#website"},"datePublished":"2026-01-16T16:22:32+00:00","dateModified":"2026-01-16T16:22:33+00:00","breadcrumb":{"@id":"https:\/\/palmerodespachante.uy\/index.php\/2026\/01\/16\/rubro-por-rubro-impactos-del-acuerdo-union-europea-mercosur-beneficios-y-alertas-y-como-queda-el-consumidor\/#breadcrumb"},"inLanguage":"es","potentialAction":[{"@type":"ReadAction","target":["https:\/\/palmerodespachante.uy\/index.php\/2026\/01\/16\/rubro-por-rubro-impactos-del-acuerdo-union-europea-mercosur-beneficios-y-alertas-y-como-queda-el-consumidor\/"]}]},{"@type":"BreadcrumbList","@id":"https:\/\/palmerodespachante.uy\/index.php\/2026\/01\/16\/rubro-por-rubro-impactos-del-acuerdo-union-europea-mercosur-beneficios-y-alertas-y-como-queda-el-consumidor\/#breadcrumb","itemListElement":[{"@type":"ListItem","position":1,"name":"Portada","item":"https:\/\/palmerodespachante.uy\/"},{"@type":"ListItem","position":2,"name":"RUBRO POR RUBRO, IMPACTOS DEL ACUERDO UNI\u00d3N EUROPEA-MERCOSUR, BENEFICIOS Y ALERTAS, Y C\u00d3MO QUEDA EL CONSUMIDOR"}]},{"@type":"WebSite","@id":"https:\/\/palmerodespachante.uy\/#website","url":"https:\/\/palmerodespachante.uy\/","name":"Palmero Despachante de Aduana","description":"Importaci\u00f3n, Exportaci\u00f3n, Tr\u00e1nsito","publisher":{"@id":"https:\/\/palmerodespachante.uy\/#organization"},"potentialAction":[{"@type":"SearchAction","target":{"@type":"EntryPoint","urlTemplate":"https:\/\/palmerodespachante.uy\/?s={search_term_string}"},"query-input":{"@type":"PropertyValueSpecification","valueRequired":true,"valueName":"search_term_string"}}],"inLanguage":"es"},{"@type":"Organization","@id":"https:\/\/palmerodespachante.uy\/#organization","name":"Palmero Despachante de Aduanas","url":"https:\/\/palmerodespachante.uy\/","logo":{"@type":"ImageObject","inLanguage":"es","@id":"https:\/\/palmerodespachante.uy\/#\/schema\/logo\/image\/","url":"https:\/\/palmerodespachante.uy\/wp-content\/uploads\/2018\/08\/Logo-144.png","contentUrl":"https:\/\/palmerodespachante.uy\/wp-content\/uploads\/2018\/08\/Logo-144.png","width":144,"height":144,"caption":"Palmero Despachante de Aduanas"},"image":{"@id":"https:\/\/palmerodespachante.uy\/#\/schema\/logo\/image\/"},"sameAs":["https:\/\/www.facebook.com\/despachantedeaduana.palmero?hc_ref=ARQPWzEmqFz3O_9qTlrxPP6NW-Vf1b4-iJdwH7XdkuWdfarefzfPyjY7DGBCye4mnJs","https:\/\/www.linkedin.com\/company\/despachante-de-aduana-palmero\/"]},{"@type":"Person","@id":"https:\/\/palmerodespachante.uy\/#\/schema\/person\/9eabdcdc87fc74d275cc2faf2ce2f732","name":"Javier Palmero","image":{"@type":"ImageObject","inLanguage":"es","@id":"https:\/\/palmerodespachante.uy\/wp-content\/litespeed\/avatar\/8e783966089c8fa82b27a6627fb956c2.jpg?ver=1776856630","url":"https:\/\/palmerodespachante.uy\/wp-content\/litespeed\/avatar\/8e783966089c8fa82b27a6627fb956c2.jpg?ver=1776856630","contentUrl":"https:\/\/palmerodespachante.uy\/wp-content\/litespeed\/avatar\/8e783966089c8fa82b27a6627fb956c2.jpg?ver=1776856630","caption":"Javier Palmero"}}]}},"jetpack_featured_media_url":"","_links":{"self":[{"href":"https:\/\/palmerodespachante.uy\/index.php\/wp-json\/wp\/v2\/posts\/1728","targetHints":{"allow":["GET"]}}],"collection":[{"href":"https:\/\/palmerodespachante.uy\/index.php\/wp-json\/wp\/v2\/posts"}],"about":[{"href":"https:\/\/palmerodespachante.uy\/index.php\/wp-json\/wp\/v2\/types\/post"}],"author":[{"embeddable":true,"href":"https:\/\/palmerodespachante.uy\/index.php\/wp-json\/wp\/v2\/users\/3"}],"replies":[{"embeddable":true,"href":"https:\/\/palmerodespachante.uy\/index.php\/wp-json\/wp\/v2\/comments?post=1728"}],"version-history":[{"count":1,"href":"https:\/\/palmerodespachante.uy\/index.php\/wp-json\/wp\/v2\/posts\/1728\/revisions"}],"predecessor-version":[{"id":1729,"href":"https:\/\/palmerodespachante.uy\/index.php\/wp-json\/wp\/v2\/posts\/1728\/revisions\/1729"}],"wp:attachment":[{"href":"https:\/\/palmerodespachante.uy\/index.php\/wp-json\/wp\/v2\/media?parent=1728"}],"wp:term":[{"taxonomy":"category","embeddable":true,"href":"https:\/\/palmerodespachante.uy\/index.php\/wp-json\/wp\/v2\/categories?post=1728"},{"taxonomy":"post_tag","embeddable":true,"href":"https:\/\/palmerodespachante.uy\/index.php\/wp-json\/wp\/v2\/tags?post=1728"}],"curies":[{"name":"wp","href":"https:\/\/api.w.org\/{rel}","templated":true}]}}