{"id":1725,"date":"2026-01-16T13:21:29","date_gmt":"2026-01-16T16:21:29","guid":{"rendered":"https:\/\/palmerodespachante.uy\/?p=1725"},"modified":"2026-01-16T13:21:30","modified_gmt":"2026-01-16T16:21:30","slug":"actividad-economica-confirma-su-enfriamiento","status":"publish","type":"post","link":"https:\/\/palmerodespachante.uy\/index.php\/2026\/01\/16\/actividad-economica-confirma-su-enfriamiento\/","title":{"rendered":"ACTIVIDAD ECON\u00d3MICA CONFIRMA SU ENFRIAMIENTO"},"content":{"rendered":"\n<p><strong>LA ACTIVIDAD ECON\u00d3MICA CONFIRMA SU ENFRIAMIENTO EN EL COMIENZO DEL A\u00d1O.<\/strong><\/p>\n\n\n\n<p>La actividad econ\u00f3mica muestra se\u00f1ales de desaceleraci\u00f3n al inicio del a\u00f1o, con indicadores adelantados que confirman un menor dinamismo respecto a meses anteriores, proyecciones de crecimiento ajustadas a la baja y un escenario en el que, m\u00e1s all\u00e1 del empuje estacional del verano, no emergen nuevos motores capaces de sostener una expansi\u00f3n m\u00e1s robusta. El \u00cdndice L\u00edder de Ceres (ILC), el indicador adelantado del nivel de actividad que elabora el Centro de Estudios de la Realidad Econ\u00f3mica y Social (Ceres), se mantuvo estable en diciembre, con una variaci\u00f3n mensual de 0,0%, y se consolida que la econom\u00eda ingresa a 2026 sin un impulso que apunte a una aceleraci\u00f3n del crecimiento. De acuerdo con el centro de estudios, el comportamiento del indicador refleja una trayectoria de enfriamiento que se viene observando desde mediados del a\u00f1o pasado y que condiciona las perspectivas para los pr\u00f3ximos meses. Desde mayo de 2025, el ILC ha mostrado se\u00f1ales consistentes de desaceleraci\u00f3n. Mientras que en el primer semestre la tasa promedio mensual fue de 0,12%, en el segundo semestre se redujo a 0,05%, evidenciando una p\u00e9rdida de tracci\u00f3n en la actividad. (\u00c1mbito Financiero)<\/p>\n","protected":false},"excerpt":{"rendered":"<p>LA ACTIVIDAD ECON\u00d3MICA CONFIRMA SU ENFRIAMIENTO EN EL COMIENZO DEL A\u00d1O. La actividad econ\u00f3mica muestra se\u00f1ales de desaceleraci\u00f3n al inicio del a\u00f1o, con indicadores adelantados que confirman un menor dinamismo respecto a meses anteriores, proyecciones de crecimiento ajustadas a la baja y un escenario en el que, m\u00e1s all\u00e1 del empuje estacional del verano, no [&hellip;]<\/p>\n","protected":false},"author":3,"featured_media":0,"comment_status":"open","ping_status":"open","sticky":false,"template":"","format":"standard","meta":{"_joinchat":[],"footnotes":""},"categories":[37],"tags":[],"class_list":{"0":"post-1725","1":"post","2":"type-post","3":"status-publish","4":"format-standard","6":"category-noticias"},"yoast_head":"<!-- This site is optimized with the Yoast SEO plugin v27.4 - https:\/\/yoast.com\/product\/yoast-seo-wordpress\/ -->\n<title>ACTIVIDAD ECON\u00d3MICA CONFIRMA SU ENFRIAMIENTO - Palmero Despachante de Aduana<\/title>\n<meta name=\"robots\" content=\"noindex, follow\" \/>\n<meta property=\"og:locale\" content=\"es_ES\" \/>\n<meta property=\"og:type\" content=\"article\" \/>\n<meta property=\"og:title\" content=\"ACTIVIDAD ECON\u00d3MICA CONFIRMA SU ENFRIAMIENTO - Palmero Despachante de Aduana\" \/>\n<meta property=\"og:description\" content=\"LA ACTIVIDAD ECON\u00d3MICA CONFIRMA SU ENFRIAMIENTO EN EL COMIENZO DEL A\u00d1O. La actividad econ\u00f3mica muestra se\u00f1ales de desaceleraci\u00f3n al inicio del a\u00f1o, con indicadores adelantados que confirman un menor dinamismo respecto a meses anteriores, proyecciones de crecimiento ajustadas a la baja y un escenario en el que, m\u00e1s all\u00e1 del empuje estacional del verano, no [&hellip;]\" \/>\n<meta property=\"og:url\" content=\"https:\/\/palmerodespachante.uy\/index.php\/2026\/01\/16\/actividad-economica-confirma-su-enfriamiento\/\" \/>\n<meta property=\"og:site_name\" content=\"Palmero Despachante de Aduana\" \/>\n<meta property=\"article:publisher\" content=\"https:\/\/www.facebook.com\/despachantedeaduana.palmero?hc_ref=ARQPWzEmqFz3O_9qTlrxPP6NW-Vf1b4-iJdwH7XdkuWdfarefzfPyjY7DGBCye4mnJs\" \/>\n<meta property=\"article:published_time\" content=\"2026-01-16T16:21:29+00:00\" \/>\n<meta property=\"article:modified_time\" content=\"2026-01-16T16:21:30+00:00\" \/>\n<meta name=\"author\" content=\"Javier Palmero\" \/>\n<meta name=\"twitter:card\" content=\"summary_large_image\" \/>\n<meta name=\"twitter:label1\" content=\"Escrito por\" \/>\n\t<meta name=\"twitter:data1\" content=\"Javier Palmero\" \/>\n\t<meta name=\"twitter:label2\" content=\"Tiempo de lectura\" \/>\n\t<meta name=\"twitter:data2\" content=\"1 minuto\" \/>\n<script type=\"application\/ld+json\" class=\"yoast-schema-graph\">{\"@context\":\"https:\\\/\\\/schema.org\",\"@graph\":[{\"@type\":\"Article\",\"@id\":\"https:\\\/\\\/palmerodespachante.uy\\\/index.php\\\/2026\\\/01\\\/16\\\/actividad-economica-confirma-su-enfriamiento\\\/#article\",\"isPartOf\":{\"@id\":\"https:\\\/\\\/palmerodespachante.uy\\\/index.php\\\/2026\\\/01\\\/16\\\/actividad-economica-confirma-su-enfriamiento\\\/\"},\"author\":{\"name\":\"Javier Palmero\",\"@id\":\"https:\\\/\\\/palmerodespachante.uy\\\/#\\\/schema\\\/person\\\/9eabdcdc87fc74d275cc2faf2ce2f732\"},\"headline\":\"ACTIVIDAD ECON\u00d3MICA CONFIRMA SU ENFRIAMIENTO\",\"datePublished\":\"2026-01-16T16:21:29+00:00\",\"dateModified\":\"2026-01-16T16:21:30+00:00\",\"mainEntityOfPage\":{\"@id\":\"https:\\\/\\\/palmerodespachante.uy\\\/index.php\\\/2026\\\/01\\\/16\\\/actividad-economica-confirma-su-enfriamiento\\\/\"},\"wordCount\":219,\"commentCount\":0,\"publisher\":{\"@id\":\"https:\\\/\\\/palmerodespachante.uy\\\/#organization\"},\"articleSection\":[\"Noticias\"],\"inLanguage\":\"es\",\"potentialAction\":[{\"@type\":\"CommentAction\",\"name\":\"Comment\",\"target\":[\"https:\\\/\\\/palmerodespachante.uy\\\/index.php\\\/2026\\\/01\\\/16\\\/actividad-economica-confirma-su-enfriamiento\\\/#respond\"]}]},{\"@type\":\"WebPage\",\"@id\":\"https:\\\/\\\/palmerodespachante.uy\\\/index.php\\\/2026\\\/01\\\/16\\\/actividad-economica-confirma-su-enfriamiento\\\/\",\"url\":\"https:\\\/\\\/palmerodespachante.uy\\\/index.php\\\/2026\\\/01\\\/16\\\/actividad-economica-confirma-su-enfriamiento\\\/\",\"name\":\"ACTIVIDAD ECON\u00d3MICA CONFIRMA SU ENFRIAMIENTO - Palmero Despachante de Aduana\",\"isPartOf\":{\"@id\":\"https:\\\/\\\/palmerodespachante.uy\\\/#website\"},\"datePublished\":\"2026-01-16T16:21:29+00:00\",\"dateModified\":\"2026-01-16T16:21:30+00:00\",\"breadcrumb\":{\"@id\":\"https:\\\/\\\/palmerodespachante.uy\\\/index.php\\\/2026\\\/01\\\/16\\\/actividad-economica-confirma-su-enfriamiento\\\/#breadcrumb\"},\"inLanguage\":\"es\",\"potentialAction\":[{\"@type\":\"ReadAction\",\"target\":[\"https:\\\/\\\/palmerodespachante.uy\\\/index.php\\\/2026\\\/01\\\/16\\\/actividad-economica-confirma-su-enfriamiento\\\/\"]}]},{\"@type\":\"BreadcrumbList\",\"@id\":\"https:\\\/\\\/palmerodespachante.uy\\\/index.php\\\/2026\\\/01\\\/16\\\/actividad-economica-confirma-su-enfriamiento\\\/#breadcrumb\",\"itemListElement\":[{\"@type\":\"ListItem\",\"position\":1,\"name\":\"Portada\",\"item\":\"https:\\\/\\\/palmerodespachante.uy\\\/\"},{\"@type\":\"ListItem\",\"position\":2,\"name\":\"ACTIVIDAD ECON\u00d3MICA CONFIRMA SU ENFRIAMIENTO\"}]},{\"@type\":\"WebSite\",\"@id\":\"https:\\\/\\\/palmerodespachante.uy\\\/#website\",\"url\":\"https:\\\/\\\/palmerodespachante.uy\\\/\",\"name\":\"Palmero Despachante de Aduana\",\"description\":\"Importaci\u00f3n, Exportaci\u00f3n, Tr\u00e1nsito\",\"publisher\":{\"@id\":\"https:\\\/\\\/palmerodespachante.uy\\\/#organization\"},\"potentialAction\":[{\"@type\":\"SearchAction\",\"target\":{\"@type\":\"EntryPoint\",\"urlTemplate\":\"https:\\\/\\\/palmerodespachante.uy\\\/?s={search_term_string}\"},\"query-input\":{\"@type\":\"PropertyValueSpecification\",\"valueRequired\":true,\"valueName\":\"search_term_string\"}}],\"inLanguage\":\"es\"},{\"@type\":\"Organization\",\"@id\":\"https:\\\/\\\/palmerodespachante.uy\\\/#organization\",\"name\":\"Palmero Despachante de Aduanas\",\"url\":\"https:\\\/\\\/palmerodespachante.uy\\\/\",\"logo\":{\"@type\":\"ImageObject\",\"inLanguage\":\"es\",\"@id\":\"https:\\\/\\\/palmerodespachante.uy\\\/#\\\/schema\\\/logo\\\/image\\\/\",\"url\":\"https:\\\/\\\/palmerodespachante.uy\\\/wp-content\\\/uploads\\\/2018\\\/08\\\/Logo-144.png\",\"contentUrl\":\"https:\\\/\\\/palmerodespachante.uy\\\/wp-content\\\/uploads\\\/2018\\\/08\\\/Logo-144.png\",\"width\":144,\"height\":144,\"caption\":\"Palmero Despachante de Aduanas\"},\"image\":{\"@id\":\"https:\\\/\\\/palmerodespachante.uy\\\/#\\\/schema\\\/logo\\\/image\\\/\"},\"sameAs\":[\"https:\\\/\\\/www.facebook.com\\\/despachantedeaduana.palmero?hc_ref=ARQPWzEmqFz3O_9qTlrxPP6NW-Vf1b4-iJdwH7XdkuWdfarefzfPyjY7DGBCye4mnJs\",\"https:\\\/\\\/www.linkedin.com\\\/company\\\/despachante-de-aduana-palmero\\\/\"]},{\"@type\":\"Person\",\"@id\":\"https:\\\/\\\/palmerodespachante.uy\\\/#\\\/schema\\\/person\\\/9eabdcdc87fc74d275cc2faf2ce2f732\",\"name\":\"Javier Palmero\",\"image\":{\"@type\":\"ImageObject\",\"inLanguage\":\"es\",\"@id\":\"https:\\\/\\\/palmerodespachante.uy\\\/wp-content\\\/litespeed\\\/avatar\\\/8e783966089c8fa82b27a6627fb956c2.jpg?ver=1776856630\",\"url\":\"https:\\\/\\\/palmerodespachante.uy\\\/wp-content\\\/litespeed\\\/avatar\\\/8e783966089c8fa82b27a6627fb956c2.jpg?ver=1776856630\",\"contentUrl\":\"https:\\\/\\\/palmerodespachante.uy\\\/wp-content\\\/litespeed\\\/avatar\\\/8e783966089c8fa82b27a6627fb956c2.jpg?ver=1776856630\",\"caption\":\"Javier Palmero\"}}]}<\/script>\n<!-- \/ Yoast SEO plugin. -->","yoast_head_json":{"title":"ACTIVIDAD ECON\u00d3MICA CONFIRMA SU ENFRIAMIENTO - Palmero Despachante de Aduana","robots":{"index":"noindex","follow":"follow"},"og_locale":"es_ES","og_type":"article","og_title":"ACTIVIDAD ECON\u00d3MICA CONFIRMA SU ENFRIAMIENTO - Palmero Despachante de Aduana","og_description":"LA ACTIVIDAD ECON\u00d3MICA CONFIRMA SU ENFRIAMIENTO EN EL COMIENZO DEL A\u00d1O. La actividad econ\u00f3mica muestra se\u00f1ales de desaceleraci\u00f3n al inicio del a\u00f1o, con indicadores adelantados que confirman un menor dinamismo respecto a meses anteriores, proyecciones de crecimiento ajustadas a la baja y un escenario en el que, m\u00e1s all\u00e1 del empuje estacional del verano, no [&hellip;]","og_url":"https:\/\/palmerodespachante.uy\/index.php\/2026\/01\/16\/actividad-economica-confirma-su-enfriamiento\/","og_site_name":"Palmero Despachante de Aduana","article_publisher":"https:\/\/www.facebook.com\/despachantedeaduana.palmero?hc_ref=ARQPWzEmqFz3O_9qTlrxPP6NW-Vf1b4-iJdwH7XdkuWdfarefzfPyjY7DGBCye4mnJs","article_published_time":"2026-01-16T16:21:29+00:00","article_modified_time":"2026-01-16T16:21:30+00:00","author":"Javier Palmero","twitter_card":"summary_large_image","twitter_misc":{"Escrito por":"Javier Palmero","Tiempo de lectura":"1 minuto"},"schema":{"@context":"https:\/\/schema.org","@graph":[{"@type":"Article","@id":"https:\/\/palmerodespachante.uy\/index.php\/2026\/01\/16\/actividad-economica-confirma-su-enfriamiento\/#article","isPartOf":{"@id":"https:\/\/palmerodespachante.uy\/index.php\/2026\/01\/16\/actividad-economica-confirma-su-enfriamiento\/"},"author":{"name":"Javier Palmero","@id":"https:\/\/palmerodespachante.uy\/#\/schema\/person\/9eabdcdc87fc74d275cc2faf2ce2f732"},"headline":"ACTIVIDAD ECON\u00d3MICA CONFIRMA SU ENFRIAMIENTO","datePublished":"2026-01-16T16:21:29+00:00","dateModified":"2026-01-16T16:21:30+00:00","mainEntityOfPage":{"@id":"https:\/\/palmerodespachante.uy\/index.php\/2026\/01\/16\/actividad-economica-confirma-su-enfriamiento\/"},"wordCount":219,"commentCount":0,"publisher":{"@id":"https:\/\/palmerodespachante.uy\/#organization"},"articleSection":["Noticias"],"inLanguage":"es","potentialAction":[{"@type":"CommentAction","name":"Comment","target":["https:\/\/palmerodespachante.uy\/index.php\/2026\/01\/16\/actividad-economica-confirma-su-enfriamiento\/#respond"]}]},{"@type":"WebPage","@id":"https:\/\/palmerodespachante.uy\/index.php\/2026\/01\/16\/actividad-economica-confirma-su-enfriamiento\/","url":"https:\/\/palmerodespachante.uy\/index.php\/2026\/01\/16\/actividad-economica-confirma-su-enfriamiento\/","name":"ACTIVIDAD ECON\u00d3MICA CONFIRMA SU ENFRIAMIENTO - Palmero Despachante de Aduana","isPartOf":{"@id":"https:\/\/palmerodespachante.uy\/#website"},"datePublished":"2026-01-16T16:21:29+00:00","dateModified":"2026-01-16T16:21:30+00:00","breadcrumb":{"@id":"https:\/\/palmerodespachante.uy\/index.php\/2026\/01\/16\/actividad-economica-confirma-su-enfriamiento\/#breadcrumb"},"inLanguage":"es","potentialAction":[{"@type":"ReadAction","target":["https:\/\/palmerodespachante.uy\/index.php\/2026\/01\/16\/actividad-economica-confirma-su-enfriamiento\/"]}]},{"@type":"BreadcrumbList","@id":"https:\/\/palmerodespachante.uy\/index.php\/2026\/01\/16\/actividad-economica-confirma-su-enfriamiento\/#breadcrumb","itemListElement":[{"@type":"ListItem","position":1,"name":"Portada","item":"https:\/\/palmerodespachante.uy\/"},{"@type":"ListItem","position":2,"name":"ACTIVIDAD ECON\u00d3MICA CONFIRMA SU ENFRIAMIENTO"}]},{"@type":"WebSite","@id":"https:\/\/palmerodespachante.uy\/#website","url":"https:\/\/palmerodespachante.uy\/","name":"Palmero Despachante de Aduana","description":"Importaci\u00f3n, Exportaci\u00f3n, Tr\u00e1nsito","publisher":{"@id":"https:\/\/palmerodespachante.uy\/#organization"},"potentialAction":[{"@type":"SearchAction","target":{"@type":"EntryPoint","urlTemplate":"https:\/\/palmerodespachante.uy\/?s={search_term_string}"},"query-input":{"@type":"PropertyValueSpecification","valueRequired":true,"valueName":"search_term_string"}}],"inLanguage":"es"},{"@type":"Organization","@id":"https:\/\/palmerodespachante.uy\/#organization","name":"Palmero Despachante de Aduanas","url":"https:\/\/palmerodespachante.uy\/","logo":{"@type":"ImageObject","inLanguage":"es","@id":"https:\/\/palmerodespachante.uy\/#\/schema\/logo\/image\/","url":"https:\/\/palmerodespachante.uy\/wp-content\/uploads\/2018\/08\/Logo-144.png","contentUrl":"https:\/\/palmerodespachante.uy\/wp-content\/uploads\/2018\/08\/Logo-144.png","width":144,"height":144,"caption":"Palmero Despachante de Aduanas"},"image":{"@id":"https:\/\/palmerodespachante.uy\/#\/schema\/logo\/image\/"},"sameAs":["https:\/\/www.facebook.com\/despachantedeaduana.palmero?hc_ref=ARQPWzEmqFz3O_9qTlrxPP6NW-Vf1b4-iJdwH7XdkuWdfarefzfPyjY7DGBCye4mnJs","https:\/\/www.linkedin.com\/company\/despachante-de-aduana-palmero\/"]},{"@type":"Person","@id":"https:\/\/palmerodespachante.uy\/#\/schema\/person\/9eabdcdc87fc74d275cc2faf2ce2f732","name":"Javier Palmero","image":{"@type":"ImageObject","inLanguage":"es","@id":"https:\/\/palmerodespachante.uy\/wp-content\/litespeed\/avatar\/8e783966089c8fa82b27a6627fb956c2.jpg?ver=1776856630","url":"https:\/\/palmerodespachante.uy\/wp-content\/litespeed\/avatar\/8e783966089c8fa82b27a6627fb956c2.jpg?ver=1776856630","contentUrl":"https:\/\/palmerodespachante.uy\/wp-content\/litespeed\/avatar\/8e783966089c8fa82b27a6627fb956c2.jpg?ver=1776856630","caption":"Javier Palmero"}}]}},"jetpack_featured_media_url":"","_links":{"self":[{"href":"https:\/\/palmerodespachante.uy\/index.php\/wp-json\/wp\/v2\/posts\/1725","targetHints":{"allow":["GET"]}}],"collection":[{"href":"https:\/\/palmerodespachante.uy\/index.php\/wp-json\/wp\/v2\/posts"}],"about":[{"href":"https:\/\/palmerodespachante.uy\/index.php\/wp-json\/wp\/v2\/types\/post"}],"author":[{"embeddable":true,"href":"https:\/\/palmerodespachante.uy\/index.php\/wp-json\/wp\/v2\/users\/3"}],"replies":[{"embeddable":true,"href":"https:\/\/palmerodespachante.uy\/index.php\/wp-json\/wp\/v2\/comments?post=1725"}],"version-history":[{"count":1,"href":"https:\/\/palmerodespachante.uy\/index.php\/wp-json\/wp\/v2\/posts\/1725\/revisions"}],"predecessor-version":[{"id":1726,"href":"https:\/\/palmerodespachante.uy\/index.php\/wp-json\/wp\/v2\/posts\/1725\/revisions\/1726"}],"wp:attachment":[{"href":"https:\/\/palmerodespachante.uy\/index.php\/wp-json\/wp\/v2\/media?parent=1725"}],"wp:term":[{"taxonomy":"category","embeddable":true,"href":"https:\/\/palmerodespachante.uy\/index.php\/wp-json\/wp\/v2\/categories?post=1725"},{"taxonomy":"post_tag","embeddable":true,"href":"https:\/\/palmerodespachante.uy\/index.php\/wp-json\/wp\/v2\/tags?post=1725"}],"curies":[{"name":"wp","href":"https:\/\/api.w.org\/{rel}","templated":true}]}}