{"id":1722,"date":"2026-01-09T14:36:21","date_gmt":"2026-01-09T17:36:21","guid":{"rendered":"https:\/\/palmerodespachante.uy\/?p=1722"},"modified":"2026-01-09T14:36:22","modified_gmt":"2026-01-09T17:36:22","slug":"comienza-a-regir-nueva-ley-que-actualiza-la-licencia-por-paternidad-sus-principales-cambios","status":"publish","type":"post","link":"https:\/\/palmerodespachante.uy\/index.php\/2026\/01\/09\/comienza-a-regir-nueva-ley-que-actualiza-la-licencia-por-paternidad-sus-principales-cambios\/","title":{"rendered":"COMIENZA A REGIR NUEVA LEY QUE ACTUALIZA LA LICENCIA POR PATERNIDAD: SUS PRINCIPALES CAMBIOS."},"content":{"rendered":"\n<p>A partir de enero de 2026 comenz\u00f3 a regir la extensi\u00f3n de la licencia por paternidad, en cumplimiento de una ley impulsada por los diputados Mar\u00eda Eugenia Rosell\u00f3 (Partido Colorado) y Pedro Jisdonian (Partido Nacional), que fue aprobada por unanimidad en ambas C\u00e1maras del Parlamento en 2024. Con la entrada en vigencia de la norma, los trabajadores de la actividad privada -dependientes y no dependientes- y los funcionarios p\u00fablicos de la Administraci\u00f3n Central tendr\u00e1n derecho a 20 d\u00edas corridos de licencia paternal, ampliando el per\u00edodo disponible para acompa\u00f1ar a sus hijos durante sus primeros d\u00edas de vida. En el caso de los funcionarios p\u00fablicos, la ley habilita a optar entre el r\u00e9gimen anterior de 10 d\u00edas h\u00e1biles o el nuevo esquema de 20 d\u00edas corridos, pudiendo elegir la alternativa que resulte m\u00e1s conveniente. Hasta el momento, los trabajadores contaban con un total de 13 d\u00edas corridos de licencia por paternidad, (aunque la nueva ley hab\u00eda establecido en los \u00faltimos meses un per\u00edodo de transici\u00f3n, con licencias de 15 o 17 d\u00edas). La norma incorpora adem\u00e1s el denominado fuero paternal. A partir de esto los trabajadores que regresen de una licencia por paternidad, adopci\u00f3n o legitimaci\u00f3n adoptiva no podr\u00e1n ser despedidos durante los 30 d\u00edas posteriores a su reincorporaci\u00f3n. En caso de que el despido se produzca dentro de ese plazo, la ley establece una indemnizaci\u00f3n especial equivalente a tres salarios, que se suma a las compensaciones habituales previstas por despido. (El Observador)<\/p>\n","protected":false},"excerpt":{"rendered":"<p>A partir de enero de 2026 comenz\u00f3 a regir la extensi\u00f3n de la licencia por paternidad, en cumplimiento de una ley impulsada por los diputados Mar\u00eda Eugenia Rosell\u00f3 (Partido Colorado) y Pedro Jisdonian (Partido Nacional), que fue aprobada por unanimidad en ambas C\u00e1maras del Parlamento en 2024. Con la entrada en vigencia de la norma, [&hellip;]<\/p>\n","protected":false},"author":3,"featured_media":0,"comment_status":"open","ping_status":"open","sticky":false,"template":"","format":"standard","meta":{"_joinchat":[],"footnotes":""},"categories":[37],"tags":[],"class_list":{"0":"post-1722","1":"post","2":"type-post","3":"status-publish","4":"format-standard","6":"category-noticias"},"yoast_head":"<!-- This site is optimized with the Yoast SEO plugin v27.4 - https:\/\/yoast.com\/product\/yoast-seo-wordpress\/ -->\n<title>COMIENZA A REGIR NUEVA LEY QUE ACTUALIZA LA LICENCIA POR PATERNIDAD: SUS PRINCIPALES CAMBIOS. - Palmero Despachante de Aduana<\/title>\n<meta name=\"robots\" content=\"noindex, follow\" \/>\n<meta property=\"og:locale\" content=\"es_ES\" \/>\n<meta property=\"og:type\" content=\"article\" \/>\n<meta property=\"og:title\" content=\"COMIENZA A REGIR NUEVA LEY QUE ACTUALIZA LA LICENCIA POR PATERNIDAD: SUS PRINCIPALES CAMBIOS. - Palmero Despachante de Aduana\" \/>\n<meta property=\"og:description\" content=\"A partir de enero de 2026 comenz\u00f3 a regir la extensi\u00f3n de la licencia por paternidad, en cumplimiento de una ley impulsada por los diputados Mar\u00eda Eugenia Rosell\u00f3 (Partido Colorado) y Pedro Jisdonian (Partido Nacional), que fue aprobada por unanimidad en ambas C\u00e1maras del Parlamento en 2024. Con la entrada en vigencia de la norma, [&hellip;]\" \/>\n<meta property=\"og:url\" content=\"https:\/\/palmerodespachante.uy\/index.php\/2026\/01\/09\/comienza-a-regir-nueva-ley-que-actualiza-la-licencia-por-paternidad-sus-principales-cambios\/\" \/>\n<meta property=\"og:site_name\" content=\"Palmero Despachante de Aduana\" \/>\n<meta property=\"article:publisher\" content=\"https:\/\/www.facebook.com\/despachantedeaduana.palmero?hc_ref=ARQPWzEmqFz3O_9qTlrxPP6NW-Vf1b4-iJdwH7XdkuWdfarefzfPyjY7DGBCye4mnJs\" \/>\n<meta property=\"article:published_time\" content=\"2026-01-09T17:36:21+00:00\" \/>\n<meta property=\"article:modified_time\" content=\"2026-01-09T17:36:22+00:00\" \/>\n<meta name=\"author\" content=\"Javier Palmero\" \/>\n<meta name=\"twitter:card\" content=\"summary_large_image\" \/>\n<meta name=\"twitter:label1\" content=\"Escrito por\" \/>\n\t<meta name=\"twitter:data1\" content=\"Javier Palmero\" \/>\n\t<meta name=\"twitter:label2\" content=\"Tiempo de lectura\" \/>\n\t<meta name=\"twitter:data2\" content=\"2 minutos\" \/>\n<script type=\"application\/ld+json\" class=\"yoast-schema-graph\">{\"@context\":\"https:\\\/\\\/schema.org\",\"@graph\":[{\"@type\":\"Article\",\"@id\":\"https:\\\/\\\/palmerodespachante.uy\\\/index.php\\\/2026\\\/01\\\/09\\\/comienza-a-regir-nueva-ley-que-actualiza-la-licencia-por-paternidad-sus-principales-cambios\\\/#article\",\"isPartOf\":{\"@id\":\"https:\\\/\\\/palmerodespachante.uy\\\/index.php\\\/2026\\\/01\\\/09\\\/comienza-a-regir-nueva-ley-que-actualiza-la-licencia-por-paternidad-sus-principales-cambios\\\/\"},\"author\":{\"name\":\"Javier Palmero\",\"@id\":\"https:\\\/\\\/palmerodespachante.uy\\\/#\\\/schema\\\/person\\\/9eabdcdc87fc74d275cc2faf2ce2f732\"},\"headline\":\"COMIENZA A REGIR NUEVA LEY QUE ACTUALIZA LA LICENCIA POR PATERNIDAD: SUS PRINCIPALES CAMBIOS.\",\"datePublished\":\"2026-01-09T17:36:21+00:00\",\"dateModified\":\"2026-01-09T17:36:22+00:00\",\"mainEntityOfPage\":{\"@id\":\"https:\\\/\\\/palmerodespachante.uy\\\/index.php\\\/2026\\\/01\\\/09\\\/comienza-a-regir-nueva-ley-que-actualiza-la-licencia-por-paternidad-sus-principales-cambios\\\/\"},\"wordCount\":275,\"commentCount\":0,\"publisher\":{\"@id\":\"https:\\\/\\\/palmerodespachante.uy\\\/#organization\"},\"articleSection\":[\"Noticias\"],\"inLanguage\":\"es\",\"potentialAction\":[{\"@type\":\"CommentAction\",\"name\":\"Comment\",\"target\":[\"https:\\\/\\\/palmerodespachante.uy\\\/index.php\\\/2026\\\/01\\\/09\\\/comienza-a-regir-nueva-ley-que-actualiza-la-licencia-por-paternidad-sus-principales-cambios\\\/#respond\"]}]},{\"@type\":\"WebPage\",\"@id\":\"https:\\\/\\\/palmerodespachante.uy\\\/index.php\\\/2026\\\/01\\\/09\\\/comienza-a-regir-nueva-ley-que-actualiza-la-licencia-por-paternidad-sus-principales-cambios\\\/\",\"url\":\"https:\\\/\\\/palmerodespachante.uy\\\/index.php\\\/2026\\\/01\\\/09\\\/comienza-a-regir-nueva-ley-que-actualiza-la-licencia-por-paternidad-sus-principales-cambios\\\/\",\"name\":\"COMIENZA A REGIR NUEVA LEY QUE ACTUALIZA LA LICENCIA POR PATERNIDAD: SUS PRINCIPALES CAMBIOS. - Palmero Despachante de Aduana\",\"isPartOf\":{\"@id\":\"https:\\\/\\\/palmerodespachante.uy\\\/#website\"},\"datePublished\":\"2026-01-09T17:36:21+00:00\",\"dateModified\":\"2026-01-09T17:36:22+00:00\",\"breadcrumb\":{\"@id\":\"https:\\\/\\\/palmerodespachante.uy\\\/index.php\\\/2026\\\/01\\\/09\\\/comienza-a-regir-nueva-ley-que-actualiza-la-licencia-por-paternidad-sus-principales-cambios\\\/#breadcrumb\"},\"inLanguage\":\"es\",\"potentialAction\":[{\"@type\":\"ReadAction\",\"target\":[\"https:\\\/\\\/palmerodespachante.uy\\\/index.php\\\/2026\\\/01\\\/09\\\/comienza-a-regir-nueva-ley-que-actualiza-la-licencia-por-paternidad-sus-principales-cambios\\\/\"]}]},{\"@type\":\"BreadcrumbList\",\"@id\":\"https:\\\/\\\/palmerodespachante.uy\\\/index.php\\\/2026\\\/01\\\/09\\\/comienza-a-regir-nueva-ley-que-actualiza-la-licencia-por-paternidad-sus-principales-cambios\\\/#breadcrumb\",\"itemListElement\":[{\"@type\":\"ListItem\",\"position\":1,\"name\":\"Portada\",\"item\":\"https:\\\/\\\/palmerodespachante.uy\\\/\"},{\"@type\":\"ListItem\",\"position\":2,\"name\":\"COMIENZA A REGIR NUEVA LEY QUE ACTUALIZA LA LICENCIA POR PATERNIDAD: SUS PRINCIPALES CAMBIOS.\"}]},{\"@type\":\"WebSite\",\"@id\":\"https:\\\/\\\/palmerodespachante.uy\\\/#website\",\"url\":\"https:\\\/\\\/palmerodespachante.uy\\\/\",\"name\":\"Palmero Despachante de Aduana\",\"description\":\"Importaci\u00f3n, Exportaci\u00f3n, Tr\u00e1nsito\",\"publisher\":{\"@id\":\"https:\\\/\\\/palmerodespachante.uy\\\/#organization\"},\"potentialAction\":[{\"@type\":\"SearchAction\",\"target\":{\"@type\":\"EntryPoint\",\"urlTemplate\":\"https:\\\/\\\/palmerodespachante.uy\\\/?s={search_term_string}\"},\"query-input\":{\"@type\":\"PropertyValueSpecification\",\"valueRequired\":true,\"valueName\":\"search_term_string\"}}],\"inLanguage\":\"es\"},{\"@type\":\"Organization\",\"@id\":\"https:\\\/\\\/palmerodespachante.uy\\\/#organization\",\"name\":\"Palmero Despachante de Aduanas\",\"url\":\"https:\\\/\\\/palmerodespachante.uy\\\/\",\"logo\":{\"@type\":\"ImageObject\",\"inLanguage\":\"es\",\"@id\":\"https:\\\/\\\/palmerodespachante.uy\\\/#\\\/schema\\\/logo\\\/image\\\/\",\"url\":\"https:\\\/\\\/palmerodespachante.uy\\\/wp-content\\\/uploads\\\/2018\\\/08\\\/Logo-144.png\",\"contentUrl\":\"https:\\\/\\\/palmerodespachante.uy\\\/wp-content\\\/uploads\\\/2018\\\/08\\\/Logo-144.png\",\"width\":144,\"height\":144,\"caption\":\"Palmero Despachante de Aduanas\"},\"image\":{\"@id\":\"https:\\\/\\\/palmerodespachante.uy\\\/#\\\/schema\\\/logo\\\/image\\\/\"},\"sameAs\":[\"https:\\\/\\\/www.facebook.com\\\/despachantedeaduana.palmero?hc_ref=ARQPWzEmqFz3O_9qTlrxPP6NW-Vf1b4-iJdwH7XdkuWdfarefzfPyjY7DGBCye4mnJs\",\"https:\\\/\\\/www.linkedin.com\\\/company\\\/despachante-de-aduana-palmero\\\/\"]},{\"@type\":\"Person\",\"@id\":\"https:\\\/\\\/palmerodespachante.uy\\\/#\\\/schema\\\/person\\\/9eabdcdc87fc74d275cc2faf2ce2f732\",\"name\":\"Javier Palmero\",\"image\":{\"@type\":\"ImageObject\",\"inLanguage\":\"es\",\"@id\":\"https:\\\/\\\/palmerodespachante.uy\\\/wp-content\\\/litespeed\\\/avatar\\\/8e783966089c8fa82b27a6627fb956c2.jpg?ver=1776856630\",\"url\":\"https:\\\/\\\/palmerodespachante.uy\\\/wp-content\\\/litespeed\\\/avatar\\\/8e783966089c8fa82b27a6627fb956c2.jpg?ver=1776856630\",\"contentUrl\":\"https:\\\/\\\/palmerodespachante.uy\\\/wp-content\\\/litespeed\\\/avatar\\\/8e783966089c8fa82b27a6627fb956c2.jpg?ver=1776856630\",\"caption\":\"Javier Palmero\"}}]}<\/script>\n<!-- \/ Yoast SEO plugin. -->","yoast_head_json":{"title":"COMIENZA A REGIR NUEVA LEY QUE ACTUALIZA LA LICENCIA POR PATERNIDAD: SUS PRINCIPALES CAMBIOS. - Palmero Despachante de Aduana","robots":{"index":"noindex","follow":"follow"},"og_locale":"es_ES","og_type":"article","og_title":"COMIENZA A REGIR NUEVA LEY QUE ACTUALIZA LA LICENCIA POR PATERNIDAD: SUS PRINCIPALES CAMBIOS. - Palmero Despachante de Aduana","og_description":"A partir de enero de 2026 comenz\u00f3 a regir la extensi\u00f3n de la licencia por paternidad, en cumplimiento de una ley impulsada por los diputados Mar\u00eda Eugenia Rosell\u00f3 (Partido Colorado) y Pedro Jisdonian (Partido Nacional), que fue aprobada por unanimidad en ambas C\u00e1maras del Parlamento en 2024. Con la entrada en vigencia de la norma, [&hellip;]","og_url":"https:\/\/palmerodespachante.uy\/index.php\/2026\/01\/09\/comienza-a-regir-nueva-ley-que-actualiza-la-licencia-por-paternidad-sus-principales-cambios\/","og_site_name":"Palmero Despachante de Aduana","article_publisher":"https:\/\/www.facebook.com\/despachantedeaduana.palmero?hc_ref=ARQPWzEmqFz3O_9qTlrxPP6NW-Vf1b4-iJdwH7XdkuWdfarefzfPyjY7DGBCye4mnJs","article_published_time":"2026-01-09T17:36:21+00:00","article_modified_time":"2026-01-09T17:36:22+00:00","author":"Javier Palmero","twitter_card":"summary_large_image","twitter_misc":{"Escrito por":"Javier Palmero","Tiempo de lectura":"2 minutos"},"schema":{"@context":"https:\/\/schema.org","@graph":[{"@type":"Article","@id":"https:\/\/palmerodespachante.uy\/index.php\/2026\/01\/09\/comienza-a-regir-nueva-ley-que-actualiza-la-licencia-por-paternidad-sus-principales-cambios\/#article","isPartOf":{"@id":"https:\/\/palmerodespachante.uy\/index.php\/2026\/01\/09\/comienza-a-regir-nueva-ley-que-actualiza-la-licencia-por-paternidad-sus-principales-cambios\/"},"author":{"name":"Javier Palmero","@id":"https:\/\/palmerodespachante.uy\/#\/schema\/person\/9eabdcdc87fc74d275cc2faf2ce2f732"},"headline":"COMIENZA A REGIR NUEVA LEY QUE ACTUALIZA LA LICENCIA POR PATERNIDAD: SUS PRINCIPALES CAMBIOS.","datePublished":"2026-01-09T17:36:21+00:00","dateModified":"2026-01-09T17:36:22+00:00","mainEntityOfPage":{"@id":"https:\/\/palmerodespachante.uy\/index.php\/2026\/01\/09\/comienza-a-regir-nueva-ley-que-actualiza-la-licencia-por-paternidad-sus-principales-cambios\/"},"wordCount":275,"commentCount":0,"publisher":{"@id":"https:\/\/palmerodespachante.uy\/#organization"},"articleSection":["Noticias"],"inLanguage":"es","potentialAction":[{"@type":"CommentAction","name":"Comment","target":["https:\/\/palmerodespachante.uy\/index.php\/2026\/01\/09\/comienza-a-regir-nueva-ley-que-actualiza-la-licencia-por-paternidad-sus-principales-cambios\/#respond"]}]},{"@type":"WebPage","@id":"https:\/\/palmerodespachante.uy\/index.php\/2026\/01\/09\/comienza-a-regir-nueva-ley-que-actualiza-la-licencia-por-paternidad-sus-principales-cambios\/","url":"https:\/\/palmerodespachante.uy\/index.php\/2026\/01\/09\/comienza-a-regir-nueva-ley-que-actualiza-la-licencia-por-paternidad-sus-principales-cambios\/","name":"COMIENZA A REGIR NUEVA LEY QUE ACTUALIZA LA LICENCIA POR PATERNIDAD: SUS PRINCIPALES CAMBIOS. - Palmero Despachante de Aduana","isPartOf":{"@id":"https:\/\/palmerodespachante.uy\/#website"},"datePublished":"2026-01-09T17:36:21+00:00","dateModified":"2026-01-09T17:36:22+00:00","breadcrumb":{"@id":"https:\/\/palmerodespachante.uy\/index.php\/2026\/01\/09\/comienza-a-regir-nueva-ley-que-actualiza-la-licencia-por-paternidad-sus-principales-cambios\/#breadcrumb"},"inLanguage":"es","potentialAction":[{"@type":"ReadAction","target":["https:\/\/palmerodespachante.uy\/index.php\/2026\/01\/09\/comienza-a-regir-nueva-ley-que-actualiza-la-licencia-por-paternidad-sus-principales-cambios\/"]}]},{"@type":"BreadcrumbList","@id":"https:\/\/palmerodespachante.uy\/index.php\/2026\/01\/09\/comienza-a-regir-nueva-ley-que-actualiza-la-licencia-por-paternidad-sus-principales-cambios\/#breadcrumb","itemListElement":[{"@type":"ListItem","position":1,"name":"Portada","item":"https:\/\/palmerodespachante.uy\/"},{"@type":"ListItem","position":2,"name":"COMIENZA A REGIR NUEVA LEY QUE ACTUALIZA LA LICENCIA POR PATERNIDAD: SUS PRINCIPALES CAMBIOS."}]},{"@type":"WebSite","@id":"https:\/\/palmerodespachante.uy\/#website","url":"https:\/\/palmerodespachante.uy\/","name":"Palmero Despachante de Aduana","description":"Importaci\u00f3n, Exportaci\u00f3n, Tr\u00e1nsito","publisher":{"@id":"https:\/\/palmerodespachante.uy\/#organization"},"potentialAction":[{"@type":"SearchAction","target":{"@type":"EntryPoint","urlTemplate":"https:\/\/palmerodespachante.uy\/?s={search_term_string}"},"query-input":{"@type":"PropertyValueSpecification","valueRequired":true,"valueName":"search_term_string"}}],"inLanguage":"es"},{"@type":"Organization","@id":"https:\/\/palmerodespachante.uy\/#organization","name":"Palmero Despachante de Aduanas","url":"https:\/\/palmerodespachante.uy\/","logo":{"@type":"ImageObject","inLanguage":"es","@id":"https:\/\/palmerodespachante.uy\/#\/schema\/logo\/image\/","url":"https:\/\/palmerodespachante.uy\/wp-content\/uploads\/2018\/08\/Logo-144.png","contentUrl":"https:\/\/palmerodespachante.uy\/wp-content\/uploads\/2018\/08\/Logo-144.png","width":144,"height":144,"caption":"Palmero Despachante de Aduanas"},"image":{"@id":"https:\/\/palmerodespachante.uy\/#\/schema\/logo\/image\/"},"sameAs":["https:\/\/www.facebook.com\/despachantedeaduana.palmero?hc_ref=ARQPWzEmqFz3O_9qTlrxPP6NW-Vf1b4-iJdwH7XdkuWdfarefzfPyjY7DGBCye4mnJs","https:\/\/www.linkedin.com\/company\/despachante-de-aduana-palmero\/"]},{"@type":"Person","@id":"https:\/\/palmerodespachante.uy\/#\/schema\/person\/9eabdcdc87fc74d275cc2faf2ce2f732","name":"Javier Palmero","image":{"@type":"ImageObject","inLanguage":"es","@id":"https:\/\/palmerodespachante.uy\/wp-content\/litespeed\/avatar\/8e783966089c8fa82b27a6627fb956c2.jpg?ver=1776856630","url":"https:\/\/palmerodespachante.uy\/wp-content\/litespeed\/avatar\/8e783966089c8fa82b27a6627fb956c2.jpg?ver=1776856630","contentUrl":"https:\/\/palmerodespachante.uy\/wp-content\/litespeed\/avatar\/8e783966089c8fa82b27a6627fb956c2.jpg?ver=1776856630","caption":"Javier Palmero"}}]}},"jetpack_featured_media_url":"","_links":{"self":[{"href":"https:\/\/palmerodespachante.uy\/index.php\/wp-json\/wp\/v2\/posts\/1722","targetHints":{"allow":["GET"]}}],"collection":[{"href":"https:\/\/palmerodespachante.uy\/index.php\/wp-json\/wp\/v2\/posts"}],"about":[{"href":"https:\/\/palmerodespachante.uy\/index.php\/wp-json\/wp\/v2\/types\/post"}],"author":[{"embeddable":true,"href":"https:\/\/palmerodespachante.uy\/index.php\/wp-json\/wp\/v2\/users\/3"}],"replies":[{"embeddable":true,"href":"https:\/\/palmerodespachante.uy\/index.php\/wp-json\/wp\/v2\/comments?post=1722"}],"version-history":[{"count":1,"href":"https:\/\/palmerodespachante.uy\/index.php\/wp-json\/wp\/v2\/posts\/1722\/revisions"}],"predecessor-version":[{"id":1723,"href":"https:\/\/palmerodespachante.uy\/index.php\/wp-json\/wp\/v2\/posts\/1722\/revisions\/1723"}],"wp:attachment":[{"href":"https:\/\/palmerodespachante.uy\/index.php\/wp-json\/wp\/v2\/media?parent=1722"}],"wp:term":[{"taxonomy":"category","embeddable":true,"href":"https:\/\/palmerodespachante.uy\/index.php\/wp-json\/wp\/v2\/categories?post=1722"},{"taxonomy":"post_tag","embeddable":true,"href":"https:\/\/palmerodespachante.uy\/index.php\/wp-json\/wp\/v2\/tags?post=1722"}],"curies":[{"name":"wp","href":"https:\/\/api.w.org\/{rel}","templated":true}]}}