{"id":1720,"date":"2026-01-09T14:35:24","date_gmt":"2026-01-09T17:35:24","guid":{"rendered":"https:\/\/palmerodespachante.uy\/?p=1720"},"modified":"2026-01-09T14:35:25","modified_gmt":"2026-01-09T17:35:25","slug":"que-espera-el-banco-central-del-uruguay-para-el-tipo-de-cambio-en-2026","status":"publish","type":"post","link":"https:\/\/palmerodespachante.uy\/index.php\/2026\/01\/09\/que-espera-el-banco-central-del-uruguay-para-el-tipo-de-cambio-en-2026\/","title":{"rendered":"\u00bfQU\u00c9 ESPERA EL BANCO CENTRAL DEL URUGUAY PARA EL TIPO DE CAMBIO EN 2026?"},"content":{"rendered":"\n<p>El Banco Central del Uruguay (BCU) public\u00f3 el Informe de Pol\u00edtica Monetaria (IPoM) correspondiente al cuarto trimestre de 2025 y, entre diversas proyecciones econ\u00f3micas, apunt\u00f3 las perspectivas sobre el tipo de cambio, uno de los principales puntos de debate durante el a\u00f1o pasado, \u00bfqu\u00e9 dijo?. Lo que algunos sectores llaman \u00abatraso cambiario\u00bb pero que, desde el equipo econ\u00f3mico del gobierno y desde el BCU consideran como un desalineamiento del tipo de cambio respecto de sus fundamentos, fue uno de los temas central del 2025, con un d\u00f3lar que cay\u00f3 11,4% frente al peso en el mercado local; pero tambi\u00e9n un 9,4% a nivel global. El 2026 comenz\u00f3 con este tel\u00f3n de fondo, que tambi\u00e9n fue considerado por las autoridades monetarias en la reciente publicaci\u00f3n del IPoM, que abarca el \u00faltimo trimestre del a\u00f1o pasado. Al respecto, los servicios t\u00e9cnicos del BCU \u2014que consisten en un promedio de tres versiones de modelos macroecon\u00f3micos\u2014 concluyeron que el Tipo de Cambio Real de fundamentos (TCRf) se mantendr\u00eda estable en el \u00faltimo cuarto del a\u00f1o respecto del tercer trimestre. A partir de esto, y \u00abal comparar la estimaci\u00f3n realizada en el informe anterior, se observa que, tras la revisi\u00f3n de la serie, la brecha de TCR se reduce\u00bb 2% entre julio y setiembre, hasta -12,4%; y otro 1,5% en el cuarto trimestre, \u00abcomo resultado de una correcci\u00f3n a la baja del TCRf. \u00abEn contraste, la tendencia del TCR que surge de los filtros estad\u00edsticos univariados (HP y Kalman) estar\u00eda m\u00e1s alineada con el TCRE\u00bb (efectivo), se\u00f1al\u00f3 el Banco Central en el informe. Estos datos t\u00e9cnicos apuntan a que el desv\u00edo del TCR respecto de sus fundamentos en 2025 fue del 9,9%; similar a lo que ocurri\u00f3 respecto del comportamiento del d\u00f3lar tanto en el mercado cambiario local como en el internacional. Lo que da cuenta de un desarrollo relativamente normal del tipo de cambio, dadas las circunstancias. (\u00c1mbito Financiero)<\/p>\n","protected":false},"excerpt":{"rendered":"<p>El Banco Central del Uruguay (BCU) public\u00f3 el Informe de Pol\u00edtica Monetaria (IPoM) correspondiente al cuarto trimestre de 2025 y, entre diversas proyecciones econ\u00f3micas, apunt\u00f3 las perspectivas sobre el tipo de cambio, uno de los principales puntos de debate durante el a\u00f1o pasado, \u00bfqu\u00e9 dijo?. Lo que algunos sectores llaman \u00abatraso cambiario\u00bb pero que, desde [&hellip;]<\/p>\n","protected":false},"author":3,"featured_media":0,"comment_status":"open","ping_status":"open","sticky":false,"template":"","format":"standard","meta":{"_joinchat":[],"footnotes":""},"categories":[37],"tags":[],"class_list":{"0":"post-1720","1":"post","2":"type-post","3":"status-publish","4":"format-standard","6":"category-noticias"},"yoast_head":"<!-- This site is optimized with the Yoast SEO plugin v27.4 - https:\/\/yoast.com\/product\/yoast-seo-wordpress\/ -->\n<title>\u00bfQU\u00c9 ESPERA EL BANCO CENTRAL DEL URUGUAY PARA EL TIPO DE CAMBIO EN 2026? - Palmero Despachante de Aduana<\/title>\n<meta name=\"robots\" content=\"noindex, follow\" \/>\n<meta property=\"og:locale\" content=\"es_ES\" \/>\n<meta property=\"og:type\" content=\"article\" \/>\n<meta property=\"og:title\" content=\"\u00bfQU\u00c9 ESPERA EL BANCO CENTRAL DEL URUGUAY PARA EL TIPO DE CAMBIO EN 2026? - Palmero Despachante de Aduana\" \/>\n<meta property=\"og:description\" content=\"El Banco Central del Uruguay (BCU) public\u00f3 el Informe de Pol\u00edtica Monetaria (IPoM) correspondiente al cuarto trimestre de 2025 y, entre diversas proyecciones econ\u00f3micas, apunt\u00f3 las perspectivas sobre el tipo de cambio, uno de los principales puntos de debate durante el a\u00f1o pasado, \u00bfqu\u00e9 dijo?. Lo que algunos sectores llaman \u00abatraso cambiario\u00bb pero que, desde [&hellip;]\" \/>\n<meta property=\"og:url\" content=\"https:\/\/palmerodespachante.uy\/index.php\/2026\/01\/09\/que-espera-el-banco-central-del-uruguay-para-el-tipo-de-cambio-en-2026\/\" \/>\n<meta property=\"og:site_name\" content=\"Palmero Despachante de Aduana\" \/>\n<meta property=\"article:publisher\" content=\"https:\/\/www.facebook.com\/despachantedeaduana.palmero?hc_ref=ARQPWzEmqFz3O_9qTlrxPP6NW-Vf1b4-iJdwH7XdkuWdfarefzfPyjY7DGBCye4mnJs\" \/>\n<meta property=\"article:published_time\" content=\"2026-01-09T17:35:24+00:00\" \/>\n<meta property=\"article:modified_time\" content=\"2026-01-09T17:35:25+00:00\" \/>\n<meta name=\"author\" content=\"Javier Palmero\" \/>\n<meta name=\"twitter:card\" content=\"summary_large_image\" \/>\n<meta name=\"twitter:label1\" content=\"Escrito por\" \/>\n\t<meta name=\"twitter:data1\" content=\"Javier Palmero\" \/>\n\t<meta name=\"twitter:label2\" content=\"Tiempo de lectura\" \/>\n\t<meta name=\"twitter:data2\" content=\"2 minutos\" \/>\n<script type=\"application\/ld+json\" class=\"yoast-schema-graph\">{\"@context\":\"https:\\\/\\\/schema.org\",\"@graph\":[{\"@type\":\"Article\",\"@id\":\"https:\\\/\\\/palmerodespachante.uy\\\/index.php\\\/2026\\\/01\\\/09\\\/que-espera-el-banco-central-del-uruguay-para-el-tipo-de-cambio-en-2026\\\/#article\",\"isPartOf\":{\"@id\":\"https:\\\/\\\/palmerodespachante.uy\\\/index.php\\\/2026\\\/01\\\/09\\\/que-espera-el-banco-central-del-uruguay-para-el-tipo-de-cambio-en-2026\\\/\"},\"author\":{\"name\":\"Javier Palmero\",\"@id\":\"https:\\\/\\\/palmerodespachante.uy\\\/#\\\/schema\\\/person\\\/9eabdcdc87fc74d275cc2faf2ce2f732\"},\"headline\":\"\u00bfQU\u00c9 ESPERA EL BANCO CENTRAL DEL URUGUAY PARA EL TIPO DE CAMBIO EN 2026?\",\"datePublished\":\"2026-01-09T17:35:24+00:00\",\"dateModified\":\"2026-01-09T17:35:25+00:00\",\"mainEntityOfPage\":{\"@id\":\"https:\\\/\\\/palmerodespachante.uy\\\/index.php\\\/2026\\\/01\\\/09\\\/que-espera-el-banco-central-del-uruguay-para-el-tipo-de-cambio-en-2026\\\/\"},\"wordCount\":343,\"commentCount\":0,\"publisher\":{\"@id\":\"https:\\\/\\\/palmerodespachante.uy\\\/#organization\"},\"articleSection\":[\"Noticias\"],\"inLanguage\":\"es\",\"potentialAction\":[{\"@type\":\"CommentAction\",\"name\":\"Comment\",\"target\":[\"https:\\\/\\\/palmerodespachante.uy\\\/index.php\\\/2026\\\/01\\\/09\\\/que-espera-el-banco-central-del-uruguay-para-el-tipo-de-cambio-en-2026\\\/#respond\"]}]},{\"@type\":\"WebPage\",\"@id\":\"https:\\\/\\\/palmerodespachante.uy\\\/index.php\\\/2026\\\/01\\\/09\\\/que-espera-el-banco-central-del-uruguay-para-el-tipo-de-cambio-en-2026\\\/\",\"url\":\"https:\\\/\\\/palmerodespachante.uy\\\/index.php\\\/2026\\\/01\\\/09\\\/que-espera-el-banco-central-del-uruguay-para-el-tipo-de-cambio-en-2026\\\/\",\"name\":\"\u00bfQU\u00c9 ESPERA EL BANCO CENTRAL DEL URUGUAY PARA EL TIPO DE CAMBIO EN 2026? - Palmero Despachante de Aduana\",\"isPartOf\":{\"@id\":\"https:\\\/\\\/palmerodespachante.uy\\\/#website\"},\"datePublished\":\"2026-01-09T17:35:24+00:00\",\"dateModified\":\"2026-01-09T17:35:25+00:00\",\"breadcrumb\":{\"@id\":\"https:\\\/\\\/palmerodespachante.uy\\\/index.php\\\/2026\\\/01\\\/09\\\/que-espera-el-banco-central-del-uruguay-para-el-tipo-de-cambio-en-2026\\\/#breadcrumb\"},\"inLanguage\":\"es\",\"potentialAction\":[{\"@type\":\"ReadAction\",\"target\":[\"https:\\\/\\\/palmerodespachante.uy\\\/index.php\\\/2026\\\/01\\\/09\\\/que-espera-el-banco-central-del-uruguay-para-el-tipo-de-cambio-en-2026\\\/\"]}]},{\"@type\":\"BreadcrumbList\",\"@id\":\"https:\\\/\\\/palmerodespachante.uy\\\/index.php\\\/2026\\\/01\\\/09\\\/que-espera-el-banco-central-del-uruguay-para-el-tipo-de-cambio-en-2026\\\/#breadcrumb\",\"itemListElement\":[{\"@type\":\"ListItem\",\"position\":1,\"name\":\"Portada\",\"item\":\"https:\\\/\\\/palmerodespachante.uy\\\/\"},{\"@type\":\"ListItem\",\"position\":2,\"name\":\"\u00bfQU\u00c9 ESPERA EL BANCO CENTRAL DEL URUGUAY PARA EL TIPO DE CAMBIO EN 2026?\"}]},{\"@type\":\"WebSite\",\"@id\":\"https:\\\/\\\/palmerodespachante.uy\\\/#website\",\"url\":\"https:\\\/\\\/palmerodespachante.uy\\\/\",\"name\":\"Palmero Despachante de Aduana\",\"description\":\"Importaci\u00f3n, Exportaci\u00f3n, Tr\u00e1nsito\",\"publisher\":{\"@id\":\"https:\\\/\\\/palmerodespachante.uy\\\/#organization\"},\"potentialAction\":[{\"@type\":\"SearchAction\",\"target\":{\"@type\":\"EntryPoint\",\"urlTemplate\":\"https:\\\/\\\/palmerodespachante.uy\\\/?s={search_term_string}\"},\"query-input\":{\"@type\":\"PropertyValueSpecification\",\"valueRequired\":true,\"valueName\":\"search_term_string\"}}],\"inLanguage\":\"es\"},{\"@type\":\"Organization\",\"@id\":\"https:\\\/\\\/palmerodespachante.uy\\\/#organization\",\"name\":\"Palmero Despachante de Aduanas\",\"url\":\"https:\\\/\\\/palmerodespachante.uy\\\/\",\"logo\":{\"@type\":\"ImageObject\",\"inLanguage\":\"es\",\"@id\":\"https:\\\/\\\/palmerodespachante.uy\\\/#\\\/schema\\\/logo\\\/image\\\/\",\"url\":\"https:\\\/\\\/palmerodespachante.uy\\\/wp-content\\\/uploads\\\/2018\\\/08\\\/Logo-144.png\",\"contentUrl\":\"https:\\\/\\\/palmerodespachante.uy\\\/wp-content\\\/uploads\\\/2018\\\/08\\\/Logo-144.png\",\"width\":144,\"height\":144,\"caption\":\"Palmero Despachante de Aduanas\"},\"image\":{\"@id\":\"https:\\\/\\\/palmerodespachante.uy\\\/#\\\/schema\\\/logo\\\/image\\\/\"},\"sameAs\":[\"https:\\\/\\\/www.facebook.com\\\/despachantedeaduana.palmero?hc_ref=ARQPWzEmqFz3O_9qTlrxPP6NW-Vf1b4-iJdwH7XdkuWdfarefzfPyjY7DGBCye4mnJs\",\"https:\\\/\\\/www.linkedin.com\\\/company\\\/despachante-de-aduana-palmero\\\/\"]},{\"@type\":\"Person\",\"@id\":\"https:\\\/\\\/palmerodespachante.uy\\\/#\\\/schema\\\/person\\\/9eabdcdc87fc74d275cc2faf2ce2f732\",\"name\":\"Javier Palmero\",\"image\":{\"@type\":\"ImageObject\",\"inLanguage\":\"es\",\"@id\":\"https:\\\/\\\/palmerodespachante.uy\\\/wp-content\\\/litespeed\\\/avatar\\\/8e783966089c8fa82b27a6627fb956c2.jpg?ver=1776856630\",\"url\":\"https:\\\/\\\/palmerodespachante.uy\\\/wp-content\\\/litespeed\\\/avatar\\\/8e783966089c8fa82b27a6627fb956c2.jpg?ver=1776856630\",\"contentUrl\":\"https:\\\/\\\/palmerodespachante.uy\\\/wp-content\\\/litespeed\\\/avatar\\\/8e783966089c8fa82b27a6627fb956c2.jpg?ver=1776856630\",\"caption\":\"Javier Palmero\"}}]}<\/script>\n<!-- \/ Yoast SEO plugin. -->","yoast_head_json":{"title":"\u00bfQU\u00c9 ESPERA EL BANCO CENTRAL DEL URUGUAY PARA EL TIPO DE CAMBIO EN 2026? - Palmero Despachante de Aduana","robots":{"index":"noindex","follow":"follow"},"og_locale":"es_ES","og_type":"article","og_title":"\u00bfQU\u00c9 ESPERA EL BANCO CENTRAL DEL URUGUAY PARA EL TIPO DE CAMBIO EN 2026? - Palmero Despachante de Aduana","og_description":"El Banco Central del Uruguay (BCU) public\u00f3 el Informe de Pol\u00edtica Monetaria (IPoM) correspondiente al cuarto trimestre de 2025 y, entre diversas proyecciones econ\u00f3micas, apunt\u00f3 las perspectivas sobre el tipo de cambio, uno de los principales puntos de debate durante el a\u00f1o pasado, \u00bfqu\u00e9 dijo?. Lo que algunos sectores llaman \u00abatraso cambiario\u00bb pero que, desde [&hellip;]","og_url":"https:\/\/palmerodespachante.uy\/index.php\/2026\/01\/09\/que-espera-el-banco-central-del-uruguay-para-el-tipo-de-cambio-en-2026\/","og_site_name":"Palmero Despachante de Aduana","article_publisher":"https:\/\/www.facebook.com\/despachantedeaduana.palmero?hc_ref=ARQPWzEmqFz3O_9qTlrxPP6NW-Vf1b4-iJdwH7XdkuWdfarefzfPyjY7DGBCye4mnJs","article_published_time":"2026-01-09T17:35:24+00:00","article_modified_time":"2026-01-09T17:35:25+00:00","author":"Javier Palmero","twitter_card":"summary_large_image","twitter_misc":{"Escrito por":"Javier Palmero","Tiempo de lectura":"2 minutos"},"schema":{"@context":"https:\/\/schema.org","@graph":[{"@type":"Article","@id":"https:\/\/palmerodespachante.uy\/index.php\/2026\/01\/09\/que-espera-el-banco-central-del-uruguay-para-el-tipo-de-cambio-en-2026\/#article","isPartOf":{"@id":"https:\/\/palmerodespachante.uy\/index.php\/2026\/01\/09\/que-espera-el-banco-central-del-uruguay-para-el-tipo-de-cambio-en-2026\/"},"author":{"name":"Javier Palmero","@id":"https:\/\/palmerodespachante.uy\/#\/schema\/person\/9eabdcdc87fc74d275cc2faf2ce2f732"},"headline":"\u00bfQU\u00c9 ESPERA EL BANCO CENTRAL DEL URUGUAY PARA EL TIPO DE CAMBIO EN 2026?","datePublished":"2026-01-09T17:35:24+00:00","dateModified":"2026-01-09T17:35:25+00:00","mainEntityOfPage":{"@id":"https:\/\/palmerodespachante.uy\/index.php\/2026\/01\/09\/que-espera-el-banco-central-del-uruguay-para-el-tipo-de-cambio-en-2026\/"},"wordCount":343,"commentCount":0,"publisher":{"@id":"https:\/\/palmerodespachante.uy\/#organization"},"articleSection":["Noticias"],"inLanguage":"es","potentialAction":[{"@type":"CommentAction","name":"Comment","target":["https:\/\/palmerodespachante.uy\/index.php\/2026\/01\/09\/que-espera-el-banco-central-del-uruguay-para-el-tipo-de-cambio-en-2026\/#respond"]}]},{"@type":"WebPage","@id":"https:\/\/palmerodespachante.uy\/index.php\/2026\/01\/09\/que-espera-el-banco-central-del-uruguay-para-el-tipo-de-cambio-en-2026\/","url":"https:\/\/palmerodespachante.uy\/index.php\/2026\/01\/09\/que-espera-el-banco-central-del-uruguay-para-el-tipo-de-cambio-en-2026\/","name":"\u00bfQU\u00c9 ESPERA EL BANCO CENTRAL DEL URUGUAY PARA EL TIPO DE CAMBIO EN 2026? - Palmero Despachante de Aduana","isPartOf":{"@id":"https:\/\/palmerodespachante.uy\/#website"},"datePublished":"2026-01-09T17:35:24+00:00","dateModified":"2026-01-09T17:35:25+00:00","breadcrumb":{"@id":"https:\/\/palmerodespachante.uy\/index.php\/2026\/01\/09\/que-espera-el-banco-central-del-uruguay-para-el-tipo-de-cambio-en-2026\/#breadcrumb"},"inLanguage":"es","potentialAction":[{"@type":"ReadAction","target":["https:\/\/palmerodespachante.uy\/index.php\/2026\/01\/09\/que-espera-el-banco-central-del-uruguay-para-el-tipo-de-cambio-en-2026\/"]}]},{"@type":"BreadcrumbList","@id":"https:\/\/palmerodespachante.uy\/index.php\/2026\/01\/09\/que-espera-el-banco-central-del-uruguay-para-el-tipo-de-cambio-en-2026\/#breadcrumb","itemListElement":[{"@type":"ListItem","position":1,"name":"Portada","item":"https:\/\/palmerodespachante.uy\/"},{"@type":"ListItem","position":2,"name":"\u00bfQU\u00c9 ESPERA EL BANCO CENTRAL DEL URUGUAY PARA EL TIPO DE CAMBIO EN 2026?"}]},{"@type":"WebSite","@id":"https:\/\/palmerodespachante.uy\/#website","url":"https:\/\/palmerodespachante.uy\/","name":"Palmero Despachante de Aduana","description":"Importaci\u00f3n, Exportaci\u00f3n, Tr\u00e1nsito","publisher":{"@id":"https:\/\/palmerodespachante.uy\/#organization"},"potentialAction":[{"@type":"SearchAction","target":{"@type":"EntryPoint","urlTemplate":"https:\/\/palmerodespachante.uy\/?s={search_term_string}"},"query-input":{"@type":"PropertyValueSpecification","valueRequired":true,"valueName":"search_term_string"}}],"inLanguage":"es"},{"@type":"Organization","@id":"https:\/\/palmerodespachante.uy\/#organization","name":"Palmero Despachante de Aduanas","url":"https:\/\/palmerodespachante.uy\/","logo":{"@type":"ImageObject","inLanguage":"es","@id":"https:\/\/palmerodespachante.uy\/#\/schema\/logo\/image\/","url":"https:\/\/palmerodespachante.uy\/wp-content\/uploads\/2018\/08\/Logo-144.png","contentUrl":"https:\/\/palmerodespachante.uy\/wp-content\/uploads\/2018\/08\/Logo-144.png","width":144,"height":144,"caption":"Palmero Despachante de Aduanas"},"image":{"@id":"https:\/\/palmerodespachante.uy\/#\/schema\/logo\/image\/"},"sameAs":["https:\/\/www.facebook.com\/despachantedeaduana.palmero?hc_ref=ARQPWzEmqFz3O_9qTlrxPP6NW-Vf1b4-iJdwH7XdkuWdfarefzfPyjY7DGBCye4mnJs","https:\/\/www.linkedin.com\/company\/despachante-de-aduana-palmero\/"]},{"@type":"Person","@id":"https:\/\/palmerodespachante.uy\/#\/schema\/person\/9eabdcdc87fc74d275cc2faf2ce2f732","name":"Javier Palmero","image":{"@type":"ImageObject","inLanguage":"es","@id":"https:\/\/palmerodespachante.uy\/wp-content\/litespeed\/avatar\/8e783966089c8fa82b27a6627fb956c2.jpg?ver=1776856630","url":"https:\/\/palmerodespachante.uy\/wp-content\/litespeed\/avatar\/8e783966089c8fa82b27a6627fb956c2.jpg?ver=1776856630","contentUrl":"https:\/\/palmerodespachante.uy\/wp-content\/litespeed\/avatar\/8e783966089c8fa82b27a6627fb956c2.jpg?ver=1776856630","caption":"Javier Palmero"}}]}},"jetpack_featured_media_url":"","_links":{"self":[{"href":"https:\/\/palmerodespachante.uy\/index.php\/wp-json\/wp\/v2\/posts\/1720","targetHints":{"allow":["GET"]}}],"collection":[{"href":"https:\/\/palmerodespachante.uy\/index.php\/wp-json\/wp\/v2\/posts"}],"about":[{"href":"https:\/\/palmerodespachante.uy\/index.php\/wp-json\/wp\/v2\/types\/post"}],"author":[{"embeddable":true,"href":"https:\/\/palmerodespachante.uy\/index.php\/wp-json\/wp\/v2\/users\/3"}],"replies":[{"embeddable":true,"href":"https:\/\/palmerodespachante.uy\/index.php\/wp-json\/wp\/v2\/comments?post=1720"}],"version-history":[{"count":1,"href":"https:\/\/palmerodespachante.uy\/index.php\/wp-json\/wp\/v2\/posts\/1720\/revisions"}],"predecessor-version":[{"id":1721,"href":"https:\/\/palmerodespachante.uy\/index.php\/wp-json\/wp\/v2\/posts\/1720\/revisions\/1721"}],"wp:attachment":[{"href":"https:\/\/palmerodespachante.uy\/index.php\/wp-json\/wp\/v2\/media?parent=1720"}],"wp:term":[{"taxonomy":"category","embeddable":true,"href":"https:\/\/palmerodespachante.uy\/index.php\/wp-json\/wp\/v2\/categories?post=1720"},{"taxonomy":"post_tag","embeddable":true,"href":"https:\/\/palmerodespachante.uy\/index.php\/wp-json\/wp\/v2\/tags?post=1720"}],"curies":[{"name":"wp","href":"https:\/\/api.w.org\/{rel}","templated":true}]}}