{"id":1717,"date":"2026-01-09T14:34:38","date_gmt":"2026-01-09T17:34:38","guid":{"rendered":"https:\/\/palmerodespachante.uy\/?p=1717"},"modified":"2026-01-09T14:34:40","modified_gmt":"2026-01-09T17:34:40","slug":"lo-que-dice-un-ente-mundial-sobre-el-pib-y-la-inflacion-de-uruguay-y-en-que-no-coincide-con-prevision-local","status":"publish","type":"post","link":"https:\/\/palmerodespachante.uy\/index.php\/2026\/01\/09\/lo-que-dice-un-ente-mundial-sobre-el-pib-y-la-inflacion-de-uruguay-y-en-que-no-coincide-con-prevision-local\/","title":{"rendered":"LO QUE DICE UN ENTE MUNDIAL SOBRE EL PIB Y LA INFLACI\u00d3N DE URUGUAY, Y EN QU\u00c9 NO COINCIDE CON PREVISI\u00d3N LOCAL"},"content":{"rendered":"\n<p>Naciones Unidas (ONU) prev\u00e9 que la producci\u00f3n econ\u00f3mica mundial crezca un 2,7% en 2026, ligeramente por debajo del 2,8% estimado para 2025 y muy por debajo del promedio prepandemia de 3,2%. Para esta regi\u00f3n, prev\u00e9 un crecimiento de 2,3% este a\u00f1o. El alza del PIB de Argentina est\u00e1 estimada en 3,8%, Brasil 2% y Uruguay 2,1%. Esto resulta del informe \u201cSituaci\u00f3n y Perspectivas de la Econom\u00eda Mundial 2026\u201d de la ONU, presentado este jueves, en un contexto de \u201cprofunda incertidumbre y de cambios acelerados en el orden econ\u00f3mico global\u201d, se\u00f1ala. Espec\u00edficamente para Uruguay, estima un a\u00f1o 2025 (ya cerrado) con 2,2% de crecimiento de su PIB (ven\u00eda de 3,1% de 2024, por efecto rebote de la sequ\u00eda), 2,1% para 2026, y 2,4% para 2027. En cuanto a la inflaci\u00f3n en Uruguay, la ubica en 4,6% en 2025, 4,1% para 2026 (obs\u00e9rvese que estar\u00eda por debajo de la meta del BCU, marcada en 4,5%) y 4,4% en 2027. (El Pa\u00eds)<\/p>\n","protected":false},"excerpt":{"rendered":"<p>Naciones Unidas (ONU) prev\u00e9 que la producci\u00f3n econ\u00f3mica mundial crezca un 2,7% en 2026, ligeramente por debajo del 2,8% estimado para 2025 y muy por debajo del promedio prepandemia de 3,2%. Para esta regi\u00f3n, prev\u00e9 un crecimiento de 2,3% este a\u00f1o. El alza del PIB de Argentina est\u00e1 estimada en 3,8%, Brasil 2% y Uruguay [&hellip;]<\/p>\n","protected":false},"author":3,"featured_media":0,"comment_status":"open","ping_status":"open","sticky":false,"template":"","format":"standard","meta":{"_joinchat":[],"footnotes":""},"categories":[37],"tags":[],"class_list":{"0":"post-1717","1":"post","2":"type-post","3":"status-publish","4":"format-standard","6":"category-noticias"},"yoast_head":"<!-- This site is optimized with the Yoast SEO plugin v27.4 - https:\/\/yoast.com\/product\/yoast-seo-wordpress\/ -->\n<title>LO QUE DICE UN ENTE MUNDIAL SOBRE EL PIB Y LA INFLACI\u00d3N DE URUGUAY, Y EN QU\u00c9 NO COINCIDE CON PREVISI\u00d3N LOCAL - Palmero Despachante de Aduana<\/title>\n<meta name=\"robots\" content=\"noindex, follow\" \/>\n<meta property=\"og:locale\" content=\"es_ES\" \/>\n<meta property=\"og:type\" content=\"article\" \/>\n<meta property=\"og:title\" content=\"LO QUE DICE UN ENTE MUNDIAL SOBRE EL PIB Y LA INFLACI\u00d3N DE URUGUAY, Y EN QU\u00c9 NO COINCIDE CON PREVISI\u00d3N LOCAL - Palmero Despachante de Aduana\" \/>\n<meta property=\"og:description\" content=\"Naciones Unidas (ONU) prev\u00e9 que la producci\u00f3n econ\u00f3mica mundial crezca un 2,7% en 2026, ligeramente por debajo del 2,8% estimado para 2025 y muy por debajo del promedio prepandemia de 3,2%. Para esta regi\u00f3n, prev\u00e9 un crecimiento de 2,3% este a\u00f1o. El alza del PIB de Argentina est\u00e1 estimada en 3,8%, Brasil 2% y Uruguay [&hellip;]\" \/>\n<meta property=\"og:url\" content=\"https:\/\/palmerodespachante.uy\/index.php\/2026\/01\/09\/lo-que-dice-un-ente-mundial-sobre-el-pib-y-la-inflacion-de-uruguay-y-en-que-no-coincide-con-prevision-local\/\" \/>\n<meta property=\"og:site_name\" content=\"Palmero Despachante de Aduana\" \/>\n<meta property=\"article:publisher\" content=\"https:\/\/www.facebook.com\/despachantedeaduana.palmero?hc_ref=ARQPWzEmqFz3O_9qTlrxPP6NW-Vf1b4-iJdwH7XdkuWdfarefzfPyjY7DGBCye4mnJs\" \/>\n<meta property=\"article:published_time\" content=\"2026-01-09T17:34:38+00:00\" \/>\n<meta property=\"article:modified_time\" content=\"2026-01-09T17:34:40+00:00\" \/>\n<meta name=\"author\" content=\"Javier Palmero\" \/>\n<meta name=\"twitter:card\" content=\"summary_large_image\" \/>\n<meta name=\"twitter:label1\" content=\"Escrito por\" \/>\n\t<meta name=\"twitter:data1\" content=\"Javier Palmero\" \/>\n\t<meta name=\"twitter:label2\" content=\"Tiempo de lectura\" \/>\n\t<meta name=\"twitter:data2\" content=\"1 minuto\" \/>\n<script type=\"application\/ld+json\" class=\"yoast-schema-graph\">{\"@context\":\"https:\\\/\\\/schema.org\",\"@graph\":[{\"@type\":\"Article\",\"@id\":\"https:\\\/\\\/palmerodespachante.uy\\\/index.php\\\/2026\\\/01\\\/09\\\/lo-que-dice-un-ente-mundial-sobre-el-pib-y-la-inflacion-de-uruguay-y-en-que-no-coincide-con-prevision-local\\\/#article\",\"isPartOf\":{\"@id\":\"https:\\\/\\\/palmerodespachante.uy\\\/index.php\\\/2026\\\/01\\\/09\\\/lo-que-dice-un-ente-mundial-sobre-el-pib-y-la-inflacion-de-uruguay-y-en-que-no-coincide-con-prevision-local\\\/\"},\"author\":{\"name\":\"Javier Palmero\",\"@id\":\"https:\\\/\\\/palmerodespachante.uy\\\/#\\\/schema\\\/person\\\/9eabdcdc87fc74d275cc2faf2ce2f732\"},\"headline\":\"LO QUE DICE UN ENTE MUNDIAL SOBRE EL PIB Y LA INFLACI\u00d3N DE URUGUAY, Y EN QU\u00c9 NO COINCIDE CON PREVISI\u00d3N LOCAL\",\"datePublished\":\"2026-01-09T17:34:38+00:00\",\"dateModified\":\"2026-01-09T17:34:40+00:00\",\"mainEntityOfPage\":{\"@id\":\"https:\\\/\\\/palmerodespachante.uy\\\/index.php\\\/2026\\\/01\\\/09\\\/lo-que-dice-un-ente-mundial-sobre-el-pib-y-la-inflacion-de-uruguay-y-en-que-no-coincide-con-prevision-local\\\/\"},\"wordCount\":174,\"commentCount\":0,\"publisher\":{\"@id\":\"https:\\\/\\\/palmerodespachante.uy\\\/#organization\"},\"articleSection\":[\"Noticias\"],\"inLanguage\":\"es\",\"potentialAction\":[{\"@type\":\"CommentAction\",\"name\":\"Comment\",\"target\":[\"https:\\\/\\\/palmerodespachante.uy\\\/index.php\\\/2026\\\/01\\\/09\\\/lo-que-dice-un-ente-mundial-sobre-el-pib-y-la-inflacion-de-uruguay-y-en-que-no-coincide-con-prevision-local\\\/#respond\"]}]},{\"@type\":\"WebPage\",\"@id\":\"https:\\\/\\\/palmerodespachante.uy\\\/index.php\\\/2026\\\/01\\\/09\\\/lo-que-dice-un-ente-mundial-sobre-el-pib-y-la-inflacion-de-uruguay-y-en-que-no-coincide-con-prevision-local\\\/\",\"url\":\"https:\\\/\\\/palmerodespachante.uy\\\/index.php\\\/2026\\\/01\\\/09\\\/lo-que-dice-un-ente-mundial-sobre-el-pib-y-la-inflacion-de-uruguay-y-en-que-no-coincide-con-prevision-local\\\/\",\"name\":\"LO QUE DICE UN ENTE MUNDIAL SOBRE EL PIB Y LA INFLACI\u00d3N DE URUGUAY, Y EN QU\u00c9 NO COINCIDE CON PREVISI\u00d3N LOCAL - Palmero Despachante de Aduana\",\"isPartOf\":{\"@id\":\"https:\\\/\\\/palmerodespachante.uy\\\/#website\"},\"datePublished\":\"2026-01-09T17:34:38+00:00\",\"dateModified\":\"2026-01-09T17:34:40+00:00\",\"breadcrumb\":{\"@id\":\"https:\\\/\\\/palmerodespachante.uy\\\/index.php\\\/2026\\\/01\\\/09\\\/lo-que-dice-un-ente-mundial-sobre-el-pib-y-la-inflacion-de-uruguay-y-en-que-no-coincide-con-prevision-local\\\/#breadcrumb\"},\"inLanguage\":\"es\",\"potentialAction\":[{\"@type\":\"ReadAction\",\"target\":[\"https:\\\/\\\/palmerodespachante.uy\\\/index.php\\\/2026\\\/01\\\/09\\\/lo-que-dice-un-ente-mundial-sobre-el-pib-y-la-inflacion-de-uruguay-y-en-que-no-coincide-con-prevision-local\\\/\"]}]},{\"@type\":\"BreadcrumbList\",\"@id\":\"https:\\\/\\\/palmerodespachante.uy\\\/index.php\\\/2026\\\/01\\\/09\\\/lo-que-dice-un-ente-mundial-sobre-el-pib-y-la-inflacion-de-uruguay-y-en-que-no-coincide-con-prevision-local\\\/#breadcrumb\",\"itemListElement\":[{\"@type\":\"ListItem\",\"position\":1,\"name\":\"Portada\",\"item\":\"https:\\\/\\\/palmerodespachante.uy\\\/\"},{\"@type\":\"ListItem\",\"position\":2,\"name\":\"LO QUE DICE UN ENTE MUNDIAL SOBRE EL PIB Y LA INFLACI\u00d3N DE URUGUAY, Y EN QU\u00c9 NO COINCIDE CON PREVISI\u00d3N LOCAL\"}]},{\"@type\":\"WebSite\",\"@id\":\"https:\\\/\\\/palmerodespachante.uy\\\/#website\",\"url\":\"https:\\\/\\\/palmerodespachante.uy\\\/\",\"name\":\"Palmero Despachante de Aduana\",\"description\":\"Importaci\u00f3n, Exportaci\u00f3n, Tr\u00e1nsito\",\"publisher\":{\"@id\":\"https:\\\/\\\/palmerodespachante.uy\\\/#organization\"},\"potentialAction\":[{\"@type\":\"SearchAction\",\"target\":{\"@type\":\"EntryPoint\",\"urlTemplate\":\"https:\\\/\\\/palmerodespachante.uy\\\/?s={search_term_string}\"},\"query-input\":{\"@type\":\"PropertyValueSpecification\",\"valueRequired\":true,\"valueName\":\"search_term_string\"}}],\"inLanguage\":\"es\"},{\"@type\":\"Organization\",\"@id\":\"https:\\\/\\\/palmerodespachante.uy\\\/#organization\",\"name\":\"Palmero Despachante de Aduanas\",\"url\":\"https:\\\/\\\/palmerodespachante.uy\\\/\",\"logo\":{\"@type\":\"ImageObject\",\"inLanguage\":\"es\",\"@id\":\"https:\\\/\\\/palmerodespachante.uy\\\/#\\\/schema\\\/logo\\\/image\\\/\",\"url\":\"https:\\\/\\\/palmerodespachante.uy\\\/wp-content\\\/uploads\\\/2018\\\/08\\\/Logo-144.png\",\"contentUrl\":\"https:\\\/\\\/palmerodespachante.uy\\\/wp-content\\\/uploads\\\/2018\\\/08\\\/Logo-144.png\",\"width\":144,\"height\":144,\"caption\":\"Palmero Despachante de Aduanas\"},\"image\":{\"@id\":\"https:\\\/\\\/palmerodespachante.uy\\\/#\\\/schema\\\/logo\\\/image\\\/\"},\"sameAs\":[\"https:\\\/\\\/www.facebook.com\\\/despachantedeaduana.palmero?hc_ref=ARQPWzEmqFz3O_9qTlrxPP6NW-Vf1b4-iJdwH7XdkuWdfarefzfPyjY7DGBCye4mnJs\",\"https:\\\/\\\/www.linkedin.com\\\/company\\\/despachante-de-aduana-palmero\\\/\"]},{\"@type\":\"Person\",\"@id\":\"https:\\\/\\\/palmerodespachante.uy\\\/#\\\/schema\\\/person\\\/9eabdcdc87fc74d275cc2faf2ce2f732\",\"name\":\"Javier Palmero\",\"image\":{\"@type\":\"ImageObject\",\"inLanguage\":\"es\",\"@id\":\"https:\\\/\\\/palmerodespachante.uy\\\/wp-content\\\/litespeed\\\/avatar\\\/8e783966089c8fa82b27a6627fb956c2.jpg?ver=1776856630\",\"url\":\"https:\\\/\\\/palmerodespachante.uy\\\/wp-content\\\/litespeed\\\/avatar\\\/8e783966089c8fa82b27a6627fb956c2.jpg?ver=1776856630\",\"contentUrl\":\"https:\\\/\\\/palmerodespachante.uy\\\/wp-content\\\/litespeed\\\/avatar\\\/8e783966089c8fa82b27a6627fb956c2.jpg?ver=1776856630\",\"caption\":\"Javier Palmero\"}}]}<\/script>\n<!-- \/ Yoast SEO plugin. -->","yoast_head_json":{"title":"LO QUE DICE UN ENTE MUNDIAL SOBRE EL PIB Y LA INFLACI\u00d3N DE URUGUAY, Y EN QU\u00c9 NO COINCIDE CON PREVISI\u00d3N LOCAL - Palmero Despachante de Aduana","robots":{"index":"noindex","follow":"follow"},"og_locale":"es_ES","og_type":"article","og_title":"LO QUE DICE UN ENTE MUNDIAL SOBRE EL PIB Y LA INFLACI\u00d3N DE URUGUAY, Y EN QU\u00c9 NO COINCIDE CON PREVISI\u00d3N LOCAL - Palmero Despachante de Aduana","og_description":"Naciones Unidas (ONU) prev\u00e9 que la producci\u00f3n econ\u00f3mica mundial crezca un 2,7% en 2026, ligeramente por debajo del 2,8% estimado para 2025 y muy por debajo del promedio prepandemia de 3,2%. Para esta regi\u00f3n, prev\u00e9 un crecimiento de 2,3% este a\u00f1o. El alza del PIB de Argentina est\u00e1 estimada en 3,8%, Brasil 2% y Uruguay [&hellip;]","og_url":"https:\/\/palmerodespachante.uy\/index.php\/2026\/01\/09\/lo-que-dice-un-ente-mundial-sobre-el-pib-y-la-inflacion-de-uruguay-y-en-que-no-coincide-con-prevision-local\/","og_site_name":"Palmero Despachante de Aduana","article_publisher":"https:\/\/www.facebook.com\/despachantedeaduana.palmero?hc_ref=ARQPWzEmqFz3O_9qTlrxPP6NW-Vf1b4-iJdwH7XdkuWdfarefzfPyjY7DGBCye4mnJs","article_published_time":"2026-01-09T17:34:38+00:00","article_modified_time":"2026-01-09T17:34:40+00:00","author":"Javier Palmero","twitter_card":"summary_large_image","twitter_misc":{"Escrito por":"Javier Palmero","Tiempo de lectura":"1 minuto"},"schema":{"@context":"https:\/\/schema.org","@graph":[{"@type":"Article","@id":"https:\/\/palmerodespachante.uy\/index.php\/2026\/01\/09\/lo-que-dice-un-ente-mundial-sobre-el-pib-y-la-inflacion-de-uruguay-y-en-que-no-coincide-con-prevision-local\/#article","isPartOf":{"@id":"https:\/\/palmerodespachante.uy\/index.php\/2026\/01\/09\/lo-que-dice-un-ente-mundial-sobre-el-pib-y-la-inflacion-de-uruguay-y-en-que-no-coincide-con-prevision-local\/"},"author":{"name":"Javier Palmero","@id":"https:\/\/palmerodespachante.uy\/#\/schema\/person\/9eabdcdc87fc74d275cc2faf2ce2f732"},"headline":"LO QUE DICE UN ENTE MUNDIAL SOBRE EL PIB Y LA INFLACI\u00d3N DE URUGUAY, Y EN QU\u00c9 NO COINCIDE CON PREVISI\u00d3N LOCAL","datePublished":"2026-01-09T17:34:38+00:00","dateModified":"2026-01-09T17:34:40+00:00","mainEntityOfPage":{"@id":"https:\/\/palmerodespachante.uy\/index.php\/2026\/01\/09\/lo-que-dice-un-ente-mundial-sobre-el-pib-y-la-inflacion-de-uruguay-y-en-que-no-coincide-con-prevision-local\/"},"wordCount":174,"commentCount":0,"publisher":{"@id":"https:\/\/palmerodespachante.uy\/#organization"},"articleSection":["Noticias"],"inLanguage":"es","potentialAction":[{"@type":"CommentAction","name":"Comment","target":["https:\/\/palmerodespachante.uy\/index.php\/2026\/01\/09\/lo-que-dice-un-ente-mundial-sobre-el-pib-y-la-inflacion-de-uruguay-y-en-que-no-coincide-con-prevision-local\/#respond"]}]},{"@type":"WebPage","@id":"https:\/\/palmerodespachante.uy\/index.php\/2026\/01\/09\/lo-que-dice-un-ente-mundial-sobre-el-pib-y-la-inflacion-de-uruguay-y-en-que-no-coincide-con-prevision-local\/","url":"https:\/\/palmerodespachante.uy\/index.php\/2026\/01\/09\/lo-que-dice-un-ente-mundial-sobre-el-pib-y-la-inflacion-de-uruguay-y-en-que-no-coincide-con-prevision-local\/","name":"LO QUE DICE UN ENTE MUNDIAL SOBRE EL PIB Y LA INFLACI\u00d3N DE URUGUAY, Y EN QU\u00c9 NO COINCIDE CON PREVISI\u00d3N LOCAL - Palmero Despachante de Aduana","isPartOf":{"@id":"https:\/\/palmerodespachante.uy\/#website"},"datePublished":"2026-01-09T17:34:38+00:00","dateModified":"2026-01-09T17:34:40+00:00","breadcrumb":{"@id":"https:\/\/palmerodespachante.uy\/index.php\/2026\/01\/09\/lo-que-dice-un-ente-mundial-sobre-el-pib-y-la-inflacion-de-uruguay-y-en-que-no-coincide-con-prevision-local\/#breadcrumb"},"inLanguage":"es","potentialAction":[{"@type":"ReadAction","target":["https:\/\/palmerodespachante.uy\/index.php\/2026\/01\/09\/lo-que-dice-un-ente-mundial-sobre-el-pib-y-la-inflacion-de-uruguay-y-en-que-no-coincide-con-prevision-local\/"]}]},{"@type":"BreadcrumbList","@id":"https:\/\/palmerodespachante.uy\/index.php\/2026\/01\/09\/lo-que-dice-un-ente-mundial-sobre-el-pib-y-la-inflacion-de-uruguay-y-en-que-no-coincide-con-prevision-local\/#breadcrumb","itemListElement":[{"@type":"ListItem","position":1,"name":"Portada","item":"https:\/\/palmerodespachante.uy\/"},{"@type":"ListItem","position":2,"name":"LO QUE DICE UN ENTE MUNDIAL SOBRE EL PIB Y LA INFLACI\u00d3N DE URUGUAY, Y EN QU\u00c9 NO COINCIDE CON PREVISI\u00d3N LOCAL"}]},{"@type":"WebSite","@id":"https:\/\/palmerodespachante.uy\/#website","url":"https:\/\/palmerodespachante.uy\/","name":"Palmero Despachante de Aduana","description":"Importaci\u00f3n, Exportaci\u00f3n, Tr\u00e1nsito","publisher":{"@id":"https:\/\/palmerodespachante.uy\/#organization"},"potentialAction":[{"@type":"SearchAction","target":{"@type":"EntryPoint","urlTemplate":"https:\/\/palmerodespachante.uy\/?s={search_term_string}"},"query-input":{"@type":"PropertyValueSpecification","valueRequired":true,"valueName":"search_term_string"}}],"inLanguage":"es"},{"@type":"Organization","@id":"https:\/\/palmerodespachante.uy\/#organization","name":"Palmero Despachante de Aduanas","url":"https:\/\/palmerodespachante.uy\/","logo":{"@type":"ImageObject","inLanguage":"es","@id":"https:\/\/palmerodespachante.uy\/#\/schema\/logo\/image\/","url":"https:\/\/palmerodespachante.uy\/wp-content\/uploads\/2018\/08\/Logo-144.png","contentUrl":"https:\/\/palmerodespachante.uy\/wp-content\/uploads\/2018\/08\/Logo-144.png","width":144,"height":144,"caption":"Palmero Despachante de Aduanas"},"image":{"@id":"https:\/\/palmerodespachante.uy\/#\/schema\/logo\/image\/"},"sameAs":["https:\/\/www.facebook.com\/despachantedeaduana.palmero?hc_ref=ARQPWzEmqFz3O_9qTlrxPP6NW-Vf1b4-iJdwH7XdkuWdfarefzfPyjY7DGBCye4mnJs","https:\/\/www.linkedin.com\/company\/despachante-de-aduana-palmero\/"]},{"@type":"Person","@id":"https:\/\/palmerodespachante.uy\/#\/schema\/person\/9eabdcdc87fc74d275cc2faf2ce2f732","name":"Javier Palmero","image":{"@type":"ImageObject","inLanguage":"es","@id":"https:\/\/palmerodespachante.uy\/wp-content\/litespeed\/avatar\/8e783966089c8fa82b27a6627fb956c2.jpg?ver=1776856630","url":"https:\/\/palmerodespachante.uy\/wp-content\/litespeed\/avatar\/8e783966089c8fa82b27a6627fb956c2.jpg?ver=1776856630","contentUrl":"https:\/\/palmerodespachante.uy\/wp-content\/litespeed\/avatar\/8e783966089c8fa82b27a6627fb956c2.jpg?ver=1776856630","caption":"Javier Palmero"}}]}},"jetpack_featured_media_url":"","_links":{"self":[{"href":"https:\/\/palmerodespachante.uy\/index.php\/wp-json\/wp\/v2\/posts\/1717","targetHints":{"allow":["GET"]}}],"collection":[{"href":"https:\/\/palmerodespachante.uy\/index.php\/wp-json\/wp\/v2\/posts"}],"about":[{"href":"https:\/\/palmerodespachante.uy\/index.php\/wp-json\/wp\/v2\/types\/post"}],"author":[{"embeddable":true,"href":"https:\/\/palmerodespachante.uy\/index.php\/wp-json\/wp\/v2\/users\/3"}],"replies":[{"embeddable":true,"href":"https:\/\/palmerodespachante.uy\/index.php\/wp-json\/wp\/v2\/comments?post=1717"}],"version-history":[{"count":1,"href":"https:\/\/palmerodespachante.uy\/index.php\/wp-json\/wp\/v2\/posts\/1717\/revisions"}],"predecessor-version":[{"id":1718,"href":"https:\/\/palmerodespachante.uy\/index.php\/wp-json\/wp\/v2\/posts\/1717\/revisions\/1718"}],"wp:attachment":[{"href":"https:\/\/palmerodespachante.uy\/index.php\/wp-json\/wp\/v2\/media?parent=1717"}],"wp:term":[{"taxonomy":"category","embeddable":true,"href":"https:\/\/palmerodespachante.uy\/index.php\/wp-json\/wp\/v2\/categories?post=1717"},{"taxonomy":"post_tag","embeddable":true,"href":"https:\/\/palmerodespachante.uy\/index.php\/wp-json\/wp\/v2\/tags?post=1717"}],"curies":[{"name":"wp","href":"https:\/\/api.w.org\/{rel}","templated":true}]}}