{"id":1715,"date":"2026-01-09T14:33:40","date_gmt":"2026-01-09T17:33:40","guid":{"rendered":"https:\/\/palmerodespachante.uy\/?p=1715"},"modified":"2026-01-09T14:33:41","modified_gmt":"2026-01-09T17:33:41","slug":"la-union-europea-aprobo-el-acuerdo-con-el-mercosur-ursula-von-der-leyen-viajara-a-paraguay-para-la-firma","status":"publish","type":"post","link":"https:\/\/palmerodespachante.uy\/index.php\/2026\/01\/09\/la-union-europea-aprobo-el-acuerdo-con-el-mercosur-ursula-von-der-leyen-viajara-a-paraguay-para-la-firma\/","title":{"rendered":"LA UNI\u00d3N EUROPEA APROB\u00d3 EL ACUERDO CON EL MERCOSUR: URSULA VON DER LEYEN VIAJAR\u00c1 A PARAGUAY PARA LA FIRMA."},"content":{"rendered":"\n<p>Una mayor\u00eda de los pa\u00edses que integran la Uni\u00f3n Europea (UE) aprobaron este viernes el acuerdo de libre comercio con el Mercosur, negociado desde hace m\u00e1s de 25 a\u00f1os y criticado por el sector agropecuario de algunos miembros como Francia. Fuentes diplom\u00e1ticas citadas por agencias europeas marcan que los pa\u00edses respaldaron de forma provisional la firma del acuerdo de asociaci\u00f3n con el Mercosur, a la espera de que el Consejo de la Uni\u00f3n cierre formalmente el procedimiento a las 17:00 horas locales (13:00 de Uruguay). Con esta luz verde, la presidenta de la Comisi\u00f3n Europea, Ursula von der Leyen, podr\u00e1 viajar a Asunci\u00f3n para firmar el lunes el acuerdo comercial que vincular\u00e1 al bloque con Argentina, Brasil, Uruguay y Paraguay. Esta decisi\u00f3n allana el camino para la creaci\u00f3n de la mayor zona de libre comercio del mundo, con varias cl\u00e1usulas dise\u00f1adas para calmar la oposici\u00f3n de los agricultores europeos. En la reuni\u00f3n de embajadores permanentes ante la UE celebrada este viernes para abordar el tema, se expresaron apoyos suficientes para alcanzar la mayor\u00eda cualificada necesaria (un 55 % de los pa\u00edses que representen a un 65 % de la poblaci\u00f3n de la Uni\u00f3n) para sacar adelante este acuerdo, y a pesar de que no todos los pa\u00edses tomaron la palabra. Francia, Hungr\u00eda, Polonia e Irlanda ya hab\u00edan anunciado que votar\u00edan en contra, mientras que pa\u00edses como B\u00e9lgica se abstuvieron. Si a la tarde se mantienen estas posiciones, la decisi\u00f3n habr\u00e1 sido aprobada formalmente por el Consejo de la UE. Aunque la firma salga adelante en Asunci\u00f3n, el acuerdo no entrar\u00e1 de inmediato en vigor, ya que del lado europeo se necesita tambi\u00e9n el visto bueno de la Euroc\u00e1mara, que debe pronunciarse en un plazo de varias semanas. (El Pa\u00eds)<\/p>\n","protected":false},"excerpt":{"rendered":"<p>Una mayor\u00eda de los pa\u00edses que integran la Uni\u00f3n Europea (UE) aprobaron este viernes el acuerdo de libre comercio con el Mercosur, negociado desde hace m\u00e1s de 25 a\u00f1os y criticado por el sector agropecuario de algunos miembros como Francia. Fuentes diplom\u00e1ticas citadas por agencias europeas marcan que los pa\u00edses respaldaron de forma provisional la [&hellip;]<\/p>\n","protected":false},"author":3,"featured_media":0,"comment_status":"open","ping_status":"open","sticky":false,"template":"","format":"standard","meta":{"_joinchat":[],"footnotes":""},"categories":[37],"tags":[],"class_list":{"0":"post-1715","1":"post","2":"type-post","3":"status-publish","4":"format-standard","6":"category-noticias"},"yoast_head":"<!-- This site is optimized with the Yoast SEO plugin v27.4 - https:\/\/yoast.com\/product\/yoast-seo-wordpress\/ -->\n<title>LA UNI\u00d3N EUROPEA APROB\u00d3 EL ACUERDO CON EL MERCOSUR: URSULA VON DER LEYEN VIAJAR\u00c1 A PARAGUAY PARA LA FIRMA. - Palmero Despachante de Aduana<\/title>\n<meta name=\"robots\" content=\"noindex, follow\" \/>\n<meta property=\"og:locale\" content=\"es_ES\" \/>\n<meta property=\"og:type\" content=\"article\" \/>\n<meta property=\"og:title\" content=\"LA UNI\u00d3N EUROPEA APROB\u00d3 EL ACUERDO CON EL MERCOSUR: URSULA VON DER LEYEN VIAJAR\u00c1 A PARAGUAY PARA LA FIRMA. - Palmero Despachante de Aduana\" \/>\n<meta property=\"og:description\" content=\"Una mayor\u00eda de los pa\u00edses que integran la Uni\u00f3n Europea (UE) aprobaron este viernes el acuerdo de libre comercio con el Mercosur, negociado desde hace m\u00e1s de 25 a\u00f1os y criticado por el sector agropecuario de algunos miembros como Francia. Fuentes diplom\u00e1ticas citadas por agencias europeas marcan que los pa\u00edses respaldaron de forma provisional la [&hellip;]\" \/>\n<meta property=\"og:url\" content=\"https:\/\/palmerodespachante.uy\/index.php\/2026\/01\/09\/la-union-europea-aprobo-el-acuerdo-con-el-mercosur-ursula-von-der-leyen-viajara-a-paraguay-para-la-firma\/\" \/>\n<meta property=\"og:site_name\" content=\"Palmero Despachante de Aduana\" \/>\n<meta property=\"article:publisher\" content=\"https:\/\/www.facebook.com\/despachantedeaduana.palmero?hc_ref=ARQPWzEmqFz3O_9qTlrxPP6NW-Vf1b4-iJdwH7XdkuWdfarefzfPyjY7DGBCye4mnJs\" \/>\n<meta property=\"article:published_time\" content=\"2026-01-09T17:33:40+00:00\" \/>\n<meta property=\"article:modified_time\" content=\"2026-01-09T17:33:41+00:00\" \/>\n<meta name=\"author\" content=\"Javier Palmero\" \/>\n<meta name=\"twitter:card\" content=\"summary_large_image\" \/>\n<meta name=\"twitter:label1\" content=\"Escrito por\" \/>\n\t<meta name=\"twitter:data1\" content=\"Javier Palmero\" \/>\n\t<meta name=\"twitter:label2\" content=\"Tiempo de lectura\" \/>\n\t<meta name=\"twitter:data2\" content=\"2 minutos\" \/>\n<script type=\"application\/ld+json\" class=\"yoast-schema-graph\">{\"@context\":\"https:\\\/\\\/schema.org\",\"@graph\":[{\"@type\":\"Article\",\"@id\":\"https:\\\/\\\/palmerodespachante.uy\\\/index.php\\\/2026\\\/01\\\/09\\\/la-union-europea-aprobo-el-acuerdo-con-el-mercosur-ursula-von-der-leyen-viajara-a-paraguay-para-la-firma\\\/#article\",\"isPartOf\":{\"@id\":\"https:\\\/\\\/palmerodespachante.uy\\\/index.php\\\/2026\\\/01\\\/09\\\/la-union-europea-aprobo-el-acuerdo-con-el-mercosur-ursula-von-der-leyen-viajara-a-paraguay-para-la-firma\\\/\"},\"author\":{\"name\":\"Javier Palmero\",\"@id\":\"https:\\\/\\\/palmerodespachante.uy\\\/#\\\/schema\\\/person\\\/9eabdcdc87fc74d275cc2faf2ce2f732\"},\"headline\":\"LA UNI\u00d3N EUROPEA APROB\u00d3 EL ACUERDO CON EL MERCOSUR: URSULA VON DER LEYEN VIAJAR\u00c1 A PARAGUAY PARA LA FIRMA.\",\"datePublished\":\"2026-01-09T17:33:40+00:00\",\"dateModified\":\"2026-01-09T17:33:41+00:00\",\"mainEntityOfPage\":{\"@id\":\"https:\\\/\\\/palmerodespachante.uy\\\/index.php\\\/2026\\\/01\\\/09\\\/la-union-europea-aprobo-el-acuerdo-con-el-mercosur-ursula-von-der-leyen-viajara-a-paraguay-para-la-firma\\\/\"},\"wordCount\":334,\"commentCount\":0,\"publisher\":{\"@id\":\"https:\\\/\\\/palmerodespachante.uy\\\/#organization\"},\"articleSection\":[\"Noticias\"],\"inLanguage\":\"es\",\"potentialAction\":[{\"@type\":\"CommentAction\",\"name\":\"Comment\",\"target\":[\"https:\\\/\\\/palmerodespachante.uy\\\/index.php\\\/2026\\\/01\\\/09\\\/la-union-europea-aprobo-el-acuerdo-con-el-mercosur-ursula-von-der-leyen-viajara-a-paraguay-para-la-firma\\\/#respond\"]}]},{\"@type\":\"WebPage\",\"@id\":\"https:\\\/\\\/palmerodespachante.uy\\\/index.php\\\/2026\\\/01\\\/09\\\/la-union-europea-aprobo-el-acuerdo-con-el-mercosur-ursula-von-der-leyen-viajara-a-paraguay-para-la-firma\\\/\",\"url\":\"https:\\\/\\\/palmerodespachante.uy\\\/index.php\\\/2026\\\/01\\\/09\\\/la-union-europea-aprobo-el-acuerdo-con-el-mercosur-ursula-von-der-leyen-viajara-a-paraguay-para-la-firma\\\/\",\"name\":\"LA UNI\u00d3N EUROPEA APROB\u00d3 EL ACUERDO CON EL MERCOSUR: URSULA VON DER LEYEN VIAJAR\u00c1 A PARAGUAY PARA LA FIRMA. - Palmero Despachante de Aduana\",\"isPartOf\":{\"@id\":\"https:\\\/\\\/palmerodespachante.uy\\\/#website\"},\"datePublished\":\"2026-01-09T17:33:40+00:00\",\"dateModified\":\"2026-01-09T17:33:41+00:00\",\"breadcrumb\":{\"@id\":\"https:\\\/\\\/palmerodespachante.uy\\\/index.php\\\/2026\\\/01\\\/09\\\/la-union-europea-aprobo-el-acuerdo-con-el-mercosur-ursula-von-der-leyen-viajara-a-paraguay-para-la-firma\\\/#breadcrumb\"},\"inLanguage\":\"es\",\"potentialAction\":[{\"@type\":\"ReadAction\",\"target\":[\"https:\\\/\\\/palmerodespachante.uy\\\/index.php\\\/2026\\\/01\\\/09\\\/la-union-europea-aprobo-el-acuerdo-con-el-mercosur-ursula-von-der-leyen-viajara-a-paraguay-para-la-firma\\\/\"]}]},{\"@type\":\"BreadcrumbList\",\"@id\":\"https:\\\/\\\/palmerodespachante.uy\\\/index.php\\\/2026\\\/01\\\/09\\\/la-union-europea-aprobo-el-acuerdo-con-el-mercosur-ursula-von-der-leyen-viajara-a-paraguay-para-la-firma\\\/#breadcrumb\",\"itemListElement\":[{\"@type\":\"ListItem\",\"position\":1,\"name\":\"Portada\",\"item\":\"https:\\\/\\\/palmerodespachante.uy\\\/\"},{\"@type\":\"ListItem\",\"position\":2,\"name\":\"LA UNI\u00d3N EUROPEA APROB\u00d3 EL ACUERDO CON EL MERCOSUR: URSULA VON DER LEYEN VIAJAR\u00c1 A PARAGUAY PARA LA FIRMA.\"}]},{\"@type\":\"WebSite\",\"@id\":\"https:\\\/\\\/palmerodespachante.uy\\\/#website\",\"url\":\"https:\\\/\\\/palmerodespachante.uy\\\/\",\"name\":\"Palmero Despachante de Aduana\",\"description\":\"Importaci\u00f3n, Exportaci\u00f3n, Tr\u00e1nsito\",\"publisher\":{\"@id\":\"https:\\\/\\\/palmerodespachante.uy\\\/#organization\"},\"potentialAction\":[{\"@type\":\"SearchAction\",\"target\":{\"@type\":\"EntryPoint\",\"urlTemplate\":\"https:\\\/\\\/palmerodespachante.uy\\\/?s={search_term_string}\"},\"query-input\":{\"@type\":\"PropertyValueSpecification\",\"valueRequired\":true,\"valueName\":\"search_term_string\"}}],\"inLanguage\":\"es\"},{\"@type\":\"Organization\",\"@id\":\"https:\\\/\\\/palmerodespachante.uy\\\/#organization\",\"name\":\"Palmero Despachante de Aduanas\",\"url\":\"https:\\\/\\\/palmerodespachante.uy\\\/\",\"logo\":{\"@type\":\"ImageObject\",\"inLanguage\":\"es\",\"@id\":\"https:\\\/\\\/palmerodespachante.uy\\\/#\\\/schema\\\/logo\\\/image\\\/\",\"url\":\"https:\\\/\\\/palmerodespachante.uy\\\/wp-content\\\/uploads\\\/2018\\\/08\\\/Logo-144.png\",\"contentUrl\":\"https:\\\/\\\/palmerodespachante.uy\\\/wp-content\\\/uploads\\\/2018\\\/08\\\/Logo-144.png\",\"width\":144,\"height\":144,\"caption\":\"Palmero Despachante de Aduanas\"},\"image\":{\"@id\":\"https:\\\/\\\/palmerodespachante.uy\\\/#\\\/schema\\\/logo\\\/image\\\/\"},\"sameAs\":[\"https:\\\/\\\/www.facebook.com\\\/despachantedeaduana.palmero?hc_ref=ARQPWzEmqFz3O_9qTlrxPP6NW-Vf1b4-iJdwH7XdkuWdfarefzfPyjY7DGBCye4mnJs\",\"https:\\\/\\\/www.linkedin.com\\\/company\\\/despachante-de-aduana-palmero\\\/\"]},{\"@type\":\"Person\",\"@id\":\"https:\\\/\\\/palmerodespachante.uy\\\/#\\\/schema\\\/person\\\/9eabdcdc87fc74d275cc2faf2ce2f732\",\"name\":\"Javier Palmero\",\"image\":{\"@type\":\"ImageObject\",\"inLanguage\":\"es\",\"@id\":\"https:\\\/\\\/palmerodespachante.uy\\\/wp-content\\\/litespeed\\\/avatar\\\/8e783966089c8fa82b27a6627fb956c2.jpg?ver=1776856630\",\"url\":\"https:\\\/\\\/palmerodespachante.uy\\\/wp-content\\\/litespeed\\\/avatar\\\/8e783966089c8fa82b27a6627fb956c2.jpg?ver=1776856630\",\"contentUrl\":\"https:\\\/\\\/palmerodespachante.uy\\\/wp-content\\\/litespeed\\\/avatar\\\/8e783966089c8fa82b27a6627fb956c2.jpg?ver=1776856630\",\"caption\":\"Javier Palmero\"}}]}<\/script>\n<!-- \/ Yoast SEO plugin. -->","yoast_head_json":{"title":"LA UNI\u00d3N EUROPEA APROB\u00d3 EL ACUERDO CON EL MERCOSUR: URSULA VON DER LEYEN VIAJAR\u00c1 A PARAGUAY PARA LA FIRMA. - Palmero Despachante de Aduana","robots":{"index":"noindex","follow":"follow"},"og_locale":"es_ES","og_type":"article","og_title":"LA UNI\u00d3N EUROPEA APROB\u00d3 EL ACUERDO CON EL MERCOSUR: URSULA VON DER LEYEN VIAJAR\u00c1 A PARAGUAY PARA LA FIRMA. - Palmero Despachante de Aduana","og_description":"Una mayor\u00eda de los pa\u00edses que integran la Uni\u00f3n Europea (UE) aprobaron este viernes el acuerdo de libre comercio con el Mercosur, negociado desde hace m\u00e1s de 25 a\u00f1os y criticado por el sector agropecuario de algunos miembros como Francia. Fuentes diplom\u00e1ticas citadas por agencias europeas marcan que los pa\u00edses respaldaron de forma provisional la [&hellip;]","og_url":"https:\/\/palmerodespachante.uy\/index.php\/2026\/01\/09\/la-union-europea-aprobo-el-acuerdo-con-el-mercosur-ursula-von-der-leyen-viajara-a-paraguay-para-la-firma\/","og_site_name":"Palmero Despachante de Aduana","article_publisher":"https:\/\/www.facebook.com\/despachantedeaduana.palmero?hc_ref=ARQPWzEmqFz3O_9qTlrxPP6NW-Vf1b4-iJdwH7XdkuWdfarefzfPyjY7DGBCye4mnJs","article_published_time":"2026-01-09T17:33:40+00:00","article_modified_time":"2026-01-09T17:33:41+00:00","author":"Javier Palmero","twitter_card":"summary_large_image","twitter_misc":{"Escrito por":"Javier Palmero","Tiempo de lectura":"2 minutos"},"schema":{"@context":"https:\/\/schema.org","@graph":[{"@type":"Article","@id":"https:\/\/palmerodespachante.uy\/index.php\/2026\/01\/09\/la-union-europea-aprobo-el-acuerdo-con-el-mercosur-ursula-von-der-leyen-viajara-a-paraguay-para-la-firma\/#article","isPartOf":{"@id":"https:\/\/palmerodespachante.uy\/index.php\/2026\/01\/09\/la-union-europea-aprobo-el-acuerdo-con-el-mercosur-ursula-von-der-leyen-viajara-a-paraguay-para-la-firma\/"},"author":{"name":"Javier Palmero","@id":"https:\/\/palmerodespachante.uy\/#\/schema\/person\/9eabdcdc87fc74d275cc2faf2ce2f732"},"headline":"LA UNI\u00d3N EUROPEA APROB\u00d3 EL ACUERDO CON EL MERCOSUR: URSULA VON DER LEYEN VIAJAR\u00c1 A PARAGUAY PARA LA FIRMA.","datePublished":"2026-01-09T17:33:40+00:00","dateModified":"2026-01-09T17:33:41+00:00","mainEntityOfPage":{"@id":"https:\/\/palmerodespachante.uy\/index.php\/2026\/01\/09\/la-union-europea-aprobo-el-acuerdo-con-el-mercosur-ursula-von-der-leyen-viajara-a-paraguay-para-la-firma\/"},"wordCount":334,"commentCount":0,"publisher":{"@id":"https:\/\/palmerodespachante.uy\/#organization"},"articleSection":["Noticias"],"inLanguage":"es","potentialAction":[{"@type":"CommentAction","name":"Comment","target":["https:\/\/palmerodespachante.uy\/index.php\/2026\/01\/09\/la-union-europea-aprobo-el-acuerdo-con-el-mercosur-ursula-von-der-leyen-viajara-a-paraguay-para-la-firma\/#respond"]}]},{"@type":"WebPage","@id":"https:\/\/palmerodespachante.uy\/index.php\/2026\/01\/09\/la-union-europea-aprobo-el-acuerdo-con-el-mercosur-ursula-von-der-leyen-viajara-a-paraguay-para-la-firma\/","url":"https:\/\/palmerodespachante.uy\/index.php\/2026\/01\/09\/la-union-europea-aprobo-el-acuerdo-con-el-mercosur-ursula-von-der-leyen-viajara-a-paraguay-para-la-firma\/","name":"LA UNI\u00d3N EUROPEA APROB\u00d3 EL ACUERDO CON EL MERCOSUR: URSULA VON DER LEYEN VIAJAR\u00c1 A PARAGUAY PARA LA FIRMA. - Palmero Despachante de Aduana","isPartOf":{"@id":"https:\/\/palmerodespachante.uy\/#website"},"datePublished":"2026-01-09T17:33:40+00:00","dateModified":"2026-01-09T17:33:41+00:00","breadcrumb":{"@id":"https:\/\/palmerodespachante.uy\/index.php\/2026\/01\/09\/la-union-europea-aprobo-el-acuerdo-con-el-mercosur-ursula-von-der-leyen-viajara-a-paraguay-para-la-firma\/#breadcrumb"},"inLanguage":"es","potentialAction":[{"@type":"ReadAction","target":["https:\/\/palmerodespachante.uy\/index.php\/2026\/01\/09\/la-union-europea-aprobo-el-acuerdo-con-el-mercosur-ursula-von-der-leyen-viajara-a-paraguay-para-la-firma\/"]}]},{"@type":"BreadcrumbList","@id":"https:\/\/palmerodespachante.uy\/index.php\/2026\/01\/09\/la-union-europea-aprobo-el-acuerdo-con-el-mercosur-ursula-von-der-leyen-viajara-a-paraguay-para-la-firma\/#breadcrumb","itemListElement":[{"@type":"ListItem","position":1,"name":"Portada","item":"https:\/\/palmerodespachante.uy\/"},{"@type":"ListItem","position":2,"name":"LA UNI\u00d3N EUROPEA APROB\u00d3 EL ACUERDO CON EL MERCOSUR: URSULA VON DER LEYEN VIAJAR\u00c1 A PARAGUAY PARA LA FIRMA."}]},{"@type":"WebSite","@id":"https:\/\/palmerodespachante.uy\/#website","url":"https:\/\/palmerodespachante.uy\/","name":"Palmero Despachante de Aduana","description":"Importaci\u00f3n, Exportaci\u00f3n, Tr\u00e1nsito","publisher":{"@id":"https:\/\/palmerodespachante.uy\/#organization"},"potentialAction":[{"@type":"SearchAction","target":{"@type":"EntryPoint","urlTemplate":"https:\/\/palmerodespachante.uy\/?s={search_term_string}"},"query-input":{"@type":"PropertyValueSpecification","valueRequired":true,"valueName":"search_term_string"}}],"inLanguage":"es"},{"@type":"Organization","@id":"https:\/\/palmerodespachante.uy\/#organization","name":"Palmero Despachante de Aduanas","url":"https:\/\/palmerodespachante.uy\/","logo":{"@type":"ImageObject","inLanguage":"es","@id":"https:\/\/palmerodespachante.uy\/#\/schema\/logo\/image\/","url":"https:\/\/palmerodespachante.uy\/wp-content\/uploads\/2018\/08\/Logo-144.png","contentUrl":"https:\/\/palmerodespachante.uy\/wp-content\/uploads\/2018\/08\/Logo-144.png","width":144,"height":144,"caption":"Palmero Despachante de Aduanas"},"image":{"@id":"https:\/\/palmerodespachante.uy\/#\/schema\/logo\/image\/"},"sameAs":["https:\/\/www.facebook.com\/despachantedeaduana.palmero?hc_ref=ARQPWzEmqFz3O_9qTlrxPP6NW-Vf1b4-iJdwH7XdkuWdfarefzfPyjY7DGBCye4mnJs","https:\/\/www.linkedin.com\/company\/despachante-de-aduana-palmero\/"]},{"@type":"Person","@id":"https:\/\/palmerodespachante.uy\/#\/schema\/person\/9eabdcdc87fc74d275cc2faf2ce2f732","name":"Javier Palmero","image":{"@type":"ImageObject","inLanguage":"es","@id":"https:\/\/palmerodespachante.uy\/wp-content\/litespeed\/avatar\/8e783966089c8fa82b27a6627fb956c2.jpg?ver=1776856630","url":"https:\/\/palmerodespachante.uy\/wp-content\/litespeed\/avatar\/8e783966089c8fa82b27a6627fb956c2.jpg?ver=1776856630","contentUrl":"https:\/\/palmerodespachante.uy\/wp-content\/litespeed\/avatar\/8e783966089c8fa82b27a6627fb956c2.jpg?ver=1776856630","caption":"Javier Palmero"}}]}},"jetpack_featured_media_url":"","_links":{"self":[{"href":"https:\/\/palmerodespachante.uy\/index.php\/wp-json\/wp\/v2\/posts\/1715","targetHints":{"allow":["GET"]}}],"collection":[{"href":"https:\/\/palmerodespachante.uy\/index.php\/wp-json\/wp\/v2\/posts"}],"about":[{"href":"https:\/\/palmerodespachante.uy\/index.php\/wp-json\/wp\/v2\/types\/post"}],"author":[{"embeddable":true,"href":"https:\/\/palmerodespachante.uy\/index.php\/wp-json\/wp\/v2\/users\/3"}],"replies":[{"embeddable":true,"href":"https:\/\/palmerodespachante.uy\/index.php\/wp-json\/wp\/v2\/comments?post=1715"}],"version-history":[{"count":1,"href":"https:\/\/palmerodespachante.uy\/index.php\/wp-json\/wp\/v2\/posts\/1715\/revisions"}],"predecessor-version":[{"id":1716,"href":"https:\/\/palmerodespachante.uy\/index.php\/wp-json\/wp\/v2\/posts\/1715\/revisions\/1716"}],"wp:attachment":[{"href":"https:\/\/palmerodespachante.uy\/index.php\/wp-json\/wp\/v2\/media?parent=1715"}],"wp:term":[{"taxonomy":"category","embeddable":true,"href":"https:\/\/palmerodespachante.uy\/index.php\/wp-json\/wp\/v2\/categories?post=1715"},{"taxonomy":"post_tag","embeddable":true,"href":"https:\/\/palmerodespachante.uy\/index.php\/wp-json\/wp\/v2\/tags?post=1715"}],"curies":[{"name":"wp","href":"https:\/\/api.w.org\/{rel}","templated":true}]}}