{"id":1709,"date":"2026-01-05T14:13:36","date_gmt":"2026-01-05T17:13:36","guid":{"rendered":"https:\/\/palmerodespachante.uy\/?p=1709"},"modified":"2026-01-05T14:13:37","modified_gmt":"2026-01-05T17:13:37","slug":"esperanzas-y-preocupaciones-en-el-comienzo-del-ano-agricola-de-uruguay","status":"publish","type":"post","link":"https:\/\/palmerodespachante.uy\/index.php\/2026\/01\/05\/esperanzas-y-preocupaciones-en-el-comienzo-del-ano-agricola-de-uruguay\/","title":{"rendered":"ESPERANZAS Y PREOCUPACIONES EN EL COMIENZO DEL A\u00d1O AGR\u00cdCOLA DE URUGUAY"},"content":{"rendered":"\n<p>Las preocupaciones por el rendimiento de los cultivos de verano contin\u00faan, aunque ahora con la esperanza de lluvias que pueden estar llegando el 13 de enero como para rescatar a los cultivos que puedan llegar en buen estado para ese momento. Dado que es una lluvia importante pero lejana es temprano para cualquier proyecci\u00f3n sobre sus efectos en la producci\u00f3n. Pero cabe esperar un escenario con m\u00e1s \u00e1rea de ma\u00edz que el a\u00f1o pasado pero con una producci\u00f3n que no supere a la de 2025. Tambi\u00e9n en las cuentas de exportaciones de 2026 y en las del Producto Bruto se har\u00e1 notar la menor \u00e1rea de soja y factiblemente la menor producci\u00f3n de este a\u00f1o, dado que la comparaci\u00f3n ser\u00e1 con una zafra -la pasada- que tuvo condiciones clim\u00e1ticas ideales. Los precios en el comienzo de 2026 continuaron la tendencia de 2025. Un arranque a la baja con el mismo origen de la trayectoria de diciembre: China no compra en EEUU y Brasil y Argentina se encaminan a grandes cosechas. Con esas dos variables incambiadas el mercado mantiene una presi\u00f3n bajista que har\u00e1 dif\u00edcil la programaci\u00f3n de las siembras de invierno, en las que seguramente las oleaginosas colza, carinata y camelina expandir\u00e1n su \u00e1rea, mientras en los cereales -trigo y cebada- el rendimiento de equilibrio seguramente quedar\u00e1 por encima de los 4.000 kilos por hect\u00e1rea. (El Observador \u2013 05\/01)<\/p>\n","protected":false},"excerpt":{"rendered":"<p>Las preocupaciones por el rendimiento de los cultivos de verano contin\u00faan, aunque ahora con la esperanza de lluvias que pueden estar llegando el 13 de enero como para rescatar a los cultivos que puedan llegar en buen estado para ese momento. Dado que es una lluvia importante pero lejana es temprano para cualquier proyecci\u00f3n sobre [&hellip;]<\/p>\n","protected":false},"author":3,"featured_media":0,"comment_status":"open","ping_status":"open","sticky":false,"template":"","format":"standard","meta":{"_joinchat":[],"footnotes":""},"categories":[37],"tags":[],"class_list":{"0":"post-1709","1":"post","2":"type-post","3":"status-publish","4":"format-standard","6":"category-noticias"},"yoast_head":"<!-- This site is optimized with the Yoast SEO plugin v27.5 - https:\/\/yoast.com\/product\/yoast-seo-wordpress\/ -->\n<title>ESPERANZAS Y PREOCUPACIONES EN EL COMIENZO DEL A\u00d1O AGR\u00cdCOLA DE URUGUAY - Palmero Despachante de Aduana<\/title>\n<meta name=\"robots\" content=\"noindex, follow\" \/>\n<meta property=\"og:locale\" content=\"es_ES\" \/>\n<meta property=\"og:type\" content=\"article\" \/>\n<meta property=\"og:title\" content=\"ESPERANZAS Y PREOCUPACIONES EN EL COMIENZO DEL A\u00d1O AGR\u00cdCOLA DE URUGUAY - Palmero Despachante de Aduana\" \/>\n<meta property=\"og:description\" content=\"Las preocupaciones por el rendimiento de los cultivos de verano contin\u00faan, aunque ahora con la esperanza de lluvias que pueden estar llegando el 13 de enero como para rescatar a los cultivos que puedan llegar en buen estado para ese momento. Dado que es una lluvia importante pero lejana es temprano para cualquier proyecci\u00f3n sobre [&hellip;]\" \/>\n<meta property=\"og:url\" content=\"https:\/\/palmerodespachante.uy\/index.php\/2026\/01\/05\/esperanzas-y-preocupaciones-en-el-comienzo-del-ano-agricola-de-uruguay\/\" \/>\n<meta property=\"og:site_name\" content=\"Palmero Despachante de Aduana\" \/>\n<meta property=\"article:publisher\" content=\"https:\/\/www.facebook.com\/despachantedeaduana.palmero?hc_ref=ARQPWzEmqFz3O_9qTlrxPP6NW-Vf1b4-iJdwH7XdkuWdfarefzfPyjY7DGBCye4mnJs\" \/>\n<meta property=\"article:published_time\" content=\"2026-01-05T17:13:36+00:00\" \/>\n<meta property=\"article:modified_time\" content=\"2026-01-05T17:13:37+00:00\" \/>\n<meta name=\"author\" content=\"Javier Palmero\" \/>\n<meta name=\"twitter:card\" content=\"summary_large_image\" \/>\n<meta name=\"twitter:label1\" content=\"Escrito por\" \/>\n\t<meta name=\"twitter:data1\" content=\"Javier Palmero\" \/>\n\t<meta name=\"twitter:label2\" content=\"Tiempo de lectura\" \/>\n\t<meta name=\"twitter:data2\" content=\"2 minutos\" \/>\n<script type=\"application\/ld+json\" class=\"yoast-schema-graph\">{\"@context\":\"https:\\\/\\\/schema.org\",\"@graph\":[{\"@type\":\"Article\",\"@id\":\"https:\\\/\\\/palmerodespachante.uy\\\/index.php\\\/2026\\\/01\\\/05\\\/esperanzas-y-preocupaciones-en-el-comienzo-del-ano-agricola-de-uruguay\\\/#article\",\"isPartOf\":{\"@id\":\"https:\\\/\\\/palmerodespachante.uy\\\/index.php\\\/2026\\\/01\\\/05\\\/esperanzas-y-preocupaciones-en-el-comienzo-del-ano-agricola-de-uruguay\\\/\"},\"author\":{\"name\":\"Javier Palmero\",\"@id\":\"https:\\\/\\\/palmerodespachante.uy\\\/#\\\/schema\\\/person\\\/9eabdcdc87fc74d275cc2faf2ce2f732\"},\"headline\":\"ESPERANZAS Y PREOCUPACIONES EN EL COMIENZO DEL A\u00d1O AGR\u00cdCOLA DE URUGUAY\",\"datePublished\":\"2026-01-05T17:13:36+00:00\",\"dateModified\":\"2026-01-05T17:13:37+00:00\",\"mainEntityOfPage\":{\"@id\":\"https:\\\/\\\/palmerodespachante.uy\\\/index.php\\\/2026\\\/01\\\/05\\\/esperanzas-y-preocupaciones-en-el-comienzo-del-ano-agricola-de-uruguay\\\/\"},\"wordCount\":251,\"commentCount\":0,\"publisher\":{\"@id\":\"https:\\\/\\\/palmerodespachante.uy\\\/#organization\"},\"articleSection\":[\"Noticias\"],\"inLanguage\":\"es\",\"potentialAction\":[{\"@type\":\"CommentAction\",\"name\":\"Comment\",\"target\":[\"https:\\\/\\\/palmerodespachante.uy\\\/index.php\\\/2026\\\/01\\\/05\\\/esperanzas-y-preocupaciones-en-el-comienzo-del-ano-agricola-de-uruguay\\\/#respond\"]}]},{\"@type\":\"WebPage\",\"@id\":\"https:\\\/\\\/palmerodespachante.uy\\\/index.php\\\/2026\\\/01\\\/05\\\/esperanzas-y-preocupaciones-en-el-comienzo-del-ano-agricola-de-uruguay\\\/\",\"url\":\"https:\\\/\\\/palmerodespachante.uy\\\/index.php\\\/2026\\\/01\\\/05\\\/esperanzas-y-preocupaciones-en-el-comienzo-del-ano-agricola-de-uruguay\\\/\",\"name\":\"ESPERANZAS Y PREOCUPACIONES EN EL COMIENZO DEL A\u00d1O AGR\u00cdCOLA DE URUGUAY - Palmero Despachante de Aduana\",\"isPartOf\":{\"@id\":\"https:\\\/\\\/palmerodespachante.uy\\\/#website\"},\"datePublished\":\"2026-01-05T17:13:36+00:00\",\"dateModified\":\"2026-01-05T17:13:37+00:00\",\"breadcrumb\":{\"@id\":\"https:\\\/\\\/palmerodespachante.uy\\\/index.php\\\/2026\\\/01\\\/05\\\/esperanzas-y-preocupaciones-en-el-comienzo-del-ano-agricola-de-uruguay\\\/#breadcrumb\"},\"inLanguage\":\"es\",\"potentialAction\":[{\"@type\":\"ReadAction\",\"target\":[\"https:\\\/\\\/palmerodespachante.uy\\\/index.php\\\/2026\\\/01\\\/05\\\/esperanzas-y-preocupaciones-en-el-comienzo-del-ano-agricola-de-uruguay\\\/\"]}]},{\"@type\":\"BreadcrumbList\",\"@id\":\"https:\\\/\\\/palmerodespachante.uy\\\/index.php\\\/2026\\\/01\\\/05\\\/esperanzas-y-preocupaciones-en-el-comienzo-del-ano-agricola-de-uruguay\\\/#breadcrumb\",\"itemListElement\":[{\"@type\":\"ListItem\",\"position\":1,\"name\":\"Portada\",\"item\":\"https:\\\/\\\/palmerodespachante.uy\\\/\"},{\"@type\":\"ListItem\",\"position\":2,\"name\":\"ESPERANZAS Y PREOCUPACIONES EN EL COMIENZO DEL A\u00d1O AGR\u00cdCOLA DE URUGUAY\"}]},{\"@type\":\"WebSite\",\"@id\":\"https:\\\/\\\/palmerodespachante.uy\\\/#website\",\"url\":\"https:\\\/\\\/palmerodespachante.uy\\\/\",\"name\":\"Palmero Despachante de Aduana\",\"description\":\"Importaci\u00f3n, Exportaci\u00f3n, Tr\u00e1nsito\",\"publisher\":{\"@id\":\"https:\\\/\\\/palmerodespachante.uy\\\/#organization\"},\"potentialAction\":[{\"@type\":\"SearchAction\",\"target\":{\"@type\":\"EntryPoint\",\"urlTemplate\":\"https:\\\/\\\/palmerodespachante.uy\\\/?s={search_term_string}\"},\"query-input\":{\"@type\":\"PropertyValueSpecification\",\"valueRequired\":true,\"valueName\":\"search_term_string\"}}],\"inLanguage\":\"es\"},{\"@type\":\"Organization\",\"@id\":\"https:\\\/\\\/palmerodespachante.uy\\\/#organization\",\"name\":\"Palmero Despachante de Aduanas\",\"url\":\"https:\\\/\\\/palmerodespachante.uy\\\/\",\"logo\":{\"@type\":\"ImageObject\",\"inLanguage\":\"es\",\"@id\":\"https:\\\/\\\/palmerodespachante.uy\\\/#\\\/schema\\\/logo\\\/image\\\/\",\"url\":\"https:\\\/\\\/palmerodespachante.uy\\\/wp-content\\\/uploads\\\/2018\\\/08\\\/Logo-144.png\",\"contentUrl\":\"https:\\\/\\\/palmerodespachante.uy\\\/wp-content\\\/uploads\\\/2018\\\/08\\\/Logo-144.png\",\"width\":144,\"height\":144,\"caption\":\"Palmero Despachante de Aduanas\"},\"image\":{\"@id\":\"https:\\\/\\\/palmerodespachante.uy\\\/#\\\/schema\\\/logo\\\/image\\\/\"},\"sameAs\":[\"https:\\\/\\\/www.facebook.com\\\/despachantedeaduana.palmero?hc_ref=ARQPWzEmqFz3O_9qTlrxPP6NW-Vf1b4-iJdwH7XdkuWdfarefzfPyjY7DGBCye4mnJs\",\"https:\\\/\\\/www.linkedin.com\\\/company\\\/despachante-de-aduana-palmero\\\/\"]},{\"@type\":\"Person\",\"@id\":\"https:\\\/\\\/palmerodespachante.uy\\\/#\\\/schema\\\/person\\\/9eabdcdc87fc74d275cc2faf2ce2f732\",\"name\":\"Javier Palmero\",\"image\":{\"@type\":\"ImageObject\",\"inLanguage\":\"es\",\"@id\":\"https:\\\/\\\/palmerodespachante.uy\\\/wp-content\\\/litespeed\\\/avatar\\\/8e783966089c8fa82b27a6627fb956c2.jpg?ver=1777463218\",\"url\":\"https:\\\/\\\/palmerodespachante.uy\\\/wp-content\\\/litespeed\\\/avatar\\\/8e783966089c8fa82b27a6627fb956c2.jpg?ver=1777463218\",\"contentUrl\":\"https:\\\/\\\/palmerodespachante.uy\\\/wp-content\\\/litespeed\\\/avatar\\\/8e783966089c8fa82b27a6627fb956c2.jpg?ver=1777463218\",\"caption\":\"Javier Palmero\"}}]}<\/script>\n<!-- \/ Yoast SEO plugin. -->","yoast_head_json":{"title":"ESPERANZAS Y PREOCUPACIONES EN EL COMIENZO DEL A\u00d1O AGR\u00cdCOLA DE URUGUAY - Palmero Despachante de Aduana","robots":{"index":"noindex","follow":"follow"},"og_locale":"es_ES","og_type":"article","og_title":"ESPERANZAS Y PREOCUPACIONES EN EL COMIENZO DEL A\u00d1O AGR\u00cdCOLA DE URUGUAY - Palmero Despachante de Aduana","og_description":"Las preocupaciones por el rendimiento de los cultivos de verano contin\u00faan, aunque ahora con la esperanza de lluvias que pueden estar llegando el 13 de enero como para rescatar a los cultivos que puedan llegar en buen estado para ese momento. Dado que es una lluvia importante pero lejana es temprano para cualquier proyecci\u00f3n sobre [&hellip;]","og_url":"https:\/\/palmerodespachante.uy\/index.php\/2026\/01\/05\/esperanzas-y-preocupaciones-en-el-comienzo-del-ano-agricola-de-uruguay\/","og_site_name":"Palmero Despachante de Aduana","article_publisher":"https:\/\/www.facebook.com\/despachantedeaduana.palmero?hc_ref=ARQPWzEmqFz3O_9qTlrxPP6NW-Vf1b4-iJdwH7XdkuWdfarefzfPyjY7DGBCye4mnJs","article_published_time":"2026-01-05T17:13:36+00:00","article_modified_time":"2026-01-05T17:13:37+00:00","author":"Javier Palmero","twitter_card":"summary_large_image","twitter_misc":{"Escrito por":"Javier Palmero","Tiempo de lectura":"2 minutos"},"schema":{"@context":"https:\/\/schema.org","@graph":[{"@type":"Article","@id":"https:\/\/palmerodespachante.uy\/index.php\/2026\/01\/05\/esperanzas-y-preocupaciones-en-el-comienzo-del-ano-agricola-de-uruguay\/#article","isPartOf":{"@id":"https:\/\/palmerodespachante.uy\/index.php\/2026\/01\/05\/esperanzas-y-preocupaciones-en-el-comienzo-del-ano-agricola-de-uruguay\/"},"author":{"name":"Javier Palmero","@id":"https:\/\/palmerodespachante.uy\/#\/schema\/person\/9eabdcdc87fc74d275cc2faf2ce2f732"},"headline":"ESPERANZAS Y PREOCUPACIONES EN EL COMIENZO DEL A\u00d1O AGR\u00cdCOLA DE URUGUAY","datePublished":"2026-01-05T17:13:36+00:00","dateModified":"2026-01-05T17:13:37+00:00","mainEntityOfPage":{"@id":"https:\/\/palmerodespachante.uy\/index.php\/2026\/01\/05\/esperanzas-y-preocupaciones-en-el-comienzo-del-ano-agricola-de-uruguay\/"},"wordCount":251,"commentCount":0,"publisher":{"@id":"https:\/\/palmerodespachante.uy\/#organization"},"articleSection":["Noticias"],"inLanguage":"es","potentialAction":[{"@type":"CommentAction","name":"Comment","target":["https:\/\/palmerodespachante.uy\/index.php\/2026\/01\/05\/esperanzas-y-preocupaciones-en-el-comienzo-del-ano-agricola-de-uruguay\/#respond"]}]},{"@type":"WebPage","@id":"https:\/\/palmerodespachante.uy\/index.php\/2026\/01\/05\/esperanzas-y-preocupaciones-en-el-comienzo-del-ano-agricola-de-uruguay\/","url":"https:\/\/palmerodespachante.uy\/index.php\/2026\/01\/05\/esperanzas-y-preocupaciones-en-el-comienzo-del-ano-agricola-de-uruguay\/","name":"ESPERANZAS Y PREOCUPACIONES EN EL COMIENZO DEL A\u00d1O AGR\u00cdCOLA DE URUGUAY - Palmero Despachante de Aduana","isPartOf":{"@id":"https:\/\/palmerodespachante.uy\/#website"},"datePublished":"2026-01-05T17:13:36+00:00","dateModified":"2026-01-05T17:13:37+00:00","breadcrumb":{"@id":"https:\/\/palmerodespachante.uy\/index.php\/2026\/01\/05\/esperanzas-y-preocupaciones-en-el-comienzo-del-ano-agricola-de-uruguay\/#breadcrumb"},"inLanguage":"es","potentialAction":[{"@type":"ReadAction","target":["https:\/\/palmerodespachante.uy\/index.php\/2026\/01\/05\/esperanzas-y-preocupaciones-en-el-comienzo-del-ano-agricola-de-uruguay\/"]}]},{"@type":"BreadcrumbList","@id":"https:\/\/palmerodespachante.uy\/index.php\/2026\/01\/05\/esperanzas-y-preocupaciones-en-el-comienzo-del-ano-agricola-de-uruguay\/#breadcrumb","itemListElement":[{"@type":"ListItem","position":1,"name":"Portada","item":"https:\/\/palmerodespachante.uy\/"},{"@type":"ListItem","position":2,"name":"ESPERANZAS Y PREOCUPACIONES EN EL COMIENZO DEL A\u00d1O AGR\u00cdCOLA DE URUGUAY"}]},{"@type":"WebSite","@id":"https:\/\/palmerodespachante.uy\/#website","url":"https:\/\/palmerodespachante.uy\/","name":"Palmero Despachante de Aduana","description":"Importaci\u00f3n, Exportaci\u00f3n, Tr\u00e1nsito","publisher":{"@id":"https:\/\/palmerodespachante.uy\/#organization"},"potentialAction":[{"@type":"SearchAction","target":{"@type":"EntryPoint","urlTemplate":"https:\/\/palmerodespachante.uy\/?s={search_term_string}"},"query-input":{"@type":"PropertyValueSpecification","valueRequired":true,"valueName":"search_term_string"}}],"inLanguage":"es"},{"@type":"Organization","@id":"https:\/\/palmerodespachante.uy\/#organization","name":"Palmero Despachante de Aduanas","url":"https:\/\/palmerodespachante.uy\/","logo":{"@type":"ImageObject","inLanguage":"es","@id":"https:\/\/palmerodespachante.uy\/#\/schema\/logo\/image\/","url":"https:\/\/palmerodespachante.uy\/wp-content\/uploads\/2018\/08\/Logo-144.png","contentUrl":"https:\/\/palmerodespachante.uy\/wp-content\/uploads\/2018\/08\/Logo-144.png","width":144,"height":144,"caption":"Palmero Despachante de Aduanas"},"image":{"@id":"https:\/\/palmerodespachante.uy\/#\/schema\/logo\/image\/"},"sameAs":["https:\/\/www.facebook.com\/despachantedeaduana.palmero?hc_ref=ARQPWzEmqFz3O_9qTlrxPP6NW-Vf1b4-iJdwH7XdkuWdfarefzfPyjY7DGBCye4mnJs","https:\/\/www.linkedin.com\/company\/despachante-de-aduana-palmero\/"]},{"@type":"Person","@id":"https:\/\/palmerodespachante.uy\/#\/schema\/person\/9eabdcdc87fc74d275cc2faf2ce2f732","name":"Javier Palmero","image":{"@type":"ImageObject","inLanguage":"es","@id":"https:\/\/palmerodespachante.uy\/wp-content\/litespeed\/avatar\/8e783966089c8fa82b27a6627fb956c2.jpg?ver=1777463218","url":"https:\/\/palmerodespachante.uy\/wp-content\/litespeed\/avatar\/8e783966089c8fa82b27a6627fb956c2.jpg?ver=1777463218","contentUrl":"https:\/\/palmerodespachante.uy\/wp-content\/litespeed\/avatar\/8e783966089c8fa82b27a6627fb956c2.jpg?ver=1777463218","caption":"Javier Palmero"}}]}},"jetpack_featured_media_url":"","_links":{"self":[{"href":"https:\/\/palmerodespachante.uy\/index.php\/wp-json\/wp\/v2\/posts\/1709","targetHints":{"allow":["GET"]}}],"collection":[{"href":"https:\/\/palmerodespachante.uy\/index.php\/wp-json\/wp\/v2\/posts"}],"about":[{"href":"https:\/\/palmerodespachante.uy\/index.php\/wp-json\/wp\/v2\/types\/post"}],"author":[{"embeddable":true,"href":"https:\/\/palmerodespachante.uy\/index.php\/wp-json\/wp\/v2\/users\/3"}],"replies":[{"embeddable":true,"href":"https:\/\/palmerodespachante.uy\/index.php\/wp-json\/wp\/v2\/comments?post=1709"}],"version-history":[{"count":1,"href":"https:\/\/palmerodespachante.uy\/index.php\/wp-json\/wp\/v2\/posts\/1709\/revisions"}],"predecessor-version":[{"id":1710,"href":"https:\/\/palmerodespachante.uy\/index.php\/wp-json\/wp\/v2\/posts\/1709\/revisions\/1710"}],"wp:attachment":[{"href":"https:\/\/palmerodespachante.uy\/index.php\/wp-json\/wp\/v2\/media?parent=1709"}],"wp:term":[{"taxonomy":"category","embeddable":true,"href":"https:\/\/palmerodespachante.uy\/index.php\/wp-json\/wp\/v2\/categories?post=1709"},{"taxonomy":"post_tag","embeddable":true,"href":"https:\/\/palmerodespachante.uy\/index.php\/wp-json\/wp\/v2\/tags?post=1709"}],"curies":[{"name":"wp","href":"https:\/\/api.w.org\/{rel}","templated":true}]}}