{"id":1706,"date":"2026-01-05T14:12:43","date_gmt":"2026-01-05T17:12:43","guid":{"rendered":"https:\/\/palmerodespachante.uy\/?p=1706"},"modified":"2026-01-05T14:12:44","modified_gmt":"2026-01-05T17:12:44","slug":"la-venta-de-vehiculos-0km-cerro-2025-con-una-suba-interanual-de-84-y-marco-un-nuevo-record-del-sector","status":"publish","type":"post","link":"https:\/\/palmerodespachante.uy\/index.php\/2026\/01\/05\/la-venta-de-vehiculos-0km-cerro-2025-con-una-suba-interanual-de-84-y-marco-un-nuevo-record-del-sector\/","title":{"rendered":"LA VENTA DE VEH\u00cdCULOS 0KM CERR\u00d3 2025 CON UNA SUBA INTERANUAL DE 8,4% Y MARC\u00d3 UN NUEVO R\u00c9CORD DEL SECTOR."},"content":{"rendered":"\n<p>El mercado automotor cerr\u00f3 2025 con un m\u00e1ximo hist\u00f3rico, al alcanzar un r\u00e9cord de 71.442 veh\u00edculos 0 km vendidos, lo que implic\u00f3 un crecimiento anual de 8,4% frente a 2024, cuando se vendieron 65.909, y consolid\u00f3 una tendencia en alza que, pese a cierta desaceleraci\u00f3n hacia el final del a\u00f1o, confirma la fuerte demanda. Seg\u00fan los datos difundidos por la Asociaci\u00f3n del Comercio Automotor del Uruguay (ACAU) en su informe de ventas acumuladas de 2025, el sector logr\u00f3 sostener un crecimiento significativo a lo largo del a\u00f1o, apoyado en cambios estructurales del mercado y en un contexto de cierta estabilidad macroecon\u00f3mica. En diciembre, las ventas de veh\u00edculos nuevos crecieron 2,6% interanual, aunque el \u00faltimo trimestre mostr\u00f3 una moderaci\u00f3n del ritmo, con un avance de 2,2%, lo que marc\u00f3 una desaceleraci\u00f3n respecto de los meses previos. El r\u00e9cord anual estuvo impulsado, principalmente, por el fuerte dinamismo de los deportivos utilitarios SUV, que se consolida como una de las categor\u00edas de mayor demanda. A esto se sum\u00f3 el avance sostenido de la movilidad el\u00e9ctrica, que si bien todav\u00eda representa una porci\u00f3n menor del total, comienza a ganar protagonismo. Desde el sector destacan que la electrificaci\u00f3n \u201cse est\u00e1 introduciendo fuerte, pero reci\u00e9n est\u00e1 en una etapa inicial en Uruguay\u201d, lo que abre perspectivas de crecimiento a fututo. (\u00c1mbito Financiero \u2013 05\/01)<\/p>\n","protected":false},"excerpt":{"rendered":"<p>El mercado automotor cerr\u00f3 2025 con un m\u00e1ximo hist\u00f3rico, al alcanzar un r\u00e9cord de 71.442 veh\u00edculos 0 km vendidos, lo que implic\u00f3 un crecimiento anual de 8,4% frente a 2024, cuando se vendieron 65.909, y consolid\u00f3 una tendencia en alza que, pese a cierta desaceleraci\u00f3n hacia el final del a\u00f1o, confirma la fuerte demanda. Seg\u00fan [&hellip;]<\/p>\n","protected":false},"author":3,"featured_media":0,"comment_status":"open","ping_status":"open","sticky":false,"template":"","format":"standard","meta":{"_joinchat":[],"footnotes":""},"categories":[37],"tags":[],"class_list":{"0":"post-1706","1":"post","2":"type-post","3":"status-publish","4":"format-standard","6":"category-noticias"},"yoast_head":"<!-- This site is optimized with the Yoast SEO plugin v27.4 - https:\/\/yoast.com\/product\/yoast-seo-wordpress\/ -->\n<title>LA VENTA DE VEH\u00cdCULOS 0KM CERR\u00d3 2025 CON UNA SUBA INTERANUAL DE 8,4% Y MARC\u00d3 UN NUEVO R\u00c9CORD DEL SECTOR. - Palmero Despachante de Aduana<\/title>\n<meta name=\"robots\" content=\"noindex, follow\" \/>\n<meta property=\"og:locale\" content=\"es_ES\" \/>\n<meta property=\"og:type\" content=\"article\" \/>\n<meta property=\"og:title\" content=\"LA VENTA DE VEH\u00cdCULOS 0KM CERR\u00d3 2025 CON UNA SUBA INTERANUAL DE 8,4% Y MARC\u00d3 UN NUEVO R\u00c9CORD DEL SECTOR. - Palmero Despachante de Aduana\" \/>\n<meta property=\"og:description\" content=\"El mercado automotor cerr\u00f3 2025 con un m\u00e1ximo hist\u00f3rico, al alcanzar un r\u00e9cord de 71.442 veh\u00edculos 0 km vendidos, lo que implic\u00f3 un crecimiento anual de 8,4% frente a 2024, cuando se vendieron 65.909, y consolid\u00f3 una tendencia en alza que, pese a cierta desaceleraci\u00f3n hacia el final del a\u00f1o, confirma la fuerte demanda. Seg\u00fan [&hellip;]\" \/>\n<meta property=\"og:url\" content=\"https:\/\/palmerodespachante.uy\/index.php\/2026\/01\/05\/la-venta-de-vehiculos-0km-cerro-2025-con-una-suba-interanual-de-84-y-marco-un-nuevo-record-del-sector\/\" \/>\n<meta property=\"og:site_name\" content=\"Palmero Despachante de Aduana\" \/>\n<meta property=\"article:publisher\" content=\"https:\/\/www.facebook.com\/despachantedeaduana.palmero?hc_ref=ARQPWzEmqFz3O_9qTlrxPP6NW-Vf1b4-iJdwH7XdkuWdfarefzfPyjY7DGBCye4mnJs\" \/>\n<meta property=\"article:published_time\" content=\"2026-01-05T17:12:43+00:00\" \/>\n<meta property=\"article:modified_time\" content=\"2026-01-05T17:12:44+00:00\" \/>\n<meta name=\"author\" content=\"Javier Palmero\" \/>\n<meta name=\"twitter:card\" content=\"summary_large_image\" \/>\n<meta name=\"twitter:label1\" content=\"Escrito por\" \/>\n\t<meta name=\"twitter:data1\" content=\"Javier Palmero\" \/>\n\t<meta name=\"twitter:label2\" content=\"Tiempo de lectura\" \/>\n\t<meta name=\"twitter:data2\" content=\"1 minuto\" \/>\n<script type=\"application\/ld+json\" class=\"yoast-schema-graph\">{\"@context\":\"https:\\\/\\\/schema.org\",\"@graph\":[{\"@type\":\"Article\",\"@id\":\"https:\\\/\\\/palmerodespachante.uy\\\/index.php\\\/2026\\\/01\\\/05\\\/la-venta-de-vehiculos-0km-cerro-2025-con-una-suba-interanual-de-84-y-marco-un-nuevo-record-del-sector\\\/#article\",\"isPartOf\":{\"@id\":\"https:\\\/\\\/palmerodespachante.uy\\\/index.php\\\/2026\\\/01\\\/05\\\/la-venta-de-vehiculos-0km-cerro-2025-con-una-suba-interanual-de-84-y-marco-un-nuevo-record-del-sector\\\/\"},\"author\":{\"name\":\"Javier Palmero\",\"@id\":\"https:\\\/\\\/palmerodespachante.uy\\\/#\\\/schema\\\/person\\\/9eabdcdc87fc74d275cc2faf2ce2f732\"},\"headline\":\"LA VENTA DE VEH\u00cdCULOS 0KM CERR\u00d3 2025 CON UNA SUBA INTERANUAL DE 8,4% Y MARC\u00d3 UN NUEVO R\u00c9CORD DEL SECTOR.\",\"datePublished\":\"2026-01-05T17:12:43+00:00\",\"dateModified\":\"2026-01-05T17:12:44+00:00\",\"mainEntityOfPage\":{\"@id\":\"https:\\\/\\\/palmerodespachante.uy\\\/index.php\\\/2026\\\/01\\\/05\\\/la-venta-de-vehiculos-0km-cerro-2025-con-una-suba-interanual-de-84-y-marco-un-nuevo-record-del-sector\\\/\"},\"wordCount\":247,\"commentCount\":0,\"publisher\":{\"@id\":\"https:\\\/\\\/palmerodespachante.uy\\\/#organization\"},\"articleSection\":[\"Noticias\"],\"inLanguage\":\"es\",\"potentialAction\":[{\"@type\":\"CommentAction\",\"name\":\"Comment\",\"target\":[\"https:\\\/\\\/palmerodespachante.uy\\\/index.php\\\/2026\\\/01\\\/05\\\/la-venta-de-vehiculos-0km-cerro-2025-con-una-suba-interanual-de-84-y-marco-un-nuevo-record-del-sector\\\/#respond\"]}]},{\"@type\":\"WebPage\",\"@id\":\"https:\\\/\\\/palmerodespachante.uy\\\/index.php\\\/2026\\\/01\\\/05\\\/la-venta-de-vehiculos-0km-cerro-2025-con-una-suba-interanual-de-84-y-marco-un-nuevo-record-del-sector\\\/\",\"url\":\"https:\\\/\\\/palmerodespachante.uy\\\/index.php\\\/2026\\\/01\\\/05\\\/la-venta-de-vehiculos-0km-cerro-2025-con-una-suba-interanual-de-84-y-marco-un-nuevo-record-del-sector\\\/\",\"name\":\"LA VENTA DE VEH\u00cdCULOS 0KM CERR\u00d3 2025 CON UNA SUBA INTERANUAL DE 8,4% Y MARC\u00d3 UN NUEVO R\u00c9CORD DEL SECTOR. - Palmero Despachante de Aduana\",\"isPartOf\":{\"@id\":\"https:\\\/\\\/palmerodespachante.uy\\\/#website\"},\"datePublished\":\"2026-01-05T17:12:43+00:00\",\"dateModified\":\"2026-01-05T17:12:44+00:00\",\"breadcrumb\":{\"@id\":\"https:\\\/\\\/palmerodespachante.uy\\\/index.php\\\/2026\\\/01\\\/05\\\/la-venta-de-vehiculos-0km-cerro-2025-con-una-suba-interanual-de-84-y-marco-un-nuevo-record-del-sector\\\/#breadcrumb\"},\"inLanguage\":\"es\",\"potentialAction\":[{\"@type\":\"ReadAction\",\"target\":[\"https:\\\/\\\/palmerodespachante.uy\\\/index.php\\\/2026\\\/01\\\/05\\\/la-venta-de-vehiculos-0km-cerro-2025-con-una-suba-interanual-de-84-y-marco-un-nuevo-record-del-sector\\\/\"]}]},{\"@type\":\"BreadcrumbList\",\"@id\":\"https:\\\/\\\/palmerodespachante.uy\\\/index.php\\\/2026\\\/01\\\/05\\\/la-venta-de-vehiculos-0km-cerro-2025-con-una-suba-interanual-de-84-y-marco-un-nuevo-record-del-sector\\\/#breadcrumb\",\"itemListElement\":[{\"@type\":\"ListItem\",\"position\":1,\"name\":\"Portada\",\"item\":\"https:\\\/\\\/palmerodespachante.uy\\\/\"},{\"@type\":\"ListItem\",\"position\":2,\"name\":\"LA VENTA DE VEH\u00cdCULOS 0KM CERR\u00d3 2025 CON UNA SUBA INTERANUAL DE 8,4% Y MARC\u00d3 UN NUEVO R\u00c9CORD DEL SECTOR.\"}]},{\"@type\":\"WebSite\",\"@id\":\"https:\\\/\\\/palmerodespachante.uy\\\/#website\",\"url\":\"https:\\\/\\\/palmerodespachante.uy\\\/\",\"name\":\"Palmero Despachante de Aduana\",\"description\":\"Importaci\u00f3n, Exportaci\u00f3n, Tr\u00e1nsito\",\"publisher\":{\"@id\":\"https:\\\/\\\/palmerodespachante.uy\\\/#organization\"},\"potentialAction\":[{\"@type\":\"SearchAction\",\"target\":{\"@type\":\"EntryPoint\",\"urlTemplate\":\"https:\\\/\\\/palmerodespachante.uy\\\/?s={search_term_string}\"},\"query-input\":{\"@type\":\"PropertyValueSpecification\",\"valueRequired\":true,\"valueName\":\"search_term_string\"}}],\"inLanguage\":\"es\"},{\"@type\":\"Organization\",\"@id\":\"https:\\\/\\\/palmerodespachante.uy\\\/#organization\",\"name\":\"Palmero Despachante de Aduanas\",\"url\":\"https:\\\/\\\/palmerodespachante.uy\\\/\",\"logo\":{\"@type\":\"ImageObject\",\"inLanguage\":\"es\",\"@id\":\"https:\\\/\\\/palmerodespachante.uy\\\/#\\\/schema\\\/logo\\\/image\\\/\",\"url\":\"https:\\\/\\\/palmerodespachante.uy\\\/wp-content\\\/uploads\\\/2018\\\/08\\\/Logo-144.png\",\"contentUrl\":\"https:\\\/\\\/palmerodespachante.uy\\\/wp-content\\\/uploads\\\/2018\\\/08\\\/Logo-144.png\",\"width\":144,\"height\":144,\"caption\":\"Palmero Despachante de Aduanas\"},\"image\":{\"@id\":\"https:\\\/\\\/palmerodespachante.uy\\\/#\\\/schema\\\/logo\\\/image\\\/\"},\"sameAs\":[\"https:\\\/\\\/www.facebook.com\\\/despachantedeaduana.palmero?hc_ref=ARQPWzEmqFz3O_9qTlrxPP6NW-Vf1b4-iJdwH7XdkuWdfarefzfPyjY7DGBCye4mnJs\",\"https:\\\/\\\/www.linkedin.com\\\/company\\\/despachante-de-aduana-palmero\\\/\"]},{\"@type\":\"Person\",\"@id\":\"https:\\\/\\\/palmerodespachante.uy\\\/#\\\/schema\\\/person\\\/9eabdcdc87fc74d275cc2faf2ce2f732\",\"name\":\"Javier Palmero\",\"image\":{\"@type\":\"ImageObject\",\"inLanguage\":\"es\",\"@id\":\"https:\\\/\\\/palmerodespachante.uy\\\/wp-content\\\/litespeed\\\/avatar\\\/8e783966089c8fa82b27a6627fb956c2.jpg?ver=1776856630\",\"url\":\"https:\\\/\\\/palmerodespachante.uy\\\/wp-content\\\/litespeed\\\/avatar\\\/8e783966089c8fa82b27a6627fb956c2.jpg?ver=1776856630\",\"contentUrl\":\"https:\\\/\\\/palmerodespachante.uy\\\/wp-content\\\/litespeed\\\/avatar\\\/8e783966089c8fa82b27a6627fb956c2.jpg?ver=1776856630\",\"caption\":\"Javier Palmero\"}}]}<\/script>\n<!-- \/ Yoast SEO plugin. -->","yoast_head_json":{"title":"LA VENTA DE VEH\u00cdCULOS 0KM CERR\u00d3 2025 CON UNA SUBA INTERANUAL DE 8,4% Y MARC\u00d3 UN NUEVO R\u00c9CORD DEL SECTOR. - Palmero Despachante de Aduana","robots":{"index":"noindex","follow":"follow"},"og_locale":"es_ES","og_type":"article","og_title":"LA VENTA DE VEH\u00cdCULOS 0KM CERR\u00d3 2025 CON UNA SUBA INTERANUAL DE 8,4% Y MARC\u00d3 UN NUEVO R\u00c9CORD DEL SECTOR. - Palmero Despachante de Aduana","og_description":"El mercado automotor cerr\u00f3 2025 con un m\u00e1ximo hist\u00f3rico, al alcanzar un r\u00e9cord de 71.442 veh\u00edculos 0 km vendidos, lo que implic\u00f3 un crecimiento anual de 8,4% frente a 2024, cuando se vendieron 65.909, y consolid\u00f3 una tendencia en alza que, pese a cierta desaceleraci\u00f3n hacia el final del a\u00f1o, confirma la fuerte demanda. Seg\u00fan [&hellip;]","og_url":"https:\/\/palmerodespachante.uy\/index.php\/2026\/01\/05\/la-venta-de-vehiculos-0km-cerro-2025-con-una-suba-interanual-de-84-y-marco-un-nuevo-record-del-sector\/","og_site_name":"Palmero Despachante de Aduana","article_publisher":"https:\/\/www.facebook.com\/despachantedeaduana.palmero?hc_ref=ARQPWzEmqFz3O_9qTlrxPP6NW-Vf1b4-iJdwH7XdkuWdfarefzfPyjY7DGBCye4mnJs","article_published_time":"2026-01-05T17:12:43+00:00","article_modified_time":"2026-01-05T17:12:44+00:00","author":"Javier Palmero","twitter_card":"summary_large_image","twitter_misc":{"Escrito por":"Javier Palmero","Tiempo de lectura":"1 minuto"},"schema":{"@context":"https:\/\/schema.org","@graph":[{"@type":"Article","@id":"https:\/\/palmerodespachante.uy\/index.php\/2026\/01\/05\/la-venta-de-vehiculos-0km-cerro-2025-con-una-suba-interanual-de-84-y-marco-un-nuevo-record-del-sector\/#article","isPartOf":{"@id":"https:\/\/palmerodespachante.uy\/index.php\/2026\/01\/05\/la-venta-de-vehiculos-0km-cerro-2025-con-una-suba-interanual-de-84-y-marco-un-nuevo-record-del-sector\/"},"author":{"name":"Javier Palmero","@id":"https:\/\/palmerodespachante.uy\/#\/schema\/person\/9eabdcdc87fc74d275cc2faf2ce2f732"},"headline":"LA VENTA DE VEH\u00cdCULOS 0KM CERR\u00d3 2025 CON UNA SUBA INTERANUAL DE 8,4% Y MARC\u00d3 UN NUEVO R\u00c9CORD DEL SECTOR.","datePublished":"2026-01-05T17:12:43+00:00","dateModified":"2026-01-05T17:12:44+00:00","mainEntityOfPage":{"@id":"https:\/\/palmerodespachante.uy\/index.php\/2026\/01\/05\/la-venta-de-vehiculos-0km-cerro-2025-con-una-suba-interanual-de-84-y-marco-un-nuevo-record-del-sector\/"},"wordCount":247,"commentCount":0,"publisher":{"@id":"https:\/\/palmerodespachante.uy\/#organization"},"articleSection":["Noticias"],"inLanguage":"es","potentialAction":[{"@type":"CommentAction","name":"Comment","target":["https:\/\/palmerodespachante.uy\/index.php\/2026\/01\/05\/la-venta-de-vehiculos-0km-cerro-2025-con-una-suba-interanual-de-84-y-marco-un-nuevo-record-del-sector\/#respond"]}]},{"@type":"WebPage","@id":"https:\/\/palmerodespachante.uy\/index.php\/2026\/01\/05\/la-venta-de-vehiculos-0km-cerro-2025-con-una-suba-interanual-de-84-y-marco-un-nuevo-record-del-sector\/","url":"https:\/\/palmerodespachante.uy\/index.php\/2026\/01\/05\/la-venta-de-vehiculos-0km-cerro-2025-con-una-suba-interanual-de-84-y-marco-un-nuevo-record-del-sector\/","name":"LA VENTA DE VEH\u00cdCULOS 0KM CERR\u00d3 2025 CON UNA SUBA INTERANUAL DE 8,4% Y MARC\u00d3 UN NUEVO R\u00c9CORD DEL SECTOR. - Palmero Despachante de Aduana","isPartOf":{"@id":"https:\/\/palmerodespachante.uy\/#website"},"datePublished":"2026-01-05T17:12:43+00:00","dateModified":"2026-01-05T17:12:44+00:00","breadcrumb":{"@id":"https:\/\/palmerodespachante.uy\/index.php\/2026\/01\/05\/la-venta-de-vehiculos-0km-cerro-2025-con-una-suba-interanual-de-84-y-marco-un-nuevo-record-del-sector\/#breadcrumb"},"inLanguage":"es","potentialAction":[{"@type":"ReadAction","target":["https:\/\/palmerodespachante.uy\/index.php\/2026\/01\/05\/la-venta-de-vehiculos-0km-cerro-2025-con-una-suba-interanual-de-84-y-marco-un-nuevo-record-del-sector\/"]}]},{"@type":"BreadcrumbList","@id":"https:\/\/palmerodespachante.uy\/index.php\/2026\/01\/05\/la-venta-de-vehiculos-0km-cerro-2025-con-una-suba-interanual-de-84-y-marco-un-nuevo-record-del-sector\/#breadcrumb","itemListElement":[{"@type":"ListItem","position":1,"name":"Portada","item":"https:\/\/palmerodespachante.uy\/"},{"@type":"ListItem","position":2,"name":"LA VENTA DE VEH\u00cdCULOS 0KM CERR\u00d3 2025 CON UNA SUBA INTERANUAL DE 8,4% Y MARC\u00d3 UN NUEVO R\u00c9CORD DEL SECTOR."}]},{"@type":"WebSite","@id":"https:\/\/palmerodespachante.uy\/#website","url":"https:\/\/palmerodespachante.uy\/","name":"Palmero Despachante de Aduana","description":"Importaci\u00f3n, Exportaci\u00f3n, Tr\u00e1nsito","publisher":{"@id":"https:\/\/palmerodespachante.uy\/#organization"},"potentialAction":[{"@type":"SearchAction","target":{"@type":"EntryPoint","urlTemplate":"https:\/\/palmerodespachante.uy\/?s={search_term_string}"},"query-input":{"@type":"PropertyValueSpecification","valueRequired":true,"valueName":"search_term_string"}}],"inLanguage":"es"},{"@type":"Organization","@id":"https:\/\/palmerodespachante.uy\/#organization","name":"Palmero Despachante de Aduanas","url":"https:\/\/palmerodespachante.uy\/","logo":{"@type":"ImageObject","inLanguage":"es","@id":"https:\/\/palmerodespachante.uy\/#\/schema\/logo\/image\/","url":"https:\/\/palmerodespachante.uy\/wp-content\/uploads\/2018\/08\/Logo-144.png","contentUrl":"https:\/\/palmerodespachante.uy\/wp-content\/uploads\/2018\/08\/Logo-144.png","width":144,"height":144,"caption":"Palmero Despachante de Aduanas"},"image":{"@id":"https:\/\/palmerodespachante.uy\/#\/schema\/logo\/image\/"},"sameAs":["https:\/\/www.facebook.com\/despachantedeaduana.palmero?hc_ref=ARQPWzEmqFz3O_9qTlrxPP6NW-Vf1b4-iJdwH7XdkuWdfarefzfPyjY7DGBCye4mnJs","https:\/\/www.linkedin.com\/company\/despachante-de-aduana-palmero\/"]},{"@type":"Person","@id":"https:\/\/palmerodespachante.uy\/#\/schema\/person\/9eabdcdc87fc74d275cc2faf2ce2f732","name":"Javier Palmero","image":{"@type":"ImageObject","inLanguage":"es","@id":"https:\/\/palmerodespachante.uy\/wp-content\/litespeed\/avatar\/8e783966089c8fa82b27a6627fb956c2.jpg?ver=1776856630","url":"https:\/\/palmerodespachante.uy\/wp-content\/litespeed\/avatar\/8e783966089c8fa82b27a6627fb956c2.jpg?ver=1776856630","contentUrl":"https:\/\/palmerodespachante.uy\/wp-content\/litespeed\/avatar\/8e783966089c8fa82b27a6627fb956c2.jpg?ver=1776856630","caption":"Javier Palmero"}}]}},"jetpack_featured_media_url":"","_links":{"self":[{"href":"https:\/\/palmerodespachante.uy\/index.php\/wp-json\/wp\/v2\/posts\/1706","targetHints":{"allow":["GET"]}}],"collection":[{"href":"https:\/\/palmerodespachante.uy\/index.php\/wp-json\/wp\/v2\/posts"}],"about":[{"href":"https:\/\/palmerodespachante.uy\/index.php\/wp-json\/wp\/v2\/types\/post"}],"author":[{"embeddable":true,"href":"https:\/\/palmerodespachante.uy\/index.php\/wp-json\/wp\/v2\/users\/3"}],"replies":[{"embeddable":true,"href":"https:\/\/palmerodespachante.uy\/index.php\/wp-json\/wp\/v2\/comments?post=1706"}],"version-history":[{"count":1,"href":"https:\/\/palmerodespachante.uy\/index.php\/wp-json\/wp\/v2\/posts\/1706\/revisions"}],"predecessor-version":[{"id":1707,"href":"https:\/\/palmerodespachante.uy\/index.php\/wp-json\/wp\/v2\/posts\/1706\/revisions\/1707"}],"wp:attachment":[{"href":"https:\/\/palmerodespachante.uy\/index.php\/wp-json\/wp\/v2\/media?parent=1706"}],"wp:term":[{"taxonomy":"category","embeddable":true,"href":"https:\/\/palmerodespachante.uy\/index.php\/wp-json\/wp\/v2\/categories?post=1706"},{"taxonomy":"post_tag","embeddable":true,"href":"https:\/\/palmerodespachante.uy\/index.php\/wp-json\/wp\/v2\/tags?post=1706"}],"curies":[{"name":"wp","href":"https:\/\/api.w.org\/{rel}","templated":true}]}}