{"id":1703,"date":"2026-01-05T14:11:33","date_gmt":"2026-01-05T17:11:33","guid":{"rendered":"https:\/\/palmerodespachante.uy\/?p=1703"},"modified":"2026-01-05T14:11:34","modified_gmt":"2026-01-05T17:11:34","slug":"exportaciones-record-de-uruguay-en-2025-impulsadas-por-la-carne-que-retomo-el-liderazgo-y-pese-a-la-caida-del-dolar","status":"publish","type":"post","link":"https:\/\/palmerodespachante.uy\/index.php\/2026\/01\/05\/exportaciones-record-de-uruguay-en-2025-impulsadas-por-la-carne-que-retomo-el-liderazgo-y-pese-a-la-caida-del-dolar\/","title":{"rendered":"EXPORTACIONES R\u00c9CORD DE URUGUAY EN 2025, IMPULSADAS POR LA CARNE QUE RETOM\u00d3 EL LIDERAZGO Y PESE A LA CA\u00cdDA DEL D\u00d3LAR."},"content":{"rendered":"\n<p>Las exportaciones de bienes de Uruguay en 2025 alcanzaron los US$ 13.493 millones, incluyendo zonas francas, un r\u00e9cord hist\u00f3rico. Esto es 5% m\u00e1s que en 2024, seg\u00fan el Informe Anual de Comercio Exterior del Instituto Uruguay XXI, correspondiente al a\u00f1o 2025, publicado el viernes. El aumento de las exportaciones en 2025 se dio por un fuerte crecimiento de la carne, que recuper\u00f3 el liderazgo en productos exportados, debido a un aumento de la demanda y de los precios. Y eso que en el a\u00f1o el d\u00f3lar influy\u00f3 negativamente al caer 11,4%. En diciembre de 2025, las ventas de productos uruguayos al exterior crecieron 17% respecto a igual mes de 2024 y totalizaron US$ 1.100 millones, siendo el mes m\u00e1s alto en el a\u00f1o. El principal producto de exportaci\u00f3n fue la carne bovina, con ventas al exterior por US$ 2.680 millones, un m\u00e1ximo hist\u00f3rico, lo que representa un incremento del 33% anual, en comparaci\u00f3n con 2024. As\u00ed recuper\u00f3 el lugar que le hab\u00eda quitado la celulosa, que hab\u00eda sido el principal producto de exportaci\u00f3n de Uruguay en 2024, gracias a la plena operaci\u00f3n de la planta de UPM Paso de los Toros. \u00abEl aumento en la demanda de la carne desde los destinos tradicionales, junto con un aumento de precios cercano al 19%, explic\u00f3 el desempe\u00f1o del producto en el a\u00f1o\u00bb, indic\u00f3 Uruguay XXI. La celulosa fue el segundo producto de exportaci\u00f3n en 2025 con US$ 2.307 millones (baj\u00f3 9% en relaci\u00f3n a 2024), la soja fue el tercer producto con US$ 1.420 millones vendidos al exterior (18% m\u00e1s que el a\u00f1o anterior), los l\u00e1cteos con US$ 928 millones (14% m\u00e1s que el a\u00f1o anterior) y concentrado de bebidas con US$ 753 millones (cay\u00f3 5%), completaron el top 5. En la celulosa, pese a un aumento en los vol\u00famenes exportados del 4%, la ca\u00edda se dio principalmente a una baja de los precios internacionales. El crecimiento en las ventas al exterior de soja \u00abse dio en un contexto de fuerte expansi\u00f3n de los vol\u00famenes embarcados, que pasaron de aproximadamente 2,8 a 3,6 millones de toneladas (+29%), mientras que el precio promedio de exportaci\u00f3n se redujo en torno a 8%\u00bb, se\u00f1al\u00f3 el informe. (El Pa\u00eds \u2013 03\/01)<\/p>\n","protected":false},"excerpt":{"rendered":"<p>Las exportaciones de bienes de Uruguay en 2025 alcanzaron los US$ 13.493 millones, incluyendo zonas francas, un r\u00e9cord hist\u00f3rico. Esto es 5% m\u00e1s que en 2024, seg\u00fan el Informe Anual de Comercio Exterior del Instituto Uruguay XXI, correspondiente al a\u00f1o 2025, publicado el viernes. El aumento de las exportaciones en 2025 se dio por un [&hellip;]<\/p>\n","protected":false},"author":3,"featured_media":0,"comment_status":"open","ping_status":"open","sticky":false,"template":"","format":"standard","meta":{"_joinchat":[],"footnotes":""},"categories":[37],"tags":[],"class_list":{"0":"post-1703","1":"post","2":"type-post","3":"status-publish","4":"format-standard","6":"category-noticias"},"yoast_head":"<!-- This site is optimized with the Yoast SEO plugin v27.4 - https:\/\/yoast.com\/product\/yoast-seo-wordpress\/ -->\n<title>EXPORTACIONES R\u00c9CORD DE URUGUAY EN 2025, IMPULSADAS POR LA CARNE QUE RETOM\u00d3 EL LIDERAZGO Y PESE A LA CA\u00cdDA DEL D\u00d3LAR. - Palmero Despachante de Aduana<\/title>\n<meta name=\"robots\" content=\"noindex, follow\" \/>\n<meta property=\"og:locale\" content=\"es_ES\" \/>\n<meta property=\"og:type\" content=\"article\" \/>\n<meta property=\"og:title\" content=\"EXPORTACIONES R\u00c9CORD DE URUGUAY EN 2025, IMPULSADAS POR LA CARNE QUE RETOM\u00d3 EL LIDERAZGO Y PESE A LA CA\u00cdDA DEL D\u00d3LAR. - Palmero Despachante de Aduana\" \/>\n<meta property=\"og:description\" content=\"Las exportaciones de bienes de Uruguay en 2025 alcanzaron los US$ 13.493 millones, incluyendo zonas francas, un r\u00e9cord hist\u00f3rico. Esto es 5% m\u00e1s que en 2024, seg\u00fan el Informe Anual de Comercio Exterior del Instituto Uruguay XXI, correspondiente al a\u00f1o 2025, publicado el viernes. El aumento de las exportaciones en 2025 se dio por un [&hellip;]\" \/>\n<meta property=\"og:url\" content=\"https:\/\/palmerodespachante.uy\/index.php\/2026\/01\/05\/exportaciones-record-de-uruguay-en-2025-impulsadas-por-la-carne-que-retomo-el-liderazgo-y-pese-a-la-caida-del-dolar\/\" \/>\n<meta property=\"og:site_name\" content=\"Palmero Despachante de Aduana\" \/>\n<meta property=\"article:publisher\" content=\"https:\/\/www.facebook.com\/despachantedeaduana.palmero?hc_ref=ARQPWzEmqFz3O_9qTlrxPP6NW-Vf1b4-iJdwH7XdkuWdfarefzfPyjY7DGBCye4mnJs\" \/>\n<meta property=\"article:published_time\" content=\"2026-01-05T17:11:33+00:00\" \/>\n<meta property=\"article:modified_time\" content=\"2026-01-05T17:11:34+00:00\" \/>\n<meta name=\"author\" content=\"Javier Palmero\" \/>\n<meta name=\"twitter:card\" content=\"summary_large_image\" \/>\n<meta name=\"twitter:label1\" content=\"Escrito por\" \/>\n\t<meta name=\"twitter:data1\" content=\"Javier Palmero\" \/>\n\t<meta name=\"twitter:label2\" content=\"Tiempo de lectura\" \/>\n\t<meta name=\"twitter:data2\" content=\"2 minutos\" \/>\n<script type=\"application\/ld+json\" class=\"yoast-schema-graph\">{\"@context\":\"https:\\\/\\\/schema.org\",\"@graph\":[{\"@type\":\"Article\",\"@id\":\"https:\\\/\\\/palmerodespachante.uy\\\/index.php\\\/2026\\\/01\\\/05\\\/exportaciones-record-de-uruguay-en-2025-impulsadas-por-la-carne-que-retomo-el-liderazgo-y-pese-a-la-caida-del-dolar\\\/#article\",\"isPartOf\":{\"@id\":\"https:\\\/\\\/palmerodespachante.uy\\\/index.php\\\/2026\\\/01\\\/05\\\/exportaciones-record-de-uruguay-en-2025-impulsadas-por-la-carne-que-retomo-el-liderazgo-y-pese-a-la-caida-del-dolar\\\/\"},\"author\":{\"name\":\"Javier Palmero\",\"@id\":\"https:\\\/\\\/palmerodespachante.uy\\\/#\\\/schema\\\/person\\\/9eabdcdc87fc74d275cc2faf2ce2f732\"},\"headline\":\"EXPORTACIONES R\u00c9CORD DE URUGUAY EN 2025, IMPULSADAS POR LA CARNE QUE RETOM\u00d3 EL LIDERAZGO Y PESE A LA CA\u00cdDA DEL D\u00d3LAR.\",\"datePublished\":\"2026-01-05T17:11:33+00:00\",\"dateModified\":\"2026-01-05T17:11:34+00:00\",\"mainEntityOfPage\":{\"@id\":\"https:\\\/\\\/palmerodespachante.uy\\\/index.php\\\/2026\\\/01\\\/05\\\/exportaciones-record-de-uruguay-en-2025-impulsadas-por-la-carne-que-retomo-el-liderazgo-y-pese-a-la-caida-del-dolar\\\/\"},\"wordCount\":387,\"commentCount\":0,\"publisher\":{\"@id\":\"https:\\\/\\\/palmerodespachante.uy\\\/#organization\"},\"articleSection\":[\"Noticias\"],\"inLanguage\":\"es\",\"potentialAction\":[{\"@type\":\"CommentAction\",\"name\":\"Comment\",\"target\":[\"https:\\\/\\\/palmerodespachante.uy\\\/index.php\\\/2026\\\/01\\\/05\\\/exportaciones-record-de-uruguay-en-2025-impulsadas-por-la-carne-que-retomo-el-liderazgo-y-pese-a-la-caida-del-dolar\\\/#respond\"]}]},{\"@type\":\"WebPage\",\"@id\":\"https:\\\/\\\/palmerodespachante.uy\\\/index.php\\\/2026\\\/01\\\/05\\\/exportaciones-record-de-uruguay-en-2025-impulsadas-por-la-carne-que-retomo-el-liderazgo-y-pese-a-la-caida-del-dolar\\\/\",\"url\":\"https:\\\/\\\/palmerodespachante.uy\\\/index.php\\\/2026\\\/01\\\/05\\\/exportaciones-record-de-uruguay-en-2025-impulsadas-por-la-carne-que-retomo-el-liderazgo-y-pese-a-la-caida-del-dolar\\\/\",\"name\":\"EXPORTACIONES R\u00c9CORD DE URUGUAY EN 2025, IMPULSADAS POR LA CARNE QUE RETOM\u00d3 EL LIDERAZGO Y PESE A LA CA\u00cdDA DEL D\u00d3LAR. - Palmero Despachante de Aduana\",\"isPartOf\":{\"@id\":\"https:\\\/\\\/palmerodespachante.uy\\\/#website\"},\"datePublished\":\"2026-01-05T17:11:33+00:00\",\"dateModified\":\"2026-01-05T17:11:34+00:00\",\"breadcrumb\":{\"@id\":\"https:\\\/\\\/palmerodespachante.uy\\\/index.php\\\/2026\\\/01\\\/05\\\/exportaciones-record-de-uruguay-en-2025-impulsadas-por-la-carne-que-retomo-el-liderazgo-y-pese-a-la-caida-del-dolar\\\/#breadcrumb\"},\"inLanguage\":\"es\",\"potentialAction\":[{\"@type\":\"ReadAction\",\"target\":[\"https:\\\/\\\/palmerodespachante.uy\\\/index.php\\\/2026\\\/01\\\/05\\\/exportaciones-record-de-uruguay-en-2025-impulsadas-por-la-carne-que-retomo-el-liderazgo-y-pese-a-la-caida-del-dolar\\\/\"]}]},{\"@type\":\"BreadcrumbList\",\"@id\":\"https:\\\/\\\/palmerodespachante.uy\\\/index.php\\\/2026\\\/01\\\/05\\\/exportaciones-record-de-uruguay-en-2025-impulsadas-por-la-carne-que-retomo-el-liderazgo-y-pese-a-la-caida-del-dolar\\\/#breadcrumb\",\"itemListElement\":[{\"@type\":\"ListItem\",\"position\":1,\"name\":\"Portada\",\"item\":\"https:\\\/\\\/palmerodespachante.uy\\\/\"},{\"@type\":\"ListItem\",\"position\":2,\"name\":\"EXPORTACIONES R\u00c9CORD DE URUGUAY EN 2025, IMPULSADAS POR LA CARNE QUE RETOM\u00d3 EL LIDERAZGO Y PESE A LA CA\u00cdDA DEL D\u00d3LAR.\"}]},{\"@type\":\"WebSite\",\"@id\":\"https:\\\/\\\/palmerodespachante.uy\\\/#website\",\"url\":\"https:\\\/\\\/palmerodespachante.uy\\\/\",\"name\":\"Palmero Despachante de Aduana\",\"description\":\"Importaci\u00f3n, Exportaci\u00f3n, Tr\u00e1nsito\",\"publisher\":{\"@id\":\"https:\\\/\\\/palmerodespachante.uy\\\/#organization\"},\"potentialAction\":[{\"@type\":\"SearchAction\",\"target\":{\"@type\":\"EntryPoint\",\"urlTemplate\":\"https:\\\/\\\/palmerodespachante.uy\\\/?s={search_term_string}\"},\"query-input\":{\"@type\":\"PropertyValueSpecification\",\"valueRequired\":true,\"valueName\":\"search_term_string\"}}],\"inLanguage\":\"es\"},{\"@type\":\"Organization\",\"@id\":\"https:\\\/\\\/palmerodespachante.uy\\\/#organization\",\"name\":\"Palmero Despachante de Aduanas\",\"url\":\"https:\\\/\\\/palmerodespachante.uy\\\/\",\"logo\":{\"@type\":\"ImageObject\",\"inLanguage\":\"es\",\"@id\":\"https:\\\/\\\/palmerodespachante.uy\\\/#\\\/schema\\\/logo\\\/image\\\/\",\"url\":\"https:\\\/\\\/palmerodespachante.uy\\\/wp-content\\\/uploads\\\/2018\\\/08\\\/Logo-144.png\",\"contentUrl\":\"https:\\\/\\\/palmerodespachante.uy\\\/wp-content\\\/uploads\\\/2018\\\/08\\\/Logo-144.png\",\"width\":144,\"height\":144,\"caption\":\"Palmero Despachante de Aduanas\"},\"image\":{\"@id\":\"https:\\\/\\\/palmerodespachante.uy\\\/#\\\/schema\\\/logo\\\/image\\\/\"},\"sameAs\":[\"https:\\\/\\\/www.facebook.com\\\/despachantedeaduana.palmero?hc_ref=ARQPWzEmqFz3O_9qTlrxPP6NW-Vf1b4-iJdwH7XdkuWdfarefzfPyjY7DGBCye4mnJs\",\"https:\\\/\\\/www.linkedin.com\\\/company\\\/despachante-de-aduana-palmero\\\/\"]},{\"@type\":\"Person\",\"@id\":\"https:\\\/\\\/palmerodespachante.uy\\\/#\\\/schema\\\/person\\\/9eabdcdc87fc74d275cc2faf2ce2f732\",\"name\":\"Javier Palmero\",\"image\":{\"@type\":\"ImageObject\",\"inLanguage\":\"es\",\"@id\":\"https:\\\/\\\/palmerodespachante.uy\\\/wp-content\\\/litespeed\\\/avatar\\\/8e783966089c8fa82b27a6627fb956c2.jpg?ver=1776856630\",\"url\":\"https:\\\/\\\/palmerodespachante.uy\\\/wp-content\\\/litespeed\\\/avatar\\\/8e783966089c8fa82b27a6627fb956c2.jpg?ver=1776856630\",\"contentUrl\":\"https:\\\/\\\/palmerodespachante.uy\\\/wp-content\\\/litespeed\\\/avatar\\\/8e783966089c8fa82b27a6627fb956c2.jpg?ver=1776856630\",\"caption\":\"Javier Palmero\"}}]}<\/script>\n<!-- \/ Yoast SEO plugin. -->","yoast_head_json":{"title":"EXPORTACIONES R\u00c9CORD DE URUGUAY EN 2025, IMPULSADAS POR LA CARNE QUE RETOM\u00d3 EL LIDERAZGO Y PESE A LA CA\u00cdDA DEL D\u00d3LAR. - Palmero Despachante de Aduana","robots":{"index":"noindex","follow":"follow"},"og_locale":"es_ES","og_type":"article","og_title":"EXPORTACIONES R\u00c9CORD DE URUGUAY EN 2025, IMPULSADAS POR LA CARNE QUE RETOM\u00d3 EL LIDERAZGO Y PESE A LA CA\u00cdDA DEL D\u00d3LAR. - Palmero Despachante de Aduana","og_description":"Las exportaciones de bienes de Uruguay en 2025 alcanzaron los US$ 13.493 millones, incluyendo zonas francas, un r\u00e9cord hist\u00f3rico. Esto es 5% m\u00e1s que en 2024, seg\u00fan el Informe Anual de Comercio Exterior del Instituto Uruguay XXI, correspondiente al a\u00f1o 2025, publicado el viernes. El aumento de las exportaciones en 2025 se dio por un [&hellip;]","og_url":"https:\/\/palmerodespachante.uy\/index.php\/2026\/01\/05\/exportaciones-record-de-uruguay-en-2025-impulsadas-por-la-carne-que-retomo-el-liderazgo-y-pese-a-la-caida-del-dolar\/","og_site_name":"Palmero Despachante de Aduana","article_publisher":"https:\/\/www.facebook.com\/despachantedeaduana.palmero?hc_ref=ARQPWzEmqFz3O_9qTlrxPP6NW-Vf1b4-iJdwH7XdkuWdfarefzfPyjY7DGBCye4mnJs","article_published_time":"2026-01-05T17:11:33+00:00","article_modified_time":"2026-01-05T17:11:34+00:00","author":"Javier Palmero","twitter_card":"summary_large_image","twitter_misc":{"Escrito por":"Javier Palmero","Tiempo de lectura":"2 minutos"},"schema":{"@context":"https:\/\/schema.org","@graph":[{"@type":"Article","@id":"https:\/\/palmerodespachante.uy\/index.php\/2026\/01\/05\/exportaciones-record-de-uruguay-en-2025-impulsadas-por-la-carne-que-retomo-el-liderazgo-y-pese-a-la-caida-del-dolar\/#article","isPartOf":{"@id":"https:\/\/palmerodespachante.uy\/index.php\/2026\/01\/05\/exportaciones-record-de-uruguay-en-2025-impulsadas-por-la-carne-que-retomo-el-liderazgo-y-pese-a-la-caida-del-dolar\/"},"author":{"name":"Javier Palmero","@id":"https:\/\/palmerodespachante.uy\/#\/schema\/person\/9eabdcdc87fc74d275cc2faf2ce2f732"},"headline":"EXPORTACIONES R\u00c9CORD DE URUGUAY EN 2025, IMPULSADAS POR LA CARNE QUE RETOM\u00d3 EL LIDERAZGO Y PESE A LA CA\u00cdDA DEL D\u00d3LAR.","datePublished":"2026-01-05T17:11:33+00:00","dateModified":"2026-01-05T17:11:34+00:00","mainEntityOfPage":{"@id":"https:\/\/palmerodespachante.uy\/index.php\/2026\/01\/05\/exportaciones-record-de-uruguay-en-2025-impulsadas-por-la-carne-que-retomo-el-liderazgo-y-pese-a-la-caida-del-dolar\/"},"wordCount":387,"commentCount":0,"publisher":{"@id":"https:\/\/palmerodespachante.uy\/#organization"},"articleSection":["Noticias"],"inLanguage":"es","potentialAction":[{"@type":"CommentAction","name":"Comment","target":["https:\/\/palmerodespachante.uy\/index.php\/2026\/01\/05\/exportaciones-record-de-uruguay-en-2025-impulsadas-por-la-carne-que-retomo-el-liderazgo-y-pese-a-la-caida-del-dolar\/#respond"]}]},{"@type":"WebPage","@id":"https:\/\/palmerodespachante.uy\/index.php\/2026\/01\/05\/exportaciones-record-de-uruguay-en-2025-impulsadas-por-la-carne-que-retomo-el-liderazgo-y-pese-a-la-caida-del-dolar\/","url":"https:\/\/palmerodespachante.uy\/index.php\/2026\/01\/05\/exportaciones-record-de-uruguay-en-2025-impulsadas-por-la-carne-que-retomo-el-liderazgo-y-pese-a-la-caida-del-dolar\/","name":"EXPORTACIONES R\u00c9CORD DE URUGUAY EN 2025, IMPULSADAS POR LA CARNE QUE RETOM\u00d3 EL LIDERAZGO Y PESE A LA CA\u00cdDA DEL D\u00d3LAR. - Palmero Despachante de Aduana","isPartOf":{"@id":"https:\/\/palmerodespachante.uy\/#website"},"datePublished":"2026-01-05T17:11:33+00:00","dateModified":"2026-01-05T17:11:34+00:00","breadcrumb":{"@id":"https:\/\/palmerodespachante.uy\/index.php\/2026\/01\/05\/exportaciones-record-de-uruguay-en-2025-impulsadas-por-la-carne-que-retomo-el-liderazgo-y-pese-a-la-caida-del-dolar\/#breadcrumb"},"inLanguage":"es","potentialAction":[{"@type":"ReadAction","target":["https:\/\/palmerodespachante.uy\/index.php\/2026\/01\/05\/exportaciones-record-de-uruguay-en-2025-impulsadas-por-la-carne-que-retomo-el-liderazgo-y-pese-a-la-caida-del-dolar\/"]}]},{"@type":"BreadcrumbList","@id":"https:\/\/palmerodespachante.uy\/index.php\/2026\/01\/05\/exportaciones-record-de-uruguay-en-2025-impulsadas-por-la-carne-que-retomo-el-liderazgo-y-pese-a-la-caida-del-dolar\/#breadcrumb","itemListElement":[{"@type":"ListItem","position":1,"name":"Portada","item":"https:\/\/palmerodespachante.uy\/"},{"@type":"ListItem","position":2,"name":"EXPORTACIONES R\u00c9CORD DE URUGUAY EN 2025, IMPULSADAS POR LA CARNE QUE RETOM\u00d3 EL LIDERAZGO Y PESE A LA CA\u00cdDA DEL D\u00d3LAR."}]},{"@type":"WebSite","@id":"https:\/\/palmerodespachante.uy\/#website","url":"https:\/\/palmerodespachante.uy\/","name":"Palmero Despachante de Aduana","description":"Importaci\u00f3n, Exportaci\u00f3n, Tr\u00e1nsito","publisher":{"@id":"https:\/\/palmerodespachante.uy\/#organization"},"potentialAction":[{"@type":"SearchAction","target":{"@type":"EntryPoint","urlTemplate":"https:\/\/palmerodespachante.uy\/?s={search_term_string}"},"query-input":{"@type":"PropertyValueSpecification","valueRequired":true,"valueName":"search_term_string"}}],"inLanguage":"es"},{"@type":"Organization","@id":"https:\/\/palmerodespachante.uy\/#organization","name":"Palmero Despachante de Aduanas","url":"https:\/\/palmerodespachante.uy\/","logo":{"@type":"ImageObject","inLanguage":"es","@id":"https:\/\/palmerodespachante.uy\/#\/schema\/logo\/image\/","url":"https:\/\/palmerodespachante.uy\/wp-content\/uploads\/2018\/08\/Logo-144.png","contentUrl":"https:\/\/palmerodespachante.uy\/wp-content\/uploads\/2018\/08\/Logo-144.png","width":144,"height":144,"caption":"Palmero Despachante de Aduanas"},"image":{"@id":"https:\/\/palmerodespachante.uy\/#\/schema\/logo\/image\/"},"sameAs":["https:\/\/www.facebook.com\/despachantedeaduana.palmero?hc_ref=ARQPWzEmqFz3O_9qTlrxPP6NW-Vf1b4-iJdwH7XdkuWdfarefzfPyjY7DGBCye4mnJs","https:\/\/www.linkedin.com\/company\/despachante-de-aduana-palmero\/"]},{"@type":"Person","@id":"https:\/\/palmerodespachante.uy\/#\/schema\/person\/9eabdcdc87fc74d275cc2faf2ce2f732","name":"Javier Palmero","image":{"@type":"ImageObject","inLanguage":"es","@id":"https:\/\/palmerodespachante.uy\/wp-content\/litespeed\/avatar\/8e783966089c8fa82b27a6627fb956c2.jpg?ver=1776856630","url":"https:\/\/palmerodespachante.uy\/wp-content\/litespeed\/avatar\/8e783966089c8fa82b27a6627fb956c2.jpg?ver=1776856630","contentUrl":"https:\/\/palmerodespachante.uy\/wp-content\/litespeed\/avatar\/8e783966089c8fa82b27a6627fb956c2.jpg?ver=1776856630","caption":"Javier Palmero"}}]}},"jetpack_featured_media_url":"","_links":{"self":[{"href":"https:\/\/palmerodespachante.uy\/index.php\/wp-json\/wp\/v2\/posts\/1703","targetHints":{"allow":["GET"]}}],"collection":[{"href":"https:\/\/palmerodespachante.uy\/index.php\/wp-json\/wp\/v2\/posts"}],"about":[{"href":"https:\/\/palmerodespachante.uy\/index.php\/wp-json\/wp\/v2\/types\/post"}],"author":[{"embeddable":true,"href":"https:\/\/palmerodespachante.uy\/index.php\/wp-json\/wp\/v2\/users\/3"}],"replies":[{"embeddable":true,"href":"https:\/\/palmerodespachante.uy\/index.php\/wp-json\/wp\/v2\/comments?post=1703"}],"version-history":[{"count":1,"href":"https:\/\/palmerodespachante.uy\/index.php\/wp-json\/wp\/v2\/posts\/1703\/revisions"}],"predecessor-version":[{"id":1704,"href":"https:\/\/palmerodespachante.uy\/index.php\/wp-json\/wp\/v2\/posts\/1703\/revisions\/1704"}],"wp:attachment":[{"href":"https:\/\/palmerodespachante.uy\/index.php\/wp-json\/wp\/v2\/media?parent=1703"}],"wp:term":[{"taxonomy":"category","embeddable":true,"href":"https:\/\/palmerodespachante.uy\/index.php\/wp-json\/wp\/v2\/categories?post=1703"},{"taxonomy":"post_tag","embeddable":true,"href":"https:\/\/palmerodespachante.uy\/index.php\/wp-json\/wp\/v2\/tags?post=1703"}],"curies":[{"name":"wp","href":"https:\/\/api.w.org\/{rel}","templated":true}]}}