{"id":1701,"date":"2026-01-05T14:10:25","date_gmt":"2026-01-05T17:10:25","guid":{"rendered":"https:\/\/palmerodespachante.uy\/?p=1701"},"modified":"2026-01-05T14:10:27","modified_gmt":"2026-01-05T17:10:27","slug":"las-exportaciones-de-servicios-se-consolidaron-y-diversificaron-el-comercio-exterior-durante-2025","status":"publish","type":"post","link":"https:\/\/palmerodespachante.uy\/index.php\/2026\/01\/05\/las-exportaciones-de-servicios-se-consolidaron-y-diversificaron-el-comercio-exterior-durante-2025\/","title":{"rendered":"LAS EXPORTACIONES DE SERVICIOS SE CONSOLIDARON Y DIVERSIFICARON EL COMERCIO EXTERIOR DURANTE 2025"},"content":{"rendered":"\n<p>Las exportaciones de servicios consolidaron durante 2025 su peso dentro del comercio exterior, al tiempo que las importaciones de bienes mantuvieron una estructura dominada por insumos industriales, maquinaria y veh\u00edculos, seg\u00fan el Informe Anual de Comercio Exterior elaborado por Uruguay XXI. De acuerdo con las \u00faltimas cifras disponibles del Banco Central del Uruguay (BCU), en el a\u00f1o m\u00f3vil cerrado a setiembre de 2025 las exportaciones de servicios totalizaron 7.325 millones de d\u00f3lares, lo que implic\u00f3 un crecimiento interanual de 2%. Este desempe\u00f1o estuvo explicado principalmente por la evoluci\u00f3n de los servicios tradicionales, que alcanzaron 3.024 millones de d\u00f3lares y registraron un aumento de 5% frente al mismo per\u00edodo del a\u00f1o anterior. Dentro de este segmento, el turismo fue el principal motor de crecimiento. Entre enero y setiembre de 2025, el ingreso de turistas al pa\u00eds aument\u00f3 11% interanual, impulsando una expansi\u00f3n de 8% en las exportaciones tur\u00edsticas y confirmando una recuperaci\u00f3n sostenida del sector. En este contexto, las proyecciones privadas anticipan una temporada 2025\/26 favorable, tanto en cantidad de visitantes como en gasto, lo que refuerza el rol del turismo como componente clave de los servicios tradicionales. (\u00c1mbito Financiero \u2013 04\/01)<\/p>\n","protected":false},"excerpt":{"rendered":"<p>Las exportaciones de servicios consolidaron durante 2025 su peso dentro del comercio exterior, al tiempo que las importaciones de bienes mantuvieron una estructura dominada por insumos industriales, maquinaria y veh\u00edculos, seg\u00fan el Informe Anual de Comercio Exterior elaborado por Uruguay XXI. De acuerdo con las \u00faltimas cifras disponibles del Banco Central del Uruguay (BCU), en [&hellip;]<\/p>\n","protected":false},"author":3,"featured_media":0,"comment_status":"open","ping_status":"open","sticky":false,"template":"","format":"standard","meta":{"_joinchat":[],"footnotes":""},"categories":[37],"tags":[],"class_list":{"0":"post-1701","1":"post","2":"type-post","3":"status-publish","4":"format-standard","6":"category-noticias"},"yoast_head":"<!-- This site is optimized with the Yoast SEO plugin v27.4 - https:\/\/yoast.com\/product\/yoast-seo-wordpress\/ -->\n<title>LAS EXPORTACIONES DE SERVICIOS SE CONSOLIDARON Y DIVERSIFICARON EL COMERCIO EXTERIOR DURANTE 2025 - Palmero Despachante de Aduana<\/title>\n<meta name=\"robots\" content=\"noindex, follow\" \/>\n<meta property=\"og:locale\" content=\"es_ES\" \/>\n<meta property=\"og:type\" content=\"article\" \/>\n<meta property=\"og:title\" content=\"LAS EXPORTACIONES DE SERVICIOS SE CONSOLIDARON Y DIVERSIFICARON EL COMERCIO EXTERIOR DURANTE 2025 - Palmero Despachante de Aduana\" \/>\n<meta property=\"og:description\" content=\"Las exportaciones de servicios consolidaron durante 2025 su peso dentro del comercio exterior, al tiempo que las importaciones de bienes mantuvieron una estructura dominada por insumos industriales, maquinaria y veh\u00edculos, seg\u00fan el Informe Anual de Comercio Exterior elaborado por Uruguay XXI. De acuerdo con las \u00faltimas cifras disponibles del Banco Central del Uruguay (BCU), en [&hellip;]\" \/>\n<meta property=\"og:url\" content=\"https:\/\/palmerodespachante.uy\/index.php\/2026\/01\/05\/las-exportaciones-de-servicios-se-consolidaron-y-diversificaron-el-comercio-exterior-durante-2025\/\" \/>\n<meta property=\"og:site_name\" content=\"Palmero Despachante de Aduana\" \/>\n<meta property=\"article:publisher\" content=\"https:\/\/www.facebook.com\/despachantedeaduana.palmero?hc_ref=ARQPWzEmqFz3O_9qTlrxPP6NW-Vf1b4-iJdwH7XdkuWdfarefzfPyjY7DGBCye4mnJs\" \/>\n<meta property=\"article:published_time\" content=\"2026-01-05T17:10:25+00:00\" \/>\n<meta property=\"article:modified_time\" content=\"2026-01-05T17:10:27+00:00\" \/>\n<meta name=\"author\" content=\"Javier Palmero\" \/>\n<meta name=\"twitter:card\" content=\"summary_large_image\" \/>\n<meta name=\"twitter:label1\" content=\"Escrito por\" \/>\n\t<meta name=\"twitter:data1\" content=\"Javier Palmero\" \/>\n\t<meta name=\"twitter:label2\" content=\"Tiempo de lectura\" \/>\n\t<meta name=\"twitter:data2\" content=\"1 minuto\" \/>\n<script type=\"application\/ld+json\" class=\"yoast-schema-graph\">{\"@context\":\"https:\\\/\\\/schema.org\",\"@graph\":[{\"@type\":\"Article\",\"@id\":\"https:\\\/\\\/palmerodespachante.uy\\\/index.php\\\/2026\\\/01\\\/05\\\/las-exportaciones-de-servicios-se-consolidaron-y-diversificaron-el-comercio-exterior-durante-2025\\\/#article\",\"isPartOf\":{\"@id\":\"https:\\\/\\\/palmerodespachante.uy\\\/index.php\\\/2026\\\/01\\\/05\\\/las-exportaciones-de-servicios-se-consolidaron-y-diversificaron-el-comercio-exterior-durante-2025\\\/\"},\"author\":{\"name\":\"Javier Palmero\",\"@id\":\"https:\\\/\\\/palmerodespachante.uy\\\/#\\\/schema\\\/person\\\/9eabdcdc87fc74d275cc2faf2ce2f732\"},\"headline\":\"LAS EXPORTACIONES DE SERVICIOS SE CONSOLIDARON Y DIVERSIFICARON EL COMERCIO EXTERIOR DURANTE 2025\",\"datePublished\":\"2026-01-05T17:10:25+00:00\",\"dateModified\":\"2026-01-05T17:10:27+00:00\",\"mainEntityOfPage\":{\"@id\":\"https:\\\/\\\/palmerodespachante.uy\\\/index.php\\\/2026\\\/01\\\/05\\\/las-exportaciones-de-servicios-se-consolidaron-y-diversificaron-el-comercio-exterior-durante-2025\\\/\"},\"wordCount\":205,\"commentCount\":0,\"publisher\":{\"@id\":\"https:\\\/\\\/palmerodespachante.uy\\\/#organization\"},\"articleSection\":[\"Noticias\"],\"inLanguage\":\"es\",\"potentialAction\":[{\"@type\":\"CommentAction\",\"name\":\"Comment\",\"target\":[\"https:\\\/\\\/palmerodespachante.uy\\\/index.php\\\/2026\\\/01\\\/05\\\/las-exportaciones-de-servicios-se-consolidaron-y-diversificaron-el-comercio-exterior-durante-2025\\\/#respond\"]}]},{\"@type\":\"WebPage\",\"@id\":\"https:\\\/\\\/palmerodespachante.uy\\\/index.php\\\/2026\\\/01\\\/05\\\/las-exportaciones-de-servicios-se-consolidaron-y-diversificaron-el-comercio-exterior-durante-2025\\\/\",\"url\":\"https:\\\/\\\/palmerodespachante.uy\\\/index.php\\\/2026\\\/01\\\/05\\\/las-exportaciones-de-servicios-se-consolidaron-y-diversificaron-el-comercio-exterior-durante-2025\\\/\",\"name\":\"LAS EXPORTACIONES DE SERVICIOS SE CONSOLIDARON Y DIVERSIFICARON EL COMERCIO EXTERIOR DURANTE 2025 - Palmero Despachante de Aduana\",\"isPartOf\":{\"@id\":\"https:\\\/\\\/palmerodespachante.uy\\\/#website\"},\"datePublished\":\"2026-01-05T17:10:25+00:00\",\"dateModified\":\"2026-01-05T17:10:27+00:00\",\"breadcrumb\":{\"@id\":\"https:\\\/\\\/palmerodespachante.uy\\\/index.php\\\/2026\\\/01\\\/05\\\/las-exportaciones-de-servicios-se-consolidaron-y-diversificaron-el-comercio-exterior-durante-2025\\\/#breadcrumb\"},\"inLanguage\":\"es\",\"potentialAction\":[{\"@type\":\"ReadAction\",\"target\":[\"https:\\\/\\\/palmerodespachante.uy\\\/index.php\\\/2026\\\/01\\\/05\\\/las-exportaciones-de-servicios-se-consolidaron-y-diversificaron-el-comercio-exterior-durante-2025\\\/\"]}]},{\"@type\":\"BreadcrumbList\",\"@id\":\"https:\\\/\\\/palmerodespachante.uy\\\/index.php\\\/2026\\\/01\\\/05\\\/las-exportaciones-de-servicios-se-consolidaron-y-diversificaron-el-comercio-exterior-durante-2025\\\/#breadcrumb\",\"itemListElement\":[{\"@type\":\"ListItem\",\"position\":1,\"name\":\"Portada\",\"item\":\"https:\\\/\\\/palmerodespachante.uy\\\/\"},{\"@type\":\"ListItem\",\"position\":2,\"name\":\"LAS EXPORTACIONES DE SERVICIOS SE CONSOLIDARON Y DIVERSIFICARON EL COMERCIO EXTERIOR DURANTE 2025\"}]},{\"@type\":\"WebSite\",\"@id\":\"https:\\\/\\\/palmerodespachante.uy\\\/#website\",\"url\":\"https:\\\/\\\/palmerodespachante.uy\\\/\",\"name\":\"Palmero Despachante de Aduana\",\"description\":\"Importaci\u00f3n, Exportaci\u00f3n, Tr\u00e1nsito\",\"publisher\":{\"@id\":\"https:\\\/\\\/palmerodespachante.uy\\\/#organization\"},\"potentialAction\":[{\"@type\":\"SearchAction\",\"target\":{\"@type\":\"EntryPoint\",\"urlTemplate\":\"https:\\\/\\\/palmerodespachante.uy\\\/?s={search_term_string}\"},\"query-input\":{\"@type\":\"PropertyValueSpecification\",\"valueRequired\":true,\"valueName\":\"search_term_string\"}}],\"inLanguage\":\"es\"},{\"@type\":\"Organization\",\"@id\":\"https:\\\/\\\/palmerodespachante.uy\\\/#organization\",\"name\":\"Palmero Despachante de Aduanas\",\"url\":\"https:\\\/\\\/palmerodespachante.uy\\\/\",\"logo\":{\"@type\":\"ImageObject\",\"inLanguage\":\"es\",\"@id\":\"https:\\\/\\\/palmerodespachante.uy\\\/#\\\/schema\\\/logo\\\/image\\\/\",\"url\":\"https:\\\/\\\/palmerodespachante.uy\\\/wp-content\\\/uploads\\\/2018\\\/08\\\/Logo-144.png\",\"contentUrl\":\"https:\\\/\\\/palmerodespachante.uy\\\/wp-content\\\/uploads\\\/2018\\\/08\\\/Logo-144.png\",\"width\":144,\"height\":144,\"caption\":\"Palmero Despachante de Aduanas\"},\"image\":{\"@id\":\"https:\\\/\\\/palmerodespachante.uy\\\/#\\\/schema\\\/logo\\\/image\\\/\"},\"sameAs\":[\"https:\\\/\\\/www.facebook.com\\\/despachantedeaduana.palmero?hc_ref=ARQPWzEmqFz3O_9qTlrxPP6NW-Vf1b4-iJdwH7XdkuWdfarefzfPyjY7DGBCye4mnJs\",\"https:\\\/\\\/www.linkedin.com\\\/company\\\/despachante-de-aduana-palmero\\\/\"]},{\"@type\":\"Person\",\"@id\":\"https:\\\/\\\/palmerodespachante.uy\\\/#\\\/schema\\\/person\\\/9eabdcdc87fc74d275cc2faf2ce2f732\",\"name\":\"Javier Palmero\",\"image\":{\"@type\":\"ImageObject\",\"inLanguage\":\"es\",\"@id\":\"https:\\\/\\\/palmerodespachante.uy\\\/wp-content\\\/litespeed\\\/avatar\\\/8e783966089c8fa82b27a6627fb956c2.jpg?ver=1776856630\",\"url\":\"https:\\\/\\\/palmerodespachante.uy\\\/wp-content\\\/litespeed\\\/avatar\\\/8e783966089c8fa82b27a6627fb956c2.jpg?ver=1776856630\",\"contentUrl\":\"https:\\\/\\\/palmerodespachante.uy\\\/wp-content\\\/litespeed\\\/avatar\\\/8e783966089c8fa82b27a6627fb956c2.jpg?ver=1776856630\",\"caption\":\"Javier Palmero\"}}]}<\/script>\n<!-- \/ Yoast SEO plugin. -->","yoast_head_json":{"title":"LAS EXPORTACIONES DE SERVICIOS SE CONSOLIDARON Y DIVERSIFICARON EL COMERCIO EXTERIOR DURANTE 2025 - Palmero Despachante de Aduana","robots":{"index":"noindex","follow":"follow"},"og_locale":"es_ES","og_type":"article","og_title":"LAS EXPORTACIONES DE SERVICIOS SE CONSOLIDARON Y DIVERSIFICARON EL COMERCIO EXTERIOR DURANTE 2025 - Palmero Despachante de Aduana","og_description":"Las exportaciones de servicios consolidaron durante 2025 su peso dentro del comercio exterior, al tiempo que las importaciones de bienes mantuvieron una estructura dominada por insumos industriales, maquinaria y veh\u00edculos, seg\u00fan el Informe Anual de Comercio Exterior elaborado por Uruguay XXI. De acuerdo con las \u00faltimas cifras disponibles del Banco Central del Uruguay (BCU), en [&hellip;]","og_url":"https:\/\/palmerodespachante.uy\/index.php\/2026\/01\/05\/las-exportaciones-de-servicios-se-consolidaron-y-diversificaron-el-comercio-exterior-durante-2025\/","og_site_name":"Palmero Despachante de Aduana","article_publisher":"https:\/\/www.facebook.com\/despachantedeaduana.palmero?hc_ref=ARQPWzEmqFz3O_9qTlrxPP6NW-Vf1b4-iJdwH7XdkuWdfarefzfPyjY7DGBCye4mnJs","article_published_time":"2026-01-05T17:10:25+00:00","article_modified_time":"2026-01-05T17:10:27+00:00","author":"Javier Palmero","twitter_card":"summary_large_image","twitter_misc":{"Escrito por":"Javier Palmero","Tiempo de lectura":"1 minuto"},"schema":{"@context":"https:\/\/schema.org","@graph":[{"@type":"Article","@id":"https:\/\/palmerodespachante.uy\/index.php\/2026\/01\/05\/las-exportaciones-de-servicios-se-consolidaron-y-diversificaron-el-comercio-exterior-durante-2025\/#article","isPartOf":{"@id":"https:\/\/palmerodespachante.uy\/index.php\/2026\/01\/05\/las-exportaciones-de-servicios-se-consolidaron-y-diversificaron-el-comercio-exterior-durante-2025\/"},"author":{"name":"Javier Palmero","@id":"https:\/\/palmerodespachante.uy\/#\/schema\/person\/9eabdcdc87fc74d275cc2faf2ce2f732"},"headline":"LAS EXPORTACIONES DE SERVICIOS SE CONSOLIDARON Y DIVERSIFICARON EL COMERCIO EXTERIOR DURANTE 2025","datePublished":"2026-01-05T17:10:25+00:00","dateModified":"2026-01-05T17:10:27+00:00","mainEntityOfPage":{"@id":"https:\/\/palmerodespachante.uy\/index.php\/2026\/01\/05\/las-exportaciones-de-servicios-se-consolidaron-y-diversificaron-el-comercio-exterior-durante-2025\/"},"wordCount":205,"commentCount":0,"publisher":{"@id":"https:\/\/palmerodespachante.uy\/#organization"},"articleSection":["Noticias"],"inLanguage":"es","potentialAction":[{"@type":"CommentAction","name":"Comment","target":["https:\/\/palmerodespachante.uy\/index.php\/2026\/01\/05\/las-exportaciones-de-servicios-se-consolidaron-y-diversificaron-el-comercio-exterior-durante-2025\/#respond"]}]},{"@type":"WebPage","@id":"https:\/\/palmerodespachante.uy\/index.php\/2026\/01\/05\/las-exportaciones-de-servicios-se-consolidaron-y-diversificaron-el-comercio-exterior-durante-2025\/","url":"https:\/\/palmerodespachante.uy\/index.php\/2026\/01\/05\/las-exportaciones-de-servicios-se-consolidaron-y-diversificaron-el-comercio-exterior-durante-2025\/","name":"LAS EXPORTACIONES DE SERVICIOS SE CONSOLIDARON Y DIVERSIFICARON EL COMERCIO EXTERIOR DURANTE 2025 - Palmero Despachante de Aduana","isPartOf":{"@id":"https:\/\/palmerodespachante.uy\/#website"},"datePublished":"2026-01-05T17:10:25+00:00","dateModified":"2026-01-05T17:10:27+00:00","breadcrumb":{"@id":"https:\/\/palmerodespachante.uy\/index.php\/2026\/01\/05\/las-exportaciones-de-servicios-se-consolidaron-y-diversificaron-el-comercio-exterior-durante-2025\/#breadcrumb"},"inLanguage":"es","potentialAction":[{"@type":"ReadAction","target":["https:\/\/palmerodespachante.uy\/index.php\/2026\/01\/05\/las-exportaciones-de-servicios-se-consolidaron-y-diversificaron-el-comercio-exterior-durante-2025\/"]}]},{"@type":"BreadcrumbList","@id":"https:\/\/palmerodespachante.uy\/index.php\/2026\/01\/05\/las-exportaciones-de-servicios-se-consolidaron-y-diversificaron-el-comercio-exterior-durante-2025\/#breadcrumb","itemListElement":[{"@type":"ListItem","position":1,"name":"Portada","item":"https:\/\/palmerodespachante.uy\/"},{"@type":"ListItem","position":2,"name":"LAS EXPORTACIONES DE SERVICIOS SE CONSOLIDARON Y DIVERSIFICARON EL COMERCIO EXTERIOR DURANTE 2025"}]},{"@type":"WebSite","@id":"https:\/\/palmerodespachante.uy\/#website","url":"https:\/\/palmerodespachante.uy\/","name":"Palmero Despachante de Aduana","description":"Importaci\u00f3n, Exportaci\u00f3n, Tr\u00e1nsito","publisher":{"@id":"https:\/\/palmerodespachante.uy\/#organization"},"potentialAction":[{"@type":"SearchAction","target":{"@type":"EntryPoint","urlTemplate":"https:\/\/palmerodespachante.uy\/?s={search_term_string}"},"query-input":{"@type":"PropertyValueSpecification","valueRequired":true,"valueName":"search_term_string"}}],"inLanguage":"es"},{"@type":"Organization","@id":"https:\/\/palmerodespachante.uy\/#organization","name":"Palmero Despachante de Aduanas","url":"https:\/\/palmerodespachante.uy\/","logo":{"@type":"ImageObject","inLanguage":"es","@id":"https:\/\/palmerodespachante.uy\/#\/schema\/logo\/image\/","url":"https:\/\/palmerodespachante.uy\/wp-content\/uploads\/2018\/08\/Logo-144.png","contentUrl":"https:\/\/palmerodespachante.uy\/wp-content\/uploads\/2018\/08\/Logo-144.png","width":144,"height":144,"caption":"Palmero Despachante de Aduanas"},"image":{"@id":"https:\/\/palmerodespachante.uy\/#\/schema\/logo\/image\/"},"sameAs":["https:\/\/www.facebook.com\/despachantedeaduana.palmero?hc_ref=ARQPWzEmqFz3O_9qTlrxPP6NW-Vf1b4-iJdwH7XdkuWdfarefzfPyjY7DGBCye4mnJs","https:\/\/www.linkedin.com\/company\/despachante-de-aduana-palmero\/"]},{"@type":"Person","@id":"https:\/\/palmerodespachante.uy\/#\/schema\/person\/9eabdcdc87fc74d275cc2faf2ce2f732","name":"Javier Palmero","image":{"@type":"ImageObject","inLanguage":"es","@id":"https:\/\/palmerodespachante.uy\/wp-content\/litespeed\/avatar\/8e783966089c8fa82b27a6627fb956c2.jpg?ver=1776856630","url":"https:\/\/palmerodespachante.uy\/wp-content\/litespeed\/avatar\/8e783966089c8fa82b27a6627fb956c2.jpg?ver=1776856630","contentUrl":"https:\/\/palmerodespachante.uy\/wp-content\/litespeed\/avatar\/8e783966089c8fa82b27a6627fb956c2.jpg?ver=1776856630","caption":"Javier Palmero"}}]}},"jetpack_featured_media_url":"","_links":{"self":[{"href":"https:\/\/palmerodespachante.uy\/index.php\/wp-json\/wp\/v2\/posts\/1701","targetHints":{"allow":["GET"]}}],"collection":[{"href":"https:\/\/palmerodespachante.uy\/index.php\/wp-json\/wp\/v2\/posts"}],"about":[{"href":"https:\/\/palmerodespachante.uy\/index.php\/wp-json\/wp\/v2\/types\/post"}],"author":[{"embeddable":true,"href":"https:\/\/palmerodespachante.uy\/index.php\/wp-json\/wp\/v2\/users\/3"}],"replies":[{"embeddable":true,"href":"https:\/\/palmerodespachante.uy\/index.php\/wp-json\/wp\/v2\/comments?post=1701"}],"version-history":[{"count":1,"href":"https:\/\/palmerodespachante.uy\/index.php\/wp-json\/wp\/v2\/posts\/1701\/revisions"}],"predecessor-version":[{"id":1702,"href":"https:\/\/palmerodespachante.uy\/index.php\/wp-json\/wp\/v2\/posts\/1701\/revisions\/1702"}],"wp:attachment":[{"href":"https:\/\/palmerodespachante.uy\/index.php\/wp-json\/wp\/v2\/media?parent=1701"}],"wp:term":[{"taxonomy":"category","embeddable":true,"href":"https:\/\/palmerodespachante.uy\/index.php\/wp-json\/wp\/v2\/categories?post=1701"},{"taxonomy":"post_tag","embeddable":true,"href":"https:\/\/palmerodespachante.uy\/index.php\/wp-json\/wp\/v2\/tags?post=1701"}],"curies":[{"name":"wp","href":"https:\/\/api.w.org\/{rel}","templated":true}]}}