{"id":1690,"date":"2025-12-23T15:15:53","date_gmt":"2025-12-23T18:15:53","guid":{"rendered":"https:\/\/palmerodespachante.uy\/?p=1690"},"modified":"2025-12-23T15:15:54","modified_gmt":"2025-12-23T18:15:54","slug":"creacion-de-empresas-volvio-a-aumentar","status":"publish","type":"post","link":"https:\/\/palmerodespachante.uy\/index.php\/2025\/12\/23\/creacion-de-empresas-volvio-a-aumentar\/","title":{"rendered":"CREACI\u00d3N DE EMPRESAS VOLVI\u00d3 A AUMENTAR"},"content":{"rendered":"\n<p><strong>LA CREACI\u00d3N DE EMPRESAS VOLVI\u00d3 A AUMENTAR EN EL TERCER TRIMESTRE Y REPUNT\u00d3 EL MERCADO LABORAL.<\/strong><\/p>\n\n\n\n<p>La cantidad de empresas activas volvi\u00f3 a crecer en el tercer trimestre de 2025, aunque con un impacto m\u00e1s moderado sobre el empleo, en un escenario marcado por un fuerte repunte en la creaci\u00f3n de firmas y una baja en el cierre de compa\u00f1\u00edas, seg\u00fan los \u00faltimos datos oficiales del Instituto Nacional de Estad\u00edstica (INE). En total, entre julio y setiembre se registraron 203.040 empresas activas en todo el pa\u00eds, lo que implic\u00f3 una suba de 1,42% frente al trimestre anterior y un incremento interanual de 4,26%, de acuerdo con el informe de Demograf\u00eda de Empresas correspondiente al tercer trimestre del a\u00f1o. El avance confirma la expansi\u00f3n del tejido empresarial, aunque a un ritmo m\u00e1s contenido que el observado en la creaci\u00f3n de nuevas firmas. (\u00c1mbito Financiero \u2013 21\/12)<\/p>\n","protected":false},"excerpt":{"rendered":"<p>LA CREACI\u00d3N DE EMPRESAS VOLVI\u00d3 A AUMENTAR EN EL TERCER TRIMESTRE Y REPUNT\u00d3 EL MERCADO LABORAL. La cantidad de empresas activas volvi\u00f3 a crecer en el tercer trimestre de 2025, aunque con un impacto m\u00e1s moderado sobre el empleo, en un escenario marcado por un fuerte repunte en la creaci\u00f3n de firmas y una baja [&hellip;]<\/p>\n","protected":false},"author":3,"featured_media":0,"comment_status":"open","ping_status":"open","sticky":false,"template":"","format":"standard","meta":{"_joinchat":[],"footnotes":""},"categories":[37],"tags":[],"class_list":{"0":"post-1690","1":"post","2":"type-post","3":"status-publish","4":"format-standard","6":"category-noticias"},"yoast_head":"<!-- This site is optimized with the Yoast SEO plugin v27.5 - https:\/\/yoast.com\/product\/yoast-seo-wordpress\/ -->\n<title>CREACI\u00d3N DE EMPRESAS VOLVI\u00d3 A AUMENTAR - Palmero Despachante de Aduana<\/title>\n<meta name=\"robots\" content=\"noindex, follow\" \/>\n<meta property=\"og:locale\" content=\"es_ES\" \/>\n<meta property=\"og:type\" content=\"article\" \/>\n<meta property=\"og:title\" content=\"CREACI\u00d3N DE EMPRESAS VOLVI\u00d3 A AUMENTAR - Palmero Despachante de Aduana\" \/>\n<meta property=\"og:description\" content=\"LA CREACI\u00d3N DE EMPRESAS VOLVI\u00d3 A AUMENTAR EN EL TERCER TRIMESTRE Y REPUNT\u00d3 EL MERCADO LABORAL. La cantidad de empresas activas volvi\u00f3 a crecer en el tercer trimestre de 2025, aunque con un impacto m\u00e1s moderado sobre el empleo, en un escenario marcado por un fuerte repunte en la creaci\u00f3n de firmas y una baja [&hellip;]\" \/>\n<meta property=\"og:url\" content=\"https:\/\/palmerodespachante.uy\/index.php\/2025\/12\/23\/creacion-de-empresas-volvio-a-aumentar\/\" \/>\n<meta property=\"og:site_name\" content=\"Palmero Despachante de Aduana\" \/>\n<meta property=\"article:publisher\" content=\"https:\/\/www.facebook.com\/despachantedeaduana.palmero?hc_ref=ARQPWzEmqFz3O_9qTlrxPP6NW-Vf1b4-iJdwH7XdkuWdfarefzfPyjY7DGBCye4mnJs\" \/>\n<meta property=\"article:published_time\" content=\"2025-12-23T18:15:53+00:00\" \/>\n<meta property=\"article:modified_time\" content=\"2025-12-23T18:15:54+00:00\" \/>\n<meta name=\"author\" content=\"Javier Palmero\" \/>\n<meta name=\"twitter:card\" content=\"summary_large_image\" \/>\n<meta name=\"twitter:label1\" content=\"Escrito por\" \/>\n\t<meta name=\"twitter:data1\" content=\"Javier Palmero\" \/>\n\t<meta name=\"twitter:label2\" content=\"Tiempo de lectura\" \/>\n\t<meta name=\"twitter:data2\" content=\"1 minuto\" \/>\n<script type=\"application\/ld+json\" class=\"yoast-schema-graph\">{\"@context\":\"https:\\\/\\\/schema.org\",\"@graph\":[{\"@type\":\"Article\",\"@id\":\"https:\\\/\\\/palmerodespachante.uy\\\/index.php\\\/2025\\\/12\\\/23\\\/creacion-de-empresas-volvio-a-aumentar\\\/#article\",\"isPartOf\":{\"@id\":\"https:\\\/\\\/palmerodespachante.uy\\\/index.php\\\/2025\\\/12\\\/23\\\/creacion-de-empresas-volvio-a-aumentar\\\/\"},\"author\":{\"name\":\"Javier Palmero\",\"@id\":\"https:\\\/\\\/palmerodespachante.uy\\\/#\\\/schema\\\/person\\\/9eabdcdc87fc74d275cc2faf2ce2f732\"},\"headline\":\"CREACI\u00d3N DE EMPRESAS VOLVI\u00d3 A AUMENTAR\",\"datePublished\":\"2025-12-23T18:15:53+00:00\",\"dateModified\":\"2025-12-23T18:15:54+00:00\",\"mainEntityOfPage\":{\"@id\":\"https:\\\/\\\/palmerodespachante.uy\\\/index.php\\\/2025\\\/12\\\/23\\\/creacion-de-empresas-volvio-a-aumentar\\\/\"},\"wordCount\":158,\"commentCount\":0,\"publisher\":{\"@id\":\"https:\\\/\\\/palmerodespachante.uy\\\/#organization\"},\"articleSection\":[\"Noticias\"],\"inLanguage\":\"es\",\"potentialAction\":[{\"@type\":\"CommentAction\",\"name\":\"Comment\",\"target\":[\"https:\\\/\\\/palmerodespachante.uy\\\/index.php\\\/2025\\\/12\\\/23\\\/creacion-de-empresas-volvio-a-aumentar\\\/#respond\"]}]},{\"@type\":\"WebPage\",\"@id\":\"https:\\\/\\\/palmerodespachante.uy\\\/index.php\\\/2025\\\/12\\\/23\\\/creacion-de-empresas-volvio-a-aumentar\\\/\",\"url\":\"https:\\\/\\\/palmerodespachante.uy\\\/index.php\\\/2025\\\/12\\\/23\\\/creacion-de-empresas-volvio-a-aumentar\\\/\",\"name\":\"CREACI\u00d3N DE EMPRESAS VOLVI\u00d3 A AUMENTAR - Palmero Despachante de Aduana\",\"isPartOf\":{\"@id\":\"https:\\\/\\\/palmerodespachante.uy\\\/#website\"},\"datePublished\":\"2025-12-23T18:15:53+00:00\",\"dateModified\":\"2025-12-23T18:15:54+00:00\",\"breadcrumb\":{\"@id\":\"https:\\\/\\\/palmerodespachante.uy\\\/index.php\\\/2025\\\/12\\\/23\\\/creacion-de-empresas-volvio-a-aumentar\\\/#breadcrumb\"},\"inLanguage\":\"es\",\"potentialAction\":[{\"@type\":\"ReadAction\",\"target\":[\"https:\\\/\\\/palmerodespachante.uy\\\/index.php\\\/2025\\\/12\\\/23\\\/creacion-de-empresas-volvio-a-aumentar\\\/\"]}]},{\"@type\":\"BreadcrumbList\",\"@id\":\"https:\\\/\\\/palmerodespachante.uy\\\/index.php\\\/2025\\\/12\\\/23\\\/creacion-de-empresas-volvio-a-aumentar\\\/#breadcrumb\",\"itemListElement\":[{\"@type\":\"ListItem\",\"position\":1,\"name\":\"Portada\",\"item\":\"https:\\\/\\\/palmerodespachante.uy\\\/\"},{\"@type\":\"ListItem\",\"position\":2,\"name\":\"CREACI\u00d3N DE EMPRESAS VOLVI\u00d3 A AUMENTAR\"}]},{\"@type\":\"WebSite\",\"@id\":\"https:\\\/\\\/palmerodespachante.uy\\\/#website\",\"url\":\"https:\\\/\\\/palmerodespachante.uy\\\/\",\"name\":\"Palmero Despachante de Aduana\",\"description\":\"Importaci\u00f3n, Exportaci\u00f3n, Tr\u00e1nsito\",\"publisher\":{\"@id\":\"https:\\\/\\\/palmerodespachante.uy\\\/#organization\"},\"potentialAction\":[{\"@type\":\"SearchAction\",\"target\":{\"@type\":\"EntryPoint\",\"urlTemplate\":\"https:\\\/\\\/palmerodespachante.uy\\\/?s={search_term_string}\"},\"query-input\":{\"@type\":\"PropertyValueSpecification\",\"valueRequired\":true,\"valueName\":\"search_term_string\"}}],\"inLanguage\":\"es\"},{\"@type\":\"Organization\",\"@id\":\"https:\\\/\\\/palmerodespachante.uy\\\/#organization\",\"name\":\"Palmero Despachante de Aduanas\",\"url\":\"https:\\\/\\\/palmerodespachante.uy\\\/\",\"logo\":{\"@type\":\"ImageObject\",\"inLanguage\":\"es\",\"@id\":\"https:\\\/\\\/palmerodespachante.uy\\\/#\\\/schema\\\/logo\\\/image\\\/\",\"url\":\"https:\\\/\\\/palmerodespachante.uy\\\/wp-content\\\/uploads\\\/2018\\\/08\\\/Logo-144.png\",\"contentUrl\":\"https:\\\/\\\/palmerodespachante.uy\\\/wp-content\\\/uploads\\\/2018\\\/08\\\/Logo-144.png\",\"width\":144,\"height\":144,\"caption\":\"Palmero Despachante de Aduanas\"},\"image\":{\"@id\":\"https:\\\/\\\/palmerodespachante.uy\\\/#\\\/schema\\\/logo\\\/image\\\/\"},\"sameAs\":[\"https:\\\/\\\/www.facebook.com\\\/despachantedeaduana.palmero?hc_ref=ARQPWzEmqFz3O_9qTlrxPP6NW-Vf1b4-iJdwH7XdkuWdfarefzfPyjY7DGBCye4mnJs\",\"https:\\\/\\\/www.linkedin.com\\\/company\\\/despachante-de-aduana-palmero\\\/\"]},{\"@type\":\"Person\",\"@id\":\"https:\\\/\\\/palmerodespachante.uy\\\/#\\\/schema\\\/person\\\/9eabdcdc87fc74d275cc2faf2ce2f732\",\"name\":\"Javier Palmero\",\"image\":{\"@type\":\"ImageObject\",\"inLanguage\":\"es\",\"@id\":\"https:\\\/\\\/palmerodespachante.uy\\\/wp-content\\\/litespeed\\\/avatar\\\/8e783966089c8fa82b27a6627fb956c2.jpg?ver=1777463218\",\"url\":\"https:\\\/\\\/palmerodespachante.uy\\\/wp-content\\\/litespeed\\\/avatar\\\/8e783966089c8fa82b27a6627fb956c2.jpg?ver=1777463218\",\"contentUrl\":\"https:\\\/\\\/palmerodespachante.uy\\\/wp-content\\\/litespeed\\\/avatar\\\/8e783966089c8fa82b27a6627fb956c2.jpg?ver=1777463218\",\"caption\":\"Javier Palmero\"}}]}<\/script>\n<!-- \/ Yoast SEO plugin. -->","yoast_head_json":{"title":"CREACI\u00d3N DE EMPRESAS VOLVI\u00d3 A AUMENTAR - Palmero Despachante de Aduana","robots":{"index":"noindex","follow":"follow"},"og_locale":"es_ES","og_type":"article","og_title":"CREACI\u00d3N DE EMPRESAS VOLVI\u00d3 A AUMENTAR - Palmero Despachante de Aduana","og_description":"LA CREACI\u00d3N DE EMPRESAS VOLVI\u00d3 A AUMENTAR EN EL TERCER TRIMESTRE Y REPUNT\u00d3 EL MERCADO LABORAL. La cantidad de empresas activas volvi\u00f3 a crecer en el tercer trimestre de 2025, aunque con un impacto m\u00e1s moderado sobre el empleo, en un escenario marcado por un fuerte repunte en la creaci\u00f3n de firmas y una baja [&hellip;]","og_url":"https:\/\/palmerodespachante.uy\/index.php\/2025\/12\/23\/creacion-de-empresas-volvio-a-aumentar\/","og_site_name":"Palmero Despachante de Aduana","article_publisher":"https:\/\/www.facebook.com\/despachantedeaduana.palmero?hc_ref=ARQPWzEmqFz3O_9qTlrxPP6NW-Vf1b4-iJdwH7XdkuWdfarefzfPyjY7DGBCye4mnJs","article_published_time":"2025-12-23T18:15:53+00:00","article_modified_time":"2025-12-23T18:15:54+00:00","author":"Javier Palmero","twitter_card":"summary_large_image","twitter_misc":{"Escrito por":"Javier Palmero","Tiempo de lectura":"1 minuto"},"schema":{"@context":"https:\/\/schema.org","@graph":[{"@type":"Article","@id":"https:\/\/palmerodespachante.uy\/index.php\/2025\/12\/23\/creacion-de-empresas-volvio-a-aumentar\/#article","isPartOf":{"@id":"https:\/\/palmerodespachante.uy\/index.php\/2025\/12\/23\/creacion-de-empresas-volvio-a-aumentar\/"},"author":{"name":"Javier Palmero","@id":"https:\/\/palmerodespachante.uy\/#\/schema\/person\/9eabdcdc87fc74d275cc2faf2ce2f732"},"headline":"CREACI\u00d3N DE EMPRESAS VOLVI\u00d3 A AUMENTAR","datePublished":"2025-12-23T18:15:53+00:00","dateModified":"2025-12-23T18:15:54+00:00","mainEntityOfPage":{"@id":"https:\/\/palmerodespachante.uy\/index.php\/2025\/12\/23\/creacion-de-empresas-volvio-a-aumentar\/"},"wordCount":158,"commentCount":0,"publisher":{"@id":"https:\/\/palmerodespachante.uy\/#organization"},"articleSection":["Noticias"],"inLanguage":"es","potentialAction":[{"@type":"CommentAction","name":"Comment","target":["https:\/\/palmerodespachante.uy\/index.php\/2025\/12\/23\/creacion-de-empresas-volvio-a-aumentar\/#respond"]}]},{"@type":"WebPage","@id":"https:\/\/palmerodespachante.uy\/index.php\/2025\/12\/23\/creacion-de-empresas-volvio-a-aumentar\/","url":"https:\/\/palmerodespachante.uy\/index.php\/2025\/12\/23\/creacion-de-empresas-volvio-a-aumentar\/","name":"CREACI\u00d3N DE EMPRESAS VOLVI\u00d3 A AUMENTAR - Palmero Despachante de Aduana","isPartOf":{"@id":"https:\/\/palmerodespachante.uy\/#website"},"datePublished":"2025-12-23T18:15:53+00:00","dateModified":"2025-12-23T18:15:54+00:00","breadcrumb":{"@id":"https:\/\/palmerodespachante.uy\/index.php\/2025\/12\/23\/creacion-de-empresas-volvio-a-aumentar\/#breadcrumb"},"inLanguage":"es","potentialAction":[{"@type":"ReadAction","target":["https:\/\/palmerodespachante.uy\/index.php\/2025\/12\/23\/creacion-de-empresas-volvio-a-aumentar\/"]}]},{"@type":"BreadcrumbList","@id":"https:\/\/palmerodespachante.uy\/index.php\/2025\/12\/23\/creacion-de-empresas-volvio-a-aumentar\/#breadcrumb","itemListElement":[{"@type":"ListItem","position":1,"name":"Portada","item":"https:\/\/palmerodespachante.uy\/"},{"@type":"ListItem","position":2,"name":"CREACI\u00d3N DE EMPRESAS VOLVI\u00d3 A AUMENTAR"}]},{"@type":"WebSite","@id":"https:\/\/palmerodespachante.uy\/#website","url":"https:\/\/palmerodespachante.uy\/","name":"Palmero Despachante de Aduana","description":"Importaci\u00f3n, Exportaci\u00f3n, Tr\u00e1nsito","publisher":{"@id":"https:\/\/palmerodespachante.uy\/#organization"},"potentialAction":[{"@type":"SearchAction","target":{"@type":"EntryPoint","urlTemplate":"https:\/\/palmerodespachante.uy\/?s={search_term_string}"},"query-input":{"@type":"PropertyValueSpecification","valueRequired":true,"valueName":"search_term_string"}}],"inLanguage":"es"},{"@type":"Organization","@id":"https:\/\/palmerodespachante.uy\/#organization","name":"Palmero Despachante de Aduanas","url":"https:\/\/palmerodespachante.uy\/","logo":{"@type":"ImageObject","inLanguage":"es","@id":"https:\/\/palmerodespachante.uy\/#\/schema\/logo\/image\/","url":"https:\/\/palmerodespachante.uy\/wp-content\/uploads\/2018\/08\/Logo-144.png","contentUrl":"https:\/\/palmerodespachante.uy\/wp-content\/uploads\/2018\/08\/Logo-144.png","width":144,"height":144,"caption":"Palmero Despachante de Aduanas"},"image":{"@id":"https:\/\/palmerodespachante.uy\/#\/schema\/logo\/image\/"},"sameAs":["https:\/\/www.facebook.com\/despachantedeaduana.palmero?hc_ref=ARQPWzEmqFz3O_9qTlrxPP6NW-Vf1b4-iJdwH7XdkuWdfarefzfPyjY7DGBCye4mnJs","https:\/\/www.linkedin.com\/company\/despachante-de-aduana-palmero\/"]},{"@type":"Person","@id":"https:\/\/palmerodespachante.uy\/#\/schema\/person\/9eabdcdc87fc74d275cc2faf2ce2f732","name":"Javier Palmero","image":{"@type":"ImageObject","inLanguage":"es","@id":"https:\/\/palmerodespachante.uy\/wp-content\/litespeed\/avatar\/8e783966089c8fa82b27a6627fb956c2.jpg?ver=1777463218","url":"https:\/\/palmerodespachante.uy\/wp-content\/litespeed\/avatar\/8e783966089c8fa82b27a6627fb956c2.jpg?ver=1777463218","contentUrl":"https:\/\/palmerodespachante.uy\/wp-content\/litespeed\/avatar\/8e783966089c8fa82b27a6627fb956c2.jpg?ver=1777463218","caption":"Javier Palmero"}}]}},"jetpack_featured_media_url":"","_links":{"self":[{"href":"https:\/\/palmerodespachante.uy\/index.php\/wp-json\/wp\/v2\/posts\/1690","targetHints":{"allow":["GET"]}}],"collection":[{"href":"https:\/\/palmerodespachante.uy\/index.php\/wp-json\/wp\/v2\/posts"}],"about":[{"href":"https:\/\/palmerodespachante.uy\/index.php\/wp-json\/wp\/v2\/types\/post"}],"author":[{"embeddable":true,"href":"https:\/\/palmerodespachante.uy\/index.php\/wp-json\/wp\/v2\/users\/3"}],"replies":[{"embeddable":true,"href":"https:\/\/palmerodespachante.uy\/index.php\/wp-json\/wp\/v2\/comments?post=1690"}],"version-history":[{"count":1,"href":"https:\/\/palmerodespachante.uy\/index.php\/wp-json\/wp\/v2\/posts\/1690\/revisions"}],"predecessor-version":[{"id":1691,"href":"https:\/\/palmerodespachante.uy\/index.php\/wp-json\/wp\/v2\/posts\/1690\/revisions\/1691"}],"wp:attachment":[{"href":"https:\/\/palmerodespachante.uy\/index.php\/wp-json\/wp\/v2\/media?parent=1690"}],"wp:term":[{"taxonomy":"category","embeddable":true,"href":"https:\/\/palmerodespachante.uy\/index.php\/wp-json\/wp\/v2\/categories?post=1690"},{"taxonomy":"post_tag","embeddable":true,"href":"https:\/\/palmerodespachante.uy\/index.php\/wp-json\/wp\/v2\/tags?post=1690"}],"curies":[{"name":"wp","href":"https:\/\/api.w.org\/{rel}","templated":true}]}}