{"id":1647,"date":"2025-11-24T15:35:15","date_gmt":"2025-11-24T18:35:15","guid":{"rendered":"https:\/\/palmerodespachante.uy\/?p=1647"},"modified":"2025-11-24T15:35:16","modified_gmt":"2025-11-24T18:35:16","slug":"alertan-por-baja-productividad-en-las-pymes-y-anuncian-nuevo-paquete-financiero-para-empresas-jovenes","status":"publish","type":"post","link":"https:\/\/palmerodespachante.uy\/index.php\/2025\/11\/24\/alertan-por-baja-productividad-en-las-pymes-y-anuncian-nuevo-paquete-financiero-para-empresas-jovenes\/","title":{"rendered":"ALERTAN POR BAJA PRODUCTIVIDAD EN LAS PYMES Y ANUNCIAN NUEVO PAQUETE FINANCIERO PARA EMPRESAS J\u00d3VENES."},"content":{"rendered":"\n<p>El presidente de la Agencia Nacional de Desarrollo (ANDE), Juan Ignacio Dorrego, sostuvo que las micro, peque\u00f1as y medianas empresas (mipymes) del pa\u00eds \u00abrepresentan el 99,6% del total\u00bb, aunque se\u00f1al\u00f3 que su expectativa de vida ronda apenas los cuatro a\u00f1os y que su desempe\u00f1o productivo \u00abavanza menos de 1% anual\u00bb, de acuerdo con el estudio de productividad laboral que la agencia present\u00f3 este mes. Dorrego explic\u00f3 en una entrevista que, al igual que en Am\u00e9rica Latina, gran parte de los emprendimientos nacionales se crean por necesidad y operan en sectores de bajo dinamismo, muchas veces atravesados por limitaciones de formaci\u00f3n y vulnerabilidad econ\u00f3mica. \u00abSon proyectos empresariales que se gestan en contextos de vulneraci\u00f3n, con poca capacidad de incorporar tecnolog\u00eda, generar un valor diferencial o innovar\u00bb, advirti\u00f3. El presidente de ANDE fundament\u00f3 estas dificultades en los resultados de un estudio reciente sobre productividad laboral entre 2008 y 2022, elaborado por la agencia. Seg\u00fan ese trabajo, \u00abel avance en materia de productividad laboral ha sido muy magro\u00bb. Dorrego detall\u00f3 que el promedio general ronda el 3%, pero cuando se analiza la empresa t\u00edpica, \u00abel avance es por debajo del 1%, exactamente 0,89%\u00bb. Dorrego diferenci\u00f3 dos grandes tipos de emprendimientos en el pa\u00eds. Por un lado, los tradicionales (panader\u00edas, talleres mec\u00e1nicos, zapater\u00edas, comercios de proximidad) que sostienen la vida cotidiana y que suelen enfrentar barreras de informaci\u00f3n, acceso al financiamiento y falta de profesionalizaci\u00f3n. Por otro lado, los emprendimientos de base cient\u00edfico-tecnol\u00f3gica, con din\u00e1micas y necesidades totalmente distintas. \u00abSon l\u00f3gicas diferentes desde la gesti\u00f3n, desde qui\u00e9n lidera y desde el tipo de instrumento que necesitan\u00bb, explic\u00f3. Si bien destac\u00f3 que Uruguay tiene un ecosistema emprendedor robusto e integrado por m\u00e1s de 100 instituciones, tambi\u00e9n reconoci\u00f3 que su fortaleza est\u00e1 concentrada en la zona sur del pa\u00eds. Las evaluaciones comparadas indican que es necesario avanzar hacia la construcci\u00f3n de \u00abecosistemas locales que favorezcan el emprendimiento y la competitividad territorial\u00bb, especialmente aprovechando la presencia creciente de Universidad de la Rep\u00fablica (Udelar), la Universidad Tecnol\u00f3gica del Uruguay (UTEC) y universidades privadas en el interior. Dorrego insisti\u00f3 en la necesidad de \u00abfocalizar en cadenas de valor donde Uruguay tiene potencial\u00bb y mencion\u00f3 sectores como ciencias de la vida, bioeconom\u00eda, biotecnolog\u00eda, agroindustrias inteligentes, turismo con valor tecnol\u00f3gico agregado y log\u00edstica. (\u00c1mbito Financiero \u2013 23\/11)<\/p>\n","protected":false},"excerpt":{"rendered":"<p>El presidente de la Agencia Nacional de Desarrollo (ANDE), Juan Ignacio Dorrego, sostuvo que las micro, peque\u00f1as y medianas empresas (mipymes) del pa\u00eds \u00abrepresentan el 99,6% del total\u00bb, aunque se\u00f1al\u00f3 que su expectativa de vida ronda apenas los cuatro a\u00f1os y que su desempe\u00f1o productivo \u00abavanza menos de 1% anual\u00bb, de acuerdo con el estudio [&hellip;]<\/p>\n","protected":false},"author":3,"featured_media":1648,"comment_status":"open","ping_status":"open","sticky":false,"template":"","format":"standard","meta":{"_joinchat":[],"footnotes":""},"categories":[37],"tags":[],"class_list":{"0":"post-1647","1":"post","2":"type-post","3":"status-publish","4":"format-standard","5":"has-post-thumbnail","7":"category-noticias"},"yoast_head":"<!-- This site is optimized with the Yoast SEO plugin v27.4 - https:\/\/yoast.com\/product\/yoast-seo-wordpress\/ -->\n<title>ALERTAN POR BAJA PRODUCTIVIDAD EN LAS PYMES Y ANUNCIAN NUEVO PAQUETE FINANCIERO PARA EMPRESAS J\u00d3VENES. - Palmero Despachante de Aduana<\/title>\n<meta name=\"robots\" content=\"noindex, follow\" \/>\n<meta property=\"og:locale\" content=\"es_ES\" \/>\n<meta property=\"og:type\" content=\"article\" \/>\n<meta property=\"og:title\" content=\"ALERTAN POR BAJA PRODUCTIVIDAD EN LAS PYMES Y ANUNCIAN NUEVO PAQUETE FINANCIERO PARA EMPRESAS J\u00d3VENES. - Palmero Despachante de Aduana\" \/>\n<meta property=\"og:description\" content=\"El presidente de la Agencia Nacional de Desarrollo (ANDE), Juan Ignacio Dorrego, sostuvo que las micro, peque\u00f1as y medianas empresas (mipymes) del pa\u00eds \u00abrepresentan el 99,6% del total\u00bb, aunque se\u00f1al\u00f3 que su expectativa de vida ronda apenas los cuatro a\u00f1os y que su desempe\u00f1o productivo \u00abavanza menos de 1% anual\u00bb, de acuerdo con el estudio [&hellip;]\" \/>\n<meta property=\"og:url\" content=\"https:\/\/palmerodespachante.uy\/index.php\/2025\/11\/24\/alertan-por-baja-productividad-en-las-pymes-y-anuncian-nuevo-paquete-financiero-para-empresas-jovenes\/\" \/>\n<meta property=\"og:site_name\" content=\"Palmero Despachante de Aduana\" \/>\n<meta property=\"article:publisher\" content=\"https:\/\/www.facebook.com\/despachantedeaduana.palmero?hc_ref=ARQPWzEmqFz3O_9qTlrxPP6NW-Vf1b4-iJdwH7XdkuWdfarefzfPyjY7DGBCye4mnJs\" \/>\n<meta property=\"article:published_time\" content=\"2025-11-24T18:35:15+00:00\" \/>\n<meta property=\"article:modified_time\" content=\"2025-11-24T18:35:16+00:00\" \/>\n<meta property=\"og:image\" content=\"http:\/\/palmerodespachante.uy\/wp-content\/uploads\/2025\/11\/pymes.jpg\" \/>\n\t<meta property=\"og:image:width\" content=\"656\" \/>\n\t<meta property=\"og:image:height\" content=\"369\" \/>\n\t<meta property=\"og:image:type\" content=\"image\/jpeg\" \/>\n<meta name=\"author\" content=\"Javier Palmero\" \/>\n<meta name=\"twitter:card\" content=\"summary_large_image\" \/>\n<meta name=\"twitter:label1\" content=\"Escrito por\" \/>\n\t<meta name=\"twitter:data1\" content=\"Javier Palmero\" \/>\n\t<meta name=\"twitter:label2\" content=\"Tiempo de lectura\" \/>\n\t<meta name=\"twitter:data2\" content=\"2 minutos\" \/>\n<script type=\"application\/ld+json\" class=\"yoast-schema-graph\">{\"@context\":\"https:\\\/\\\/schema.org\",\"@graph\":[{\"@type\":\"Article\",\"@id\":\"https:\\\/\\\/palmerodespachante.uy\\\/index.php\\\/2025\\\/11\\\/24\\\/alertan-por-baja-productividad-en-las-pymes-y-anuncian-nuevo-paquete-financiero-para-empresas-jovenes\\\/#article\",\"isPartOf\":{\"@id\":\"https:\\\/\\\/palmerodespachante.uy\\\/index.php\\\/2025\\\/11\\\/24\\\/alertan-por-baja-productividad-en-las-pymes-y-anuncian-nuevo-paquete-financiero-para-empresas-jovenes\\\/\"},\"author\":{\"name\":\"Javier Palmero\",\"@id\":\"https:\\\/\\\/palmerodespachante.uy\\\/#\\\/schema\\\/person\\\/9eabdcdc87fc74d275cc2faf2ce2f732\"},\"headline\":\"ALERTAN POR BAJA PRODUCTIVIDAD EN LAS PYMES Y ANUNCIAN NUEVO PAQUETE FINANCIERO PARA EMPRESAS J\u00d3VENES.\",\"datePublished\":\"2025-11-24T18:35:15+00:00\",\"dateModified\":\"2025-11-24T18:35:16+00:00\",\"mainEntityOfPage\":{\"@id\":\"https:\\\/\\\/palmerodespachante.uy\\\/index.php\\\/2025\\\/11\\\/24\\\/alertan-por-baja-productividad-en-las-pymes-y-anuncian-nuevo-paquete-financiero-para-empresas-jovenes\\\/\"},\"wordCount\":416,\"commentCount\":0,\"publisher\":{\"@id\":\"https:\\\/\\\/palmerodespachante.uy\\\/#organization\"},\"image\":{\"@id\":\"https:\\\/\\\/palmerodespachante.uy\\\/index.php\\\/2025\\\/11\\\/24\\\/alertan-por-baja-productividad-en-las-pymes-y-anuncian-nuevo-paquete-financiero-para-empresas-jovenes\\\/#primaryimage\"},\"thumbnailUrl\":\"https:\\\/\\\/palmerodespachante.uy\\\/wp-content\\\/uploads\\\/2025\\\/11\\\/pymes.jpg\",\"articleSection\":[\"Noticias\"],\"inLanguage\":\"es\",\"potentialAction\":[{\"@type\":\"CommentAction\",\"name\":\"Comment\",\"target\":[\"https:\\\/\\\/palmerodespachante.uy\\\/index.php\\\/2025\\\/11\\\/24\\\/alertan-por-baja-productividad-en-las-pymes-y-anuncian-nuevo-paquete-financiero-para-empresas-jovenes\\\/#respond\"]}]},{\"@type\":\"WebPage\",\"@id\":\"https:\\\/\\\/palmerodespachante.uy\\\/index.php\\\/2025\\\/11\\\/24\\\/alertan-por-baja-productividad-en-las-pymes-y-anuncian-nuevo-paquete-financiero-para-empresas-jovenes\\\/\",\"url\":\"https:\\\/\\\/palmerodespachante.uy\\\/index.php\\\/2025\\\/11\\\/24\\\/alertan-por-baja-productividad-en-las-pymes-y-anuncian-nuevo-paquete-financiero-para-empresas-jovenes\\\/\",\"name\":\"ALERTAN POR BAJA PRODUCTIVIDAD EN LAS PYMES Y ANUNCIAN NUEVO PAQUETE FINANCIERO PARA EMPRESAS J\u00d3VENES. - Palmero Despachante de Aduana\",\"isPartOf\":{\"@id\":\"https:\\\/\\\/palmerodespachante.uy\\\/#website\"},\"primaryImageOfPage\":{\"@id\":\"https:\\\/\\\/palmerodespachante.uy\\\/index.php\\\/2025\\\/11\\\/24\\\/alertan-por-baja-productividad-en-las-pymes-y-anuncian-nuevo-paquete-financiero-para-empresas-jovenes\\\/#primaryimage\"},\"image\":{\"@id\":\"https:\\\/\\\/palmerodespachante.uy\\\/index.php\\\/2025\\\/11\\\/24\\\/alertan-por-baja-productividad-en-las-pymes-y-anuncian-nuevo-paquete-financiero-para-empresas-jovenes\\\/#primaryimage\"},\"thumbnailUrl\":\"https:\\\/\\\/palmerodespachante.uy\\\/wp-content\\\/uploads\\\/2025\\\/11\\\/pymes.jpg\",\"datePublished\":\"2025-11-24T18:35:15+00:00\",\"dateModified\":\"2025-11-24T18:35:16+00:00\",\"breadcrumb\":{\"@id\":\"https:\\\/\\\/palmerodespachante.uy\\\/index.php\\\/2025\\\/11\\\/24\\\/alertan-por-baja-productividad-en-las-pymes-y-anuncian-nuevo-paquete-financiero-para-empresas-jovenes\\\/#breadcrumb\"},\"inLanguage\":\"es\",\"potentialAction\":[{\"@type\":\"ReadAction\",\"target\":[\"https:\\\/\\\/palmerodespachante.uy\\\/index.php\\\/2025\\\/11\\\/24\\\/alertan-por-baja-productividad-en-las-pymes-y-anuncian-nuevo-paquete-financiero-para-empresas-jovenes\\\/\"]}]},{\"@type\":\"ImageObject\",\"inLanguage\":\"es\",\"@id\":\"https:\\\/\\\/palmerodespachante.uy\\\/index.php\\\/2025\\\/11\\\/24\\\/alertan-por-baja-productividad-en-las-pymes-y-anuncian-nuevo-paquete-financiero-para-empresas-jovenes\\\/#primaryimage\",\"url\":\"https:\\\/\\\/palmerodespachante.uy\\\/wp-content\\\/uploads\\\/2025\\\/11\\\/pymes.jpg\",\"contentUrl\":\"https:\\\/\\\/palmerodespachante.uy\\\/wp-content\\\/uploads\\\/2025\\\/11\\\/pymes.jpg\",\"width\":656,\"height\":369},{\"@type\":\"BreadcrumbList\",\"@id\":\"https:\\\/\\\/palmerodespachante.uy\\\/index.php\\\/2025\\\/11\\\/24\\\/alertan-por-baja-productividad-en-las-pymes-y-anuncian-nuevo-paquete-financiero-para-empresas-jovenes\\\/#breadcrumb\",\"itemListElement\":[{\"@type\":\"ListItem\",\"position\":1,\"name\":\"Portada\",\"item\":\"https:\\\/\\\/palmerodespachante.uy\\\/\"},{\"@type\":\"ListItem\",\"position\":2,\"name\":\"ALERTAN POR BAJA PRODUCTIVIDAD EN LAS PYMES Y ANUNCIAN NUEVO PAQUETE FINANCIERO PARA EMPRESAS J\u00d3VENES.\"}]},{\"@type\":\"WebSite\",\"@id\":\"https:\\\/\\\/palmerodespachante.uy\\\/#website\",\"url\":\"https:\\\/\\\/palmerodespachante.uy\\\/\",\"name\":\"Palmero Despachante de Aduana\",\"description\":\"Importaci\u00f3n, Exportaci\u00f3n, Tr\u00e1nsito\",\"publisher\":{\"@id\":\"https:\\\/\\\/palmerodespachante.uy\\\/#organization\"},\"potentialAction\":[{\"@type\":\"SearchAction\",\"target\":{\"@type\":\"EntryPoint\",\"urlTemplate\":\"https:\\\/\\\/palmerodespachante.uy\\\/?s={search_term_string}\"},\"query-input\":{\"@type\":\"PropertyValueSpecification\",\"valueRequired\":true,\"valueName\":\"search_term_string\"}}],\"inLanguage\":\"es\"},{\"@type\":\"Organization\",\"@id\":\"https:\\\/\\\/palmerodespachante.uy\\\/#organization\",\"name\":\"Palmero Despachante de Aduanas\",\"url\":\"https:\\\/\\\/palmerodespachante.uy\\\/\",\"logo\":{\"@type\":\"ImageObject\",\"inLanguage\":\"es\",\"@id\":\"https:\\\/\\\/palmerodespachante.uy\\\/#\\\/schema\\\/logo\\\/image\\\/\",\"url\":\"https:\\\/\\\/palmerodespachante.uy\\\/wp-content\\\/uploads\\\/2018\\\/08\\\/Logo-144.png\",\"contentUrl\":\"https:\\\/\\\/palmerodespachante.uy\\\/wp-content\\\/uploads\\\/2018\\\/08\\\/Logo-144.png\",\"width\":144,\"height\":144,\"caption\":\"Palmero Despachante de Aduanas\"},\"image\":{\"@id\":\"https:\\\/\\\/palmerodespachante.uy\\\/#\\\/schema\\\/logo\\\/image\\\/\"},\"sameAs\":[\"https:\\\/\\\/www.facebook.com\\\/despachantedeaduana.palmero?hc_ref=ARQPWzEmqFz3O_9qTlrxPP6NW-Vf1b4-iJdwH7XdkuWdfarefzfPyjY7DGBCye4mnJs\",\"https:\\\/\\\/www.linkedin.com\\\/company\\\/despachante-de-aduana-palmero\\\/\"]},{\"@type\":\"Person\",\"@id\":\"https:\\\/\\\/palmerodespachante.uy\\\/#\\\/schema\\\/person\\\/9eabdcdc87fc74d275cc2faf2ce2f732\",\"name\":\"Javier Palmero\",\"image\":{\"@type\":\"ImageObject\",\"inLanguage\":\"es\",\"@id\":\"https:\\\/\\\/palmerodespachante.uy\\\/wp-content\\\/litespeed\\\/avatar\\\/8e783966089c8fa82b27a6627fb956c2.jpg?ver=1776856630\",\"url\":\"https:\\\/\\\/palmerodespachante.uy\\\/wp-content\\\/litespeed\\\/avatar\\\/8e783966089c8fa82b27a6627fb956c2.jpg?ver=1776856630\",\"contentUrl\":\"https:\\\/\\\/palmerodespachante.uy\\\/wp-content\\\/litespeed\\\/avatar\\\/8e783966089c8fa82b27a6627fb956c2.jpg?ver=1776856630\",\"caption\":\"Javier Palmero\"}}]}<\/script>\n<!-- \/ Yoast SEO plugin. -->","yoast_head_json":{"title":"ALERTAN POR BAJA PRODUCTIVIDAD EN LAS PYMES Y ANUNCIAN NUEVO PAQUETE FINANCIERO PARA EMPRESAS J\u00d3VENES. - Palmero Despachante de Aduana","robots":{"index":"noindex","follow":"follow"},"og_locale":"es_ES","og_type":"article","og_title":"ALERTAN POR BAJA PRODUCTIVIDAD EN LAS PYMES Y ANUNCIAN NUEVO PAQUETE FINANCIERO PARA EMPRESAS J\u00d3VENES. - Palmero Despachante de Aduana","og_description":"El presidente de la Agencia Nacional de Desarrollo (ANDE), Juan Ignacio Dorrego, sostuvo que las micro, peque\u00f1as y medianas empresas (mipymes) del pa\u00eds \u00abrepresentan el 99,6% del total\u00bb, aunque se\u00f1al\u00f3 que su expectativa de vida ronda apenas los cuatro a\u00f1os y que su desempe\u00f1o productivo \u00abavanza menos de 1% anual\u00bb, de acuerdo con el estudio [&hellip;]","og_url":"https:\/\/palmerodespachante.uy\/index.php\/2025\/11\/24\/alertan-por-baja-productividad-en-las-pymes-y-anuncian-nuevo-paquete-financiero-para-empresas-jovenes\/","og_site_name":"Palmero Despachante de Aduana","article_publisher":"https:\/\/www.facebook.com\/despachantedeaduana.palmero?hc_ref=ARQPWzEmqFz3O_9qTlrxPP6NW-Vf1b4-iJdwH7XdkuWdfarefzfPyjY7DGBCye4mnJs","article_published_time":"2025-11-24T18:35:15+00:00","article_modified_time":"2025-11-24T18:35:16+00:00","og_image":[{"width":656,"height":369,"url":"http:\/\/palmerodespachante.uy\/wp-content\/uploads\/2025\/11\/pymes.jpg","type":"image\/jpeg"}],"author":"Javier Palmero","twitter_card":"summary_large_image","twitter_misc":{"Escrito por":"Javier Palmero","Tiempo de lectura":"2 minutos"},"schema":{"@context":"https:\/\/schema.org","@graph":[{"@type":"Article","@id":"https:\/\/palmerodespachante.uy\/index.php\/2025\/11\/24\/alertan-por-baja-productividad-en-las-pymes-y-anuncian-nuevo-paquete-financiero-para-empresas-jovenes\/#article","isPartOf":{"@id":"https:\/\/palmerodespachante.uy\/index.php\/2025\/11\/24\/alertan-por-baja-productividad-en-las-pymes-y-anuncian-nuevo-paquete-financiero-para-empresas-jovenes\/"},"author":{"name":"Javier Palmero","@id":"https:\/\/palmerodespachante.uy\/#\/schema\/person\/9eabdcdc87fc74d275cc2faf2ce2f732"},"headline":"ALERTAN POR BAJA PRODUCTIVIDAD EN LAS PYMES Y ANUNCIAN NUEVO PAQUETE FINANCIERO PARA EMPRESAS J\u00d3VENES.","datePublished":"2025-11-24T18:35:15+00:00","dateModified":"2025-11-24T18:35:16+00:00","mainEntityOfPage":{"@id":"https:\/\/palmerodespachante.uy\/index.php\/2025\/11\/24\/alertan-por-baja-productividad-en-las-pymes-y-anuncian-nuevo-paquete-financiero-para-empresas-jovenes\/"},"wordCount":416,"commentCount":0,"publisher":{"@id":"https:\/\/palmerodespachante.uy\/#organization"},"image":{"@id":"https:\/\/palmerodespachante.uy\/index.php\/2025\/11\/24\/alertan-por-baja-productividad-en-las-pymes-y-anuncian-nuevo-paquete-financiero-para-empresas-jovenes\/#primaryimage"},"thumbnailUrl":"https:\/\/palmerodespachante.uy\/wp-content\/uploads\/2025\/11\/pymes.jpg","articleSection":["Noticias"],"inLanguage":"es","potentialAction":[{"@type":"CommentAction","name":"Comment","target":["https:\/\/palmerodespachante.uy\/index.php\/2025\/11\/24\/alertan-por-baja-productividad-en-las-pymes-y-anuncian-nuevo-paquete-financiero-para-empresas-jovenes\/#respond"]}]},{"@type":"WebPage","@id":"https:\/\/palmerodespachante.uy\/index.php\/2025\/11\/24\/alertan-por-baja-productividad-en-las-pymes-y-anuncian-nuevo-paquete-financiero-para-empresas-jovenes\/","url":"https:\/\/palmerodespachante.uy\/index.php\/2025\/11\/24\/alertan-por-baja-productividad-en-las-pymes-y-anuncian-nuevo-paquete-financiero-para-empresas-jovenes\/","name":"ALERTAN POR BAJA PRODUCTIVIDAD EN LAS PYMES Y ANUNCIAN NUEVO PAQUETE FINANCIERO PARA EMPRESAS J\u00d3VENES. - Palmero Despachante de Aduana","isPartOf":{"@id":"https:\/\/palmerodespachante.uy\/#website"},"primaryImageOfPage":{"@id":"https:\/\/palmerodespachante.uy\/index.php\/2025\/11\/24\/alertan-por-baja-productividad-en-las-pymes-y-anuncian-nuevo-paquete-financiero-para-empresas-jovenes\/#primaryimage"},"image":{"@id":"https:\/\/palmerodespachante.uy\/index.php\/2025\/11\/24\/alertan-por-baja-productividad-en-las-pymes-y-anuncian-nuevo-paquete-financiero-para-empresas-jovenes\/#primaryimage"},"thumbnailUrl":"https:\/\/palmerodespachante.uy\/wp-content\/uploads\/2025\/11\/pymes.jpg","datePublished":"2025-11-24T18:35:15+00:00","dateModified":"2025-11-24T18:35:16+00:00","breadcrumb":{"@id":"https:\/\/palmerodespachante.uy\/index.php\/2025\/11\/24\/alertan-por-baja-productividad-en-las-pymes-y-anuncian-nuevo-paquete-financiero-para-empresas-jovenes\/#breadcrumb"},"inLanguage":"es","potentialAction":[{"@type":"ReadAction","target":["https:\/\/palmerodespachante.uy\/index.php\/2025\/11\/24\/alertan-por-baja-productividad-en-las-pymes-y-anuncian-nuevo-paquete-financiero-para-empresas-jovenes\/"]}]},{"@type":"ImageObject","inLanguage":"es","@id":"https:\/\/palmerodespachante.uy\/index.php\/2025\/11\/24\/alertan-por-baja-productividad-en-las-pymes-y-anuncian-nuevo-paquete-financiero-para-empresas-jovenes\/#primaryimage","url":"https:\/\/palmerodespachante.uy\/wp-content\/uploads\/2025\/11\/pymes.jpg","contentUrl":"https:\/\/palmerodespachante.uy\/wp-content\/uploads\/2025\/11\/pymes.jpg","width":656,"height":369},{"@type":"BreadcrumbList","@id":"https:\/\/palmerodespachante.uy\/index.php\/2025\/11\/24\/alertan-por-baja-productividad-en-las-pymes-y-anuncian-nuevo-paquete-financiero-para-empresas-jovenes\/#breadcrumb","itemListElement":[{"@type":"ListItem","position":1,"name":"Portada","item":"https:\/\/palmerodespachante.uy\/"},{"@type":"ListItem","position":2,"name":"ALERTAN POR BAJA PRODUCTIVIDAD EN LAS PYMES Y ANUNCIAN NUEVO PAQUETE FINANCIERO PARA EMPRESAS J\u00d3VENES."}]},{"@type":"WebSite","@id":"https:\/\/palmerodespachante.uy\/#website","url":"https:\/\/palmerodespachante.uy\/","name":"Palmero Despachante de Aduana","description":"Importaci\u00f3n, Exportaci\u00f3n, Tr\u00e1nsito","publisher":{"@id":"https:\/\/palmerodespachante.uy\/#organization"},"potentialAction":[{"@type":"SearchAction","target":{"@type":"EntryPoint","urlTemplate":"https:\/\/palmerodespachante.uy\/?s={search_term_string}"},"query-input":{"@type":"PropertyValueSpecification","valueRequired":true,"valueName":"search_term_string"}}],"inLanguage":"es"},{"@type":"Organization","@id":"https:\/\/palmerodespachante.uy\/#organization","name":"Palmero Despachante de Aduanas","url":"https:\/\/palmerodespachante.uy\/","logo":{"@type":"ImageObject","inLanguage":"es","@id":"https:\/\/palmerodespachante.uy\/#\/schema\/logo\/image\/","url":"https:\/\/palmerodespachante.uy\/wp-content\/uploads\/2018\/08\/Logo-144.png","contentUrl":"https:\/\/palmerodespachante.uy\/wp-content\/uploads\/2018\/08\/Logo-144.png","width":144,"height":144,"caption":"Palmero Despachante de Aduanas"},"image":{"@id":"https:\/\/palmerodespachante.uy\/#\/schema\/logo\/image\/"},"sameAs":["https:\/\/www.facebook.com\/despachantedeaduana.palmero?hc_ref=ARQPWzEmqFz3O_9qTlrxPP6NW-Vf1b4-iJdwH7XdkuWdfarefzfPyjY7DGBCye4mnJs","https:\/\/www.linkedin.com\/company\/despachante-de-aduana-palmero\/"]},{"@type":"Person","@id":"https:\/\/palmerodespachante.uy\/#\/schema\/person\/9eabdcdc87fc74d275cc2faf2ce2f732","name":"Javier Palmero","image":{"@type":"ImageObject","inLanguage":"es","@id":"https:\/\/palmerodespachante.uy\/wp-content\/litespeed\/avatar\/8e783966089c8fa82b27a6627fb956c2.jpg?ver=1776856630","url":"https:\/\/palmerodespachante.uy\/wp-content\/litespeed\/avatar\/8e783966089c8fa82b27a6627fb956c2.jpg?ver=1776856630","contentUrl":"https:\/\/palmerodespachante.uy\/wp-content\/litespeed\/avatar\/8e783966089c8fa82b27a6627fb956c2.jpg?ver=1776856630","caption":"Javier Palmero"}}]}},"jetpack_featured_media_url":"https:\/\/palmerodespachante.uy\/wp-content\/uploads\/2025\/11\/pymes.jpg","_links":{"self":[{"href":"https:\/\/palmerodespachante.uy\/index.php\/wp-json\/wp\/v2\/posts\/1647","targetHints":{"allow":["GET"]}}],"collection":[{"href":"https:\/\/palmerodespachante.uy\/index.php\/wp-json\/wp\/v2\/posts"}],"about":[{"href":"https:\/\/palmerodespachante.uy\/index.php\/wp-json\/wp\/v2\/types\/post"}],"author":[{"embeddable":true,"href":"https:\/\/palmerodespachante.uy\/index.php\/wp-json\/wp\/v2\/users\/3"}],"replies":[{"embeddable":true,"href":"https:\/\/palmerodespachante.uy\/index.php\/wp-json\/wp\/v2\/comments?post=1647"}],"version-history":[{"count":1,"href":"https:\/\/palmerodespachante.uy\/index.php\/wp-json\/wp\/v2\/posts\/1647\/revisions"}],"predecessor-version":[{"id":1649,"href":"https:\/\/palmerodespachante.uy\/index.php\/wp-json\/wp\/v2\/posts\/1647\/revisions\/1649"}],"wp:featuredmedia":[{"embeddable":true,"href":"https:\/\/palmerodespachante.uy\/index.php\/wp-json\/wp\/v2\/media\/1648"}],"wp:attachment":[{"href":"https:\/\/palmerodespachante.uy\/index.php\/wp-json\/wp\/v2\/media?parent=1647"}],"wp:term":[{"taxonomy":"category","embeddable":true,"href":"https:\/\/palmerodespachante.uy\/index.php\/wp-json\/wp\/v2\/categories?post=1647"},{"taxonomy":"post_tag","embeddable":true,"href":"https:\/\/palmerodespachante.uy\/index.php\/wp-json\/wp\/v2\/tags?post=1647"}],"curies":[{"name":"wp","href":"https:\/\/api.w.org\/{rel}","templated":true}]}}