{"id":1644,"date":"2025-11-24T15:33:50","date_gmt":"2025-11-24T18:33:50","guid":{"rendered":"https:\/\/palmerodespachante.uy\/?p=1644"},"modified":"2025-11-24T15:33:51","modified_gmt":"2025-11-24T18:33:51","slug":"uruguay-al-tratado-transpacifico-cuales-productos-se-veran-beneficiados-con-el-ingreso-al-acuerdo","status":"publish","type":"post","link":"https:\/\/palmerodespachante.uy\/index.php\/2025\/11\/24\/uruguay-al-tratado-transpacifico-cuales-productos-se-veran-beneficiados-con-el-ingreso-al-acuerdo\/","title":{"rendered":"URUGUAY AL TRATADO TRANSPAC\u00cdFICO: CU\u00c1LES PRODUCTOS SE VER\u00c1N BENEFICIADOS CON EL INGRESO AL ACUERDO."},"content":{"rendered":"\n<p>Los integrantes del Tratado Transpac\u00edfico (CPTPP) aceptaron el ingreso de Uruguay luego negociaciones que se extendieron durante tres a\u00f1os. El acuerdo generar\u00eda beneficios para exportaciones de trozos de carne vacuna, lengua, soja, arroz y madera hacia pa\u00edses que integran el bloque y que ya adquieren estos productos uruguayos. El Tratado Integral y Progresivo de Asociaci\u00f3n Transpac\u00edfico est\u00e1 integrado por Australia, Brunei, Canad\u00e1, Chile, Jap\u00f3n, Malasia, M\u00e9xico, Nueva Zelanda, Per\u00fa, Singapur, Vietnam y el Reino Unido; representa el 15% del Producto Interno Bruto (PIB) del mundo y est\u00e1 compuesto por 595 millones de personas. Actualmente, Uruguay tiene acuerdos comerciales con M\u00e9xico, Chile, Per\u00fa y Singapur, por lo que la adhesi\u00f3n al tratado le permitir\u00e1 sumar ocho mercados. \u201cPasamos a tener condiciones iguales de acceso a mercados donde nuestra competencia hoy nos estaba ganando porque no ten\u00eda que pagar aranceles\u201d, explic\u00f3 la subsecretaria de Relaciones Exteriores, Valeria Csukasi. De esos ocho pa\u00edses, el mejor desempe\u00f1o exportador de Uruguay se observa con Reino Unido. Hacia ese destino se exportaron, entre enero y noviembre de este a\u00f1o, US$ 118,2 millones. Los principales productos fueron las habas de soja, trozos de cuartos traseros y delanteros vacunos y arroz, seg\u00fan informaci\u00f3n aduanera. En segundo orden de relevancia estuvo Jap\u00f3n con US$ 65 millones. All\u00ed destacaron las ventas de trozos de cuartos traseros y delanteros vacunos y lenguas vacunas. En tercer lugar qued\u00f3 Canad\u00e1 con US$ 57 millones. Los productos principales fueron productos c\u00e1rnicos. Luego se ubic\u00f3 Vietnam con US$ 44,5 millones. Ese mercado adquiri\u00f3, principalmente, madera en bruto y aserrada, cueros y pieles enteros o medio y trigo. A su vez, Malasia recibi\u00f3 madera de eucalipto aserrada, madera en bruto y manteca, entre otros, por US$ 18,8 millones. En el caso de Australia, las exportaciones fueron por US$ 5,6 millones. All\u00ed resaltaron la madera de eucalipto, partes y accesorios de aparatos para ortopedia, caviar y bater\u00edas. Por \u00faltimo, Nueva Zelanda y Brunei adquirieron bienes uruguayos por cifras sensiblemente menores y por debajo de US$ 1 mill\u00f3n. (El Observador \u2013 24\/11)<\/p>\n","protected":false},"excerpt":{"rendered":"<p>Los integrantes del Tratado Transpac\u00edfico (CPTPP) aceptaron el ingreso de Uruguay luego negociaciones que se extendieron durante tres a\u00f1os. El acuerdo generar\u00eda beneficios para exportaciones de trozos de carne vacuna, lengua, soja, arroz y madera hacia pa\u00edses que integran el bloque y que ya adquieren estos productos uruguayos. El Tratado Integral y Progresivo de Asociaci\u00f3n [&hellip;]<\/p>\n","protected":false},"author":3,"featured_media":1645,"comment_status":"open","ping_status":"open","sticky":false,"template":"","format":"standard","meta":{"_joinchat":[],"footnotes":""},"categories":[15],"tags":[],"class_list":{"0":"post-1644","1":"post","2":"type-post","3":"status-publish","4":"format-standard","5":"has-post-thumbnail","7":"category-sin-categoria-es"},"yoast_head":"<!-- This site is optimized with the Yoast SEO plugin v27.5 - https:\/\/yoast.com\/product\/yoast-seo-wordpress\/ -->\n<title>URUGUAY AL TRATADO TRANSPAC\u00cdFICO: CU\u00c1LES PRODUCTOS SE VER\u00c1N BENEFICIADOS CON EL INGRESO AL ACUERDO. - Palmero Despachante de Aduana<\/title>\n<meta name=\"robots\" content=\"noindex, follow\" \/>\n<meta property=\"og:locale\" content=\"es_ES\" \/>\n<meta property=\"og:type\" content=\"article\" \/>\n<meta property=\"og:title\" content=\"URUGUAY AL TRATADO TRANSPAC\u00cdFICO: CU\u00c1LES PRODUCTOS SE VER\u00c1N BENEFICIADOS CON EL INGRESO AL ACUERDO. - Palmero Despachante de Aduana\" \/>\n<meta property=\"og:description\" content=\"Los integrantes del Tratado Transpac\u00edfico (CPTPP) aceptaron el ingreso de Uruguay luego negociaciones que se extendieron durante tres a\u00f1os. El acuerdo generar\u00eda beneficios para exportaciones de trozos de carne vacuna, lengua, soja, arroz y madera hacia pa\u00edses que integran el bloque y que ya adquieren estos productos uruguayos. El Tratado Integral y Progresivo de Asociaci\u00f3n [&hellip;]\" \/>\n<meta property=\"og:url\" content=\"https:\/\/palmerodespachante.uy\/index.php\/2025\/11\/24\/uruguay-al-tratado-transpacifico-cuales-productos-se-veran-beneficiados-con-el-ingreso-al-acuerdo\/\" \/>\n<meta property=\"og:site_name\" content=\"Palmero Despachante de Aduana\" \/>\n<meta property=\"article:publisher\" content=\"https:\/\/www.facebook.com\/despachantedeaduana.palmero?hc_ref=ARQPWzEmqFz3O_9qTlrxPP6NW-Vf1b4-iJdwH7XdkuWdfarefzfPyjY7DGBCye4mnJs\" \/>\n<meta property=\"article:published_time\" content=\"2025-11-24T18:33:50+00:00\" \/>\n<meta property=\"article:modified_time\" content=\"2025-11-24T18:33:51+00:00\" \/>\n<meta property=\"og:image\" content=\"http:\/\/palmerodespachante.uy\/wp-content\/uploads\/2025\/11\/tratado.jpg\" \/>\n\t<meta property=\"og:image:width\" content=\"1000\" \/>\n\t<meta property=\"og:image:height\" content=\"501\" \/>\n\t<meta property=\"og:image:type\" content=\"image\/jpeg\" \/>\n<meta name=\"author\" content=\"Javier Palmero\" \/>\n<meta name=\"twitter:card\" content=\"summary_large_image\" \/>\n<meta name=\"twitter:label1\" content=\"Escrito por\" \/>\n\t<meta name=\"twitter:data1\" content=\"Javier Palmero\" \/>\n\t<meta name=\"twitter:label2\" content=\"Tiempo de lectura\" \/>\n\t<meta name=\"twitter:data2\" content=\"2 minutos\" \/>\n<script type=\"application\/ld+json\" class=\"yoast-schema-graph\">{\"@context\":\"https:\\\/\\\/schema.org\",\"@graph\":[{\"@type\":\"Article\",\"@id\":\"https:\\\/\\\/palmerodespachante.uy\\\/index.php\\\/2025\\\/11\\\/24\\\/uruguay-al-tratado-transpacifico-cuales-productos-se-veran-beneficiados-con-el-ingreso-al-acuerdo\\\/#article\",\"isPartOf\":{\"@id\":\"https:\\\/\\\/palmerodespachante.uy\\\/index.php\\\/2025\\\/11\\\/24\\\/uruguay-al-tratado-transpacifico-cuales-productos-se-veran-beneficiados-con-el-ingreso-al-acuerdo\\\/\"},\"author\":{\"name\":\"Javier Palmero\",\"@id\":\"https:\\\/\\\/palmerodespachante.uy\\\/#\\\/schema\\\/person\\\/9eabdcdc87fc74d275cc2faf2ce2f732\"},\"headline\":\"URUGUAY AL TRATADO TRANSPAC\u00cdFICO: CU\u00c1LES PRODUCTOS SE VER\u00c1N BENEFICIADOS CON EL INGRESO AL ACUERDO.\",\"datePublished\":\"2025-11-24T18:33:50+00:00\",\"dateModified\":\"2025-11-24T18:33:51+00:00\",\"mainEntityOfPage\":{\"@id\":\"https:\\\/\\\/palmerodespachante.uy\\\/index.php\\\/2025\\\/11\\\/24\\\/uruguay-al-tratado-transpacifico-cuales-productos-se-veran-beneficiados-con-el-ingreso-al-acuerdo\\\/\"},\"wordCount\":360,\"commentCount\":0,\"publisher\":{\"@id\":\"https:\\\/\\\/palmerodespachante.uy\\\/#organization\"},\"image\":{\"@id\":\"https:\\\/\\\/palmerodespachante.uy\\\/index.php\\\/2025\\\/11\\\/24\\\/uruguay-al-tratado-transpacifico-cuales-productos-se-veran-beneficiados-con-el-ingreso-al-acuerdo\\\/#primaryimage\"},\"thumbnailUrl\":\"https:\\\/\\\/palmerodespachante.uy\\\/wp-content\\\/uploads\\\/2025\\\/11\\\/tratado.jpg\",\"inLanguage\":\"es\",\"potentialAction\":[{\"@type\":\"CommentAction\",\"name\":\"Comment\",\"target\":[\"https:\\\/\\\/palmerodespachante.uy\\\/index.php\\\/2025\\\/11\\\/24\\\/uruguay-al-tratado-transpacifico-cuales-productos-se-veran-beneficiados-con-el-ingreso-al-acuerdo\\\/#respond\"]}]},{\"@type\":\"WebPage\",\"@id\":\"https:\\\/\\\/palmerodespachante.uy\\\/index.php\\\/2025\\\/11\\\/24\\\/uruguay-al-tratado-transpacifico-cuales-productos-se-veran-beneficiados-con-el-ingreso-al-acuerdo\\\/\",\"url\":\"https:\\\/\\\/palmerodespachante.uy\\\/index.php\\\/2025\\\/11\\\/24\\\/uruguay-al-tratado-transpacifico-cuales-productos-se-veran-beneficiados-con-el-ingreso-al-acuerdo\\\/\",\"name\":\"URUGUAY AL TRATADO TRANSPAC\u00cdFICO: CU\u00c1LES PRODUCTOS SE VER\u00c1N BENEFICIADOS CON EL INGRESO AL ACUERDO. - Palmero Despachante de Aduana\",\"isPartOf\":{\"@id\":\"https:\\\/\\\/palmerodespachante.uy\\\/#website\"},\"primaryImageOfPage\":{\"@id\":\"https:\\\/\\\/palmerodespachante.uy\\\/index.php\\\/2025\\\/11\\\/24\\\/uruguay-al-tratado-transpacifico-cuales-productos-se-veran-beneficiados-con-el-ingreso-al-acuerdo\\\/#primaryimage\"},\"image\":{\"@id\":\"https:\\\/\\\/palmerodespachante.uy\\\/index.php\\\/2025\\\/11\\\/24\\\/uruguay-al-tratado-transpacifico-cuales-productos-se-veran-beneficiados-con-el-ingreso-al-acuerdo\\\/#primaryimage\"},\"thumbnailUrl\":\"https:\\\/\\\/palmerodespachante.uy\\\/wp-content\\\/uploads\\\/2025\\\/11\\\/tratado.jpg\",\"datePublished\":\"2025-11-24T18:33:50+00:00\",\"dateModified\":\"2025-11-24T18:33:51+00:00\",\"breadcrumb\":{\"@id\":\"https:\\\/\\\/palmerodespachante.uy\\\/index.php\\\/2025\\\/11\\\/24\\\/uruguay-al-tratado-transpacifico-cuales-productos-se-veran-beneficiados-con-el-ingreso-al-acuerdo\\\/#breadcrumb\"},\"inLanguage\":\"es\",\"potentialAction\":[{\"@type\":\"ReadAction\",\"target\":[\"https:\\\/\\\/palmerodespachante.uy\\\/index.php\\\/2025\\\/11\\\/24\\\/uruguay-al-tratado-transpacifico-cuales-productos-se-veran-beneficiados-con-el-ingreso-al-acuerdo\\\/\"]}]},{\"@type\":\"ImageObject\",\"inLanguage\":\"es\",\"@id\":\"https:\\\/\\\/palmerodespachante.uy\\\/index.php\\\/2025\\\/11\\\/24\\\/uruguay-al-tratado-transpacifico-cuales-productos-se-veran-beneficiados-con-el-ingreso-al-acuerdo\\\/#primaryimage\",\"url\":\"https:\\\/\\\/palmerodespachante.uy\\\/wp-content\\\/uploads\\\/2025\\\/11\\\/tratado.jpg\",\"contentUrl\":\"https:\\\/\\\/palmerodespachante.uy\\\/wp-content\\\/uploads\\\/2025\\\/11\\\/tratado.jpg\",\"width\":1000,\"height\":501},{\"@type\":\"BreadcrumbList\",\"@id\":\"https:\\\/\\\/palmerodespachante.uy\\\/index.php\\\/2025\\\/11\\\/24\\\/uruguay-al-tratado-transpacifico-cuales-productos-se-veran-beneficiados-con-el-ingreso-al-acuerdo\\\/#breadcrumb\",\"itemListElement\":[{\"@type\":\"ListItem\",\"position\":1,\"name\":\"Portada\",\"item\":\"https:\\\/\\\/palmerodespachante.uy\\\/\"},{\"@type\":\"ListItem\",\"position\":2,\"name\":\"URUGUAY AL TRATADO TRANSPAC\u00cdFICO: CU\u00c1LES PRODUCTOS SE VER\u00c1N BENEFICIADOS CON EL INGRESO AL ACUERDO.\"}]},{\"@type\":\"WebSite\",\"@id\":\"https:\\\/\\\/palmerodespachante.uy\\\/#website\",\"url\":\"https:\\\/\\\/palmerodespachante.uy\\\/\",\"name\":\"Palmero Despachante de Aduana\",\"description\":\"Importaci\u00f3n, Exportaci\u00f3n, Tr\u00e1nsito\",\"publisher\":{\"@id\":\"https:\\\/\\\/palmerodespachante.uy\\\/#organization\"},\"potentialAction\":[{\"@type\":\"SearchAction\",\"target\":{\"@type\":\"EntryPoint\",\"urlTemplate\":\"https:\\\/\\\/palmerodespachante.uy\\\/?s={search_term_string}\"},\"query-input\":{\"@type\":\"PropertyValueSpecification\",\"valueRequired\":true,\"valueName\":\"search_term_string\"}}],\"inLanguage\":\"es\"},{\"@type\":\"Organization\",\"@id\":\"https:\\\/\\\/palmerodespachante.uy\\\/#organization\",\"name\":\"Palmero Despachante de Aduanas\",\"url\":\"https:\\\/\\\/palmerodespachante.uy\\\/\",\"logo\":{\"@type\":\"ImageObject\",\"inLanguage\":\"es\",\"@id\":\"https:\\\/\\\/palmerodespachante.uy\\\/#\\\/schema\\\/logo\\\/image\\\/\",\"url\":\"https:\\\/\\\/palmerodespachante.uy\\\/wp-content\\\/uploads\\\/2018\\\/08\\\/Logo-144.png\",\"contentUrl\":\"https:\\\/\\\/palmerodespachante.uy\\\/wp-content\\\/uploads\\\/2018\\\/08\\\/Logo-144.png\",\"width\":144,\"height\":144,\"caption\":\"Palmero Despachante de Aduanas\"},\"image\":{\"@id\":\"https:\\\/\\\/palmerodespachante.uy\\\/#\\\/schema\\\/logo\\\/image\\\/\"},\"sameAs\":[\"https:\\\/\\\/www.facebook.com\\\/despachantedeaduana.palmero?hc_ref=ARQPWzEmqFz3O_9qTlrxPP6NW-Vf1b4-iJdwH7XdkuWdfarefzfPyjY7DGBCye4mnJs\",\"https:\\\/\\\/www.linkedin.com\\\/company\\\/despachante-de-aduana-palmero\\\/\"]},{\"@type\":\"Person\",\"@id\":\"https:\\\/\\\/palmerodespachante.uy\\\/#\\\/schema\\\/person\\\/9eabdcdc87fc74d275cc2faf2ce2f732\",\"name\":\"Javier Palmero\",\"image\":{\"@type\":\"ImageObject\",\"inLanguage\":\"es\",\"@id\":\"https:\\\/\\\/palmerodespachante.uy\\\/wp-content\\\/litespeed\\\/avatar\\\/8e783966089c8fa82b27a6627fb956c2.jpg?ver=1777463218\",\"url\":\"https:\\\/\\\/palmerodespachante.uy\\\/wp-content\\\/litespeed\\\/avatar\\\/8e783966089c8fa82b27a6627fb956c2.jpg?ver=1777463218\",\"contentUrl\":\"https:\\\/\\\/palmerodespachante.uy\\\/wp-content\\\/litespeed\\\/avatar\\\/8e783966089c8fa82b27a6627fb956c2.jpg?ver=1777463218\",\"caption\":\"Javier Palmero\"}}]}<\/script>\n<!-- \/ Yoast SEO plugin. -->","yoast_head_json":{"title":"URUGUAY AL TRATADO TRANSPAC\u00cdFICO: CU\u00c1LES PRODUCTOS SE VER\u00c1N BENEFICIADOS CON EL INGRESO AL ACUERDO. - Palmero Despachante de Aduana","robots":{"index":"noindex","follow":"follow"},"og_locale":"es_ES","og_type":"article","og_title":"URUGUAY AL TRATADO TRANSPAC\u00cdFICO: CU\u00c1LES PRODUCTOS SE VER\u00c1N BENEFICIADOS CON EL INGRESO AL ACUERDO. - Palmero Despachante de Aduana","og_description":"Los integrantes del Tratado Transpac\u00edfico (CPTPP) aceptaron el ingreso de Uruguay luego negociaciones que se extendieron durante tres a\u00f1os. El acuerdo generar\u00eda beneficios para exportaciones de trozos de carne vacuna, lengua, soja, arroz y madera hacia pa\u00edses que integran el bloque y que ya adquieren estos productos uruguayos. El Tratado Integral y Progresivo de Asociaci\u00f3n [&hellip;]","og_url":"https:\/\/palmerodespachante.uy\/index.php\/2025\/11\/24\/uruguay-al-tratado-transpacifico-cuales-productos-se-veran-beneficiados-con-el-ingreso-al-acuerdo\/","og_site_name":"Palmero Despachante de Aduana","article_publisher":"https:\/\/www.facebook.com\/despachantedeaduana.palmero?hc_ref=ARQPWzEmqFz3O_9qTlrxPP6NW-Vf1b4-iJdwH7XdkuWdfarefzfPyjY7DGBCye4mnJs","article_published_time":"2025-11-24T18:33:50+00:00","article_modified_time":"2025-11-24T18:33:51+00:00","og_image":[{"width":1000,"height":501,"url":"http:\/\/palmerodespachante.uy\/wp-content\/uploads\/2025\/11\/tratado.jpg","type":"image\/jpeg"}],"author":"Javier Palmero","twitter_card":"summary_large_image","twitter_misc":{"Escrito por":"Javier Palmero","Tiempo de lectura":"2 minutos"},"schema":{"@context":"https:\/\/schema.org","@graph":[{"@type":"Article","@id":"https:\/\/palmerodespachante.uy\/index.php\/2025\/11\/24\/uruguay-al-tratado-transpacifico-cuales-productos-se-veran-beneficiados-con-el-ingreso-al-acuerdo\/#article","isPartOf":{"@id":"https:\/\/palmerodespachante.uy\/index.php\/2025\/11\/24\/uruguay-al-tratado-transpacifico-cuales-productos-se-veran-beneficiados-con-el-ingreso-al-acuerdo\/"},"author":{"name":"Javier Palmero","@id":"https:\/\/palmerodespachante.uy\/#\/schema\/person\/9eabdcdc87fc74d275cc2faf2ce2f732"},"headline":"URUGUAY AL TRATADO TRANSPAC\u00cdFICO: CU\u00c1LES PRODUCTOS SE VER\u00c1N BENEFICIADOS CON EL INGRESO AL ACUERDO.","datePublished":"2025-11-24T18:33:50+00:00","dateModified":"2025-11-24T18:33:51+00:00","mainEntityOfPage":{"@id":"https:\/\/palmerodespachante.uy\/index.php\/2025\/11\/24\/uruguay-al-tratado-transpacifico-cuales-productos-se-veran-beneficiados-con-el-ingreso-al-acuerdo\/"},"wordCount":360,"commentCount":0,"publisher":{"@id":"https:\/\/palmerodespachante.uy\/#organization"},"image":{"@id":"https:\/\/palmerodespachante.uy\/index.php\/2025\/11\/24\/uruguay-al-tratado-transpacifico-cuales-productos-se-veran-beneficiados-con-el-ingreso-al-acuerdo\/#primaryimage"},"thumbnailUrl":"https:\/\/palmerodespachante.uy\/wp-content\/uploads\/2025\/11\/tratado.jpg","inLanguage":"es","potentialAction":[{"@type":"CommentAction","name":"Comment","target":["https:\/\/palmerodespachante.uy\/index.php\/2025\/11\/24\/uruguay-al-tratado-transpacifico-cuales-productos-se-veran-beneficiados-con-el-ingreso-al-acuerdo\/#respond"]}]},{"@type":"WebPage","@id":"https:\/\/palmerodespachante.uy\/index.php\/2025\/11\/24\/uruguay-al-tratado-transpacifico-cuales-productos-se-veran-beneficiados-con-el-ingreso-al-acuerdo\/","url":"https:\/\/palmerodespachante.uy\/index.php\/2025\/11\/24\/uruguay-al-tratado-transpacifico-cuales-productos-se-veran-beneficiados-con-el-ingreso-al-acuerdo\/","name":"URUGUAY AL TRATADO TRANSPAC\u00cdFICO: CU\u00c1LES PRODUCTOS SE VER\u00c1N BENEFICIADOS CON EL INGRESO AL ACUERDO. - Palmero Despachante de Aduana","isPartOf":{"@id":"https:\/\/palmerodespachante.uy\/#website"},"primaryImageOfPage":{"@id":"https:\/\/palmerodespachante.uy\/index.php\/2025\/11\/24\/uruguay-al-tratado-transpacifico-cuales-productos-se-veran-beneficiados-con-el-ingreso-al-acuerdo\/#primaryimage"},"image":{"@id":"https:\/\/palmerodespachante.uy\/index.php\/2025\/11\/24\/uruguay-al-tratado-transpacifico-cuales-productos-se-veran-beneficiados-con-el-ingreso-al-acuerdo\/#primaryimage"},"thumbnailUrl":"https:\/\/palmerodespachante.uy\/wp-content\/uploads\/2025\/11\/tratado.jpg","datePublished":"2025-11-24T18:33:50+00:00","dateModified":"2025-11-24T18:33:51+00:00","breadcrumb":{"@id":"https:\/\/palmerodespachante.uy\/index.php\/2025\/11\/24\/uruguay-al-tratado-transpacifico-cuales-productos-se-veran-beneficiados-con-el-ingreso-al-acuerdo\/#breadcrumb"},"inLanguage":"es","potentialAction":[{"@type":"ReadAction","target":["https:\/\/palmerodespachante.uy\/index.php\/2025\/11\/24\/uruguay-al-tratado-transpacifico-cuales-productos-se-veran-beneficiados-con-el-ingreso-al-acuerdo\/"]}]},{"@type":"ImageObject","inLanguage":"es","@id":"https:\/\/palmerodespachante.uy\/index.php\/2025\/11\/24\/uruguay-al-tratado-transpacifico-cuales-productos-se-veran-beneficiados-con-el-ingreso-al-acuerdo\/#primaryimage","url":"https:\/\/palmerodespachante.uy\/wp-content\/uploads\/2025\/11\/tratado.jpg","contentUrl":"https:\/\/palmerodespachante.uy\/wp-content\/uploads\/2025\/11\/tratado.jpg","width":1000,"height":501},{"@type":"BreadcrumbList","@id":"https:\/\/palmerodespachante.uy\/index.php\/2025\/11\/24\/uruguay-al-tratado-transpacifico-cuales-productos-se-veran-beneficiados-con-el-ingreso-al-acuerdo\/#breadcrumb","itemListElement":[{"@type":"ListItem","position":1,"name":"Portada","item":"https:\/\/palmerodespachante.uy\/"},{"@type":"ListItem","position":2,"name":"URUGUAY AL TRATADO TRANSPAC\u00cdFICO: CU\u00c1LES PRODUCTOS SE VER\u00c1N BENEFICIADOS CON EL INGRESO AL ACUERDO."}]},{"@type":"WebSite","@id":"https:\/\/palmerodespachante.uy\/#website","url":"https:\/\/palmerodespachante.uy\/","name":"Palmero Despachante de Aduana","description":"Importaci\u00f3n, Exportaci\u00f3n, Tr\u00e1nsito","publisher":{"@id":"https:\/\/palmerodespachante.uy\/#organization"},"potentialAction":[{"@type":"SearchAction","target":{"@type":"EntryPoint","urlTemplate":"https:\/\/palmerodespachante.uy\/?s={search_term_string}"},"query-input":{"@type":"PropertyValueSpecification","valueRequired":true,"valueName":"search_term_string"}}],"inLanguage":"es"},{"@type":"Organization","@id":"https:\/\/palmerodespachante.uy\/#organization","name":"Palmero Despachante de Aduanas","url":"https:\/\/palmerodespachante.uy\/","logo":{"@type":"ImageObject","inLanguage":"es","@id":"https:\/\/palmerodespachante.uy\/#\/schema\/logo\/image\/","url":"https:\/\/palmerodespachante.uy\/wp-content\/uploads\/2018\/08\/Logo-144.png","contentUrl":"https:\/\/palmerodespachante.uy\/wp-content\/uploads\/2018\/08\/Logo-144.png","width":144,"height":144,"caption":"Palmero Despachante de Aduanas"},"image":{"@id":"https:\/\/palmerodespachante.uy\/#\/schema\/logo\/image\/"},"sameAs":["https:\/\/www.facebook.com\/despachantedeaduana.palmero?hc_ref=ARQPWzEmqFz3O_9qTlrxPP6NW-Vf1b4-iJdwH7XdkuWdfarefzfPyjY7DGBCye4mnJs","https:\/\/www.linkedin.com\/company\/despachante-de-aduana-palmero\/"]},{"@type":"Person","@id":"https:\/\/palmerodespachante.uy\/#\/schema\/person\/9eabdcdc87fc74d275cc2faf2ce2f732","name":"Javier Palmero","image":{"@type":"ImageObject","inLanguage":"es","@id":"https:\/\/palmerodespachante.uy\/wp-content\/litespeed\/avatar\/8e783966089c8fa82b27a6627fb956c2.jpg?ver=1777463218","url":"https:\/\/palmerodespachante.uy\/wp-content\/litespeed\/avatar\/8e783966089c8fa82b27a6627fb956c2.jpg?ver=1777463218","contentUrl":"https:\/\/palmerodespachante.uy\/wp-content\/litespeed\/avatar\/8e783966089c8fa82b27a6627fb956c2.jpg?ver=1777463218","caption":"Javier Palmero"}}]}},"jetpack_featured_media_url":"https:\/\/palmerodespachante.uy\/wp-content\/uploads\/2025\/11\/tratado.jpg","_links":{"self":[{"href":"https:\/\/palmerodespachante.uy\/index.php\/wp-json\/wp\/v2\/posts\/1644","targetHints":{"allow":["GET"]}}],"collection":[{"href":"https:\/\/palmerodespachante.uy\/index.php\/wp-json\/wp\/v2\/posts"}],"about":[{"href":"https:\/\/palmerodespachante.uy\/index.php\/wp-json\/wp\/v2\/types\/post"}],"author":[{"embeddable":true,"href":"https:\/\/palmerodespachante.uy\/index.php\/wp-json\/wp\/v2\/users\/3"}],"replies":[{"embeddable":true,"href":"https:\/\/palmerodespachante.uy\/index.php\/wp-json\/wp\/v2\/comments?post=1644"}],"version-history":[{"count":1,"href":"https:\/\/palmerodespachante.uy\/index.php\/wp-json\/wp\/v2\/posts\/1644\/revisions"}],"predecessor-version":[{"id":1646,"href":"https:\/\/palmerodespachante.uy\/index.php\/wp-json\/wp\/v2\/posts\/1644\/revisions\/1646"}],"wp:featuredmedia":[{"embeddable":true,"href":"https:\/\/palmerodespachante.uy\/index.php\/wp-json\/wp\/v2\/media\/1645"}],"wp:attachment":[{"href":"https:\/\/palmerodespachante.uy\/index.php\/wp-json\/wp\/v2\/media?parent=1644"}],"wp:term":[{"taxonomy":"category","embeddable":true,"href":"https:\/\/palmerodespachante.uy\/index.php\/wp-json\/wp\/v2\/categories?post=1644"},{"taxonomy":"post_tag","embeddable":true,"href":"https:\/\/palmerodespachante.uy\/index.php\/wp-json\/wp\/v2\/tags?post=1644"}],"curies":[{"name":"wp","href":"https:\/\/api.w.org\/{rel}","templated":true}]}}