{"id":1635,"date":"2025-11-10T17:14:08","date_gmt":"2025-11-10T20:14:08","guid":{"rendered":"https:\/\/palmerodespachante.uy\/?p=1635"},"modified":"2025-11-10T17:14:10","modified_gmt":"2025-11-10T20:14:10","slug":"las-exportaciones-industriales-anotan-su-tercera-caida-consecutiva-pero-el-balance-se-mantiene-positivo","status":"publish","type":"post","link":"https:\/\/palmerodespachante.uy\/index.php\/2025\/11\/10\/las-exportaciones-industriales-anotan-su-tercera-caida-consecutiva-pero-el-balance-se-mantiene-positivo\/","title":{"rendered":"LAS EXPORTACIONES INDUSTRIALES ANOTAN SU TERCERA CA\u00cdDA CONSECUTIVA, PERO EL BALANCE SE MANTIENE POSITIVO."},"content":{"rendered":"\n<p>Las exportaciones industriales cayeron un 8,2% interanual en octubre, acumulando la tercera ca\u00edda consecutiva, pero todav\u00eda resistiendo en terreno positivo en el balance del acumulado anual. Tras un setiembre en que la variaci\u00f3n fue apenas notable, con una ca\u00edda del 0,4% en la comparaci\u00f3n interanual, octubre mostr\u00f3 movimientos m\u00e1s significativos en cuanto al comportamiento de las colocaciones del sector. As\u00ed, las mismas -contemplando tanto manufacturas de origen industrial como aquellas de origen agropecuario- se contrajeron un 8,2% respecto del mismo mes de 2024, similar a lo que hab\u00eda ocurrido en agosto, cuando la ca\u00edda fue del 8,4%. Seg\u00fan el \u00faltimo informe de la C\u00e1mara de Industrias del Uruguay (CIU), las exportaciones del sector, incluyendo las de celulosa y concentrados desde zonas francas, ascendieron a 904 millones de d\u00f3lares el mes pasado. si bien es una desmejora frente a los 984 millones de d\u00f3lares que se registraron un a\u00f1o atr\u00e1s, el acumulado en lo que va en 2025 registr\u00f3 un aumento del 2,3%, lo que lo mantiene en terreno positivo y alcanzando un total de 8.704 millones de d\u00f3lares. Por su parte, las exportaciones del n\u00facleo industrial -que excluye las ventas externas de celulosa y concentrados desde zonas francas- tambi\u00e9n registraron una mejora en octubre, aumentando un 3,9% al totalizar ingresos por 664 millones de d\u00f3lares. Asimismo, en el acumulado anual el incremento es todav\u00eda mayor (9,3%), incluso cuando en la comparaci\u00f3n de la medici\u00f3n en vol\u00famenes fijos se mantuvieron relativamente estables (0,4%). (\u00c1mbito Financiero \u2013 08\/11)<\/p>\n","protected":false},"excerpt":{"rendered":"<p>Las exportaciones industriales cayeron un 8,2% interanual en octubre, acumulando la tercera ca\u00edda consecutiva, pero todav\u00eda resistiendo en terreno positivo en el balance del acumulado anual. Tras un setiembre en que la variaci\u00f3n fue apenas notable, con una ca\u00edda del 0,4% en la comparaci\u00f3n interanual, octubre mostr\u00f3 movimientos m\u00e1s significativos en cuanto al comportamiento de [&hellip;]<\/p>\n","protected":false},"author":3,"featured_media":1636,"comment_status":"open","ping_status":"open","sticky":false,"template":"","format":"standard","meta":{"_joinchat":[],"footnotes":""},"categories":[15],"tags":[],"class_list":{"0":"post-1635","1":"post","2":"type-post","3":"status-publish","4":"format-standard","5":"has-post-thumbnail","7":"category-sin-categoria-es"},"yoast_head":"<!-- This site is optimized with the Yoast SEO plugin v27.5 - https:\/\/yoast.com\/product\/yoast-seo-wordpress\/ -->\n<title>LAS EXPORTACIONES INDUSTRIALES ANOTAN SU TERCERA CA\u00cdDA CONSECUTIVA, PERO EL BALANCE SE MANTIENE POSITIVO. - Palmero Despachante de Aduana<\/title>\n<meta name=\"robots\" content=\"noindex, follow\" \/>\n<meta property=\"og:locale\" content=\"es_ES\" \/>\n<meta property=\"og:type\" content=\"article\" \/>\n<meta property=\"og:title\" content=\"LAS EXPORTACIONES INDUSTRIALES ANOTAN SU TERCERA CA\u00cdDA CONSECUTIVA, PERO EL BALANCE SE MANTIENE POSITIVO. - Palmero Despachante de Aduana\" \/>\n<meta property=\"og:description\" content=\"Las exportaciones industriales cayeron un 8,2% interanual en octubre, acumulando la tercera ca\u00edda consecutiva, pero todav\u00eda resistiendo en terreno positivo en el balance del acumulado anual. Tras un setiembre en que la variaci\u00f3n fue apenas notable, con una ca\u00edda del 0,4% en la comparaci\u00f3n interanual, octubre mostr\u00f3 movimientos m\u00e1s significativos en cuanto al comportamiento de [&hellip;]\" \/>\n<meta property=\"og:url\" content=\"https:\/\/palmerodespachante.uy\/index.php\/2025\/11\/10\/las-exportaciones-industriales-anotan-su-tercera-caida-consecutiva-pero-el-balance-se-mantiene-positivo\/\" \/>\n<meta property=\"og:site_name\" content=\"Palmero Despachante de Aduana\" \/>\n<meta property=\"article:publisher\" content=\"https:\/\/www.facebook.com\/despachantedeaduana.palmero?hc_ref=ARQPWzEmqFz3O_9qTlrxPP6NW-Vf1b4-iJdwH7XdkuWdfarefzfPyjY7DGBCye4mnJs\" \/>\n<meta property=\"article:published_time\" content=\"2025-11-10T20:14:08+00:00\" \/>\n<meta property=\"article:modified_time\" content=\"2025-11-10T20:14:10+00:00\" \/>\n<meta property=\"og:image\" content=\"http:\/\/palmerodespachante.uy\/wp-content\/uploads\/2025\/11\/exportaciones-6.jpg\" \/>\n\t<meta property=\"og:image:width\" content=\"655\" \/>\n\t<meta property=\"og:image:height\" content=\"367\" \/>\n\t<meta property=\"og:image:type\" content=\"image\/jpeg\" \/>\n<meta name=\"author\" content=\"Javier Palmero\" \/>\n<meta name=\"twitter:card\" content=\"summary_large_image\" \/>\n<meta name=\"twitter:label1\" content=\"Escrito por\" \/>\n\t<meta name=\"twitter:data1\" content=\"Javier Palmero\" \/>\n\t<meta name=\"twitter:label2\" content=\"Tiempo de lectura\" \/>\n\t<meta name=\"twitter:data2\" content=\"2 minutos\" \/>\n<script type=\"application\/ld+json\" class=\"yoast-schema-graph\">{\"@context\":\"https:\\\/\\\/schema.org\",\"@graph\":[{\"@type\":\"Article\",\"@id\":\"https:\\\/\\\/palmerodespachante.uy\\\/index.php\\\/2025\\\/11\\\/10\\\/las-exportaciones-industriales-anotan-su-tercera-caida-consecutiva-pero-el-balance-se-mantiene-positivo\\\/#article\",\"isPartOf\":{\"@id\":\"https:\\\/\\\/palmerodespachante.uy\\\/index.php\\\/2025\\\/11\\\/10\\\/las-exportaciones-industriales-anotan-su-tercera-caida-consecutiva-pero-el-balance-se-mantiene-positivo\\\/\"},\"author\":{\"name\":\"Javier Palmero\",\"@id\":\"https:\\\/\\\/palmerodespachante.uy\\\/#\\\/schema\\\/person\\\/9eabdcdc87fc74d275cc2faf2ce2f732\"},\"headline\":\"LAS EXPORTACIONES INDUSTRIALES ANOTAN SU TERCERA CA\u00cdDA CONSECUTIVA, PERO EL BALANCE SE MANTIENE POSITIVO.\",\"datePublished\":\"2025-11-10T20:14:08+00:00\",\"dateModified\":\"2025-11-10T20:14:10+00:00\",\"mainEntityOfPage\":{\"@id\":\"https:\\\/\\\/palmerodespachante.uy\\\/index.php\\\/2025\\\/11\\\/10\\\/las-exportaciones-industriales-anotan-su-tercera-caida-consecutiva-pero-el-balance-se-mantiene-positivo\\\/\"},\"wordCount\":267,\"commentCount\":0,\"publisher\":{\"@id\":\"https:\\\/\\\/palmerodespachante.uy\\\/#organization\"},\"image\":{\"@id\":\"https:\\\/\\\/palmerodespachante.uy\\\/index.php\\\/2025\\\/11\\\/10\\\/las-exportaciones-industriales-anotan-su-tercera-caida-consecutiva-pero-el-balance-se-mantiene-positivo\\\/#primaryimage\"},\"thumbnailUrl\":\"https:\\\/\\\/palmerodespachante.uy\\\/wp-content\\\/uploads\\\/2025\\\/11\\\/exportaciones-6.jpg\",\"inLanguage\":\"es\",\"potentialAction\":[{\"@type\":\"CommentAction\",\"name\":\"Comment\",\"target\":[\"https:\\\/\\\/palmerodespachante.uy\\\/index.php\\\/2025\\\/11\\\/10\\\/las-exportaciones-industriales-anotan-su-tercera-caida-consecutiva-pero-el-balance-se-mantiene-positivo\\\/#respond\"]}]},{\"@type\":\"WebPage\",\"@id\":\"https:\\\/\\\/palmerodespachante.uy\\\/index.php\\\/2025\\\/11\\\/10\\\/las-exportaciones-industriales-anotan-su-tercera-caida-consecutiva-pero-el-balance-se-mantiene-positivo\\\/\",\"url\":\"https:\\\/\\\/palmerodespachante.uy\\\/index.php\\\/2025\\\/11\\\/10\\\/las-exportaciones-industriales-anotan-su-tercera-caida-consecutiva-pero-el-balance-se-mantiene-positivo\\\/\",\"name\":\"LAS EXPORTACIONES INDUSTRIALES ANOTAN SU TERCERA CA\u00cdDA CONSECUTIVA, PERO EL BALANCE SE MANTIENE POSITIVO. - Palmero Despachante de Aduana\",\"isPartOf\":{\"@id\":\"https:\\\/\\\/palmerodespachante.uy\\\/#website\"},\"primaryImageOfPage\":{\"@id\":\"https:\\\/\\\/palmerodespachante.uy\\\/index.php\\\/2025\\\/11\\\/10\\\/las-exportaciones-industriales-anotan-su-tercera-caida-consecutiva-pero-el-balance-se-mantiene-positivo\\\/#primaryimage\"},\"image\":{\"@id\":\"https:\\\/\\\/palmerodespachante.uy\\\/index.php\\\/2025\\\/11\\\/10\\\/las-exportaciones-industriales-anotan-su-tercera-caida-consecutiva-pero-el-balance-se-mantiene-positivo\\\/#primaryimage\"},\"thumbnailUrl\":\"https:\\\/\\\/palmerodespachante.uy\\\/wp-content\\\/uploads\\\/2025\\\/11\\\/exportaciones-6.jpg\",\"datePublished\":\"2025-11-10T20:14:08+00:00\",\"dateModified\":\"2025-11-10T20:14:10+00:00\",\"breadcrumb\":{\"@id\":\"https:\\\/\\\/palmerodespachante.uy\\\/index.php\\\/2025\\\/11\\\/10\\\/las-exportaciones-industriales-anotan-su-tercera-caida-consecutiva-pero-el-balance-se-mantiene-positivo\\\/#breadcrumb\"},\"inLanguage\":\"es\",\"potentialAction\":[{\"@type\":\"ReadAction\",\"target\":[\"https:\\\/\\\/palmerodespachante.uy\\\/index.php\\\/2025\\\/11\\\/10\\\/las-exportaciones-industriales-anotan-su-tercera-caida-consecutiva-pero-el-balance-se-mantiene-positivo\\\/\"]}]},{\"@type\":\"ImageObject\",\"inLanguage\":\"es\",\"@id\":\"https:\\\/\\\/palmerodespachante.uy\\\/index.php\\\/2025\\\/11\\\/10\\\/las-exportaciones-industriales-anotan-su-tercera-caida-consecutiva-pero-el-balance-se-mantiene-positivo\\\/#primaryimage\",\"url\":\"https:\\\/\\\/palmerodespachante.uy\\\/wp-content\\\/uploads\\\/2025\\\/11\\\/exportaciones-6.jpg\",\"contentUrl\":\"https:\\\/\\\/palmerodespachante.uy\\\/wp-content\\\/uploads\\\/2025\\\/11\\\/exportaciones-6.jpg\",\"width\":655,\"height\":367},{\"@type\":\"BreadcrumbList\",\"@id\":\"https:\\\/\\\/palmerodespachante.uy\\\/index.php\\\/2025\\\/11\\\/10\\\/las-exportaciones-industriales-anotan-su-tercera-caida-consecutiva-pero-el-balance-se-mantiene-positivo\\\/#breadcrumb\",\"itemListElement\":[{\"@type\":\"ListItem\",\"position\":1,\"name\":\"Portada\",\"item\":\"https:\\\/\\\/palmerodespachante.uy\\\/\"},{\"@type\":\"ListItem\",\"position\":2,\"name\":\"LAS EXPORTACIONES INDUSTRIALES ANOTAN SU TERCERA CA\u00cdDA CONSECUTIVA, PERO EL BALANCE SE MANTIENE POSITIVO.\"}]},{\"@type\":\"WebSite\",\"@id\":\"https:\\\/\\\/palmerodespachante.uy\\\/#website\",\"url\":\"https:\\\/\\\/palmerodespachante.uy\\\/\",\"name\":\"Palmero Despachante de Aduana\",\"description\":\"Importaci\u00f3n, Exportaci\u00f3n, Tr\u00e1nsito\",\"publisher\":{\"@id\":\"https:\\\/\\\/palmerodespachante.uy\\\/#organization\"},\"potentialAction\":[{\"@type\":\"SearchAction\",\"target\":{\"@type\":\"EntryPoint\",\"urlTemplate\":\"https:\\\/\\\/palmerodespachante.uy\\\/?s={search_term_string}\"},\"query-input\":{\"@type\":\"PropertyValueSpecification\",\"valueRequired\":true,\"valueName\":\"search_term_string\"}}],\"inLanguage\":\"es\"},{\"@type\":\"Organization\",\"@id\":\"https:\\\/\\\/palmerodespachante.uy\\\/#organization\",\"name\":\"Palmero Despachante de Aduanas\",\"url\":\"https:\\\/\\\/palmerodespachante.uy\\\/\",\"logo\":{\"@type\":\"ImageObject\",\"inLanguage\":\"es\",\"@id\":\"https:\\\/\\\/palmerodespachante.uy\\\/#\\\/schema\\\/logo\\\/image\\\/\",\"url\":\"https:\\\/\\\/palmerodespachante.uy\\\/wp-content\\\/uploads\\\/2018\\\/08\\\/Logo-144.png\",\"contentUrl\":\"https:\\\/\\\/palmerodespachante.uy\\\/wp-content\\\/uploads\\\/2018\\\/08\\\/Logo-144.png\",\"width\":144,\"height\":144,\"caption\":\"Palmero Despachante de Aduanas\"},\"image\":{\"@id\":\"https:\\\/\\\/palmerodespachante.uy\\\/#\\\/schema\\\/logo\\\/image\\\/\"},\"sameAs\":[\"https:\\\/\\\/www.facebook.com\\\/despachantedeaduana.palmero?hc_ref=ARQPWzEmqFz3O_9qTlrxPP6NW-Vf1b4-iJdwH7XdkuWdfarefzfPyjY7DGBCye4mnJs\",\"https:\\\/\\\/www.linkedin.com\\\/company\\\/despachante-de-aduana-palmero\\\/\"]},{\"@type\":\"Person\",\"@id\":\"https:\\\/\\\/palmerodespachante.uy\\\/#\\\/schema\\\/person\\\/9eabdcdc87fc74d275cc2faf2ce2f732\",\"name\":\"Javier Palmero\",\"image\":{\"@type\":\"ImageObject\",\"inLanguage\":\"es\",\"@id\":\"https:\\\/\\\/palmerodespachante.uy\\\/wp-content\\\/litespeed\\\/avatar\\\/8e783966089c8fa82b27a6627fb956c2.jpg?ver=1777463218\",\"url\":\"https:\\\/\\\/palmerodespachante.uy\\\/wp-content\\\/litespeed\\\/avatar\\\/8e783966089c8fa82b27a6627fb956c2.jpg?ver=1777463218\",\"contentUrl\":\"https:\\\/\\\/palmerodespachante.uy\\\/wp-content\\\/litespeed\\\/avatar\\\/8e783966089c8fa82b27a6627fb956c2.jpg?ver=1777463218\",\"caption\":\"Javier Palmero\"}}]}<\/script>\n<!-- \/ Yoast SEO plugin. -->","yoast_head_json":{"title":"LAS EXPORTACIONES INDUSTRIALES ANOTAN SU TERCERA CA\u00cdDA CONSECUTIVA, PERO EL BALANCE SE MANTIENE POSITIVO. - Palmero Despachante de Aduana","robots":{"index":"noindex","follow":"follow"},"og_locale":"es_ES","og_type":"article","og_title":"LAS EXPORTACIONES INDUSTRIALES ANOTAN SU TERCERA CA\u00cdDA CONSECUTIVA, PERO EL BALANCE SE MANTIENE POSITIVO. - Palmero Despachante de Aduana","og_description":"Las exportaciones industriales cayeron un 8,2% interanual en octubre, acumulando la tercera ca\u00edda consecutiva, pero todav\u00eda resistiendo en terreno positivo en el balance del acumulado anual. Tras un setiembre en que la variaci\u00f3n fue apenas notable, con una ca\u00edda del 0,4% en la comparaci\u00f3n interanual, octubre mostr\u00f3 movimientos m\u00e1s significativos en cuanto al comportamiento de [&hellip;]","og_url":"https:\/\/palmerodespachante.uy\/index.php\/2025\/11\/10\/las-exportaciones-industriales-anotan-su-tercera-caida-consecutiva-pero-el-balance-se-mantiene-positivo\/","og_site_name":"Palmero Despachante de Aduana","article_publisher":"https:\/\/www.facebook.com\/despachantedeaduana.palmero?hc_ref=ARQPWzEmqFz3O_9qTlrxPP6NW-Vf1b4-iJdwH7XdkuWdfarefzfPyjY7DGBCye4mnJs","article_published_time":"2025-11-10T20:14:08+00:00","article_modified_time":"2025-11-10T20:14:10+00:00","og_image":[{"width":655,"height":367,"url":"http:\/\/palmerodespachante.uy\/wp-content\/uploads\/2025\/11\/exportaciones-6.jpg","type":"image\/jpeg"}],"author":"Javier Palmero","twitter_card":"summary_large_image","twitter_misc":{"Escrito por":"Javier Palmero","Tiempo de lectura":"2 minutos"},"schema":{"@context":"https:\/\/schema.org","@graph":[{"@type":"Article","@id":"https:\/\/palmerodespachante.uy\/index.php\/2025\/11\/10\/las-exportaciones-industriales-anotan-su-tercera-caida-consecutiva-pero-el-balance-se-mantiene-positivo\/#article","isPartOf":{"@id":"https:\/\/palmerodespachante.uy\/index.php\/2025\/11\/10\/las-exportaciones-industriales-anotan-su-tercera-caida-consecutiva-pero-el-balance-se-mantiene-positivo\/"},"author":{"name":"Javier Palmero","@id":"https:\/\/palmerodespachante.uy\/#\/schema\/person\/9eabdcdc87fc74d275cc2faf2ce2f732"},"headline":"LAS EXPORTACIONES INDUSTRIALES ANOTAN SU TERCERA CA\u00cdDA CONSECUTIVA, PERO EL BALANCE SE MANTIENE POSITIVO.","datePublished":"2025-11-10T20:14:08+00:00","dateModified":"2025-11-10T20:14:10+00:00","mainEntityOfPage":{"@id":"https:\/\/palmerodespachante.uy\/index.php\/2025\/11\/10\/las-exportaciones-industriales-anotan-su-tercera-caida-consecutiva-pero-el-balance-se-mantiene-positivo\/"},"wordCount":267,"commentCount":0,"publisher":{"@id":"https:\/\/palmerodespachante.uy\/#organization"},"image":{"@id":"https:\/\/palmerodespachante.uy\/index.php\/2025\/11\/10\/las-exportaciones-industriales-anotan-su-tercera-caida-consecutiva-pero-el-balance-se-mantiene-positivo\/#primaryimage"},"thumbnailUrl":"https:\/\/palmerodespachante.uy\/wp-content\/uploads\/2025\/11\/exportaciones-6.jpg","inLanguage":"es","potentialAction":[{"@type":"CommentAction","name":"Comment","target":["https:\/\/palmerodespachante.uy\/index.php\/2025\/11\/10\/las-exportaciones-industriales-anotan-su-tercera-caida-consecutiva-pero-el-balance-se-mantiene-positivo\/#respond"]}]},{"@type":"WebPage","@id":"https:\/\/palmerodespachante.uy\/index.php\/2025\/11\/10\/las-exportaciones-industriales-anotan-su-tercera-caida-consecutiva-pero-el-balance-se-mantiene-positivo\/","url":"https:\/\/palmerodespachante.uy\/index.php\/2025\/11\/10\/las-exportaciones-industriales-anotan-su-tercera-caida-consecutiva-pero-el-balance-se-mantiene-positivo\/","name":"LAS EXPORTACIONES INDUSTRIALES ANOTAN SU TERCERA CA\u00cdDA CONSECUTIVA, PERO EL BALANCE SE MANTIENE POSITIVO. - Palmero Despachante de Aduana","isPartOf":{"@id":"https:\/\/palmerodespachante.uy\/#website"},"primaryImageOfPage":{"@id":"https:\/\/palmerodespachante.uy\/index.php\/2025\/11\/10\/las-exportaciones-industriales-anotan-su-tercera-caida-consecutiva-pero-el-balance-se-mantiene-positivo\/#primaryimage"},"image":{"@id":"https:\/\/palmerodespachante.uy\/index.php\/2025\/11\/10\/las-exportaciones-industriales-anotan-su-tercera-caida-consecutiva-pero-el-balance-se-mantiene-positivo\/#primaryimage"},"thumbnailUrl":"https:\/\/palmerodespachante.uy\/wp-content\/uploads\/2025\/11\/exportaciones-6.jpg","datePublished":"2025-11-10T20:14:08+00:00","dateModified":"2025-11-10T20:14:10+00:00","breadcrumb":{"@id":"https:\/\/palmerodespachante.uy\/index.php\/2025\/11\/10\/las-exportaciones-industriales-anotan-su-tercera-caida-consecutiva-pero-el-balance-se-mantiene-positivo\/#breadcrumb"},"inLanguage":"es","potentialAction":[{"@type":"ReadAction","target":["https:\/\/palmerodespachante.uy\/index.php\/2025\/11\/10\/las-exportaciones-industriales-anotan-su-tercera-caida-consecutiva-pero-el-balance-se-mantiene-positivo\/"]}]},{"@type":"ImageObject","inLanguage":"es","@id":"https:\/\/palmerodespachante.uy\/index.php\/2025\/11\/10\/las-exportaciones-industriales-anotan-su-tercera-caida-consecutiva-pero-el-balance-se-mantiene-positivo\/#primaryimage","url":"https:\/\/palmerodespachante.uy\/wp-content\/uploads\/2025\/11\/exportaciones-6.jpg","contentUrl":"https:\/\/palmerodespachante.uy\/wp-content\/uploads\/2025\/11\/exportaciones-6.jpg","width":655,"height":367},{"@type":"BreadcrumbList","@id":"https:\/\/palmerodespachante.uy\/index.php\/2025\/11\/10\/las-exportaciones-industriales-anotan-su-tercera-caida-consecutiva-pero-el-balance-se-mantiene-positivo\/#breadcrumb","itemListElement":[{"@type":"ListItem","position":1,"name":"Portada","item":"https:\/\/palmerodespachante.uy\/"},{"@type":"ListItem","position":2,"name":"LAS EXPORTACIONES INDUSTRIALES ANOTAN SU TERCERA CA\u00cdDA CONSECUTIVA, PERO EL BALANCE SE MANTIENE POSITIVO."}]},{"@type":"WebSite","@id":"https:\/\/palmerodespachante.uy\/#website","url":"https:\/\/palmerodespachante.uy\/","name":"Palmero Despachante de Aduana","description":"Importaci\u00f3n, Exportaci\u00f3n, Tr\u00e1nsito","publisher":{"@id":"https:\/\/palmerodespachante.uy\/#organization"},"potentialAction":[{"@type":"SearchAction","target":{"@type":"EntryPoint","urlTemplate":"https:\/\/palmerodespachante.uy\/?s={search_term_string}"},"query-input":{"@type":"PropertyValueSpecification","valueRequired":true,"valueName":"search_term_string"}}],"inLanguage":"es"},{"@type":"Organization","@id":"https:\/\/palmerodespachante.uy\/#organization","name":"Palmero Despachante de Aduanas","url":"https:\/\/palmerodespachante.uy\/","logo":{"@type":"ImageObject","inLanguage":"es","@id":"https:\/\/palmerodespachante.uy\/#\/schema\/logo\/image\/","url":"https:\/\/palmerodespachante.uy\/wp-content\/uploads\/2018\/08\/Logo-144.png","contentUrl":"https:\/\/palmerodespachante.uy\/wp-content\/uploads\/2018\/08\/Logo-144.png","width":144,"height":144,"caption":"Palmero Despachante de Aduanas"},"image":{"@id":"https:\/\/palmerodespachante.uy\/#\/schema\/logo\/image\/"},"sameAs":["https:\/\/www.facebook.com\/despachantedeaduana.palmero?hc_ref=ARQPWzEmqFz3O_9qTlrxPP6NW-Vf1b4-iJdwH7XdkuWdfarefzfPyjY7DGBCye4mnJs","https:\/\/www.linkedin.com\/company\/despachante-de-aduana-palmero\/"]},{"@type":"Person","@id":"https:\/\/palmerodespachante.uy\/#\/schema\/person\/9eabdcdc87fc74d275cc2faf2ce2f732","name":"Javier Palmero","image":{"@type":"ImageObject","inLanguage":"es","@id":"https:\/\/palmerodespachante.uy\/wp-content\/litespeed\/avatar\/8e783966089c8fa82b27a6627fb956c2.jpg?ver=1777463218","url":"https:\/\/palmerodespachante.uy\/wp-content\/litespeed\/avatar\/8e783966089c8fa82b27a6627fb956c2.jpg?ver=1777463218","contentUrl":"https:\/\/palmerodespachante.uy\/wp-content\/litespeed\/avatar\/8e783966089c8fa82b27a6627fb956c2.jpg?ver=1777463218","caption":"Javier Palmero"}}]}},"jetpack_featured_media_url":"https:\/\/palmerodespachante.uy\/wp-content\/uploads\/2025\/11\/exportaciones-6.jpg","_links":{"self":[{"href":"https:\/\/palmerodespachante.uy\/index.php\/wp-json\/wp\/v2\/posts\/1635","targetHints":{"allow":["GET"]}}],"collection":[{"href":"https:\/\/palmerodespachante.uy\/index.php\/wp-json\/wp\/v2\/posts"}],"about":[{"href":"https:\/\/palmerodespachante.uy\/index.php\/wp-json\/wp\/v2\/types\/post"}],"author":[{"embeddable":true,"href":"https:\/\/palmerodespachante.uy\/index.php\/wp-json\/wp\/v2\/users\/3"}],"replies":[{"embeddable":true,"href":"https:\/\/palmerodespachante.uy\/index.php\/wp-json\/wp\/v2\/comments?post=1635"}],"version-history":[{"count":1,"href":"https:\/\/palmerodespachante.uy\/index.php\/wp-json\/wp\/v2\/posts\/1635\/revisions"}],"predecessor-version":[{"id":1637,"href":"https:\/\/palmerodespachante.uy\/index.php\/wp-json\/wp\/v2\/posts\/1635\/revisions\/1637"}],"wp:featuredmedia":[{"embeddable":true,"href":"https:\/\/palmerodespachante.uy\/index.php\/wp-json\/wp\/v2\/media\/1636"}],"wp:attachment":[{"href":"https:\/\/palmerodespachante.uy\/index.php\/wp-json\/wp\/v2\/media?parent=1635"}],"wp:term":[{"taxonomy":"category","embeddable":true,"href":"https:\/\/palmerodespachante.uy\/index.php\/wp-json\/wp\/v2\/categories?post=1635"},{"taxonomy":"post_tag","embeddable":true,"href":"https:\/\/palmerodespachante.uy\/index.php\/wp-json\/wp\/v2\/tags?post=1635"}],"curies":[{"name":"wp","href":"https:\/\/api.w.org\/{rel}","templated":true}]}}