{"id":1623,"date":"2025-10-31T14:12:50","date_gmt":"2025-10-31T17:12:50","guid":{"rendered":"https:\/\/palmerodespachante.uy\/?p=1623"},"modified":"2025-10-31T14:12:51","modified_gmt":"2025-10-31T17:12:51","slug":"fuerte-aumento-de-la-inversion-industrial-en-maquinaria-en-lo-que-va-del-ano","status":"publish","type":"post","link":"https:\/\/palmerodespachante.uy\/index.php\/2025\/10\/31\/fuerte-aumento-de-la-inversion-industrial-en-maquinaria-en-lo-que-va-del-ano\/","title":{"rendered":"FUERTE AUMENTO DE LA INVERSI\u00d3N INDUSTRIAL EN MAQUINARIA EN LO QUE VA DEL A\u00d1O."},"content":{"rendered":"\n<p>La inversi\u00f3n industrial en maquinaria y equipos se mantiene din\u00e1mica en 2025 y tuvo un fuerte aumento en el tercer trimestre del a\u00f1o. La mayor inyecci\u00f3n de capital se registr\u00f3 en el sector maderero. Un documento de la C\u00e1mara de Industrias (CIU) inform\u00f3 que el \u00edndice de maquinaria y equipos del sector aument\u00f3 293% entre julio y setiembre de este a\u00f1o respecto al mismo per\u00edodo de 2024. A su vez mostr\u00f3 una suba de 16,7% en comparaci\u00f3n con el trimestre anterior.<\/p>\n\n\n\n<p>El fuerte incremento estuvo asociado principalmente a la inversi\u00f3n realizada por la compa\u00f1\u00eda Urufor que tiene planes de construir un segundo aserradero para pinos en Rivera con una inversi\u00f3n de aproximadamente US$ 100 millones. El informe indic\u00f3 que en el tercer trimestre esa empresa realiz\u00f3 una inversi\u00f3n en maquinaria y equipos de US$ 47 millones b\u00e1sicamente destinada a la compra de m\u00e1quinas para trabajar madera. En el mismo per\u00edodo se destacaron las importaciones de bienes de capitales realizadas por Nivelzac, dedicada a la producci\u00f3n de film para embalaje industrial. La compa\u00f1\u00eda adquiri\u00f3 extrusoras y m\u00e1quinas para trabajar pl\u00e1stico por US$ 2,6 millones. En tercer lugar en el trimestre se ubic\u00f3 F\u00e1bricas Nacionales de Cerveza (FNC) con la importaci\u00f3n de un dep\u00f3sito de aluminio por US$ 1,4 millones. Otras inversiones fueron efectuadas por Lumin con maquinaria para aserrar por US$ 0,9 millones y Laboratorio Celsius con m\u00e1quina para envolver mercader\u00eda por US$ 1 mill\u00f3n. En ese per\u00edodo, a nivel de agrupaciones sectoriales, la inversi\u00f3n en maquinaria y equipos de alimentos, bebidas y tabaco aument\u00f3 35% en comparaci\u00f3n con el mismo trimestre de 2024. (El Observador)<\/p>\n","protected":false},"excerpt":{"rendered":"<p>La inversi\u00f3n industrial en maquinaria y equipos se mantiene din\u00e1mica en 2025 y tuvo un fuerte aumento en el tercer trimestre del a\u00f1o. La mayor inyecci\u00f3n de capital se registr\u00f3 en el sector maderero. Un documento de la C\u00e1mara de Industrias (CIU) inform\u00f3 que el \u00edndice de maquinaria y equipos del sector aument\u00f3 293% entre [&hellip;]<\/p>\n","protected":false},"author":3,"featured_media":1624,"comment_status":"open","ping_status":"open","sticky":false,"template":"","format":"standard","meta":{"_joinchat":[],"footnotes":""},"categories":[15],"tags":[],"class_list":{"0":"post-1623","1":"post","2":"type-post","3":"status-publish","4":"format-standard","5":"has-post-thumbnail","7":"category-sin-categoria-es"},"yoast_head":"<!-- This site is optimized with the Yoast SEO plugin v27.5 - https:\/\/yoast.com\/product\/yoast-seo-wordpress\/ -->\n<title>FUERTE AUMENTO DE LA INVERSI\u00d3N INDUSTRIAL EN MAQUINARIA EN LO QUE VA DEL A\u00d1O. - Palmero Despachante de Aduana<\/title>\n<meta name=\"robots\" content=\"noindex, follow\" \/>\n<meta property=\"og:locale\" content=\"es_ES\" \/>\n<meta property=\"og:type\" content=\"article\" \/>\n<meta property=\"og:title\" content=\"FUERTE AUMENTO DE LA INVERSI\u00d3N INDUSTRIAL EN MAQUINARIA EN LO QUE VA DEL A\u00d1O. - Palmero Despachante de Aduana\" \/>\n<meta property=\"og:description\" content=\"La inversi\u00f3n industrial en maquinaria y equipos se mantiene din\u00e1mica en 2025 y tuvo un fuerte aumento en el tercer trimestre del a\u00f1o. La mayor inyecci\u00f3n de capital se registr\u00f3 en el sector maderero. Un documento de la C\u00e1mara de Industrias (CIU) inform\u00f3 que el \u00edndice de maquinaria y equipos del sector aument\u00f3 293% entre [&hellip;]\" \/>\n<meta property=\"og:url\" content=\"https:\/\/palmerodespachante.uy\/index.php\/2025\/10\/31\/fuerte-aumento-de-la-inversion-industrial-en-maquinaria-en-lo-que-va-del-ano\/\" \/>\n<meta property=\"og:site_name\" content=\"Palmero Despachante de Aduana\" \/>\n<meta property=\"article:publisher\" content=\"https:\/\/www.facebook.com\/despachantedeaduana.palmero?hc_ref=ARQPWzEmqFz3O_9qTlrxPP6NW-Vf1b4-iJdwH7XdkuWdfarefzfPyjY7DGBCye4mnJs\" \/>\n<meta property=\"article:published_time\" content=\"2025-10-31T17:12:50+00:00\" \/>\n<meta property=\"article:modified_time\" content=\"2025-10-31T17:12:51+00:00\" \/>\n<meta property=\"og:image\" content=\"http:\/\/palmerodespachante.uy\/wp-content\/uploads\/2025\/10\/INVERSION.jpg\" \/>\n\t<meta property=\"og:image:width\" content=\"1000\" \/>\n\t<meta property=\"og:image:height\" content=\"766\" \/>\n\t<meta property=\"og:image:type\" content=\"image\/jpeg\" \/>\n<meta name=\"author\" content=\"Javier Palmero\" \/>\n<meta name=\"twitter:card\" content=\"summary_large_image\" \/>\n<meta name=\"twitter:label1\" content=\"Escrito por\" \/>\n\t<meta name=\"twitter:data1\" content=\"Javier Palmero\" \/>\n\t<meta name=\"twitter:label2\" content=\"Tiempo de lectura\" \/>\n\t<meta name=\"twitter:data2\" content=\"2 minutos\" \/>\n<script type=\"application\/ld+json\" class=\"yoast-schema-graph\">{\"@context\":\"https:\\\/\\\/schema.org\",\"@graph\":[{\"@type\":\"Article\",\"@id\":\"https:\\\/\\\/palmerodespachante.uy\\\/index.php\\\/2025\\\/10\\\/31\\\/fuerte-aumento-de-la-inversion-industrial-en-maquinaria-en-lo-que-va-del-ano\\\/#article\",\"isPartOf\":{\"@id\":\"https:\\\/\\\/palmerodespachante.uy\\\/index.php\\\/2025\\\/10\\\/31\\\/fuerte-aumento-de-la-inversion-industrial-en-maquinaria-en-lo-que-va-del-ano\\\/\"},\"author\":{\"name\":\"Javier Palmero\",\"@id\":\"https:\\\/\\\/palmerodespachante.uy\\\/#\\\/schema\\\/person\\\/9eabdcdc87fc74d275cc2faf2ce2f732\"},\"headline\":\"FUERTE AUMENTO DE LA INVERSI\u00d3N INDUSTRIAL EN MAQUINARIA EN LO QUE VA DEL A\u00d1O.\",\"datePublished\":\"2025-10-31T17:12:50+00:00\",\"dateModified\":\"2025-10-31T17:12:51+00:00\",\"mainEntityOfPage\":{\"@id\":\"https:\\\/\\\/palmerodespachante.uy\\\/index.php\\\/2025\\\/10\\\/31\\\/fuerte-aumento-de-la-inversion-industrial-en-maquinaria-en-lo-que-va-del-ano\\\/\"},\"wordCount\":297,\"commentCount\":0,\"publisher\":{\"@id\":\"https:\\\/\\\/palmerodespachante.uy\\\/#organization\"},\"image\":{\"@id\":\"https:\\\/\\\/palmerodespachante.uy\\\/index.php\\\/2025\\\/10\\\/31\\\/fuerte-aumento-de-la-inversion-industrial-en-maquinaria-en-lo-que-va-del-ano\\\/#primaryimage\"},\"thumbnailUrl\":\"https:\\\/\\\/palmerodespachante.uy\\\/wp-content\\\/uploads\\\/2025\\\/10\\\/INVERSION.jpg\",\"inLanguage\":\"es\",\"potentialAction\":[{\"@type\":\"CommentAction\",\"name\":\"Comment\",\"target\":[\"https:\\\/\\\/palmerodespachante.uy\\\/index.php\\\/2025\\\/10\\\/31\\\/fuerte-aumento-de-la-inversion-industrial-en-maquinaria-en-lo-que-va-del-ano\\\/#respond\"]}]},{\"@type\":\"WebPage\",\"@id\":\"https:\\\/\\\/palmerodespachante.uy\\\/index.php\\\/2025\\\/10\\\/31\\\/fuerte-aumento-de-la-inversion-industrial-en-maquinaria-en-lo-que-va-del-ano\\\/\",\"url\":\"https:\\\/\\\/palmerodespachante.uy\\\/index.php\\\/2025\\\/10\\\/31\\\/fuerte-aumento-de-la-inversion-industrial-en-maquinaria-en-lo-que-va-del-ano\\\/\",\"name\":\"FUERTE AUMENTO DE LA INVERSI\u00d3N INDUSTRIAL EN MAQUINARIA EN LO QUE VA DEL A\u00d1O. - Palmero Despachante de Aduana\",\"isPartOf\":{\"@id\":\"https:\\\/\\\/palmerodespachante.uy\\\/#website\"},\"primaryImageOfPage\":{\"@id\":\"https:\\\/\\\/palmerodespachante.uy\\\/index.php\\\/2025\\\/10\\\/31\\\/fuerte-aumento-de-la-inversion-industrial-en-maquinaria-en-lo-que-va-del-ano\\\/#primaryimage\"},\"image\":{\"@id\":\"https:\\\/\\\/palmerodespachante.uy\\\/index.php\\\/2025\\\/10\\\/31\\\/fuerte-aumento-de-la-inversion-industrial-en-maquinaria-en-lo-que-va-del-ano\\\/#primaryimage\"},\"thumbnailUrl\":\"https:\\\/\\\/palmerodespachante.uy\\\/wp-content\\\/uploads\\\/2025\\\/10\\\/INVERSION.jpg\",\"datePublished\":\"2025-10-31T17:12:50+00:00\",\"dateModified\":\"2025-10-31T17:12:51+00:00\",\"breadcrumb\":{\"@id\":\"https:\\\/\\\/palmerodespachante.uy\\\/index.php\\\/2025\\\/10\\\/31\\\/fuerte-aumento-de-la-inversion-industrial-en-maquinaria-en-lo-que-va-del-ano\\\/#breadcrumb\"},\"inLanguage\":\"es\",\"potentialAction\":[{\"@type\":\"ReadAction\",\"target\":[\"https:\\\/\\\/palmerodespachante.uy\\\/index.php\\\/2025\\\/10\\\/31\\\/fuerte-aumento-de-la-inversion-industrial-en-maquinaria-en-lo-que-va-del-ano\\\/\"]}]},{\"@type\":\"ImageObject\",\"inLanguage\":\"es\",\"@id\":\"https:\\\/\\\/palmerodespachante.uy\\\/index.php\\\/2025\\\/10\\\/31\\\/fuerte-aumento-de-la-inversion-industrial-en-maquinaria-en-lo-que-va-del-ano\\\/#primaryimage\",\"url\":\"https:\\\/\\\/palmerodespachante.uy\\\/wp-content\\\/uploads\\\/2025\\\/10\\\/INVERSION.jpg\",\"contentUrl\":\"https:\\\/\\\/palmerodespachante.uy\\\/wp-content\\\/uploads\\\/2025\\\/10\\\/INVERSION.jpg\",\"width\":1000,\"height\":766},{\"@type\":\"BreadcrumbList\",\"@id\":\"https:\\\/\\\/palmerodespachante.uy\\\/index.php\\\/2025\\\/10\\\/31\\\/fuerte-aumento-de-la-inversion-industrial-en-maquinaria-en-lo-que-va-del-ano\\\/#breadcrumb\",\"itemListElement\":[{\"@type\":\"ListItem\",\"position\":1,\"name\":\"Portada\",\"item\":\"https:\\\/\\\/palmerodespachante.uy\\\/\"},{\"@type\":\"ListItem\",\"position\":2,\"name\":\"FUERTE AUMENTO DE LA INVERSI\u00d3N INDUSTRIAL EN MAQUINARIA EN LO QUE VA DEL A\u00d1O.\"}]},{\"@type\":\"WebSite\",\"@id\":\"https:\\\/\\\/palmerodespachante.uy\\\/#website\",\"url\":\"https:\\\/\\\/palmerodespachante.uy\\\/\",\"name\":\"Palmero Despachante de Aduana\",\"description\":\"Importaci\u00f3n, Exportaci\u00f3n, Tr\u00e1nsito\",\"publisher\":{\"@id\":\"https:\\\/\\\/palmerodespachante.uy\\\/#organization\"},\"potentialAction\":[{\"@type\":\"SearchAction\",\"target\":{\"@type\":\"EntryPoint\",\"urlTemplate\":\"https:\\\/\\\/palmerodespachante.uy\\\/?s={search_term_string}\"},\"query-input\":{\"@type\":\"PropertyValueSpecification\",\"valueRequired\":true,\"valueName\":\"search_term_string\"}}],\"inLanguage\":\"es\"},{\"@type\":\"Organization\",\"@id\":\"https:\\\/\\\/palmerodespachante.uy\\\/#organization\",\"name\":\"Palmero Despachante de Aduanas\",\"url\":\"https:\\\/\\\/palmerodespachante.uy\\\/\",\"logo\":{\"@type\":\"ImageObject\",\"inLanguage\":\"es\",\"@id\":\"https:\\\/\\\/palmerodespachante.uy\\\/#\\\/schema\\\/logo\\\/image\\\/\",\"url\":\"https:\\\/\\\/palmerodespachante.uy\\\/wp-content\\\/uploads\\\/2018\\\/08\\\/Logo-144.png\",\"contentUrl\":\"https:\\\/\\\/palmerodespachante.uy\\\/wp-content\\\/uploads\\\/2018\\\/08\\\/Logo-144.png\",\"width\":144,\"height\":144,\"caption\":\"Palmero Despachante de Aduanas\"},\"image\":{\"@id\":\"https:\\\/\\\/palmerodespachante.uy\\\/#\\\/schema\\\/logo\\\/image\\\/\"},\"sameAs\":[\"https:\\\/\\\/www.facebook.com\\\/despachantedeaduana.palmero?hc_ref=ARQPWzEmqFz3O_9qTlrxPP6NW-Vf1b4-iJdwH7XdkuWdfarefzfPyjY7DGBCye4mnJs\",\"https:\\\/\\\/www.linkedin.com\\\/company\\\/despachante-de-aduana-palmero\\\/\"]},{\"@type\":\"Person\",\"@id\":\"https:\\\/\\\/palmerodespachante.uy\\\/#\\\/schema\\\/person\\\/9eabdcdc87fc74d275cc2faf2ce2f732\",\"name\":\"Javier Palmero\",\"image\":{\"@type\":\"ImageObject\",\"inLanguage\":\"es\",\"@id\":\"https:\\\/\\\/palmerodespachante.uy\\\/wp-content\\\/litespeed\\\/avatar\\\/8e783966089c8fa82b27a6627fb956c2.jpg?ver=1777463218\",\"url\":\"https:\\\/\\\/palmerodespachante.uy\\\/wp-content\\\/litespeed\\\/avatar\\\/8e783966089c8fa82b27a6627fb956c2.jpg?ver=1777463218\",\"contentUrl\":\"https:\\\/\\\/palmerodespachante.uy\\\/wp-content\\\/litespeed\\\/avatar\\\/8e783966089c8fa82b27a6627fb956c2.jpg?ver=1777463218\",\"caption\":\"Javier Palmero\"}}]}<\/script>\n<!-- \/ Yoast SEO plugin. -->","yoast_head_json":{"title":"FUERTE AUMENTO DE LA INVERSI\u00d3N INDUSTRIAL EN MAQUINARIA EN LO QUE VA DEL A\u00d1O. - Palmero Despachante de Aduana","robots":{"index":"noindex","follow":"follow"},"og_locale":"es_ES","og_type":"article","og_title":"FUERTE AUMENTO DE LA INVERSI\u00d3N INDUSTRIAL EN MAQUINARIA EN LO QUE VA DEL A\u00d1O. - Palmero Despachante de Aduana","og_description":"La inversi\u00f3n industrial en maquinaria y equipos se mantiene din\u00e1mica en 2025 y tuvo un fuerte aumento en el tercer trimestre del a\u00f1o. La mayor inyecci\u00f3n de capital se registr\u00f3 en el sector maderero. Un documento de la C\u00e1mara de Industrias (CIU) inform\u00f3 que el \u00edndice de maquinaria y equipos del sector aument\u00f3 293% entre [&hellip;]","og_url":"https:\/\/palmerodespachante.uy\/index.php\/2025\/10\/31\/fuerte-aumento-de-la-inversion-industrial-en-maquinaria-en-lo-que-va-del-ano\/","og_site_name":"Palmero Despachante de Aduana","article_publisher":"https:\/\/www.facebook.com\/despachantedeaduana.palmero?hc_ref=ARQPWzEmqFz3O_9qTlrxPP6NW-Vf1b4-iJdwH7XdkuWdfarefzfPyjY7DGBCye4mnJs","article_published_time":"2025-10-31T17:12:50+00:00","article_modified_time":"2025-10-31T17:12:51+00:00","og_image":[{"width":1000,"height":766,"url":"http:\/\/palmerodespachante.uy\/wp-content\/uploads\/2025\/10\/INVERSION.jpg","type":"image\/jpeg"}],"author":"Javier Palmero","twitter_card":"summary_large_image","twitter_misc":{"Escrito por":"Javier Palmero","Tiempo de lectura":"2 minutos"},"schema":{"@context":"https:\/\/schema.org","@graph":[{"@type":"Article","@id":"https:\/\/palmerodespachante.uy\/index.php\/2025\/10\/31\/fuerte-aumento-de-la-inversion-industrial-en-maquinaria-en-lo-que-va-del-ano\/#article","isPartOf":{"@id":"https:\/\/palmerodespachante.uy\/index.php\/2025\/10\/31\/fuerte-aumento-de-la-inversion-industrial-en-maquinaria-en-lo-que-va-del-ano\/"},"author":{"name":"Javier Palmero","@id":"https:\/\/palmerodespachante.uy\/#\/schema\/person\/9eabdcdc87fc74d275cc2faf2ce2f732"},"headline":"FUERTE AUMENTO DE LA INVERSI\u00d3N INDUSTRIAL EN MAQUINARIA EN LO QUE VA DEL A\u00d1O.","datePublished":"2025-10-31T17:12:50+00:00","dateModified":"2025-10-31T17:12:51+00:00","mainEntityOfPage":{"@id":"https:\/\/palmerodespachante.uy\/index.php\/2025\/10\/31\/fuerte-aumento-de-la-inversion-industrial-en-maquinaria-en-lo-que-va-del-ano\/"},"wordCount":297,"commentCount":0,"publisher":{"@id":"https:\/\/palmerodespachante.uy\/#organization"},"image":{"@id":"https:\/\/palmerodespachante.uy\/index.php\/2025\/10\/31\/fuerte-aumento-de-la-inversion-industrial-en-maquinaria-en-lo-que-va-del-ano\/#primaryimage"},"thumbnailUrl":"https:\/\/palmerodespachante.uy\/wp-content\/uploads\/2025\/10\/INVERSION.jpg","inLanguage":"es","potentialAction":[{"@type":"CommentAction","name":"Comment","target":["https:\/\/palmerodespachante.uy\/index.php\/2025\/10\/31\/fuerte-aumento-de-la-inversion-industrial-en-maquinaria-en-lo-que-va-del-ano\/#respond"]}]},{"@type":"WebPage","@id":"https:\/\/palmerodespachante.uy\/index.php\/2025\/10\/31\/fuerte-aumento-de-la-inversion-industrial-en-maquinaria-en-lo-que-va-del-ano\/","url":"https:\/\/palmerodespachante.uy\/index.php\/2025\/10\/31\/fuerte-aumento-de-la-inversion-industrial-en-maquinaria-en-lo-que-va-del-ano\/","name":"FUERTE AUMENTO DE LA INVERSI\u00d3N INDUSTRIAL EN MAQUINARIA EN LO QUE VA DEL A\u00d1O. - Palmero Despachante de Aduana","isPartOf":{"@id":"https:\/\/palmerodespachante.uy\/#website"},"primaryImageOfPage":{"@id":"https:\/\/palmerodespachante.uy\/index.php\/2025\/10\/31\/fuerte-aumento-de-la-inversion-industrial-en-maquinaria-en-lo-que-va-del-ano\/#primaryimage"},"image":{"@id":"https:\/\/palmerodespachante.uy\/index.php\/2025\/10\/31\/fuerte-aumento-de-la-inversion-industrial-en-maquinaria-en-lo-que-va-del-ano\/#primaryimage"},"thumbnailUrl":"https:\/\/palmerodespachante.uy\/wp-content\/uploads\/2025\/10\/INVERSION.jpg","datePublished":"2025-10-31T17:12:50+00:00","dateModified":"2025-10-31T17:12:51+00:00","breadcrumb":{"@id":"https:\/\/palmerodespachante.uy\/index.php\/2025\/10\/31\/fuerte-aumento-de-la-inversion-industrial-en-maquinaria-en-lo-que-va-del-ano\/#breadcrumb"},"inLanguage":"es","potentialAction":[{"@type":"ReadAction","target":["https:\/\/palmerodespachante.uy\/index.php\/2025\/10\/31\/fuerte-aumento-de-la-inversion-industrial-en-maquinaria-en-lo-que-va-del-ano\/"]}]},{"@type":"ImageObject","inLanguage":"es","@id":"https:\/\/palmerodespachante.uy\/index.php\/2025\/10\/31\/fuerte-aumento-de-la-inversion-industrial-en-maquinaria-en-lo-que-va-del-ano\/#primaryimage","url":"https:\/\/palmerodespachante.uy\/wp-content\/uploads\/2025\/10\/INVERSION.jpg","contentUrl":"https:\/\/palmerodespachante.uy\/wp-content\/uploads\/2025\/10\/INVERSION.jpg","width":1000,"height":766},{"@type":"BreadcrumbList","@id":"https:\/\/palmerodespachante.uy\/index.php\/2025\/10\/31\/fuerte-aumento-de-la-inversion-industrial-en-maquinaria-en-lo-que-va-del-ano\/#breadcrumb","itemListElement":[{"@type":"ListItem","position":1,"name":"Portada","item":"https:\/\/palmerodespachante.uy\/"},{"@type":"ListItem","position":2,"name":"FUERTE AUMENTO DE LA INVERSI\u00d3N INDUSTRIAL EN MAQUINARIA EN LO QUE VA DEL A\u00d1O."}]},{"@type":"WebSite","@id":"https:\/\/palmerodespachante.uy\/#website","url":"https:\/\/palmerodespachante.uy\/","name":"Palmero Despachante de Aduana","description":"Importaci\u00f3n, Exportaci\u00f3n, Tr\u00e1nsito","publisher":{"@id":"https:\/\/palmerodespachante.uy\/#organization"},"potentialAction":[{"@type":"SearchAction","target":{"@type":"EntryPoint","urlTemplate":"https:\/\/palmerodespachante.uy\/?s={search_term_string}"},"query-input":{"@type":"PropertyValueSpecification","valueRequired":true,"valueName":"search_term_string"}}],"inLanguage":"es"},{"@type":"Organization","@id":"https:\/\/palmerodespachante.uy\/#organization","name":"Palmero Despachante de Aduanas","url":"https:\/\/palmerodespachante.uy\/","logo":{"@type":"ImageObject","inLanguage":"es","@id":"https:\/\/palmerodespachante.uy\/#\/schema\/logo\/image\/","url":"https:\/\/palmerodespachante.uy\/wp-content\/uploads\/2018\/08\/Logo-144.png","contentUrl":"https:\/\/palmerodespachante.uy\/wp-content\/uploads\/2018\/08\/Logo-144.png","width":144,"height":144,"caption":"Palmero Despachante de Aduanas"},"image":{"@id":"https:\/\/palmerodespachante.uy\/#\/schema\/logo\/image\/"},"sameAs":["https:\/\/www.facebook.com\/despachantedeaduana.palmero?hc_ref=ARQPWzEmqFz3O_9qTlrxPP6NW-Vf1b4-iJdwH7XdkuWdfarefzfPyjY7DGBCye4mnJs","https:\/\/www.linkedin.com\/company\/despachante-de-aduana-palmero\/"]},{"@type":"Person","@id":"https:\/\/palmerodespachante.uy\/#\/schema\/person\/9eabdcdc87fc74d275cc2faf2ce2f732","name":"Javier Palmero","image":{"@type":"ImageObject","inLanguage":"es","@id":"https:\/\/palmerodespachante.uy\/wp-content\/litespeed\/avatar\/8e783966089c8fa82b27a6627fb956c2.jpg?ver=1777463218","url":"https:\/\/palmerodespachante.uy\/wp-content\/litespeed\/avatar\/8e783966089c8fa82b27a6627fb956c2.jpg?ver=1777463218","contentUrl":"https:\/\/palmerodespachante.uy\/wp-content\/litespeed\/avatar\/8e783966089c8fa82b27a6627fb956c2.jpg?ver=1777463218","caption":"Javier Palmero"}}]}},"jetpack_featured_media_url":"https:\/\/palmerodespachante.uy\/wp-content\/uploads\/2025\/10\/INVERSION.jpg","_links":{"self":[{"href":"https:\/\/palmerodespachante.uy\/index.php\/wp-json\/wp\/v2\/posts\/1623","targetHints":{"allow":["GET"]}}],"collection":[{"href":"https:\/\/palmerodespachante.uy\/index.php\/wp-json\/wp\/v2\/posts"}],"about":[{"href":"https:\/\/palmerodespachante.uy\/index.php\/wp-json\/wp\/v2\/types\/post"}],"author":[{"embeddable":true,"href":"https:\/\/palmerodespachante.uy\/index.php\/wp-json\/wp\/v2\/users\/3"}],"replies":[{"embeddable":true,"href":"https:\/\/palmerodespachante.uy\/index.php\/wp-json\/wp\/v2\/comments?post=1623"}],"version-history":[{"count":1,"href":"https:\/\/palmerodespachante.uy\/index.php\/wp-json\/wp\/v2\/posts\/1623\/revisions"}],"predecessor-version":[{"id":1625,"href":"https:\/\/palmerodespachante.uy\/index.php\/wp-json\/wp\/v2\/posts\/1623\/revisions\/1625"}],"wp:featuredmedia":[{"embeddable":true,"href":"https:\/\/palmerodespachante.uy\/index.php\/wp-json\/wp\/v2\/media\/1624"}],"wp:attachment":[{"href":"https:\/\/palmerodespachante.uy\/index.php\/wp-json\/wp\/v2\/media?parent=1623"}],"wp:term":[{"taxonomy":"category","embeddable":true,"href":"https:\/\/palmerodespachante.uy\/index.php\/wp-json\/wp\/v2\/categories?post=1623"},{"taxonomy":"post_tag","embeddable":true,"href":"https:\/\/palmerodespachante.uy\/index.php\/wp-json\/wp\/v2\/tags?post=1623"}],"curies":[{"name":"wp","href":"https:\/\/api.w.org\/{rel}","templated":true}]}}