{"id":1619,"date":"2025-10-31T14:11:35","date_gmt":"2025-10-31T17:11:35","guid":{"rendered":"https:\/\/palmerodespachante.uy\/?p=1619"},"modified":"2025-10-31T14:11:37","modified_gmt":"2025-10-31T17:11:37","slug":"potenciar-la-inclusion-financiera-la-vision-del-gobierno-y-el-sector-privado-para-innovar-en-medios-de-pago","status":"publish","type":"post","link":"https:\/\/palmerodespachante.uy\/index.php\/2025\/10\/31\/potenciar-la-inclusion-financiera-la-vision-del-gobierno-y-el-sector-privado-para-innovar-en-medios-de-pago\/","title":{"rendered":"POTENCIAR LA INCLUSI\u00d3N FINANCIERA: LA VISI\u00d3N DEL GOBIERNO Y EL SECTOR PRIVADO PARA INNOVAR EN MEDIOS DE PAGO"},"content":{"rendered":"\n<p>El caso de PIX rompi\u00f3 los ojos en Latinoam\u00e9rica y se convirti\u00f3 en un ejemplo a nivel global. El sistema de pagos por QR impulsado por el propio banco central brasile\u00f1o hace tres a\u00f1os foment\u00f3 la inclusi\u00f3n financiera y redujo los costos. Hoy se realizan cinco veces m\u00e1s pagos por este medio que por tarjeta de d\u00e9bito. Pero este modelo no logr\u00f3 replicarse en Uruguay. \u201cToke lleg\u00f3 tarde\u201d, asever\u00f3 la gerenta general de Midinero, Mercedes Steneri, en Fintech Summit, el evento de referencia en el sector organizado por la C\u00e1mara Uruguay Fintech. En ese mismo espacio, la VP de Operaciones de Latam de dLocal, Clara Singer y el country manager de Fiserv, Franco Moccia intercambiaron acerca de las oportunidades del sistema de pagos uruguayo. \u201cEn Uruguay tenemos una alta de bancarizacion, somos muy robustos, pero vemos una adopci\u00f3n muy lenta en la innovaci\u00f3n en medios de pago\u201d, sincer\u00f3 Singer desde dLocal y tomando como punto de referencia los 40 pa\u00edses emergentes en los que opera el unicornio uruguayo. Para Moccia de Fiserv el cambio del cash a la tarjeta \u201cya sucedi\u00f3\u201d. \u201cMe parece que el tema de digitalizaci\u00f3n sin inclusi\u00f3n es un fracaso\u201d, revel\u00f3 Moccia y afirm\u00f3 que, de cara al futuro, es clave aprender de lo que sali\u00f3 bien y de lo que sali\u00f3 mal. \u201cComo ejemplo de lo que sali\u00f3 bien, la ley de inclusi\u00f3n financiera y, de lo que sali\u00f3 mal, Toke\u201d, apunt\u00f3 el country manager de Fiserv y destac\u00f3 que en la diferencias entre estas dos iniciativas resultan los puntos de los que es posible tomar lecciones para avanzar hacia un nuevo sistema de pagos m\u00e1s eficiente e inclusivo. Ante la atenta mirada de la vicepresidenta Carolina Cosse que form\u00f3 parte de Fintech Summit, el subsecretario de Econom\u00eda y Finanzas, Mart\u00edn Vallcorba y la vicepresidenta del Banco Central del Uruguay, Ana Claudia de los Heros, dieron algunas pistas de c\u00f3mo se trabaja desde la administraci\u00f3n p\u00fablica en el futuro de los medios de pago. Vallcorba, impulsor de la Ley de Inclusi\u00f3n Financiera en 2014, se refiri\u00f3 a las lecciones o mensajes aprendidos a m\u00e1s de 10 a\u00f1os de la aprobaci\u00f3n de la normativa que la directora de la C\u00e1mara Uruguay Fintech, Sof\u00eda Lanza, defini\u00f3 en otro panel como \u201cel \u00faltimo gol\u201d que meti\u00f3 el pa\u00eds en medios de pagos. El subsecretario record\u00f3 que la ley que permiti\u00f3 una transformaci\u00f3n significativa del sistema financiero tuvo como prop\u00f3sito lograr \u201cel acceso universal a los servicios financieros, transformar y modernizar el sistema de pagos\u201d. Como lecci\u00f3n aprendida, el viceministro destac\u00f3 la aplicaci\u00f3n de incentivos, como los cuatro puntos de IVA que se exoneraban a los compras con tarjeta de d\u00e9bito cuando la ley se puso en marcha. \u201cTodos los emisores dec\u00edan que no iba a mover la aguja\u201d, cont\u00f3 Vallcorba. En la pr\u00e1ctica el incentivo funcion\u00f3 y, seg\u00fan ejemplific\u00f3 el representante del MEF con una cadena de supermercados local, las compras con tarjeta de d\u00e9bito pasaron de representar un 4% a un 10%, una vez que la ley se puso en marcha. \u201cEl impacto de la rebaja del IVA fue inmediato\u201d, subray\u00f3. (El Observador)<\/p>\n","protected":false},"excerpt":{"rendered":"<p>El caso de PIX rompi\u00f3 los ojos en Latinoam\u00e9rica y se convirti\u00f3 en un ejemplo a nivel global. El sistema de pagos por QR impulsado por el propio banco central brasile\u00f1o hace tres a\u00f1os foment\u00f3 la inclusi\u00f3n financiera y redujo los costos. Hoy se realizan cinco veces m\u00e1s pagos por este medio que por tarjeta [&hellip;]<\/p>\n","protected":false},"author":3,"featured_media":1620,"comment_status":"open","ping_status":"open","sticky":false,"template":"","format":"standard","meta":{"_joinchat":[],"footnotes":""},"categories":[15],"tags":[],"class_list":{"0":"post-1619","1":"post","2":"type-post","3":"status-publish","4":"format-standard","5":"has-post-thumbnail","7":"category-sin-categoria-es"},"yoast_head":"<!-- This site is optimized with the Yoast SEO plugin v27.5 - https:\/\/yoast.com\/product\/yoast-seo-wordpress\/ -->\n<title>POTENCIAR LA INCLUSI\u00d3N FINANCIERA: LA VISI\u00d3N DEL GOBIERNO Y EL SECTOR PRIVADO PARA INNOVAR EN MEDIOS DE PAGO - Palmero Despachante de Aduana<\/title>\n<meta name=\"robots\" content=\"noindex, follow\" \/>\n<meta property=\"og:locale\" content=\"es_ES\" \/>\n<meta property=\"og:type\" content=\"article\" \/>\n<meta property=\"og:title\" content=\"POTENCIAR LA INCLUSI\u00d3N FINANCIERA: LA VISI\u00d3N DEL GOBIERNO Y EL SECTOR PRIVADO PARA INNOVAR EN MEDIOS DE PAGO - Palmero Despachante de Aduana\" \/>\n<meta property=\"og:description\" content=\"El caso de PIX rompi\u00f3 los ojos en Latinoam\u00e9rica y se convirti\u00f3 en un ejemplo a nivel global. El sistema de pagos por QR impulsado por el propio banco central brasile\u00f1o hace tres a\u00f1os foment\u00f3 la inclusi\u00f3n financiera y redujo los costos. Hoy se realizan cinco veces m\u00e1s pagos por este medio que por tarjeta [&hellip;]\" \/>\n<meta property=\"og:url\" content=\"https:\/\/palmerodespachante.uy\/index.php\/2025\/10\/31\/potenciar-la-inclusion-financiera-la-vision-del-gobierno-y-el-sector-privado-para-innovar-en-medios-de-pago\/\" \/>\n<meta property=\"og:site_name\" content=\"Palmero Despachante de Aduana\" \/>\n<meta property=\"article:publisher\" content=\"https:\/\/www.facebook.com\/despachantedeaduana.palmero?hc_ref=ARQPWzEmqFz3O_9qTlrxPP6NW-Vf1b4-iJdwH7XdkuWdfarefzfPyjY7DGBCye4mnJs\" \/>\n<meta property=\"article:published_time\" content=\"2025-10-31T17:11:35+00:00\" \/>\n<meta property=\"article:modified_time\" content=\"2025-10-31T17:11:37+00:00\" \/>\n<meta property=\"og:image\" content=\"http:\/\/palmerodespachante.uy\/wp-content\/uploads\/2025\/10\/POTENCIAR-1.jpg\" \/>\n\t<meta property=\"og:image:width\" content=\"1000\" \/>\n\t<meta property=\"og:image:height\" content=\"766\" \/>\n\t<meta property=\"og:image:type\" content=\"image\/jpeg\" \/>\n<meta name=\"author\" content=\"Javier Palmero\" \/>\n<meta name=\"twitter:card\" content=\"summary_large_image\" \/>\n<meta name=\"twitter:label1\" content=\"Escrito por\" \/>\n\t<meta name=\"twitter:data1\" content=\"Javier Palmero\" \/>\n\t<meta name=\"twitter:label2\" content=\"Tiempo de lectura\" \/>\n\t<meta name=\"twitter:data2\" content=\"3 minutos\" \/>\n<script type=\"application\/ld+json\" class=\"yoast-schema-graph\">{\"@context\":\"https:\\\/\\\/schema.org\",\"@graph\":[{\"@type\":\"Article\",\"@id\":\"https:\\\/\\\/palmerodespachante.uy\\\/index.php\\\/2025\\\/10\\\/31\\\/potenciar-la-inclusion-financiera-la-vision-del-gobierno-y-el-sector-privado-para-innovar-en-medios-de-pago\\\/#article\",\"isPartOf\":{\"@id\":\"https:\\\/\\\/palmerodespachante.uy\\\/index.php\\\/2025\\\/10\\\/31\\\/potenciar-la-inclusion-financiera-la-vision-del-gobierno-y-el-sector-privado-para-innovar-en-medios-de-pago\\\/\"},\"author\":{\"name\":\"Javier Palmero\",\"@id\":\"https:\\\/\\\/palmerodespachante.uy\\\/#\\\/schema\\\/person\\\/9eabdcdc87fc74d275cc2faf2ce2f732\"},\"headline\":\"POTENCIAR LA INCLUSI\u00d3N FINANCIERA: LA VISI\u00d3N DEL GOBIERNO Y EL SECTOR PRIVADO PARA INNOVAR EN MEDIOS DE PAGO\",\"datePublished\":\"2025-10-31T17:11:35+00:00\",\"dateModified\":\"2025-10-31T17:11:37+00:00\",\"mainEntityOfPage\":{\"@id\":\"https:\\\/\\\/palmerodespachante.uy\\\/index.php\\\/2025\\\/10\\\/31\\\/potenciar-la-inclusion-financiera-la-vision-del-gobierno-y-el-sector-privado-para-innovar-en-medios-de-pago\\\/\"},\"wordCount\":565,\"commentCount\":0,\"publisher\":{\"@id\":\"https:\\\/\\\/palmerodespachante.uy\\\/#organization\"},\"image\":{\"@id\":\"https:\\\/\\\/palmerodespachante.uy\\\/index.php\\\/2025\\\/10\\\/31\\\/potenciar-la-inclusion-financiera-la-vision-del-gobierno-y-el-sector-privado-para-innovar-en-medios-de-pago\\\/#primaryimage\"},\"thumbnailUrl\":\"https:\\\/\\\/palmerodespachante.uy\\\/wp-content\\\/uploads\\\/2025\\\/10\\\/POTENCIAR-1.jpg\",\"inLanguage\":\"es\",\"potentialAction\":[{\"@type\":\"CommentAction\",\"name\":\"Comment\",\"target\":[\"https:\\\/\\\/palmerodespachante.uy\\\/index.php\\\/2025\\\/10\\\/31\\\/potenciar-la-inclusion-financiera-la-vision-del-gobierno-y-el-sector-privado-para-innovar-en-medios-de-pago\\\/#respond\"]}]},{\"@type\":\"WebPage\",\"@id\":\"https:\\\/\\\/palmerodespachante.uy\\\/index.php\\\/2025\\\/10\\\/31\\\/potenciar-la-inclusion-financiera-la-vision-del-gobierno-y-el-sector-privado-para-innovar-en-medios-de-pago\\\/\",\"url\":\"https:\\\/\\\/palmerodespachante.uy\\\/index.php\\\/2025\\\/10\\\/31\\\/potenciar-la-inclusion-financiera-la-vision-del-gobierno-y-el-sector-privado-para-innovar-en-medios-de-pago\\\/\",\"name\":\"POTENCIAR LA INCLUSI\u00d3N FINANCIERA: LA VISI\u00d3N DEL GOBIERNO Y EL SECTOR PRIVADO PARA INNOVAR EN MEDIOS DE PAGO - Palmero Despachante de Aduana\",\"isPartOf\":{\"@id\":\"https:\\\/\\\/palmerodespachante.uy\\\/#website\"},\"primaryImageOfPage\":{\"@id\":\"https:\\\/\\\/palmerodespachante.uy\\\/index.php\\\/2025\\\/10\\\/31\\\/potenciar-la-inclusion-financiera-la-vision-del-gobierno-y-el-sector-privado-para-innovar-en-medios-de-pago\\\/#primaryimage\"},\"image\":{\"@id\":\"https:\\\/\\\/palmerodespachante.uy\\\/index.php\\\/2025\\\/10\\\/31\\\/potenciar-la-inclusion-financiera-la-vision-del-gobierno-y-el-sector-privado-para-innovar-en-medios-de-pago\\\/#primaryimage\"},\"thumbnailUrl\":\"https:\\\/\\\/palmerodespachante.uy\\\/wp-content\\\/uploads\\\/2025\\\/10\\\/POTENCIAR-1.jpg\",\"datePublished\":\"2025-10-31T17:11:35+00:00\",\"dateModified\":\"2025-10-31T17:11:37+00:00\",\"breadcrumb\":{\"@id\":\"https:\\\/\\\/palmerodespachante.uy\\\/index.php\\\/2025\\\/10\\\/31\\\/potenciar-la-inclusion-financiera-la-vision-del-gobierno-y-el-sector-privado-para-innovar-en-medios-de-pago\\\/#breadcrumb\"},\"inLanguage\":\"es\",\"potentialAction\":[{\"@type\":\"ReadAction\",\"target\":[\"https:\\\/\\\/palmerodespachante.uy\\\/index.php\\\/2025\\\/10\\\/31\\\/potenciar-la-inclusion-financiera-la-vision-del-gobierno-y-el-sector-privado-para-innovar-en-medios-de-pago\\\/\"]}]},{\"@type\":\"ImageObject\",\"inLanguage\":\"es\",\"@id\":\"https:\\\/\\\/palmerodespachante.uy\\\/index.php\\\/2025\\\/10\\\/31\\\/potenciar-la-inclusion-financiera-la-vision-del-gobierno-y-el-sector-privado-para-innovar-en-medios-de-pago\\\/#primaryimage\",\"url\":\"https:\\\/\\\/palmerodespachante.uy\\\/wp-content\\\/uploads\\\/2025\\\/10\\\/POTENCIAR-1.jpg\",\"contentUrl\":\"https:\\\/\\\/palmerodespachante.uy\\\/wp-content\\\/uploads\\\/2025\\\/10\\\/POTENCIAR-1.jpg\",\"width\":1000,\"height\":766},{\"@type\":\"BreadcrumbList\",\"@id\":\"https:\\\/\\\/palmerodespachante.uy\\\/index.php\\\/2025\\\/10\\\/31\\\/potenciar-la-inclusion-financiera-la-vision-del-gobierno-y-el-sector-privado-para-innovar-en-medios-de-pago\\\/#breadcrumb\",\"itemListElement\":[{\"@type\":\"ListItem\",\"position\":1,\"name\":\"Portada\",\"item\":\"https:\\\/\\\/palmerodespachante.uy\\\/\"},{\"@type\":\"ListItem\",\"position\":2,\"name\":\"POTENCIAR LA INCLUSI\u00d3N FINANCIERA: LA VISI\u00d3N DEL GOBIERNO Y EL SECTOR PRIVADO PARA INNOVAR EN MEDIOS DE PAGO\"}]},{\"@type\":\"WebSite\",\"@id\":\"https:\\\/\\\/palmerodespachante.uy\\\/#website\",\"url\":\"https:\\\/\\\/palmerodespachante.uy\\\/\",\"name\":\"Palmero Despachante de Aduana\",\"description\":\"Importaci\u00f3n, Exportaci\u00f3n, Tr\u00e1nsito\",\"publisher\":{\"@id\":\"https:\\\/\\\/palmerodespachante.uy\\\/#organization\"},\"potentialAction\":[{\"@type\":\"SearchAction\",\"target\":{\"@type\":\"EntryPoint\",\"urlTemplate\":\"https:\\\/\\\/palmerodespachante.uy\\\/?s={search_term_string}\"},\"query-input\":{\"@type\":\"PropertyValueSpecification\",\"valueRequired\":true,\"valueName\":\"search_term_string\"}}],\"inLanguage\":\"es\"},{\"@type\":\"Organization\",\"@id\":\"https:\\\/\\\/palmerodespachante.uy\\\/#organization\",\"name\":\"Palmero Despachante de Aduanas\",\"url\":\"https:\\\/\\\/palmerodespachante.uy\\\/\",\"logo\":{\"@type\":\"ImageObject\",\"inLanguage\":\"es\",\"@id\":\"https:\\\/\\\/palmerodespachante.uy\\\/#\\\/schema\\\/logo\\\/image\\\/\",\"url\":\"https:\\\/\\\/palmerodespachante.uy\\\/wp-content\\\/uploads\\\/2018\\\/08\\\/Logo-144.png\",\"contentUrl\":\"https:\\\/\\\/palmerodespachante.uy\\\/wp-content\\\/uploads\\\/2018\\\/08\\\/Logo-144.png\",\"width\":144,\"height\":144,\"caption\":\"Palmero Despachante de Aduanas\"},\"image\":{\"@id\":\"https:\\\/\\\/palmerodespachante.uy\\\/#\\\/schema\\\/logo\\\/image\\\/\"},\"sameAs\":[\"https:\\\/\\\/www.facebook.com\\\/despachantedeaduana.palmero?hc_ref=ARQPWzEmqFz3O_9qTlrxPP6NW-Vf1b4-iJdwH7XdkuWdfarefzfPyjY7DGBCye4mnJs\",\"https:\\\/\\\/www.linkedin.com\\\/company\\\/despachante-de-aduana-palmero\\\/\"]},{\"@type\":\"Person\",\"@id\":\"https:\\\/\\\/palmerodespachante.uy\\\/#\\\/schema\\\/person\\\/9eabdcdc87fc74d275cc2faf2ce2f732\",\"name\":\"Javier Palmero\",\"image\":{\"@type\":\"ImageObject\",\"inLanguage\":\"es\",\"@id\":\"https:\\\/\\\/palmerodespachante.uy\\\/wp-content\\\/litespeed\\\/avatar\\\/8e783966089c8fa82b27a6627fb956c2.jpg?ver=1777463218\",\"url\":\"https:\\\/\\\/palmerodespachante.uy\\\/wp-content\\\/litespeed\\\/avatar\\\/8e783966089c8fa82b27a6627fb956c2.jpg?ver=1777463218\",\"contentUrl\":\"https:\\\/\\\/palmerodespachante.uy\\\/wp-content\\\/litespeed\\\/avatar\\\/8e783966089c8fa82b27a6627fb956c2.jpg?ver=1777463218\",\"caption\":\"Javier Palmero\"}}]}<\/script>\n<!-- \/ Yoast SEO plugin. -->","yoast_head_json":{"title":"POTENCIAR LA INCLUSI\u00d3N FINANCIERA: LA VISI\u00d3N DEL GOBIERNO Y EL SECTOR PRIVADO PARA INNOVAR EN MEDIOS DE PAGO - Palmero Despachante de Aduana","robots":{"index":"noindex","follow":"follow"},"og_locale":"es_ES","og_type":"article","og_title":"POTENCIAR LA INCLUSI\u00d3N FINANCIERA: LA VISI\u00d3N DEL GOBIERNO Y EL SECTOR PRIVADO PARA INNOVAR EN MEDIOS DE PAGO - Palmero Despachante de Aduana","og_description":"El caso de PIX rompi\u00f3 los ojos en Latinoam\u00e9rica y se convirti\u00f3 en un ejemplo a nivel global. El sistema de pagos por QR impulsado por el propio banco central brasile\u00f1o hace tres a\u00f1os foment\u00f3 la inclusi\u00f3n financiera y redujo los costos. Hoy se realizan cinco veces m\u00e1s pagos por este medio que por tarjeta [&hellip;]","og_url":"https:\/\/palmerodespachante.uy\/index.php\/2025\/10\/31\/potenciar-la-inclusion-financiera-la-vision-del-gobierno-y-el-sector-privado-para-innovar-en-medios-de-pago\/","og_site_name":"Palmero Despachante de Aduana","article_publisher":"https:\/\/www.facebook.com\/despachantedeaduana.palmero?hc_ref=ARQPWzEmqFz3O_9qTlrxPP6NW-Vf1b4-iJdwH7XdkuWdfarefzfPyjY7DGBCye4mnJs","article_published_time":"2025-10-31T17:11:35+00:00","article_modified_time":"2025-10-31T17:11:37+00:00","og_image":[{"width":1000,"height":766,"url":"http:\/\/palmerodespachante.uy\/wp-content\/uploads\/2025\/10\/POTENCIAR-1.jpg","type":"image\/jpeg"}],"author":"Javier Palmero","twitter_card":"summary_large_image","twitter_misc":{"Escrito por":"Javier Palmero","Tiempo de lectura":"3 minutos"},"schema":{"@context":"https:\/\/schema.org","@graph":[{"@type":"Article","@id":"https:\/\/palmerodespachante.uy\/index.php\/2025\/10\/31\/potenciar-la-inclusion-financiera-la-vision-del-gobierno-y-el-sector-privado-para-innovar-en-medios-de-pago\/#article","isPartOf":{"@id":"https:\/\/palmerodespachante.uy\/index.php\/2025\/10\/31\/potenciar-la-inclusion-financiera-la-vision-del-gobierno-y-el-sector-privado-para-innovar-en-medios-de-pago\/"},"author":{"name":"Javier Palmero","@id":"https:\/\/palmerodespachante.uy\/#\/schema\/person\/9eabdcdc87fc74d275cc2faf2ce2f732"},"headline":"POTENCIAR LA INCLUSI\u00d3N FINANCIERA: LA VISI\u00d3N DEL GOBIERNO Y EL SECTOR PRIVADO PARA INNOVAR EN MEDIOS DE PAGO","datePublished":"2025-10-31T17:11:35+00:00","dateModified":"2025-10-31T17:11:37+00:00","mainEntityOfPage":{"@id":"https:\/\/palmerodespachante.uy\/index.php\/2025\/10\/31\/potenciar-la-inclusion-financiera-la-vision-del-gobierno-y-el-sector-privado-para-innovar-en-medios-de-pago\/"},"wordCount":565,"commentCount":0,"publisher":{"@id":"https:\/\/palmerodespachante.uy\/#organization"},"image":{"@id":"https:\/\/palmerodespachante.uy\/index.php\/2025\/10\/31\/potenciar-la-inclusion-financiera-la-vision-del-gobierno-y-el-sector-privado-para-innovar-en-medios-de-pago\/#primaryimage"},"thumbnailUrl":"https:\/\/palmerodespachante.uy\/wp-content\/uploads\/2025\/10\/POTENCIAR-1.jpg","inLanguage":"es","potentialAction":[{"@type":"CommentAction","name":"Comment","target":["https:\/\/palmerodespachante.uy\/index.php\/2025\/10\/31\/potenciar-la-inclusion-financiera-la-vision-del-gobierno-y-el-sector-privado-para-innovar-en-medios-de-pago\/#respond"]}]},{"@type":"WebPage","@id":"https:\/\/palmerodespachante.uy\/index.php\/2025\/10\/31\/potenciar-la-inclusion-financiera-la-vision-del-gobierno-y-el-sector-privado-para-innovar-en-medios-de-pago\/","url":"https:\/\/palmerodespachante.uy\/index.php\/2025\/10\/31\/potenciar-la-inclusion-financiera-la-vision-del-gobierno-y-el-sector-privado-para-innovar-en-medios-de-pago\/","name":"POTENCIAR LA INCLUSI\u00d3N FINANCIERA: LA VISI\u00d3N DEL GOBIERNO Y EL SECTOR PRIVADO PARA INNOVAR EN MEDIOS DE PAGO - Palmero Despachante de Aduana","isPartOf":{"@id":"https:\/\/palmerodespachante.uy\/#website"},"primaryImageOfPage":{"@id":"https:\/\/palmerodespachante.uy\/index.php\/2025\/10\/31\/potenciar-la-inclusion-financiera-la-vision-del-gobierno-y-el-sector-privado-para-innovar-en-medios-de-pago\/#primaryimage"},"image":{"@id":"https:\/\/palmerodespachante.uy\/index.php\/2025\/10\/31\/potenciar-la-inclusion-financiera-la-vision-del-gobierno-y-el-sector-privado-para-innovar-en-medios-de-pago\/#primaryimage"},"thumbnailUrl":"https:\/\/palmerodespachante.uy\/wp-content\/uploads\/2025\/10\/POTENCIAR-1.jpg","datePublished":"2025-10-31T17:11:35+00:00","dateModified":"2025-10-31T17:11:37+00:00","breadcrumb":{"@id":"https:\/\/palmerodespachante.uy\/index.php\/2025\/10\/31\/potenciar-la-inclusion-financiera-la-vision-del-gobierno-y-el-sector-privado-para-innovar-en-medios-de-pago\/#breadcrumb"},"inLanguage":"es","potentialAction":[{"@type":"ReadAction","target":["https:\/\/palmerodespachante.uy\/index.php\/2025\/10\/31\/potenciar-la-inclusion-financiera-la-vision-del-gobierno-y-el-sector-privado-para-innovar-en-medios-de-pago\/"]}]},{"@type":"ImageObject","inLanguage":"es","@id":"https:\/\/palmerodespachante.uy\/index.php\/2025\/10\/31\/potenciar-la-inclusion-financiera-la-vision-del-gobierno-y-el-sector-privado-para-innovar-en-medios-de-pago\/#primaryimage","url":"https:\/\/palmerodespachante.uy\/wp-content\/uploads\/2025\/10\/POTENCIAR-1.jpg","contentUrl":"https:\/\/palmerodespachante.uy\/wp-content\/uploads\/2025\/10\/POTENCIAR-1.jpg","width":1000,"height":766},{"@type":"BreadcrumbList","@id":"https:\/\/palmerodespachante.uy\/index.php\/2025\/10\/31\/potenciar-la-inclusion-financiera-la-vision-del-gobierno-y-el-sector-privado-para-innovar-en-medios-de-pago\/#breadcrumb","itemListElement":[{"@type":"ListItem","position":1,"name":"Portada","item":"https:\/\/palmerodespachante.uy\/"},{"@type":"ListItem","position":2,"name":"POTENCIAR LA INCLUSI\u00d3N FINANCIERA: LA VISI\u00d3N DEL GOBIERNO Y EL SECTOR PRIVADO PARA INNOVAR EN MEDIOS DE PAGO"}]},{"@type":"WebSite","@id":"https:\/\/palmerodespachante.uy\/#website","url":"https:\/\/palmerodespachante.uy\/","name":"Palmero Despachante de Aduana","description":"Importaci\u00f3n, Exportaci\u00f3n, Tr\u00e1nsito","publisher":{"@id":"https:\/\/palmerodespachante.uy\/#organization"},"potentialAction":[{"@type":"SearchAction","target":{"@type":"EntryPoint","urlTemplate":"https:\/\/palmerodespachante.uy\/?s={search_term_string}"},"query-input":{"@type":"PropertyValueSpecification","valueRequired":true,"valueName":"search_term_string"}}],"inLanguage":"es"},{"@type":"Organization","@id":"https:\/\/palmerodespachante.uy\/#organization","name":"Palmero Despachante de Aduanas","url":"https:\/\/palmerodespachante.uy\/","logo":{"@type":"ImageObject","inLanguage":"es","@id":"https:\/\/palmerodespachante.uy\/#\/schema\/logo\/image\/","url":"https:\/\/palmerodespachante.uy\/wp-content\/uploads\/2018\/08\/Logo-144.png","contentUrl":"https:\/\/palmerodespachante.uy\/wp-content\/uploads\/2018\/08\/Logo-144.png","width":144,"height":144,"caption":"Palmero Despachante de Aduanas"},"image":{"@id":"https:\/\/palmerodespachante.uy\/#\/schema\/logo\/image\/"},"sameAs":["https:\/\/www.facebook.com\/despachantedeaduana.palmero?hc_ref=ARQPWzEmqFz3O_9qTlrxPP6NW-Vf1b4-iJdwH7XdkuWdfarefzfPyjY7DGBCye4mnJs","https:\/\/www.linkedin.com\/company\/despachante-de-aduana-palmero\/"]},{"@type":"Person","@id":"https:\/\/palmerodespachante.uy\/#\/schema\/person\/9eabdcdc87fc74d275cc2faf2ce2f732","name":"Javier Palmero","image":{"@type":"ImageObject","inLanguage":"es","@id":"https:\/\/palmerodespachante.uy\/wp-content\/litespeed\/avatar\/8e783966089c8fa82b27a6627fb956c2.jpg?ver=1777463218","url":"https:\/\/palmerodespachante.uy\/wp-content\/litespeed\/avatar\/8e783966089c8fa82b27a6627fb956c2.jpg?ver=1777463218","contentUrl":"https:\/\/palmerodespachante.uy\/wp-content\/litespeed\/avatar\/8e783966089c8fa82b27a6627fb956c2.jpg?ver=1777463218","caption":"Javier Palmero"}}]}},"jetpack_featured_media_url":"https:\/\/palmerodespachante.uy\/wp-content\/uploads\/2025\/10\/POTENCIAR-1.jpg","_links":{"self":[{"href":"https:\/\/palmerodespachante.uy\/index.php\/wp-json\/wp\/v2\/posts\/1619","targetHints":{"allow":["GET"]}}],"collection":[{"href":"https:\/\/palmerodespachante.uy\/index.php\/wp-json\/wp\/v2\/posts"}],"about":[{"href":"https:\/\/palmerodespachante.uy\/index.php\/wp-json\/wp\/v2\/types\/post"}],"author":[{"embeddable":true,"href":"https:\/\/palmerodespachante.uy\/index.php\/wp-json\/wp\/v2\/users\/3"}],"replies":[{"embeddable":true,"href":"https:\/\/palmerodespachante.uy\/index.php\/wp-json\/wp\/v2\/comments?post=1619"}],"version-history":[{"count":1,"href":"https:\/\/palmerodespachante.uy\/index.php\/wp-json\/wp\/v2\/posts\/1619\/revisions"}],"predecessor-version":[{"id":1621,"href":"https:\/\/palmerodespachante.uy\/index.php\/wp-json\/wp\/v2\/posts\/1619\/revisions\/1621"}],"wp:featuredmedia":[{"embeddable":true,"href":"https:\/\/palmerodespachante.uy\/index.php\/wp-json\/wp\/v2\/media\/1620"}],"wp:attachment":[{"href":"https:\/\/palmerodespachante.uy\/index.php\/wp-json\/wp\/v2\/media?parent=1619"}],"wp:term":[{"taxonomy":"category","embeddable":true,"href":"https:\/\/palmerodespachante.uy\/index.php\/wp-json\/wp\/v2\/categories?post=1619"},{"taxonomy":"post_tag","embeddable":true,"href":"https:\/\/palmerodespachante.uy\/index.php\/wp-json\/wp\/v2\/tags?post=1619"}],"curies":[{"name":"wp","href":"https:\/\/api.w.org\/{rel}","templated":true}]}}