{"id":1612,"date":"2025-10-31T14:03:11","date_gmt":"2025-10-31T17:03:11","guid":{"rendered":"https:\/\/palmerodespachante.uy\/?p=1612"},"modified":"2025-10-31T14:03:12","modified_gmt":"2025-10-31T17:03:12","slug":"mas-de-7-000-empresas-cerraron-en-uruguay-en-el-segundo-trimestre-de-2025-las-causas-y-desafios-detras-de-la-cifra","status":"publish","type":"post","link":"https:\/\/palmerodespachante.uy\/index.php\/2025\/10\/31\/mas-de-7-000-empresas-cerraron-en-uruguay-en-el-segundo-trimestre-de-2025-las-causas-y-desafios-detras-de-la-cifra\/","title":{"rendered":"M\u00c1S DE 7.000 EMPRESAS CERRARON EN URUGUAY EN EL SEGUNDO TRIMESTRE DE 2025: LAS CAUSAS Y DESAF\u00cdOS DETR\u00c1S DE LA CIFRA."},"content":{"rendered":"\n<p>M\u00e1s all\u00e1 de los casos que ocupan titulares, hay un fen\u00f3meno menos visible: el de las empresas uruguayas que cierran en silencio, esas que no generan comunicados ni portadas, pero que revelan los desaf\u00edos m\u00e1s profundos y estructurales del ecosistema empresarial. Seg\u00fan datos recabados entre 2008 y 2021 por la Agencia Nacional de Desarrollo, en promedio en Uruguay nacen anualmente unas 28.000 empresas y mueren unas 23.000. Solo en el segundo trimestre de 2025, 7.662 empresas \u201cmurieron\u201d o dieron de baja su actividad, una variaci\u00f3n de -3,02% respecto al trimestre anterior, y un aumento de 5,10% frente al mismo per\u00edodo de 2024<strong>. En Uruguay, las micro (de uno a cuatro empleados) y peque\u00f1as empresas (de cinco a nueve trabajadores) representan m\u00e1s de nueve de cada 10 empresas formales del pa\u00eds (93,3%) y generan m\u00e1s de un tercio de los empleos formales del sector privado (36,2%). <u>Adem\u00e1s, el 80% de las empresas uruguayas son familiares<\/u><\/strong>. Es por eso que entender las estructuras de estas empresas hace que sea m\u00e1s f\u00e1cil identificar qu\u00e9 hay detr\u00e1s de los cierres en Uruguay. En el pa\u00eds, seg\u00fan un estudio de la Agencia Nacional de Desarrollo y el Instituto Nacional de Estad\u00edstica, la gran mayor\u00eda de este tipo de empresas utiliza servicios financieros b\u00e1sicos (caja de ahorro), y se financian con capital propio. El uso del cr\u00e9dito bancario es muy bajo y la mayor\u00eda declara no usar fuentes de financiamiento externo porque no lo necesitan. Adem\u00e1s, las microempresas son esencialmente sociedades personales (empresa unipersonal y sociedades de hecho) y en el tramo de peque\u00f1as empresas, se observa una importancia sustancialmente mayor de las sociedades de capital (SRL, SAS y SA). (El Observador)<\/p>\n","protected":false},"excerpt":{"rendered":"<p>M\u00e1s all\u00e1 de los casos que ocupan titulares, hay un fen\u00f3meno menos visible: el de las empresas uruguayas que cierran en silencio, esas que no generan comunicados ni portadas, pero que revelan los desaf\u00edos m\u00e1s profundos y estructurales del ecosistema empresarial. Seg\u00fan datos recabados entre 2008 y 2021 por la Agencia Nacional de Desarrollo, en [&hellip;]<\/p>\n","protected":false},"author":3,"featured_media":1613,"comment_status":"open","ping_status":"open","sticky":false,"template":"","format":"standard","meta":{"_joinchat":[],"footnotes":""},"categories":[15],"tags":[],"class_list":{"0":"post-1612","1":"post","2":"type-post","3":"status-publish","4":"format-standard","5":"has-post-thumbnail","7":"category-sin-categoria-es"},"yoast_head":"<!-- This site is optimized with the Yoast SEO plugin v27.5 - https:\/\/yoast.com\/product\/yoast-seo-wordpress\/ -->\n<title>M\u00c1S DE 7.000 EMPRESAS CERRARON EN URUGUAY EN EL SEGUNDO TRIMESTRE DE 2025: LAS CAUSAS Y DESAF\u00cdOS DETR\u00c1S DE LA CIFRA. - Palmero Despachante de Aduana<\/title>\n<meta name=\"robots\" content=\"noindex, follow\" \/>\n<meta property=\"og:locale\" content=\"es_ES\" \/>\n<meta property=\"og:type\" content=\"article\" \/>\n<meta property=\"og:title\" content=\"M\u00c1S DE 7.000 EMPRESAS CERRARON EN URUGUAY EN EL SEGUNDO TRIMESTRE DE 2025: LAS CAUSAS Y DESAF\u00cdOS DETR\u00c1S DE LA CIFRA. - Palmero Despachante de Aduana\" \/>\n<meta property=\"og:description\" content=\"M\u00e1s all\u00e1 de los casos que ocupan titulares, hay un fen\u00f3meno menos visible: el de las empresas uruguayas que cierran en silencio, esas que no generan comunicados ni portadas, pero que revelan los desaf\u00edos m\u00e1s profundos y estructurales del ecosistema empresarial. Seg\u00fan datos recabados entre 2008 y 2021 por la Agencia Nacional de Desarrollo, en [&hellip;]\" \/>\n<meta property=\"og:url\" content=\"https:\/\/palmerodespachante.uy\/index.php\/2025\/10\/31\/mas-de-7-000-empresas-cerraron-en-uruguay-en-el-segundo-trimestre-de-2025-las-causas-y-desafios-detras-de-la-cifra\/\" \/>\n<meta property=\"og:site_name\" content=\"Palmero Despachante de Aduana\" \/>\n<meta property=\"article:publisher\" content=\"https:\/\/www.facebook.com\/despachantedeaduana.palmero?hc_ref=ARQPWzEmqFz3O_9qTlrxPP6NW-Vf1b4-iJdwH7XdkuWdfarefzfPyjY7DGBCye4mnJs\" \/>\n<meta property=\"article:published_time\" content=\"2025-10-31T17:03:11+00:00\" \/>\n<meta property=\"article:modified_time\" content=\"2025-10-31T17:03:12+00:00\" \/>\n<meta property=\"og:image\" content=\"http:\/\/palmerodespachante.uy\/wp-content\/uploads\/2025\/10\/CERRARON.jpg\" \/>\n\t<meta property=\"og:image:width\" content=\"1000\" \/>\n\t<meta property=\"og:image:height\" content=\"766\" \/>\n\t<meta property=\"og:image:type\" content=\"image\/jpeg\" \/>\n<meta name=\"author\" content=\"Javier Palmero\" \/>\n<meta name=\"twitter:card\" content=\"summary_large_image\" \/>\n<meta name=\"twitter:label1\" content=\"Escrito por\" \/>\n\t<meta name=\"twitter:data1\" content=\"Javier Palmero\" \/>\n\t<meta name=\"twitter:label2\" content=\"Tiempo de lectura\" \/>\n\t<meta name=\"twitter:data2\" content=\"2 minutos\" \/>\n<script type=\"application\/ld+json\" class=\"yoast-schema-graph\">{\"@context\":\"https:\\\/\\\/schema.org\",\"@graph\":[{\"@type\":\"Article\",\"@id\":\"https:\\\/\\\/palmerodespachante.uy\\\/index.php\\\/2025\\\/10\\\/31\\\/mas-de-7-000-empresas-cerraron-en-uruguay-en-el-segundo-trimestre-de-2025-las-causas-y-desafios-detras-de-la-cifra\\\/#article\",\"isPartOf\":{\"@id\":\"https:\\\/\\\/palmerodespachante.uy\\\/index.php\\\/2025\\\/10\\\/31\\\/mas-de-7-000-empresas-cerraron-en-uruguay-en-el-segundo-trimestre-de-2025-las-causas-y-desafios-detras-de-la-cifra\\\/\"},\"author\":{\"name\":\"Javier Palmero\",\"@id\":\"https:\\\/\\\/palmerodespachante.uy\\\/#\\\/schema\\\/person\\\/9eabdcdc87fc74d275cc2faf2ce2f732\"},\"headline\":\"M\u00c1S DE 7.000 EMPRESAS CERRARON EN URUGUAY EN EL SEGUNDO TRIMESTRE DE 2025: LAS CAUSAS Y DESAF\u00cdOS DETR\u00c1S DE LA CIFRA.\",\"datePublished\":\"2025-10-31T17:03:11+00:00\",\"dateModified\":\"2025-10-31T17:03:12+00:00\",\"mainEntityOfPage\":{\"@id\":\"https:\\\/\\\/palmerodespachante.uy\\\/index.php\\\/2025\\\/10\\\/31\\\/mas-de-7-000-empresas-cerraron-en-uruguay-en-el-segundo-trimestre-de-2025-las-causas-y-desafios-detras-de-la-cifra\\\/\"},\"wordCount\":310,\"commentCount\":0,\"publisher\":{\"@id\":\"https:\\\/\\\/palmerodespachante.uy\\\/#organization\"},\"image\":{\"@id\":\"https:\\\/\\\/palmerodespachante.uy\\\/index.php\\\/2025\\\/10\\\/31\\\/mas-de-7-000-empresas-cerraron-en-uruguay-en-el-segundo-trimestre-de-2025-las-causas-y-desafios-detras-de-la-cifra\\\/#primaryimage\"},\"thumbnailUrl\":\"https:\\\/\\\/palmerodespachante.uy\\\/wp-content\\\/uploads\\\/2025\\\/10\\\/CERRARON.jpg\",\"inLanguage\":\"es\",\"potentialAction\":[{\"@type\":\"CommentAction\",\"name\":\"Comment\",\"target\":[\"https:\\\/\\\/palmerodespachante.uy\\\/index.php\\\/2025\\\/10\\\/31\\\/mas-de-7-000-empresas-cerraron-en-uruguay-en-el-segundo-trimestre-de-2025-las-causas-y-desafios-detras-de-la-cifra\\\/#respond\"]}]},{\"@type\":\"WebPage\",\"@id\":\"https:\\\/\\\/palmerodespachante.uy\\\/index.php\\\/2025\\\/10\\\/31\\\/mas-de-7-000-empresas-cerraron-en-uruguay-en-el-segundo-trimestre-de-2025-las-causas-y-desafios-detras-de-la-cifra\\\/\",\"url\":\"https:\\\/\\\/palmerodespachante.uy\\\/index.php\\\/2025\\\/10\\\/31\\\/mas-de-7-000-empresas-cerraron-en-uruguay-en-el-segundo-trimestre-de-2025-las-causas-y-desafios-detras-de-la-cifra\\\/\",\"name\":\"M\u00c1S DE 7.000 EMPRESAS CERRARON EN URUGUAY EN EL SEGUNDO TRIMESTRE DE 2025: LAS CAUSAS Y DESAF\u00cdOS DETR\u00c1S DE LA CIFRA. - Palmero Despachante de Aduana\",\"isPartOf\":{\"@id\":\"https:\\\/\\\/palmerodespachante.uy\\\/#website\"},\"primaryImageOfPage\":{\"@id\":\"https:\\\/\\\/palmerodespachante.uy\\\/index.php\\\/2025\\\/10\\\/31\\\/mas-de-7-000-empresas-cerraron-en-uruguay-en-el-segundo-trimestre-de-2025-las-causas-y-desafios-detras-de-la-cifra\\\/#primaryimage\"},\"image\":{\"@id\":\"https:\\\/\\\/palmerodespachante.uy\\\/index.php\\\/2025\\\/10\\\/31\\\/mas-de-7-000-empresas-cerraron-en-uruguay-en-el-segundo-trimestre-de-2025-las-causas-y-desafios-detras-de-la-cifra\\\/#primaryimage\"},\"thumbnailUrl\":\"https:\\\/\\\/palmerodespachante.uy\\\/wp-content\\\/uploads\\\/2025\\\/10\\\/CERRARON.jpg\",\"datePublished\":\"2025-10-31T17:03:11+00:00\",\"dateModified\":\"2025-10-31T17:03:12+00:00\",\"breadcrumb\":{\"@id\":\"https:\\\/\\\/palmerodespachante.uy\\\/index.php\\\/2025\\\/10\\\/31\\\/mas-de-7-000-empresas-cerraron-en-uruguay-en-el-segundo-trimestre-de-2025-las-causas-y-desafios-detras-de-la-cifra\\\/#breadcrumb\"},\"inLanguage\":\"es\",\"potentialAction\":[{\"@type\":\"ReadAction\",\"target\":[\"https:\\\/\\\/palmerodespachante.uy\\\/index.php\\\/2025\\\/10\\\/31\\\/mas-de-7-000-empresas-cerraron-en-uruguay-en-el-segundo-trimestre-de-2025-las-causas-y-desafios-detras-de-la-cifra\\\/\"]}]},{\"@type\":\"ImageObject\",\"inLanguage\":\"es\",\"@id\":\"https:\\\/\\\/palmerodespachante.uy\\\/index.php\\\/2025\\\/10\\\/31\\\/mas-de-7-000-empresas-cerraron-en-uruguay-en-el-segundo-trimestre-de-2025-las-causas-y-desafios-detras-de-la-cifra\\\/#primaryimage\",\"url\":\"https:\\\/\\\/palmerodespachante.uy\\\/wp-content\\\/uploads\\\/2025\\\/10\\\/CERRARON.jpg\",\"contentUrl\":\"https:\\\/\\\/palmerodespachante.uy\\\/wp-content\\\/uploads\\\/2025\\\/10\\\/CERRARON.jpg\",\"width\":1000,\"height\":766},{\"@type\":\"BreadcrumbList\",\"@id\":\"https:\\\/\\\/palmerodespachante.uy\\\/index.php\\\/2025\\\/10\\\/31\\\/mas-de-7-000-empresas-cerraron-en-uruguay-en-el-segundo-trimestre-de-2025-las-causas-y-desafios-detras-de-la-cifra\\\/#breadcrumb\",\"itemListElement\":[{\"@type\":\"ListItem\",\"position\":1,\"name\":\"Portada\",\"item\":\"https:\\\/\\\/palmerodespachante.uy\\\/\"},{\"@type\":\"ListItem\",\"position\":2,\"name\":\"M\u00c1S DE 7.000 EMPRESAS CERRARON EN URUGUAY EN EL SEGUNDO TRIMESTRE DE 2025: LAS CAUSAS Y DESAF\u00cdOS DETR\u00c1S DE LA CIFRA.\"}]},{\"@type\":\"WebSite\",\"@id\":\"https:\\\/\\\/palmerodespachante.uy\\\/#website\",\"url\":\"https:\\\/\\\/palmerodespachante.uy\\\/\",\"name\":\"Palmero Despachante de Aduana\",\"description\":\"Importaci\u00f3n, Exportaci\u00f3n, Tr\u00e1nsito\",\"publisher\":{\"@id\":\"https:\\\/\\\/palmerodespachante.uy\\\/#organization\"},\"potentialAction\":[{\"@type\":\"SearchAction\",\"target\":{\"@type\":\"EntryPoint\",\"urlTemplate\":\"https:\\\/\\\/palmerodespachante.uy\\\/?s={search_term_string}\"},\"query-input\":{\"@type\":\"PropertyValueSpecification\",\"valueRequired\":true,\"valueName\":\"search_term_string\"}}],\"inLanguage\":\"es\"},{\"@type\":\"Organization\",\"@id\":\"https:\\\/\\\/palmerodespachante.uy\\\/#organization\",\"name\":\"Palmero Despachante de Aduanas\",\"url\":\"https:\\\/\\\/palmerodespachante.uy\\\/\",\"logo\":{\"@type\":\"ImageObject\",\"inLanguage\":\"es\",\"@id\":\"https:\\\/\\\/palmerodespachante.uy\\\/#\\\/schema\\\/logo\\\/image\\\/\",\"url\":\"https:\\\/\\\/palmerodespachante.uy\\\/wp-content\\\/uploads\\\/2018\\\/08\\\/Logo-144.png\",\"contentUrl\":\"https:\\\/\\\/palmerodespachante.uy\\\/wp-content\\\/uploads\\\/2018\\\/08\\\/Logo-144.png\",\"width\":144,\"height\":144,\"caption\":\"Palmero Despachante de Aduanas\"},\"image\":{\"@id\":\"https:\\\/\\\/palmerodespachante.uy\\\/#\\\/schema\\\/logo\\\/image\\\/\"},\"sameAs\":[\"https:\\\/\\\/www.facebook.com\\\/despachantedeaduana.palmero?hc_ref=ARQPWzEmqFz3O_9qTlrxPP6NW-Vf1b4-iJdwH7XdkuWdfarefzfPyjY7DGBCye4mnJs\",\"https:\\\/\\\/www.linkedin.com\\\/company\\\/despachante-de-aduana-palmero\\\/\"]},{\"@type\":\"Person\",\"@id\":\"https:\\\/\\\/palmerodespachante.uy\\\/#\\\/schema\\\/person\\\/9eabdcdc87fc74d275cc2faf2ce2f732\",\"name\":\"Javier Palmero\",\"image\":{\"@type\":\"ImageObject\",\"inLanguage\":\"es\",\"@id\":\"https:\\\/\\\/palmerodespachante.uy\\\/wp-content\\\/litespeed\\\/avatar\\\/8e783966089c8fa82b27a6627fb956c2.jpg?ver=1777463218\",\"url\":\"https:\\\/\\\/palmerodespachante.uy\\\/wp-content\\\/litespeed\\\/avatar\\\/8e783966089c8fa82b27a6627fb956c2.jpg?ver=1777463218\",\"contentUrl\":\"https:\\\/\\\/palmerodespachante.uy\\\/wp-content\\\/litespeed\\\/avatar\\\/8e783966089c8fa82b27a6627fb956c2.jpg?ver=1777463218\",\"caption\":\"Javier Palmero\"}}]}<\/script>\n<!-- \/ Yoast SEO plugin. -->","yoast_head_json":{"title":"M\u00c1S DE 7.000 EMPRESAS CERRARON EN URUGUAY EN EL SEGUNDO TRIMESTRE DE 2025: LAS CAUSAS Y DESAF\u00cdOS DETR\u00c1S DE LA CIFRA. - Palmero Despachante de Aduana","robots":{"index":"noindex","follow":"follow"},"og_locale":"es_ES","og_type":"article","og_title":"M\u00c1S DE 7.000 EMPRESAS CERRARON EN URUGUAY EN EL SEGUNDO TRIMESTRE DE 2025: LAS CAUSAS Y DESAF\u00cdOS DETR\u00c1S DE LA CIFRA. - Palmero Despachante de Aduana","og_description":"M\u00e1s all\u00e1 de los casos que ocupan titulares, hay un fen\u00f3meno menos visible: el de las empresas uruguayas que cierran en silencio, esas que no generan comunicados ni portadas, pero que revelan los desaf\u00edos m\u00e1s profundos y estructurales del ecosistema empresarial. Seg\u00fan datos recabados entre 2008 y 2021 por la Agencia Nacional de Desarrollo, en [&hellip;]","og_url":"https:\/\/palmerodespachante.uy\/index.php\/2025\/10\/31\/mas-de-7-000-empresas-cerraron-en-uruguay-en-el-segundo-trimestre-de-2025-las-causas-y-desafios-detras-de-la-cifra\/","og_site_name":"Palmero Despachante de Aduana","article_publisher":"https:\/\/www.facebook.com\/despachantedeaduana.palmero?hc_ref=ARQPWzEmqFz3O_9qTlrxPP6NW-Vf1b4-iJdwH7XdkuWdfarefzfPyjY7DGBCye4mnJs","article_published_time":"2025-10-31T17:03:11+00:00","article_modified_time":"2025-10-31T17:03:12+00:00","og_image":[{"width":1000,"height":766,"url":"http:\/\/palmerodespachante.uy\/wp-content\/uploads\/2025\/10\/CERRARON.jpg","type":"image\/jpeg"}],"author":"Javier Palmero","twitter_card":"summary_large_image","twitter_misc":{"Escrito por":"Javier Palmero","Tiempo de lectura":"2 minutos"},"schema":{"@context":"https:\/\/schema.org","@graph":[{"@type":"Article","@id":"https:\/\/palmerodespachante.uy\/index.php\/2025\/10\/31\/mas-de-7-000-empresas-cerraron-en-uruguay-en-el-segundo-trimestre-de-2025-las-causas-y-desafios-detras-de-la-cifra\/#article","isPartOf":{"@id":"https:\/\/palmerodespachante.uy\/index.php\/2025\/10\/31\/mas-de-7-000-empresas-cerraron-en-uruguay-en-el-segundo-trimestre-de-2025-las-causas-y-desafios-detras-de-la-cifra\/"},"author":{"name":"Javier Palmero","@id":"https:\/\/palmerodespachante.uy\/#\/schema\/person\/9eabdcdc87fc74d275cc2faf2ce2f732"},"headline":"M\u00c1S DE 7.000 EMPRESAS CERRARON EN URUGUAY EN EL SEGUNDO TRIMESTRE DE 2025: LAS CAUSAS Y DESAF\u00cdOS DETR\u00c1S DE LA CIFRA.","datePublished":"2025-10-31T17:03:11+00:00","dateModified":"2025-10-31T17:03:12+00:00","mainEntityOfPage":{"@id":"https:\/\/palmerodespachante.uy\/index.php\/2025\/10\/31\/mas-de-7-000-empresas-cerraron-en-uruguay-en-el-segundo-trimestre-de-2025-las-causas-y-desafios-detras-de-la-cifra\/"},"wordCount":310,"commentCount":0,"publisher":{"@id":"https:\/\/palmerodespachante.uy\/#organization"},"image":{"@id":"https:\/\/palmerodespachante.uy\/index.php\/2025\/10\/31\/mas-de-7-000-empresas-cerraron-en-uruguay-en-el-segundo-trimestre-de-2025-las-causas-y-desafios-detras-de-la-cifra\/#primaryimage"},"thumbnailUrl":"https:\/\/palmerodespachante.uy\/wp-content\/uploads\/2025\/10\/CERRARON.jpg","inLanguage":"es","potentialAction":[{"@type":"CommentAction","name":"Comment","target":["https:\/\/palmerodespachante.uy\/index.php\/2025\/10\/31\/mas-de-7-000-empresas-cerraron-en-uruguay-en-el-segundo-trimestre-de-2025-las-causas-y-desafios-detras-de-la-cifra\/#respond"]}]},{"@type":"WebPage","@id":"https:\/\/palmerodespachante.uy\/index.php\/2025\/10\/31\/mas-de-7-000-empresas-cerraron-en-uruguay-en-el-segundo-trimestre-de-2025-las-causas-y-desafios-detras-de-la-cifra\/","url":"https:\/\/palmerodespachante.uy\/index.php\/2025\/10\/31\/mas-de-7-000-empresas-cerraron-en-uruguay-en-el-segundo-trimestre-de-2025-las-causas-y-desafios-detras-de-la-cifra\/","name":"M\u00c1S DE 7.000 EMPRESAS CERRARON EN URUGUAY EN EL SEGUNDO TRIMESTRE DE 2025: LAS CAUSAS Y DESAF\u00cdOS DETR\u00c1S DE LA CIFRA. - Palmero Despachante de Aduana","isPartOf":{"@id":"https:\/\/palmerodespachante.uy\/#website"},"primaryImageOfPage":{"@id":"https:\/\/palmerodespachante.uy\/index.php\/2025\/10\/31\/mas-de-7-000-empresas-cerraron-en-uruguay-en-el-segundo-trimestre-de-2025-las-causas-y-desafios-detras-de-la-cifra\/#primaryimage"},"image":{"@id":"https:\/\/palmerodespachante.uy\/index.php\/2025\/10\/31\/mas-de-7-000-empresas-cerraron-en-uruguay-en-el-segundo-trimestre-de-2025-las-causas-y-desafios-detras-de-la-cifra\/#primaryimage"},"thumbnailUrl":"https:\/\/palmerodespachante.uy\/wp-content\/uploads\/2025\/10\/CERRARON.jpg","datePublished":"2025-10-31T17:03:11+00:00","dateModified":"2025-10-31T17:03:12+00:00","breadcrumb":{"@id":"https:\/\/palmerodespachante.uy\/index.php\/2025\/10\/31\/mas-de-7-000-empresas-cerraron-en-uruguay-en-el-segundo-trimestre-de-2025-las-causas-y-desafios-detras-de-la-cifra\/#breadcrumb"},"inLanguage":"es","potentialAction":[{"@type":"ReadAction","target":["https:\/\/palmerodespachante.uy\/index.php\/2025\/10\/31\/mas-de-7-000-empresas-cerraron-en-uruguay-en-el-segundo-trimestre-de-2025-las-causas-y-desafios-detras-de-la-cifra\/"]}]},{"@type":"ImageObject","inLanguage":"es","@id":"https:\/\/palmerodespachante.uy\/index.php\/2025\/10\/31\/mas-de-7-000-empresas-cerraron-en-uruguay-en-el-segundo-trimestre-de-2025-las-causas-y-desafios-detras-de-la-cifra\/#primaryimage","url":"https:\/\/palmerodespachante.uy\/wp-content\/uploads\/2025\/10\/CERRARON.jpg","contentUrl":"https:\/\/palmerodespachante.uy\/wp-content\/uploads\/2025\/10\/CERRARON.jpg","width":1000,"height":766},{"@type":"BreadcrumbList","@id":"https:\/\/palmerodespachante.uy\/index.php\/2025\/10\/31\/mas-de-7-000-empresas-cerraron-en-uruguay-en-el-segundo-trimestre-de-2025-las-causas-y-desafios-detras-de-la-cifra\/#breadcrumb","itemListElement":[{"@type":"ListItem","position":1,"name":"Portada","item":"https:\/\/palmerodespachante.uy\/"},{"@type":"ListItem","position":2,"name":"M\u00c1S DE 7.000 EMPRESAS CERRARON EN URUGUAY EN EL SEGUNDO TRIMESTRE DE 2025: LAS CAUSAS Y DESAF\u00cdOS DETR\u00c1S DE LA CIFRA."}]},{"@type":"WebSite","@id":"https:\/\/palmerodespachante.uy\/#website","url":"https:\/\/palmerodespachante.uy\/","name":"Palmero Despachante de Aduana","description":"Importaci\u00f3n, Exportaci\u00f3n, Tr\u00e1nsito","publisher":{"@id":"https:\/\/palmerodespachante.uy\/#organization"},"potentialAction":[{"@type":"SearchAction","target":{"@type":"EntryPoint","urlTemplate":"https:\/\/palmerodespachante.uy\/?s={search_term_string}"},"query-input":{"@type":"PropertyValueSpecification","valueRequired":true,"valueName":"search_term_string"}}],"inLanguage":"es"},{"@type":"Organization","@id":"https:\/\/palmerodespachante.uy\/#organization","name":"Palmero Despachante de Aduanas","url":"https:\/\/palmerodespachante.uy\/","logo":{"@type":"ImageObject","inLanguage":"es","@id":"https:\/\/palmerodespachante.uy\/#\/schema\/logo\/image\/","url":"https:\/\/palmerodespachante.uy\/wp-content\/uploads\/2018\/08\/Logo-144.png","contentUrl":"https:\/\/palmerodespachante.uy\/wp-content\/uploads\/2018\/08\/Logo-144.png","width":144,"height":144,"caption":"Palmero Despachante de Aduanas"},"image":{"@id":"https:\/\/palmerodespachante.uy\/#\/schema\/logo\/image\/"},"sameAs":["https:\/\/www.facebook.com\/despachantedeaduana.palmero?hc_ref=ARQPWzEmqFz3O_9qTlrxPP6NW-Vf1b4-iJdwH7XdkuWdfarefzfPyjY7DGBCye4mnJs","https:\/\/www.linkedin.com\/company\/despachante-de-aduana-palmero\/"]},{"@type":"Person","@id":"https:\/\/palmerodespachante.uy\/#\/schema\/person\/9eabdcdc87fc74d275cc2faf2ce2f732","name":"Javier Palmero","image":{"@type":"ImageObject","inLanguage":"es","@id":"https:\/\/palmerodespachante.uy\/wp-content\/litespeed\/avatar\/8e783966089c8fa82b27a6627fb956c2.jpg?ver=1777463218","url":"https:\/\/palmerodespachante.uy\/wp-content\/litespeed\/avatar\/8e783966089c8fa82b27a6627fb956c2.jpg?ver=1777463218","contentUrl":"https:\/\/palmerodespachante.uy\/wp-content\/litespeed\/avatar\/8e783966089c8fa82b27a6627fb956c2.jpg?ver=1777463218","caption":"Javier Palmero"}}]}},"jetpack_featured_media_url":"https:\/\/palmerodespachante.uy\/wp-content\/uploads\/2025\/10\/CERRARON.jpg","_links":{"self":[{"href":"https:\/\/palmerodespachante.uy\/index.php\/wp-json\/wp\/v2\/posts\/1612","targetHints":{"allow":["GET"]}}],"collection":[{"href":"https:\/\/palmerodespachante.uy\/index.php\/wp-json\/wp\/v2\/posts"}],"about":[{"href":"https:\/\/palmerodespachante.uy\/index.php\/wp-json\/wp\/v2\/types\/post"}],"author":[{"embeddable":true,"href":"https:\/\/palmerodespachante.uy\/index.php\/wp-json\/wp\/v2\/users\/3"}],"replies":[{"embeddable":true,"href":"https:\/\/palmerodespachante.uy\/index.php\/wp-json\/wp\/v2\/comments?post=1612"}],"version-history":[{"count":1,"href":"https:\/\/palmerodespachante.uy\/index.php\/wp-json\/wp\/v2\/posts\/1612\/revisions"}],"predecessor-version":[{"id":1614,"href":"https:\/\/palmerodespachante.uy\/index.php\/wp-json\/wp\/v2\/posts\/1612\/revisions\/1614"}],"wp:featuredmedia":[{"embeddable":true,"href":"https:\/\/palmerodespachante.uy\/index.php\/wp-json\/wp\/v2\/media\/1613"}],"wp:attachment":[{"href":"https:\/\/palmerodespachante.uy\/index.php\/wp-json\/wp\/v2\/media?parent=1612"}],"wp:term":[{"taxonomy":"category","embeddable":true,"href":"https:\/\/palmerodespachante.uy\/index.php\/wp-json\/wp\/v2\/categories?post=1612"},{"taxonomy":"post_tag","embeddable":true,"href":"https:\/\/palmerodespachante.uy\/index.php\/wp-json\/wp\/v2\/tags?post=1612"}],"curies":[{"name":"wp","href":"https:\/\/api.w.org\/{rel}","templated":true}]}}