{"id":1604,"date":"2025-10-14T10:49:18","date_gmt":"2025-10-14T13:49:18","guid":{"rendered":"https:\/\/palmerodespachante.uy\/?p=1604"},"modified":"2025-10-14T10:49:19","modified_gmt":"2025-10-14T13:49:19","slug":"la-industria-no-crece-para-el-presidente-de-la-ciu-la-peor-senal-es-que-se-vayan-empresas-porque-en-cualquier-otro-pais-producen-mejor","status":"publish","type":"post","link":"https:\/\/palmerodespachante.uy\/index.php\/2025\/10\/14\/la-industria-no-crece-para-el-presidente-de-la-ciu-la-peor-senal-es-que-se-vayan-empresas-porque-en-cualquier-otro-pais-producen-mejor\/","title":{"rendered":"LA INDUSTRIA NO CRECE: PARA EL PRESIDENTE DE LA CIU, \u201cLA PEOR SE\u00d1AL ES QUE SE VAYAN EMPRESAS PORQUE EN CUALQUIER OTRO PA\u00cdS PRODUCEN MEJOR\u201d"},"content":{"rendered":"\n<p>Ante un a\u00f1o de incertidumbre y enlentecimiento de inversi\u00f3n, la industria manufacturera espera \u201cse\u00f1ales\u201d de parte del gobierno para acometer los problemas de competitividad y productividad que le aquejan. \u201cLa competitividad es un problema pa\u00eds que no podemos solucionar nosotros, la productividad es un asunto nuestro que debemos resolver\u201d, afirma el presidente de la C\u00e1mara de Industrias del Uruguay, Leonardo Garc\u00eda. El n\u00facleo industrial \u201clleva 15 a\u00f1os sin crecer\u201d, sostiene, y advierte sobre las empresas que se van, \u201cno porque se hayan fundido, sino porque es mejor ir a producir a otro lado\u201d. Dice estar expectante \u201cante una nueva forma de pensar la pol\u00edtica industrial\u201d que parece mostrar el gobierno, al tiempo que identifica en las compras por franquicia \u201cuna competencia desleal\u201d que no puede tolerarse. Con el empleo industrial en baja, sostiene que la automatizaci\u00f3n no es una opci\u00f3n, \u201csi no una obligaci\u00f3n\u201d para el empresario. Pero se apura a subrayar que \u201cno hay que entreverar eso con reducir la jornada laboral\u201d. (El Pa\u00eds \u2013 13\/10)<\/p>\n","protected":false},"excerpt":{"rendered":"<p>Ante un a\u00f1o de incertidumbre y enlentecimiento de inversi\u00f3n, la industria manufacturera espera \u201cse\u00f1ales\u201d de parte del gobierno para acometer los problemas de competitividad y productividad que le aquejan. \u201cLa competitividad es un problema pa\u00eds que no podemos solucionar nosotros, la productividad es un asunto nuestro que debemos resolver\u201d, afirma el presidente de la C\u00e1mara [&hellip;]<\/p>\n","protected":false},"author":3,"featured_media":1605,"comment_status":"open","ping_status":"open","sticky":false,"template":"","format":"standard","meta":{"_joinchat":[],"footnotes":""},"categories":[37],"tags":[],"class_list":{"0":"post-1604","1":"post","2":"type-post","3":"status-publish","4":"format-standard","5":"has-post-thumbnail","7":"category-noticias"},"yoast_head":"<!-- This site is optimized with the Yoast SEO plugin v27.4 - https:\/\/yoast.com\/product\/yoast-seo-wordpress\/ -->\n<title>LA INDUSTRIA NO CRECE: PARA EL PRESIDENTE DE LA CIU, \u201cLA PEOR SE\u00d1AL ES QUE SE VAYAN EMPRESAS PORQUE EN CUALQUIER OTRO PA\u00cdS PRODUCEN MEJOR\u201d - Palmero Despachante de Aduana<\/title>\n<meta name=\"robots\" content=\"noindex, follow\" \/>\n<meta property=\"og:locale\" content=\"es_ES\" \/>\n<meta property=\"og:type\" content=\"article\" \/>\n<meta property=\"og:title\" content=\"LA INDUSTRIA NO CRECE: PARA EL PRESIDENTE DE LA CIU, \u201cLA PEOR SE\u00d1AL ES QUE SE VAYAN EMPRESAS PORQUE EN CUALQUIER OTRO PA\u00cdS PRODUCEN MEJOR\u201d - Palmero Despachante de Aduana\" \/>\n<meta property=\"og:description\" content=\"Ante un a\u00f1o de incertidumbre y enlentecimiento de inversi\u00f3n, la industria manufacturera espera \u201cse\u00f1ales\u201d de parte del gobierno para acometer los problemas de competitividad y productividad que le aquejan. \u201cLa competitividad es un problema pa\u00eds que no podemos solucionar nosotros, la productividad es un asunto nuestro que debemos resolver\u201d, afirma el presidente de la C\u00e1mara [&hellip;]\" \/>\n<meta property=\"og:url\" content=\"https:\/\/palmerodespachante.uy\/index.php\/2025\/10\/14\/la-industria-no-crece-para-el-presidente-de-la-ciu-la-peor-senal-es-que-se-vayan-empresas-porque-en-cualquier-otro-pais-producen-mejor\/\" \/>\n<meta property=\"og:site_name\" content=\"Palmero Despachante de Aduana\" \/>\n<meta property=\"article:publisher\" content=\"https:\/\/www.facebook.com\/despachantedeaduana.palmero?hc_ref=ARQPWzEmqFz3O_9qTlrxPP6NW-Vf1b4-iJdwH7XdkuWdfarefzfPyjY7DGBCye4mnJs\" \/>\n<meta property=\"article:published_time\" content=\"2025-10-14T13:49:18+00:00\" \/>\n<meta property=\"article:modified_time\" content=\"2025-10-14T13:49:19+00:00\" \/>\n<meta property=\"og:image\" content=\"http:\/\/palmerodespachante.uy\/wp-content\/uploads\/2025\/10\/CIU.jpg\" \/>\n\t<meta property=\"og:image:width\" content=\"575\" \/>\n\t<meta property=\"og:image:height\" content=\"395\" \/>\n\t<meta property=\"og:image:type\" content=\"image\/jpeg\" \/>\n<meta name=\"author\" content=\"Javier Palmero\" \/>\n<meta name=\"twitter:card\" content=\"summary_large_image\" \/>\n<meta name=\"twitter:label1\" content=\"Escrito por\" \/>\n\t<meta name=\"twitter:data1\" content=\"Javier Palmero\" \/>\n\t<meta name=\"twitter:label2\" content=\"Tiempo de lectura\" \/>\n\t<meta name=\"twitter:data2\" content=\"1 minuto\" \/>\n<script type=\"application\/ld+json\" class=\"yoast-schema-graph\">{\"@context\":\"https:\\\/\\\/schema.org\",\"@graph\":[{\"@type\":\"Article\",\"@id\":\"https:\\\/\\\/palmerodespachante.uy\\\/index.php\\\/2025\\\/10\\\/14\\\/la-industria-no-crece-para-el-presidente-de-la-ciu-la-peor-senal-es-que-se-vayan-empresas-porque-en-cualquier-otro-pais-producen-mejor\\\/#article\",\"isPartOf\":{\"@id\":\"https:\\\/\\\/palmerodespachante.uy\\\/index.php\\\/2025\\\/10\\\/14\\\/la-industria-no-crece-para-el-presidente-de-la-ciu-la-peor-senal-es-que-se-vayan-empresas-porque-en-cualquier-otro-pais-producen-mejor\\\/\"},\"author\":{\"name\":\"Javier Palmero\",\"@id\":\"https:\\\/\\\/palmerodespachante.uy\\\/#\\\/schema\\\/person\\\/9eabdcdc87fc74d275cc2faf2ce2f732\"},\"headline\":\"LA INDUSTRIA NO CRECE: PARA EL PRESIDENTE DE LA CIU, \u201cLA PEOR SE\u00d1AL ES QUE SE VAYAN EMPRESAS PORQUE EN CUALQUIER OTRO PA\u00cdS PRODUCEN MEJOR\u201d\",\"datePublished\":\"2025-10-14T13:49:18+00:00\",\"dateModified\":\"2025-10-14T13:49:19+00:00\",\"mainEntityOfPage\":{\"@id\":\"https:\\\/\\\/palmerodespachante.uy\\\/index.php\\\/2025\\\/10\\\/14\\\/la-industria-no-crece-para-el-presidente-de-la-ciu-la-peor-senal-es-que-se-vayan-empresas-porque-en-cualquier-otro-pais-producen-mejor\\\/\"},\"wordCount\":204,\"commentCount\":0,\"publisher\":{\"@id\":\"https:\\\/\\\/palmerodespachante.uy\\\/#organization\"},\"image\":{\"@id\":\"https:\\\/\\\/palmerodespachante.uy\\\/index.php\\\/2025\\\/10\\\/14\\\/la-industria-no-crece-para-el-presidente-de-la-ciu-la-peor-senal-es-que-se-vayan-empresas-porque-en-cualquier-otro-pais-producen-mejor\\\/#primaryimage\"},\"thumbnailUrl\":\"https:\\\/\\\/palmerodespachante.uy\\\/wp-content\\\/uploads\\\/2025\\\/10\\\/CIU.jpg\",\"articleSection\":[\"Noticias\"],\"inLanguage\":\"es\",\"potentialAction\":[{\"@type\":\"CommentAction\",\"name\":\"Comment\",\"target\":[\"https:\\\/\\\/palmerodespachante.uy\\\/index.php\\\/2025\\\/10\\\/14\\\/la-industria-no-crece-para-el-presidente-de-la-ciu-la-peor-senal-es-que-se-vayan-empresas-porque-en-cualquier-otro-pais-producen-mejor\\\/#respond\"]}]},{\"@type\":\"WebPage\",\"@id\":\"https:\\\/\\\/palmerodespachante.uy\\\/index.php\\\/2025\\\/10\\\/14\\\/la-industria-no-crece-para-el-presidente-de-la-ciu-la-peor-senal-es-que-se-vayan-empresas-porque-en-cualquier-otro-pais-producen-mejor\\\/\",\"url\":\"https:\\\/\\\/palmerodespachante.uy\\\/index.php\\\/2025\\\/10\\\/14\\\/la-industria-no-crece-para-el-presidente-de-la-ciu-la-peor-senal-es-que-se-vayan-empresas-porque-en-cualquier-otro-pais-producen-mejor\\\/\",\"name\":\"LA INDUSTRIA NO CRECE: PARA EL PRESIDENTE DE LA CIU, \u201cLA PEOR SE\u00d1AL ES QUE SE VAYAN EMPRESAS PORQUE EN CUALQUIER OTRO PA\u00cdS PRODUCEN MEJOR\u201d - Palmero Despachante de Aduana\",\"isPartOf\":{\"@id\":\"https:\\\/\\\/palmerodespachante.uy\\\/#website\"},\"primaryImageOfPage\":{\"@id\":\"https:\\\/\\\/palmerodespachante.uy\\\/index.php\\\/2025\\\/10\\\/14\\\/la-industria-no-crece-para-el-presidente-de-la-ciu-la-peor-senal-es-que-se-vayan-empresas-porque-en-cualquier-otro-pais-producen-mejor\\\/#primaryimage\"},\"image\":{\"@id\":\"https:\\\/\\\/palmerodespachante.uy\\\/index.php\\\/2025\\\/10\\\/14\\\/la-industria-no-crece-para-el-presidente-de-la-ciu-la-peor-senal-es-que-se-vayan-empresas-porque-en-cualquier-otro-pais-producen-mejor\\\/#primaryimage\"},\"thumbnailUrl\":\"https:\\\/\\\/palmerodespachante.uy\\\/wp-content\\\/uploads\\\/2025\\\/10\\\/CIU.jpg\",\"datePublished\":\"2025-10-14T13:49:18+00:00\",\"dateModified\":\"2025-10-14T13:49:19+00:00\",\"breadcrumb\":{\"@id\":\"https:\\\/\\\/palmerodespachante.uy\\\/index.php\\\/2025\\\/10\\\/14\\\/la-industria-no-crece-para-el-presidente-de-la-ciu-la-peor-senal-es-que-se-vayan-empresas-porque-en-cualquier-otro-pais-producen-mejor\\\/#breadcrumb\"},\"inLanguage\":\"es\",\"potentialAction\":[{\"@type\":\"ReadAction\",\"target\":[\"https:\\\/\\\/palmerodespachante.uy\\\/index.php\\\/2025\\\/10\\\/14\\\/la-industria-no-crece-para-el-presidente-de-la-ciu-la-peor-senal-es-que-se-vayan-empresas-porque-en-cualquier-otro-pais-producen-mejor\\\/\"]}]},{\"@type\":\"ImageObject\",\"inLanguage\":\"es\",\"@id\":\"https:\\\/\\\/palmerodespachante.uy\\\/index.php\\\/2025\\\/10\\\/14\\\/la-industria-no-crece-para-el-presidente-de-la-ciu-la-peor-senal-es-que-se-vayan-empresas-porque-en-cualquier-otro-pais-producen-mejor\\\/#primaryimage\",\"url\":\"https:\\\/\\\/palmerodespachante.uy\\\/wp-content\\\/uploads\\\/2025\\\/10\\\/CIU.jpg\",\"contentUrl\":\"https:\\\/\\\/palmerodespachante.uy\\\/wp-content\\\/uploads\\\/2025\\\/10\\\/CIU.jpg\",\"width\":575,\"height\":395},{\"@type\":\"BreadcrumbList\",\"@id\":\"https:\\\/\\\/palmerodespachante.uy\\\/index.php\\\/2025\\\/10\\\/14\\\/la-industria-no-crece-para-el-presidente-de-la-ciu-la-peor-senal-es-que-se-vayan-empresas-porque-en-cualquier-otro-pais-producen-mejor\\\/#breadcrumb\",\"itemListElement\":[{\"@type\":\"ListItem\",\"position\":1,\"name\":\"Portada\",\"item\":\"https:\\\/\\\/palmerodespachante.uy\\\/\"},{\"@type\":\"ListItem\",\"position\":2,\"name\":\"LA INDUSTRIA NO CRECE: PARA EL PRESIDENTE DE LA CIU, \u201cLA PEOR SE\u00d1AL ES QUE SE VAYAN EMPRESAS PORQUE EN CUALQUIER OTRO PA\u00cdS PRODUCEN MEJOR\u201d\"}]},{\"@type\":\"WebSite\",\"@id\":\"https:\\\/\\\/palmerodespachante.uy\\\/#website\",\"url\":\"https:\\\/\\\/palmerodespachante.uy\\\/\",\"name\":\"Palmero Despachante de Aduana\",\"description\":\"Importaci\u00f3n, Exportaci\u00f3n, Tr\u00e1nsito\",\"publisher\":{\"@id\":\"https:\\\/\\\/palmerodespachante.uy\\\/#organization\"},\"potentialAction\":[{\"@type\":\"SearchAction\",\"target\":{\"@type\":\"EntryPoint\",\"urlTemplate\":\"https:\\\/\\\/palmerodespachante.uy\\\/?s={search_term_string}\"},\"query-input\":{\"@type\":\"PropertyValueSpecification\",\"valueRequired\":true,\"valueName\":\"search_term_string\"}}],\"inLanguage\":\"es\"},{\"@type\":\"Organization\",\"@id\":\"https:\\\/\\\/palmerodespachante.uy\\\/#organization\",\"name\":\"Palmero Despachante de Aduanas\",\"url\":\"https:\\\/\\\/palmerodespachante.uy\\\/\",\"logo\":{\"@type\":\"ImageObject\",\"inLanguage\":\"es\",\"@id\":\"https:\\\/\\\/palmerodespachante.uy\\\/#\\\/schema\\\/logo\\\/image\\\/\",\"url\":\"https:\\\/\\\/palmerodespachante.uy\\\/wp-content\\\/uploads\\\/2018\\\/08\\\/Logo-144.png\",\"contentUrl\":\"https:\\\/\\\/palmerodespachante.uy\\\/wp-content\\\/uploads\\\/2018\\\/08\\\/Logo-144.png\",\"width\":144,\"height\":144,\"caption\":\"Palmero Despachante de Aduanas\"},\"image\":{\"@id\":\"https:\\\/\\\/palmerodespachante.uy\\\/#\\\/schema\\\/logo\\\/image\\\/\"},\"sameAs\":[\"https:\\\/\\\/www.facebook.com\\\/despachantedeaduana.palmero?hc_ref=ARQPWzEmqFz3O_9qTlrxPP6NW-Vf1b4-iJdwH7XdkuWdfarefzfPyjY7DGBCye4mnJs\",\"https:\\\/\\\/www.linkedin.com\\\/company\\\/despachante-de-aduana-palmero\\\/\"]},{\"@type\":\"Person\",\"@id\":\"https:\\\/\\\/palmerodespachante.uy\\\/#\\\/schema\\\/person\\\/9eabdcdc87fc74d275cc2faf2ce2f732\",\"name\":\"Javier Palmero\",\"image\":{\"@type\":\"ImageObject\",\"inLanguage\":\"es\",\"@id\":\"https:\\\/\\\/palmerodespachante.uy\\\/wp-content\\\/litespeed\\\/avatar\\\/8e783966089c8fa82b27a6627fb956c2.jpg?ver=1776856630\",\"url\":\"https:\\\/\\\/palmerodespachante.uy\\\/wp-content\\\/litespeed\\\/avatar\\\/8e783966089c8fa82b27a6627fb956c2.jpg?ver=1776856630\",\"contentUrl\":\"https:\\\/\\\/palmerodespachante.uy\\\/wp-content\\\/litespeed\\\/avatar\\\/8e783966089c8fa82b27a6627fb956c2.jpg?ver=1776856630\",\"caption\":\"Javier Palmero\"}}]}<\/script>\n<!-- \/ Yoast SEO plugin. -->","yoast_head_json":{"title":"LA INDUSTRIA NO CRECE: PARA EL PRESIDENTE DE LA CIU, \u201cLA PEOR SE\u00d1AL ES QUE SE VAYAN EMPRESAS PORQUE EN CUALQUIER OTRO PA\u00cdS PRODUCEN MEJOR\u201d - Palmero Despachante de Aduana","robots":{"index":"noindex","follow":"follow"},"og_locale":"es_ES","og_type":"article","og_title":"LA INDUSTRIA NO CRECE: PARA EL PRESIDENTE DE LA CIU, \u201cLA PEOR SE\u00d1AL ES QUE SE VAYAN EMPRESAS PORQUE EN CUALQUIER OTRO PA\u00cdS PRODUCEN MEJOR\u201d - Palmero Despachante de Aduana","og_description":"Ante un a\u00f1o de incertidumbre y enlentecimiento de inversi\u00f3n, la industria manufacturera espera \u201cse\u00f1ales\u201d de parte del gobierno para acometer los problemas de competitividad y productividad que le aquejan. \u201cLa competitividad es un problema pa\u00eds que no podemos solucionar nosotros, la productividad es un asunto nuestro que debemos resolver\u201d, afirma el presidente de la C\u00e1mara [&hellip;]","og_url":"https:\/\/palmerodespachante.uy\/index.php\/2025\/10\/14\/la-industria-no-crece-para-el-presidente-de-la-ciu-la-peor-senal-es-que-se-vayan-empresas-porque-en-cualquier-otro-pais-producen-mejor\/","og_site_name":"Palmero Despachante de Aduana","article_publisher":"https:\/\/www.facebook.com\/despachantedeaduana.palmero?hc_ref=ARQPWzEmqFz3O_9qTlrxPP6NW-Vf1b4-iJdwH7XdkuWdfarefzfPyjY7DGBCye4mnJs","article_published_time":"2025-10-14T13:49:18+00:00","article_modified_time":"2025-10-14T13:49:19+00:00","og_image":[{"width":575,"height":395,"url":"http:\/\/palmerodespachante.uy\/wp-content\/uploads\/2025\/10\/CIU.jpg","type":"image\/jpeg"}],"author":"Javier Palmero","twitter_card":"summary_large_image","twitter_misc":{"Escrito por":"Javier Palmero","Tiempo de lectura":"1 minuto"},"schema":{"@context":"https:\/\/schema.org","@graph":[{"@type":"Article","@id":"https:\/\/palmerodespachante.uy\/index.php\/2025\/10\/14\/la-industria-no-crece-para-el-presidente-de-la-ciu-la-peor-senal-es-que-se-vayan-empresas-porque-en-cualquier-otro-pais-producen-mejor\/#article","isPartOf":{"@id":"https:\/\/palmerodespachante.uy\/index.php\/2025\/10\/14\/la-industria-no-crece-para-el-presidente-de-la-ciu-la-peor-senal-es-que-se-vayan-empresas-porque-en-cualquier-otro-pais-producen-mejor\/"},"author":{"name":"Javier Palmero","@id":"https:\/\/palmerodespachante.uy\/#\/schema\/person\/9eabdcdc87fc74d275cc2faf2ce2f732"},"headline":"LA INDUSTRIA NO CRECE: PARA EL PRESIDENTE DE LA CIU, \u201cLA PEOR SE\u00d1AL ES QUE SE VAYAN EMPRESAS PORQUE EN CUALQUIER OTRO PA\u00cdS PRODUCEN MEJOR\u201d","datePublished":"2025-10-14T13:49:18+00:00","dateModified":"2025-10-14T13:49:19+00:00","mainEntityOfPage":{"@id":"https:\/\/palmerodespachante.uy\/index.php\/2025\/10\/14\/la-industria-no-crece-para-el-presidente-de-la-ciu-la-peor-senal-es-que-se-vayan-empresas-porque-en-cualquier-otro-pais-producen-mejor\/"},"wordCount":204,"commentCount":0,"publisher":{"@id":"https:\/\/palmerodespachante.uy\/#organization"},"image":{"@id":"https:\/\/palmerodespachante.uy\/index.php\/2025\/10\/14\/la-industria-no-crece-para-el-presidente-de-la-ciu-la-peor-senal-es-que-se-vayan-empresas-porque-en-cualquier-otro-pais-producen-mejor\/#primaryimage"},"thumbnailUrl":"https:\/\/palmerodespachante.uy\/wp-content\/uploads\/2025\/10\/CIU.jpg","articleSection":["Noticias"],"inLanguage":"es","potentialAction":[{"@type":"CommentAction","name":"Comment","target":["https:\/\/palmerodespachante.uy\/index.php\/2025\/10\/14\/la-industria-no-crece-para-el-presidente-de-la-ciu-la-peor-senal-es-que-se-vayan-empresas-porque-en-cualquier-otro-pais-producen-mejor\/#respond"]}]},{"@type":"WebPage","@id":"https:\/\/palmerodespachante.uy\/index.php\/2025\/10\/14\/la-industria-no-crece-para-el-presidente-de-la-ciu-la-peor-senal-es-que-se-vayan-empresas-porque-en-cualquier-otro-pais-producen-mejor\/","url":"https:\/\/palmerodespachante.uy\/index.php\/2025\/10\/14\/la-industria-no-crece-para-el-presidente-de-la-ciu-la-peor-senal-es-que-se-vayan-empresas-porque-en-cualquier-otro-pais-producen-mejor\/","name":"LA INDUSTRIA NO CRECE: PARA EL PRESIDENTE DE LA CIU, \u201cLA PEOR SE\u00d1AL ES QUE SE VAYAN EMPRESAS PORQUE EN CUALQUIER OTRO PA\u00cdS PRODUCEN MEJOR\u201d - Palmero Despachante de Aduana","isPartOf":{"@id":"https:\/\/palmerodespachante.uy\/#website"},"primaryImageOfPage":{"@id":"https:\/\/palmerodespachante.uy\/index.php\/2025\/10\/14\/la-industria-no-crece-para-el-presidente-de-la-ciu-la-peor-senal-es-que-se-vayan-empresas-porque-en-cualquier-otro-pais-producen-mejor\/#primaryimage"},"image":{"@id":"https:\/\/palmerodespachante.uy\/index.php\/2025\/10\/14\/la-industria-no-crece-para-el-presidente-de-la-ciu-la-peor-senal-es-que-se-vayan-empresas-porque-en-cualquier-otro-pais-producen-mejor\/#primaryimage"},"thumbnailUrl":"https:\/\/palmerodespachante.uy\/wp-content\/uploads\/2025\/10\/CIU.jpg","datePublished":"2025-10-14T13:49:18+00:00","dateModified":"2025-10-14T13:49:19+00:00","breadcrumb":{"@id":"https:\/\/palmerodespachante.uy\/index.php\/2025\/10\/14\/la-industria-no-crece-para-el-presidente-de-la-ciu-la-peor-senal-es-que-se-vayan-empresas-porque-en-cualquier-otro-pais-producen-mejor\/#breadcrumb"},"inLanguage":"es","potentialAction":[{"@type":"ReadAction","target":["https:\/\/palmerodespachante.uy\/index.php\/2025\/10\/14\/la-industria-no-crece-para-el-presidente-de-la-ciu-la-peor-senal-es-que-se-vayan-empresas-porque-en-cualquier-otro-pais-producen-mejor\/"]}]},{"@type":"ImageObject","inLanguage":"es","@id":"https:\/\/palmerodespachante.uy\/index.php\/2025\/10\/14\/la-industria-no-crece-para-el-presidente-de-la-ciu-la-peor-senal-es-que-se-vayan-empresas-porque-en-cualquier-otro-pais-producen-mejor\/#primaryimage","url":"https:\/\/palmerodespachante.uy\/wp-content\/uploads\/2025\/10\/CIU.jpg","contentUrl":"https:\/\/palmerodespachante.uy\/wp-content\/uploads\/2025\/10\/CIU.jpg","width":575,"height":395},{"@type":"BreadcrumbList","@id":"https:\/\/palmerodespachante.uy\/index.php\/2025\/10\/14\/la-industria-no-crece-para-el-presidente-de-la-ciu-la-peor-senal-es-que-se-vayan-empresas-porque-en-cualquier-otro-pais-producen-mejor\/#breadcrumb","itemListElement":[{"@type":"ListItem","position":1,"name":"Portada","item":"https:\/\/palmerodespachante.uy\/"},{"@type":"ListItem","position":2,"name":"LA INDUSTRIA NO CRECE: PARA EL PRESIDENTE DE LA CIU, \u201cLA PEOR SE\u00d1AL ES QUE SE VAYAN EMPRESAS PORQUE EN CUALQUIER OTRO PA\u00cdS PRODUCEN MEJOR\u201d"}]},{"@type":"WebSite","@id":"https:\/\/palmerodespachante.uy\/#website","url":"https:\/\/palmerodespachante.uy\/","name":"Palmero Despachante de Aduana","description":"Importaci\u00f3n, Exportaci\u00f3n, Tr\u00e1nsito","publisher":{"@id":"https:\/\/palmerodespachante.uy\/#organization"},"potentialAction":[{"@type":"SearchAction","target":{"@type":"EntryPoint","urlTemplate":"https:\/\/palmerodespachante.uy\/?s={search_term_string}"},"query-input":{"@type":"PropertyValueSpecification","valueRequired":true,"valueName":"search_term_string"}}],"inLanguage":"es"},{"@type":"Organization","@id":"https:\/\/palmerodespachante.uy\/#organization","name":"Palmero Despachante de Aduanas","url":"https:\/\/palmerodespachante.uy\/","logo":{"@type":"ImageObject","inLanguage":"es","@id":"https:\/\/palmerodespachante.uy\/#\/schema\/logo\/image\/","url":"https:\/\/palmerodespachante.uy\/wp-content\/uploads\/2018\/08\/Logo-144.png","contentUrl":"https:\/\/palmerodespachante.uy\/wp-content\/uploads\/2018\/08\/Logo-144.png","width":144,"height":144,"caption":"Palmero Despachante de Aduanas"},"image":{"@id":"https:\/\/palmerodespachante.uy\/#\/schema\/logo\/image\/"},"sameAs":["https:\/\/www.facebook.com\/despachantedeaduana.palmero?hc_ref=ARQPWzEmqFz3O_9qTlrxPP6NW-Vf1b4-iJdwH7XdkuWdfarefzfPyjY7DGBCye4mnJs","https:\/\/www.linkedin.com\/company\/despachante-de-aduana-palmero\/"]},{"@type":"Person","@id":"https:\/\/palmerodespachante.uy\/#\/schema\/person\/9eabdcdc87fc74d275cc2faf2ce2f732","name":"Javier Palmero","image":{"@type":"ImageObject","inLanguage":"es","@id":"https:\/\/palmerodespachante.uy\/wp-content\/litespeed\/avatar\/8e783966089c8fa82b27a6627fb956c2.jpg?ver=1776856630","url":"https:\/\/palmerodespachante.uy\/wp-content\/litespeed\/avatar\/8e783966089c8fa82b27a6627fb956c2.jpg?ver=1776856630","contentUrl":"https:\/\/palmerodespachante.uy\/wp-content\/litespeed\/avatar\/8e783966089c8fa82b27a6627fb956c2.jpg?ver=1776856630","caption":"Javier Palmero"}}]}},"jetpack_featured_media_url":"https:\/\/palmerodespachante.uy\/wp-content\/uploads\/2025\/10\/CIU.jpg","_links":{"self":[{"href":"https:\/\/palmerodespachante.uy\/index.php\/wp-json\/wp\/v2\/posts\/1604","targetHints":{"allow":["GET"]}}],"collection":[{"href":"https:\/\/palmerodespachante.uy\/index.php\/wp-json\/wp\/v2\/posts"}],"about":[{"href":"https:\/\/palmerodespachante.uy\/index.php\/wp-json\/wp\/v2\/types\/post"}],"author":[{"embeddable":true,"href":"https:\/\/palmerodespachante.uy\/index.php\/wp-json\/wp\/v2\/users\/3"}],"replies":[{"embeddable":true,"href":"https:\/\/palmerodespachante.uy\/index.php\/wp-json\/wp\/v2\/comments?post=1604"}],"version-history":[{"count":1,"href":"https:\/\/palmerodespachante.uy\/index.php\/wp-json\/wp\/v2\/posts\/1604\/revisions"}],"predecessor-version":[{"id":1606,"href":"https:\/\/palmerodespachante.uy\/index.php\/wp-json\/wp\/v2\/posts\/1604\/revisions\/1606"}],"wp:featuredmedia":[{"embeddable":true,"href":"https:\/\/palmerodespachante.uy\/index.php\/wp-json\/wp\/v2\/media\/1605"}],"wp:attachment":[{"href":"https:\/\/palmerodespachante.uy\/index.php\/wp-json\/wp\/v2\/media?parent=1604"}],"wp:term":[{"taxonomy":"category","embeddable":true,"href":"https:\/\/palmerodespachante.uy\/index.php\/wp-json\/wp\/v2\/categories?post=1604"},{"taxonomy":"post_tag","embeddable":true,"href":"https:\/\/palmerodespachante.uy\/index.php\/wp-json\/wp\/v2\/tags?post=1604"}],"curies":[{"name":"wp","href":"https:\/\/api.w.org\/{rel}","templated":true}]}}