{"id":1588,"date":"2025-10-08T16:46:12","date_gmt":"2025-10-08T19:46:12","guid":{"rendered":"https:\/\/palmerodespachante.uy\/?p=1588"},"modified":"2025-10-08T16:46:14","modified_gmt":"2025-10-08T19:46:14","slug":"fuego-cruzado-en-el-puerto-de-montevideo-freno-de-actividad-reclamos-para-menor-jornada-laboral-y-otros-enfrentamientos","status":"publish","type":"post","link":"https:\/\/palmerodespachante.uy\/index.php\/2025\/10\/08\/fuego-cruzado-en-el-puerto-de-montevideo-freno-de-actividad-reclamos-para-menor-jornada-laboral-y-otros-enfrentamientos\/","title":{"rendered":"FUEGO CRUZADO EN EL PUERTO DE MONTEVIDEO: FRENO DE ACTIVIDAD, RECLAMOS PARA MENOR JORNADA LABORAL Y OTROS ENFRENTAMIENTOS"},"content":{"rendered":"\n<p>En pocos d\u00edas, el puerto de Montevideo qued\u00f3 inmerso en una detenci\u00f3n de actividades por un enfrentamiento del sindicato con Terminal Cuenca del Plata (TCP). En el \u00e1mbito p\u00fablico, la dirigencia tambi\u00e9n cuestion\u00f3 actitudes de la Administraci\u00f3n Nacional de Puertos (ANP) con la que mantiene negociaciones sobre aspectos laborales. A ese escenario conflictivo se sum\u00f3 el reclamo de la gremial de transportistas que mostr\u00f3 molestia por la p\u00e9rdida de jornadas de trabajo como consecuencia de las medidas. El martes 30 de setiembre, TCP (propiedad de la multinacional Katoen Natie con participaci\u00f3n del Estado) anunci\u00f3 un cambio de sistema inform\u00e1tico. \u201cRealizaremos la transici\u00f3n de nuestro antiguo sistema operativo al nuevo y mejorado Navis\/N4\u201d, public\u00f3 la compa\u00f1\u00eda en su p\u00e1gina web y redes sociales, mensaje solo entendible para usuarios de la terminal y despachantes de aduana. Pero el cambio mencionado gener\u00f3 una r\u00e1pida respuesta. El Sindicato \u00danico Portuario y Ramas Afines (Supra) comunic\u00f3 ese d\u00eda a sus afiliados que la implementaci\u00f3n del nuevo sistema operativo era contraproducente para los trabajadores. \u201cViene a quitar los tiempos muertos y agilizar nuestro rendimiento para que produzcamos m\u00e1s en el mismo lapso de tiempo, lo que conlleva mayor exigencia y exposici\u00f3n al trabajo\u201d, coment\u00f3. En otro frente, el Supra mantiene reuniones bipartitas con representantes de la ANP sobre diferentes temas. En uno de esos encuentros que se realiz\u00f3 el martes 30 de setiembre se abordaron aspectos vinculados a inequidades salariales, r\u00e9gimen de personal embarcado en dragas, la redefinici\u00f3n de la estructura institucional y de la carrera funcional, promociones y vacantes, seg\u00fan inform\u00f3 el directorio del organismo en un comunicado a toda la plantilla laboral, redactado el 1\u00ba de octubre. (El Observador \u2013 04\/10)<\/p>\n","protected":false},"excerpt":{"rendered":"<p>En pocos d\u00edas, el puerto de Montevideo qued\u00f3 inmerso en una detenci\u00f3n de actividades por un enfrentamiento del sindicato con Terminal Cuenca del Plata (TCP). En el \u00e1mbito p\u00fablico, la dirigencia tambi\u00e9n cuestion\u00f3 actitudes de la Administraci\u00f3n Nacional de Puertos (ANP) con la que mantiene negociaciones sobre aspectos laborales. A ese escenario conflictivo se sum\u00f3 [&hellip;]<\/p>\n","protected":false},"author":3,"featured_media":1589,"comment_status":"open","ping_status":"open","sticky":false,"template":"","format":"standard","meta":{"_joinchat":[],"footnotes":""},"categories":[37],"tags":[],"class_list":{"0":"post-1588","1":"post","2":"type-post","3":"status-publish","4":"format-standard","5":"has-post-thumbnail","7":"category-noticias"},"yoast_head":"<!-- This site is optimized with the Yoast SEO plugin v27.5 - https:\/\/yoast.com\/product\/yoast-seo-wordpress\/ -->\n<title>FUEGO CRUZADO EN EL PUERTO DE MONTEVIDEO: FRENO DE ACTIVIDAD, RECLAMOS PARA MENOR JORNADA LABORAL Y OTROS ENFRENTAMIENTOS - Palmero Despachante de Aduana<\/title>\n<meta name=\"robots\" content=\"noindex, follow\" \/>\n<meta property=\"og:locale\" content=\"es_ES\" \/>\n<meta property=\"og:type\" content=\"article\" \/>\n<meta property=\"og:title\" content=\"FUEGO CRUZADO EN EL PUERTO DE MONTEVIDEO: FRENO DE ACTIVIDAD, RECLAMOS PARA MENOR JORNADA LABORAL Y OTROS ENFRENTAMIENTOS - Palmero Despachante de Aduana\" \/>\n<meta property=\"og:description\" content=\"En pocos d\u00edas, el puerto de Montevideo qued\u00f3 inmerso en una detenci\u00f3n de actividades por un enfrentamiento del sindicato con Terminal Cuenca del Plata (TCP). En el \u00e1mbito p\u00fablico, la dirigencia tambi\u00e9n cuestion\u00f3 actitudes de la Administraci\u00f3n Nacional de Puertos (ANP) con la que mantiene negociaciones sobre aspectos laborales. A ese escenario conflictivo se sum\u00f3 [&hellip;]\" \/>\n<meta property=\"og:url\" content=\"https:\/\/palmerodespachante.uy\/index.php\/2025\/10\/08\/fuego-cruzado-en-el-puerto-de-montevideo-freno-de-actividad-reclamos-para-menor-jornada-laboral-y-otros-enfrentamientos\/\" \/>\n<meta property=\"og:site_name\" content=\"Palmero Despachante de Aduana\" \/>\n<meta property=\"article:publisher\" content=\"https:\/\/www.facebook.com\/despachantedeaduana.palmero?hc_ref=ARQPWzEmqFz3O_9qTlrxPP6NW-Vf1b4-iJdwH7XdkuWdfarefzfPyjY7DGBCye4mnJs\" \/>\n<meta property=\"article:published_time\" content=\"2025-10-08T19:46:12+00:00\" \/>\n<meta property=\"article:modified_time\" content=\"2025-10-08T19:46:14+00:00\" \/>\n<meta property=\"og:image\" content=\"http:\/\/palmerodespachante.uy\/wp-content\/uploads\/2025\/10\/ANP-2.jpg\" \/>\n\t<meta property=\"og:image:width\" content=\"1000\" \/>\n\t<meta property=\"og:image:height\" content=\"667\" \/>\n\t<meta property=\"og:image:type\" content=\"image\/jpeg\" \/>\n<meta name=\"author\" content=\"Javier Palmero\" \/>\n<meta name=\"twitter:card\" content=\"summary_large_image\" \/>\n<meta name=\"twitter:label1\" content=\"Escrito por\" \/>\n\t<meta name=\"twitter:data1\" content=\"Javier Palmero\" \/>\n\t<meta name=\"twitter:label2\" content=\"Tiempo de lectura\" \/>\n\t<meta name=\"twitter:data2\" content=\"2 minutos\" \/>\n<script type=\"application\/ld+json\" class=\"yoast-schema-graph\">{\"@context\":\"https:\\\/\\\/schema.org\",\"@graph\":[{\"@type\":\"Article\",\"@id\":\"https:\\\/\\\/palmerodespachante.uy\\\/index.php\\\/2025\\\/10\\\/08\\\/fuego-cruzado-en-el-puerto-de-montevideo-freno-de-actividad-reclamos-para-menor-jornada-laboral-y-otros-enfrentamientos\\\/#article\",\"isPartOf\":{\"@id\":\"https:\\\/\\\/palmerodespachante.uy\\\/index.php\\\/2025\\\/10\\\/08\\\/fuego-cruzado-en-el-puerto-de-montevideo-freno-de-actividad-reclamos-para-menor-jornada-laboral-y-otros-enfrentamientos\\\/\"},\"author\":{\"name\":\"Javier Palmero\",\"@id\":\"https:\\\/\\\/palmerodespachante.uy\\\/#\\\/schema\\\/person\\\/9eabdcdc87fc74d275cc2faf2ce2f732\"},\"headline\":\"FUEGO CRUZADO EN EL PUERTO DE MONTEVIDEO: FRENO DE ACTIVIDAD, RECLAMOS PARA MENOR JORNADA LABORAL Y OTROS ENFRENTAMIENTOS\",\"datePublished\":\"2025-10-08T19:46:12+00:00\",\"dateModified\":\"2025-10-08T19:46:14+00:00\",\"mainEntityOfPage\":{\"@id\":\"https:\\\/\\\/palmerodespachante.uy\\\/index.php\\\/2025\\\/10\\\/08\\\/fuego-cruzado-en-el-puerto-de-montevideo-freno-de-actividad-reclamos-para-menor-jornada-laboral-y-otros-enfrentamientos\\\/\"},\"wordCount\":310,\"commentCount\":0,\"publisher\":{\"@id\":\"https:\\\/\\\/palmerodespachante.uy\\\/#organization\"},\"image\":{\"@id\":\"https:\\\/\\\/palmerodespachante.uy\\\/index.php\\\/2025\\\/10\\\/08\\\/fuego-cruzado-en-el-puerto-de-montevideo-freno-de-actividad-reclamos-para-menor-jornada-laboral-y-otros-enfrentamientos\\\/#primaryimage\"},\"thumbnailUrl\":\"https:\\\/\\\/palmerodespachante.uy\\\/wp-content\\\/uploads\\\/2025\\\/10\\\/ANP-2.jpg\",\"articleSection\":[\"Noticias\"],\"inLanguage\":\"es\",\"potentialAction\":[{\"@type\":\"CommentAction\",\"name\":\"Comment\",\"target\":[\"https:\\\/\\\/palmerodespachante.uy\\\/index.php\\\/2025\\\/10\\\/08\\\/fuego-cruzado-en-el-puerto-de-montevideo-freno-de-actividad-reclamos-para-menor-jornada-laboral-y-otros-enfrentamientos\\\/#respond\"]}]},{\"@type\":\"WebPage\",\"@id\":\"https:\\\/\\\/palmerodespachante.uy\\\/index.php\\\/2025\\\/10\\\/08\\\/fuego-cruzado-en-el-puerto-de-montevideo-freno-de-actividad-reclamos-para-menor-jornada-laboral-y-otros-enfrentamientos\\\/\",\"url\":\"https:\\\/\\\/palmerodespachante.uy\\\/index.php\\\/2025\\\/10\\\/08\\\/fuego-cruzado-en-el-puerto-de-montevideo-freno-de-actividad-reclamos-para-menor-jornada-laboral-y-otros-enfrentamientos\\\/\",\"name\":\"FUEGO CRUZADO EN EL PUERTO DE MONTEVIDEO: FRENO DE ACTIVIDAD, RECLAMOS PARA MENOR JORNADA LABORAL Y OTROS ENFRENTAMIENTOS - Palmero Despachante de Aduana\",\"isPartOf\":{\"@id\":\"https:\\\/\\\/palmerodespachante.uy\\\/#website\"},\"primaryImageOfPage\":{\"@id\":\"https:\\\/\\\/palmerodespachante.uy\\\/index.php\\\/2025\\\/10\\\/08\\\/fuego-cruzado-en-el-puerto-de-montevideo-freno-de-actividad-reclamos-para-menor-jornada-laboral-y-otros-enfrentamientos\\\/#primaryimage\"},\"image\":{\"@id\":\"https:\\\/\\\/palmerodespachante.uy\\\/index.php\\\/2025\\\/10\\\/08\\\/fuego-cruzado-en-el-puerto-de-montevideo-freno-de-actividad-reclamos-para-menor-jornada-laboral-y-otros-enfrentamientos\\\/#primaryimage\"},\"thumbnailUrl\":\"https:\\\/\\\/palmerodespachante.uy\\\/wp-content\\\/uploads\\\/2025\\\/10\\\/ANP-2.jpg\",\"datePublished\":\"2025-10-08T19:46:12+00:00\",\"dateModified\":\"2025-10-08T19:46:14+00:00\",\"breadcrumb\":{\"@id\":\"https:\\\/\\\/palmerodespachante.uy\\\/index.php\\\/2025\\\/10\\\/08\\\/fuego-cruzado-en-el-puerto-de-montevideo-freno-de-actividad-reclamos-para-menor-jornada-laboral-y-otros-enfrentamientos\\\/#breadcrumb\"},\"inLanguage\":\"es\",\"potentialAction\":[{\"@type\":\"ReadAction\",\"target\":[\"https:\\\/\\\/palmerodespachante.uy\\\/index.php\\\/2025\\\/10\\\/08\\\/fuego-cruzado-en-el-puerto-de-montevideo-freno-de-actividad-reclamos-para-menor-jornada-laboral-y-otros-enfrentamientos\\\/\"]}]},{\"@type\":\"ImageObject\",\"inLanguage\":\"es\",\"@id\":\"https:\\\/\\\/palmerodespachante.uy\\\/index.php\\\/2025\\\/10\\\/08\\\/fuego-cruzado-en-el-puerto-de-montevideo-freno-de-actividad-reclamos-para-menor-jornada-laboral-y-otros-enfrentamientos\\\/#primaryimage\",\"url\":\"https:\\\/\\\/palmerodespachante.uy\\\/wp-content\\\/uploads\\\/2025\\\/10\\\/ANP-2.jpg\",\"contentUrl\":\"https:\\\/\\\/palmerodespachante.uy\\\/wp-content\\\/uploads\\\/2025\\\/10\\\/ANP-2.jpg\",\"width\":1000,\"height\":667},{\"@type\":\"BreadcrumbList\",\"@id\":\"https:\\\/\\\/palmerodespachante.uy\\\/index.php\\\/2025\\\/10\\\/08\\\/fuego-cruzado-en-el-puerto-de-montevideo-freno-de-actividad-reclamos-para-menor-jornada-laboral-y-otros-enfrentamientos\\\/#breadcrumb\",\"itemListElement\":[{\"@type\":\"ListItem\",\"position\":1,\"name\":\"Portada\",\"item\":\"https:\\\/\\\/palmerodespachante.uy\\\/\"},{\"@type\":\"ListItem\",\"position\":2,\"name\":\"FUEGO CRUZADO EN EL PUERTO DE MONTEVIDEO: FRENO DE ACTIVIDAD, RECLAMOS PARA MENOR JORNADA LABORAL Y OTROS ENFRENTAMIENTOS\"}]},{\"@type\":\"WebSite\",\"@id\":\"https:\\\/\\\/palmerodespachante.uy\\\/#website\",\"url\":\"https:\\\/\\\/palmerodespachante.uy\\\/\",\"name\":\"Palmero Despachante de Aduana\",\"description\":\"Importaci\u00f3n, Exportaci\u00f3n, Tr\u00e1nsito\",\"publisher\":{\"@id\":\"https:\\\/\\\/palmerodespachante.uy\\\/#organization\"},\"potentialAction\":[{\"@type\":\"SearchAction\",\"target\":{\"@type\":\"EntryPoint\",\"urlTemplate\":\"https:\\\/\\\/palmerodespachante.uy\\\/?s={search_term_string}\"},\"query-input\":{\"@type\":\"PropertyValueSpecification\",\"valueRequired\":true,\"valueName\":\"search_term_string\"}}],\"inLanguage\":\"es\"},{\"@type\":\"Organization\",\"@id\":\"https:\\\/\\\/palmerodespachante.uy\\\/#organization\",\"name\":\"Palmero Despachante de Aduanas\",\"url\":\"https:\\\/\\\/palmerodespachante.uy\\\/\",\"logo\":{\"@type\":\"ImageObject\",\"inLanguage\":\"es\",\"@id\":\"https:\\\/\\\/palmerodespachante.uy\\\/#\\\/schema\\\/logo\\\/image\\\/\",\"url\":\"https:\\\/\\\/palmerodespachante.uy\\\/wp-content\\\/uploads\\\/2018\\\/08\\\/Logo-144.png\",\"contentUrl\":\"https:\\\/\\\/palmerodespachante.uy\\\/wp-content\\\/uploads\\\/2018\\\/08\\\/Logo-144.png\",\"width\":144,\"height\":144,\"caption\":\"Palmero Despachante de Aduanas\"},\"image\":{\"@id\":\"https:\\\/\\\/palmerodespachante.uy\\\/#\\\/schema\\\/logo\\\/image\\\/\"},\"sameAs\":[\"https:\\\/\\\/www.facebook.com\\\/despachantedeaduana.palmero?hc_ref=ARQPWzEmqFz3O_9qTlrxPP6NW-Vf1b4-iJdwH7XdkuWdfarefzfPyjY7DGBCye4mnJs\",\"https:\\\/\\\/www.linkedin.com\\\/company\\\/despachante-de-aduana-palmero\\\/\"]},{\"@type\":\"Person\",\"@id\":\"https:\\\/\\\/palmerodespachante.uy\\\/#\\\/schema\\\/person\\\/9eabdcdc87fc74d275cc2faf2ce2f732\",\"name\":\"Javier Palmero\",\"image\":{\"@type\":\"ImageObject\",\"inLanguage\":\"es\",\"@id\":\"https:\\\/\\\/palmerodespachante.uy\\\/wp-content\\\/litespeed\\\/avatar\\\/8e783966089c8fa82b27a6627fb956c2.jpg?ver=1777463218\",\"url\":\"https:\\\/\\\/palmerodespachante.uy\\\/wp-content\\\/litespeed\\\/avatar\\\/8e783966089c8fa82b27a6627fb956c2.jpg?ver=1777463218\",\"contentUrl\":\"https:\\\/\\\/palmerodespachante.uy\\\/wp-content\\\/litespeed\\\/avatar\\\/8e783966089c8fa82b27a6627fb956c2.jpg?ver=1777463218\",\"caption\":\"Javier Palmero\"}}]}<\/script>\n<!-- \/ Yoast SEO plugin. -->","yoast_head_json":{"title":"FUEGO CRUZADO EN EL PUERTO DE MONTEVIDEO: FRENO DE ACTIVIDAD, RECLAMOS PARA MENOR JORNADA LABORAL Y OTROS ENFRENTAMIENTOS - Palmero Despachante de Aduana","robots":{"index":"noindex","follow":"follow"},"og_locale":"es_ES","og_type":"article","og_title":"FUEGO CRUZADO EN EL PUERTO DE MONTEVIDEO: FRENO DE ACTIVIDAD, RECLAMOS PARA MENOR JORNADA LABORAL Y OTROS ENFRENTAMIENTOS - Palmero Despachante de Aduana","og_description":"En pocos d\u00edas, el puerto de Montevideo qued\u00f3 inmerso en una detenci\u00f3n de actividades por un enfrentamiento del sindicato con Terminal Cuenca del Plata (TCP). En el \u00e1mbito p\u00fablico, la dirigencia tambi\u00e9n cuestion\u00f3 actitudes de la Administraci\u00f3n Nacional de Puertos (ANP) con la que mantiene negociaciones sobre aspectos laborales. A ese escenario conflictivo se sum\u00f3 [&hellip;]","og_url":"https:\/\/palmerodespachante.uy\/index.php\/2025\/10\/08\/fuego-cruzado-en-el-puerto-de-montevideo-freno-de-actividad-reclamos-para-menor-jornada-laboral-y-otros-enfrentamientos\/","og_site_name":"Palmero Despachante de Aduana","article_publisher":"https:\/\/www.facebook.com\/despachantedeaduana.palmero?hc_ref=ARQPWzEmqFz3O_9qTlrxPP6NW-Vf1b4-iJdwH7XdkuWdfarefzfPyjY7DGBCye4mnJs","article_published_time":"2025-10-08T19:46:12+00:00","article_modified_time":"2025-10-08T19:46:14+00:00","og_image":[{"width":1000,"height":667,"url":"http:\/\/palmerodespachante.uy\/wp-content\/uploads\/2025\/10\/ANP-2.jpg","type":"image\/jpeg"}],"author":"Javier Palmero","twitter_card":"summary_large_image","twitter_misc":{"Escrito por":"Javier Palmero","Tiempo de lectura":"2 minutos"},"schema":{"@context":"https:\/\/schema.org","@graph":[{"@type":"Article","@id":"https:\/\/palmerodespachante.uy\/index.php\/2025\/10\/08\/fuego-cruzado-en-el-puerto-de-montevideo-freno-de-actividad-reclamos-para-menor-jornada-laboral-y-otros-enfrentamientos\/#article","isPartOf":{"@id":"https:\/\/palmerodespachante.uy\/index.php\/2025\/10\/08\/fuego-cruzado-en-el-puerto-de-montevideo-freno-de-actividad-reclamos-para-menor-jornada-laboral-y-otros-enfrentamientos\/"},"author":{"name":"Javier Palmero","@id":"https:\/\/palmerodespachante.uy\/#\/schema\/person\/9eabdcdc87fc74d275cc2faf2ce2f732"},"headline":"FUEGO CRUZADO EN EL PUERTO DE MONTEVIDEO: FRENO DE ACTIVIDAD, RECLAMOS PARA MENOR JORNADA LABORAL Y OTROS ENFRENTAMIENTOS","datePublished":"2025-10-08T19:46:12+00:00","dateModified":"2025-10-08T19:46:14+00:00","mainEntityOfPage":{"@id":"https:\/\/palmerodespachante.uy\/index.php\/2025\/10\/08\/fuego-cruzado-en-el-puerto-de-montevideo-freno-de-actividad-reclamos-para-menor-jornada-laboral-y-otros-enfrentamientos\/"},"wordCount":310,"commentCount":0,"publisher":{"@id":"https:\/\/palmerodespachante.uy\/#organization"},"image":{"@id":"https:\/\/palmerodespachante.uy\/index.php\/2025\/10\/08\/fuego-cruzado-en-el-puerto-de-montevideo-freno-de-actividad-reclamos-para-menor-jornada-laboral-y-otros-enfrentamientos\/#primaryimage"},"thumbnailUrl":"https:\/\/palmerodespachante.uy\/wp-content\/uploads\/2025\/10\/ANP-2.jpg","articleSection":["Noticias"],"inLanguage":"es","potentialAction":[{"@type":"CommentAction","name":"Comment","target":["https:\/\/palmerodespachante.uy\/index.php\/2025\/10\/08\/fuego-cruzado-en-el-puerto-de-montevideo-freno-de-actividad-reclamos-para-menor-jornada-laboral-y-otros-enfrentamientos\/#respond"]}]},{"@type":"WebPage","@id":"https:\/\/palmerodespachante.uy\/index.php\/2025\/10\/08\/fuego-cruzado-en-el-puerto-de-montevideo-freno-de-actividad-reclamos-para-menor-jornada-laboral-y-otros-enfrentamientos\/","url":"https:\/\/palmerodespachante.uy\/index.php\/2025\/10\/08\/fuego-cruzado-en-el-puerto-de-montevideo-freno-de-actividad-reclamos-para-menor-jornada-laboral-y-otros-enfrentamientos\/","name":"FUEGO CRUZADO EN EL PUERTO DE MONTEVIDEO: FRENO DE ACTIVIDAD, RECLAMOS PARA MENOR JORNADA LABORAL Y OTROS ENFRENTAMIENTOS - Palmero Despachante de Aduana","isPartOf":{"@id":"https:\/\/palmerodespachante.uy\/#website"},"primaryImageOfPage":{"@id":"https:\/\/palmerodespachante.uy\/index.php\/2025\/10\/08\/fuego-cruzado-en-el-puerto-de-montevideo-freno-de-actividad-reclamos-para-menor-jornada-laboral-y-otros-enfrentamientos\/#primaryimage"},"image":{"@id":"https:\/\/palmerodespachante.uy\/index.php\/2025\/10\/08\/fuego-cruzado-en-el-puerto-de-montevideo-freno-de-actividad-reclamos-para-menor-jornada-laboral-y-otros-enfrentamientos\/#primaryimage"},"thumbnailUrl":"https:\/\/palmerodespachante.uy\/wp-content\/uploads\/2025\/10\/ANP-2.jpg","datePublished":"2025-10-08T19:46:12+00:00","dateModified":"2025-10-08T19:46:14+00:00","breadcrumb":{"@id":"https:\/\/palmerodespachante.uy\/index.php\/2025\/10\/08\/fuego-cruzado-en-el-puerto-de-montevideo-freno-de-actividad-reclamos-para-menor-jornada-laboral-y-otros-enfrentamientos\/#breadcrumb"},"inLanguage":"es","potentialAction":[{"@type":"ReadAction","target":["https:\/\/palmerodespachante.uy\/index.php\/2025\/10\/08\/fuego-cruzado-en-el-puerto-de-montevideo-freno-de-actividad-reclamos-para-menor-jornada-laboral-y-otros-enfrentamientos\/"]}]},{"@type":"ImageObject","inLanguage":"es","@id":"https:\/\/palmerodespachante.uy\/index.php\/2025\/10\/08\/fuego-cruzado-en-el-puerto-de-montevideo-freno-de-actividad-reclamos-para-menor-jornada-laboral-y-otros-enfrentamientos\/#primaryimage","url":"https:\/\/palmerodespachante.uy\/wp-content\/uploads\/2025\/10\/ANP-2.jpg","contentUrl":"https:\/\/palmerodespachante.uy\/wp-content\/uploads\/2025\/10\/ANP-2.jpg","width":1000,"height":667},{"@type":"BreadcrumbList","@id":"https:\/\/palmerodespachante.uy\/index.php\/2025\/10\/08\/fuego-cruzado-en-el-puerto-de-montevideo-freno-de-actividad-reclamos-para-menor-jornada-laboral-y-otros-enfrentamientos\/#breadcrumb","itemListElement":[{"@type":"ListItem","position":1,"name":"Portada","item":"https:\/\/palmerodespachante.uy\/"},{"@type":"ListItem","position":2,"name":"FUEGO CRUZADO EN EL PUERTO DE MONTEVIDEO: FRENO DE ACTIVIDAD, RECLAMOS PARA MENOR JORNADA LABORAL Y OTROS ENFRENTAMIENTOS"}]},{"@type":"WebSite","@id":"https:\/\/palmerodespachante.uy\/#website","url":"https:\/\/palmerodespachante.uy\/","name":"Palmero Despachante de Aduana","description":"Importaci\u00f3n, Exportaci\u00f3n, Tr\u00e1nsito","publisher":{"@id":"https:\/\/palmerodespachante.uy\/#organization"},"potentialAction":[{"@type":"SearchAction","target":{"@type":"EntryPoint","urlTemplate":"https:\/\/palmerodespachante.uy\/?s={search_term_string}"},"query-input":{"@type":"PropertyValueSpecification","valueRequired":true,"valueName":"search_term_string"}}],"inLanguage":"es"},{"@type":"Organization","@id":"https:\/\/palmerodespachante.uy\/#organization","name":"Palmero Despachante de Aduanas","url":"https:\/\/palmerodespachante.uy\/","logo":{"@type":"ImageObject","inLanguage":"es","@id":"https:\/\/palmerodespachante.uy\/#\/schema\/logo\/image\/","url":"https:\/\/palmerodespachante.uy\/wp-content\/uploads\/2018\/08\/Logo-144.png","contentUrl":"https:\/\/palmerodespachante.uy\/wp-content\/uploads\/2018\/08\/Logo-144.png","width":144,"height":144,"caption":"Palmero Despachante de Aduanas"},"image":{"@id":"https:\/\/palmerodespachante.uy\/#\/schema\/logo\/image\/"},"sameAs":["https:\/\/www.facebook.com\/despachantedeaduana.palmero?hc_ref=ARQPWzEmqFz3O_9qTlrxPP6NW-Vf1b4-iJdwH7XdkuWdfarefzfPyjY7DGBCye4mnJs","https:\/\/www.linkedin.com\/company\/despachante-de-aduana-palmero\/"]},{"@type":"Person","@id":"https:\/\/palmerodespachante.uy\/#\/schema\/person\/9eabdcdc87fc74d275cc2faf2ce2f732","name":"Javier Palmero","image":{"@type":"ImageObject","inLanguage":"es","@id":"https:\/\/palmerodespachante.uy\/wp-content\/litespeed\/avatar\/8e783966089c8fa82b27a6627fb956c2.jpg?ver=1777463218","url":"https:\/\/palmerodespachante.uy\/wp-content\/litespeed\/avatar\/8e783966089c8fa82b27a6627fb956c2.jpg?ver=1777463218","contentUrl":"https:\/\/palmerodespachante.uy\/wp-content\/litespeed\/avatar\/8e783966089c8fa82b27a6627fb956c2.jpg?ver=1777463218","caption":"Javier Palmero"}}]}},"jetpack_featured_media_url":"https:\/\/palmerodespachante.uy\/wp-content\/uploads\/2025\/10\/ANP-2.jpg","_links":{"self":[{"href":"https:\/\/palmerodespachante.uy\/index.php\/wp-json\/wp\/v2\/posts\/1588","targetHints":{"allow":["GET"]}}],"collection":[{"href":"https:\/\/palmerodespachante.uy\/index.php\/wp-json\/wp\/v2\/posts"}],"about":[{"href":"https:\/\/palmerodespachante.uy\/index.php\/wp-json\/wp\/v2\/types\/post"}],"author":[{"embeddable":true,"href":"https:\/\/palmerodespachante.uy\/index.php\/wp-json\/wp\/v2\/users\/3"}],"replies":[{"embeddable":true,"href":"https:\/\/palmerodespachante.uy\/index.php\/wp-json\/wp\/v2\/comments?post=1588"}],"version-history":[{"count":1,"href":"https:\/\/palmerodespachante.uy\/index.php\/wp-json\/wp\/v2\/posts\/1588\/revisions"}],"predecessor-version":[{"id":1590,"href":"https:\/\/palmerodespachante.uy\/index.php\/wp-json\/wp\/v2\/posts\/1588\/revisions\/1590"}],"wp:featuredmedia":[{"embeddable":true,"href":"https:\/\/palmerodespachante.uy\/index.php\/wp-json\/wp\/v2\/media\/1589"}],"wp:attachment":[{"href":"https:\/\/palmerodespachante.uy\/index.php\/wp-json\/wp\/v2\/media?parent=1588"}],"wp:term":[{"taxonomy":"category","embeddable":true,"href":"https:\/\/palmerodespachante.uy\/index.php\/wp-json\/wp\/v2\/categories?post=1588"},{"taxonomy":"post_tag","embeddable":true,"href":"https:\/\/palmerodespachante.uy\/index.php\/wp-json\/wp\/v2\/tags?post=1588"}],"curies":[{"name":"wp","href":"https:\/\/api.w.org\/{rel}","templated":true}]}}