{"id":1584,"date":"2025-10-06T11:30:47","date_gmt":"2025-10-06T14:30:47","guid":{"rendered":"https:\/\/palmerodespachante.uy\/?p=1584"},"modified":"2025-10-06T11:30:48","modified_gmt":"2025-10-06T14:30:48","slug":"freno-en-efecto-temu-compras-web-en-el-exterior-arrastran-meses-de-caida","status":"publish","type":"post","link":"https:\/\/palmerodespachante.uy\/index.php\/2025\/10\/06\/freno-en-efecto-temu-compras-web-en-el-exterior-arrastran-meses-de-caida\/","title":{"rendered":"FRENO EN \u00abEFECTO TEMU\u00bb: COMPRAS WEB EN EL EXTERIOR ARRASTRAN MESES DE CA\u00cdDA."},"content":{"rendered":"\n<p>La llegada de encomiendas internacionales se mantiene din\u00e1mica en el acumulado del a\u00f1o aunque en los \u00faltimos meses las compras web en el exterior, principalmente a trav\u00e9s de la tienda china Temu, se comenzaron a frenar. Entre enero y agosto de este a\u00f1o se realizaron 1.276.530 compras web en el exterior con un aumento interanual de 161%, seg\u00fan datos de la Direcci\u00f3n Nacional de Aduanas (DNA). El fuerte incremento de los env\u00edos estuvo vinculado a la plataforma china que empez\u00f3 a expandirse en Uruguay durante el segundo semestre del a\u00f1o pasado. Temu gan\u00f3 espacio entre los consumidores como lo hace en el resto del mundo: a trav\u00e9s de una fuerte campa\u00f1a publicitaria en redes sociales. La tienda env\u00eda a sus clientes, de manera frecuente, distintas ofertas o promociones para adquirir productos a bajo precio. El 2024 tuvo el r\u00e9cord de operaciones en diciembre cuando llegaron a 166.906. El comienzo de este a\u00f1o mostr\u00f3 la misma t\u00f3nica y en mayo se registr\u00f3 el m\u00e1ximo hist\u00f3rico desde la creaci\u00f3n de la franquicia de encomiendas internacionales hace m\u00e1s de una d\u00e9cada, con la llegada de 200.485 paquetes. Pero a partir de ese momento las compras en el exterior comenzaron a bajar en comparaci\u00f3n con el mes anterior. En junio la cantidad disminuy\u00f3 a 176.899 (-11,8%); en julio fueron 167.748 (-5,2%) y en agosto descendieron a 150.521 (-10,3%), con 17.227 compras menos. En ese mes se verific\u00f3 la segunda menor cantidad de operaciones en lo que va del a\u00f1o, ya que el registro m\u00e1s bajo se produjo en abril con 142.710, seg\u00fan los datos oficiales. Tambi\u00e9n en agosto comenz\u00f3 a manejarse la posibilidad de modificar el r\u00e9gimen de franquicias internacionales que finalmente se plasm\u00f3 en el proyecto de Presupuesto quinquenal que se present\u00f3 en el Parlamento. Hasta el momento, la franquicia permite tres compras anuales que no pueden exceder los US$ 200 y los 20 kilos por vez. Si cumplen con esos requisitos, los art\u00edculos ingresan al pa\u00eds sin pagar impuestos de importaci\u00f3n. (El Observador)<\/p>\n","protected":false},"excerpt":{"rendered":"<p>La llegada de encomiendas internacionales se mantiene din\u00e1mica en el acumulado del a\u00f1o aunque en los \u00faltimos meses las compras web en el exterior, principalmente a trav\u00e9s de la tienda china Temu, se comenzaron a frenar. Entre enero y agosto de este a\u00f1o se realizaron 1.276.530 compras web en el exterior con un aumento interanual [&hellip;]<\/p>\n","protected":false},"author":3,"featured_media":1585,"comment_status":"open","ping_status":"open","sticky":false,"template":"","format":"standard","meta":{"_joinchat":[],"footnotes":""},"categories":[37],"tags":[],"class_list":{"0":"post-1584","1":"post","2":"type-post","3":"status-publish","4":"format-standard","5":"has-post-thumbnail","7":"category-noticias"},"yoast_head":"<!-- This site is optimized with the Yoast SEO plugin v27.5 - https:\/\/yoast.com\/product\/yoast-seo-wordpress\/ -->\n<title>FRENO EN &quot;EFECTO TEMU&quot;: COMPRAS WEB EN EL EXTERIOR ARRASTRAN MESES DE CA\u00cdDA. - Palmero Despachante de Aduana<\/title>\n<meta name=\"robots\" content=\"noindex, follow\" \/>\n<meta property=\"og:locale\" content=\"es_ES\" \/>\n<meta property=\"og:type\" content=\"article\" \/>\n<meta property=\"og:title\" content=\"FRENO EN &quot;EFECTO TEMU&quot;: COMPRAS WEB EN EL EXTERIOR ARRASTRAN MESES DE CA\u00cdDA. - Palmero Despachante de Aduana\" \/>\n<meta property=\"og:description\" content=\"La llegada de encomiendas internacionales se mantiene din\u00e1mica en el acumulado del a\u00f1o aunque en los \u00faltimos meses las compras web en el exterior, principalmente a trav\u00e9s de la tienda china Temu, se comenzaron a frenar. Entre enero y agosto de este a\u00f1o se realizaron 1.276.530 compras web en el exterior con un aumento interanual [&hellip;]\" \/>\n<meta property=\"og:url\" content=\"https:\/\/palmerodespachante.uy\/index.php\/2025\/10\/06\/freno-en-efecto-temu-compras-web-en-el-exterior-arrastran-meses-de-caida\/\" \/>\n<meta property=\"og:site_name\" content=\"Palmero Despachante de Aduana\" \/>\n<meta property=\"article:publisher\" content=\"https:\/\/www.facebook.com\/despachantedeaduana.palmero?hc_ref=ARQPWzEmqFz3O_9qTlrxPP6NW-Vf1b4-iJdwH7XdkuWdfarefzfPyjY7DGBCye4mnJs\" \/>\n<meta property=\"article:published_time\" content=\"2025-10-06T14:30:47+00:00\" \/>\n<meta property=\"article:modified_time\" content=\"2025-10-06T14:30:48+00:00\" \/>\n<meta property=\"og:image\" content=\"http:\/\/palmerodespachante.uy\/wp-content\/uploads\/2025\/10\/temu-2.jpg\" \/>\n\t<meta property=\"og:image:width\" content=\"1000\" \/>\n\t<meta property=\"og:image:height\" content=\"667\" \/>\n\t<meta property=\"og:image:type\" content=\"image\/jpeg\" \/>\n<meta name=\"author\" content=\"Javier Palmero\" \/>\n<meta name=\"twitter:card\" content=\"summary_large_image\" \/>\n<meta name=\"twitter:label1\" content=\"Escrito por\" \/>\n\t<meta name=\"twitter:data1\" content=\"Javier Palmero\" \/>\n\t<meta name=\"twitter:label2\" content=\"Tiempo de lectura\" \/>\n\t<meta name=\"twitter:data2\" content=\"2 minutos\" \/>\n<script type=\"application\/ld+json\" class=\"yoast-schema-graph\">{\"@context\":\"https:\\\/\\\/schema.org\",\"@graph\":[{\"@type\":\"Article\",\"@id\":\"https:\\\/\\\/palmerodespachante.uy\\\/index.php\\\/2025\\\/10\\\/06\\\/freno-en-efecto-temu-compras-web-en-el-exterior-arrastran-meses-de-caida\\\/#article\",\"isPartOf\":{\"@id\":\"https:\\\/\\\/palmerodespachante.uy\\\/index.php\\\/2025\\\/10\\\/06\\\/freno-en-efecto-temu-compras-web-en-el-exterior-arrastran-meses-de-caida\\\/\"},\"author\":{\"name\":\"Javier Palmero\",\"@id\":\"https:\\\/\\\/palmerodespachante.uy\\\/#\\\/schema\\\/person\\\/9eabdcdc87fc74d275cc2faf2ce2f732\"},\"headline\":\"FRENO EN \u00abEFECTO TEMU\u00bb: COMPRAS WEB EN EL EXTERIOR ARRASTRAN MESES DE CA\u00cdDA.\",\"datePublished\":\"2025-10-06T14:30:47+00:00\",\"dateModified\":\"2025-10-06T14:30:48+00:00\",\"mainEntityOfPage\":{\"@id\":\"https:\\\/\\\/palmerodespachante.uy\\\/index.php\\\/2025\\\/10\\\/06\\\/freno-en-efecto-temu-compras-web-en-el-exterior-arrastran-meses-de-caida\\\/\"},\"wordCount\":361,\"commentCount\":0,\"publisher\":{\"@id\":\"https:\\\/\\\/palmerodespachante.uy\\\/#organization\"},\"image\":{\"@id\":\"https:\\\/\\\/palmerodespachante.uy\\\/index.php\\\/2025\\\/10\\\/06\\\/freno-en-efecto-temu-compras-web-en-el-exterior-arrastran-meses-de-caida\\\/#primaryimage\"},\"thumbnailUrl\":\"https:\\\/\\\/palmerodespachante.uy\\\/wp-content\\\/uploads\\\/2025\\\/10\\\/temu-2.jpg\",\"articleSection\":[\"Noticias\"],\"inLanguage\":\"es\",\"potentialAction\":[{\"@type\":\"CommentAction\",\"name\":\"Comment\",\"target\":[\"https:\\\/\\\/palmerodespachante.uy\\\/index.php\\\/2025\\\/10\\\/06\\\/freno-en-efecto-temu-compras-web-en-el-exterior-arrastran-meses-de-caida\\\/#respond\"]}]},{\"@type\":\"WebPage\",\"@id\":\"https:\\\/\\\/palmerodespachante.uy\\\/index.php\\\/2025\\\/10\\\/06\\\/freno-en-efecto-temu-compras-web-en-el-exterior-arrastran-meses-de-caida\\\/\",\"url\":\"https:\\\/\\\/palmerodespachante.uy\\\/index.php\\\/2025\\\/10\\\/06\\\/freno-en-efecto-temu-compras-web-en-el-exterior-arrastran-meses-de-caida\\\/\",\"name\":\"FRENO EN \\\"EFECTO TEMU\\\": COMPRAS WEB EN EL EXTERIOR ARRASTRAN MESES DE CA\u00cdDA. - Palmero Despachante de Aduana\",\"isPartOf\":{\"@id\":\"https:\\\/\\\/palmerodespachante.uy\\\/#website\"},\"primaryImageOfPage\":{\"@id\":\"https:\\\/\\\/palmerodespachante.uy\\\/index.php\\\/2025\\\/10\\\/06\\\/freno-en-efecto-temu-compras-web-en-el-exterior-arrastran-meses-de-caida\\\/#primaryimage\"},\"image\":{\"@id\":\"https:\\\/\\\/palmerodespachante.uy\\\/index.php\\\/2025\\\/10\\\/06\\\/freno-en-efecto-temu-compras-web-en-el-exterior-arrastran-meses-de-caida\\\/#primaryimage\"},\"thumbnailUrl\":\"https:\\\/\\\/palmerodespachante.uy\\\/wp-content\\\/uploads\\\/2025\\\/10\\\/temu-2.jpg\",\"datePublished\":\"2025-10-06T14:30:47+00:00\",\"dateModified\":\"2025-10-06T14:30:48+00:00\",\"breadcrumb\":{\"@id\":\"https:\\\/\\\/palmerodespachante.uy\\\/index.php\\\/2025\\\/10\\\/06\\\/freno-en-efecto-temu-compras-web-en-el-exterior-arrastran-meses-de-caida\\\/#breadcrumb\"},\"inLanguage\":\"es\",\"potentialAction\":[{\"@type\":\"ReadAction\",\"target\":[\"https:\\\/\\\/palmerodespachante.uy\\\/index.php\\\/2025\\\/10\\\/06\\\/freno-en-efecto-temu-compras-web-en-el-exterior-arrastran-meses-de-caida\\\/\"]}]},{\"@type\":\"ImageObject\",\"inLanguage\":\"es\",\"@id\":\"https:\\\/\\\/palmerodespachante.uy\\\/index.php\\\/2025\\\/10\\\/06\\\/freno-en-efecto-temu-compras-web-en-el-exterior-arrastran-meses-de-caida\\\/#primaryimage\",\"url\":\"https:\\\/\\\/palmerodespachante.uy\\\/wp-content\\\/uploads\\\/2025\\\/10\\\/temu-2.jpg\",\"contentUrl\":\"https:\\\/\\\/palmerodespachante.uy\\\/wp-content\\\/uploads\\\/2025\\\/10\\\/temu-2.jpg\",\"width\":1000,\"height\":667},{\"@type\":\"BreadcrumbList\",\"@id\":\"https:\\\/\\\/palmerodespachante.uy\\\/index.php\\\/2025\\\/10\\\/06\\\/freno-en-efecto-temu-compras-web-en-el-exterior-arrastran-meses-de-caida\\\/#breadcrumb\",\"itemListElement\":[{\"@type\":\"ListItem\",\"position\":1,\"name\":\"Portada\",\"item\":\"https:\\\/\\\/palmerodespachante.uy\\\/\"},{\"@type\":\"ListItem\",\"position\":2,\"name\":\"FRENO EN \u00abEFECTO TEMU\u00bb: COMPRAS WEB EN EL EXTERIOR ARRASTRAN MESES DE CA\u00cdDA.\"}]},{\"@type\":\"WebSite\",\"@id\":\"https:\\\/\\\/palmerodespachante.uy\\\/#website\",\"url\":\"https:\\\/\\\/palmerodespachante.uy\\\/\",\"name\":\"Palmero Despachante de Aduana\",\"description\":\"Importaci\u00f3n, Exportaci\u00f3n, Tr\u00e1nsito\",\"publisher\":{\"@id\":\"https:\\\/\\\/palmerodespachante.uy\\\/#organization\"},\"potentialAction\":[{\"@type\":\"SearchAction\",\"target\":{\"@type\":\"EntryPoint\",\"urlTemplate\":\"https:\\\/\\\/palmerodespachante.uy\\\/?s={search_term_string}\"},\"query-input\":{\"@type\":\"PropertyValueSpecification\",\"valueRequired\":true,\"valueName\":\"search_term_string\"}}],\"inLanguage\":\"es\"},{\"@type\":\"Organization\",\"@id\":\"https:\\\/\\\/palmerodespachante.uy\\\/#organization\",\"name\":\"Palmero Despachante de Aduanas\",\"url\":\"https:\\\/\\\/palmerodespachante.uy\\\/\",\"logo\":{\"@type\":\"ImageObject\",\"inLanguage\":\"es\",\"@id\":\"https:\\\/\\\/palmerodespachante.uy\\\/#\\\/schema\\\/logo\\\/image\\\/\",\"url\":\"https:\\\/\\\/palmerodespachante.uy\\\/wp-content\\\/uploads\\\/2018\\\/08\\\/Logo-144.png\",\"contentUrl\":\"https:\\\/\\\/palmerodespachante.uy\\\/wp-content\\\/uploads\\\/2018\\\/08\\\/Logo-144.png\",\"width\":144,\"height\":144,\"caption\":\"Palmero Despachante de Aduanas\"},\"image\":{\"@id\":\"https:\\\/\\\/palmerodespachante.uy\\\/#\\\/schema\\\/logo\\\/image\\\/\"},\"sameAs\":[\"https:\\\/\\\/www.facebook.com\\\/despachantedeaduana.palmero?hc_ref=ARQPWzEmqFz3O_9qTlrxPP6NW-Vf1b4-iJdwH7XdkuWdfarefzfPyjY7DGBCye4mnJs\",\"https:\\\/\\\/www.linkedin.com\\\/company\\\/despachante-de-aduana-palmero\\\/\"]},{\"@type\":\"Person\",\"@id\":\"https:\\\/\\\/palmerodespachante.uy\\\/#\\\/schema\\\/person\\\/9eabdcdc87fc74d275cc2faf2ce2f732\",\"name\":\"Javier Palmero\",\"image\":{\"@type\":\"ImageObject\",\"inLanguage\":\"es\",\"@id\":\"https:\\\/\\\/palmerodespachante.uy\\\/wp-content\\\/litespeed\\\/avatar\\\/8e783966089c8fa82b27a6627fb956c2.jpg?ver=1777463218\",\"url\":\"https:\\\/\\\/palmerodespachante.uy\\\/wp-content\\\/litespeed\\\/avatar\\\/8e783966089c8fa82b27a6627fb956c2.jpg?ver=1777463218\",\"contentUrl\":\"https:\\\/\\\/palmerodespachante.uy\\\/wp-content\\\/litespeed\\\/avatar\\\/8e783966089c8fa82b27a6627fb956c2.jpg?ver=1777463218\",\"caption\":\"Javier Palmero\"}}]}<\/script>\n<!-- \/ Yoast SEO plugin. -->","yoast_head_json":{"title":"FRENO EN \"EFECTO TEMU\": COMPRAS WEB EN EL EXTERIOR ARRASTRAN MESES DE CA\u00cdDA. - Palmero Despachante de Aduana","robots":{"index":"noindex","follow":"follow"},"og_locale":"es_ES","og_type":"article","og_title":"FRENO EN \"EFECTO TEMU\": COMPRAS WEB EN EL EXTERIOR ARRASTRAN MESES DE CA\u00cdDA. - Palmero Despachante de Aduana","og_description":"La llegada de encomiendas internacionales se mantiene din\u00e1mica en el acumulado del a\u00f1o aunque en los \u00faltimos meses las compras web en el exterior, principalmente a trav\u00e9s de la tienda china Temu, se comenzaron a frenar. Entre enero y agosto de este a\u00f1o se realizaron 1.276.530 compras web en el exterior con un aumento interanual [&hellip;]","og_url":"https:\/\/palmerodespachante.uy\/index.php\/2025\/10\/06\/freno-en-efecto-temu-compras-web-en-el-exterior-arrastran-meses-de-caida\/","og_site_name":"Palmero Despachante de Aduana","article_publisher":"https:\/\/www.facebook.com\/despachantedeaduana.palmero?hc_ref=ARQPWzEmqFz3O_9qTlrxPP6NW-Vf1b4-iJdwH7XdkuWdfarefzfPyjY7DGBCye4mnJs","article_published_time":"2025-10-06T14:30:47+00:00","article_modified_time":"2025-10-06T14:30:48+00:00","og_image":[{"width":1000,"height":667,"url":"http:\/\/palmerodespachante.uy\/wp-content\/uploads\/2025\/10\/temu-2.jpg","type":"image\/jpeg"}],"author":"Javier Palmero","twitter_card":"summary_large_image","twitter_misc":{"Escrito por":"Javier Palmero","Tiempo de lectura":"2 minutos"},"schema":{"@context":"https:\/\/schema.org","@graph":[{"@type":"Article","@id":"https:\/\/palmerodespachante.uy\/index.php\/2025\/10\/06\/freno-en-efecto-temu-compras-web-en-el-exterior-arrastran-meses-de-caida\/#article","isPartOf":{"@id":"https:\/\/palmerodespachante.uy\/index.php\/2025\/10\/06\/freno-en-efecto-temu-compras-web-en-el-exterior-arrastran-meses-de-caida\/"},"author":{"name":"Javier Palmero","@id":"https:\/\/palmerodespachante.uy\/#\/schema\/person\/9eabdcdc87fc74d275cc2faf2ce2f732"},"headline":"FRENO EN \u00abEFECTO TEMU\u00bb: COMPRAS WEB EN EL EXTERIOR ARRASTRAN MESES DE CA\u00cdDA.","datePublished":"2025-10-06T14:30:47+00:00","dateModified":"2025-10-06T14:30:48+00:00","mainEntityOfPage":{"@id":"https:\/\/palmerodespachante.uy\/index.php\/2025\/10\/06\/freno-en-efecto-temu-compras-web-en-el-exterior-arrastran-meses-de-caida\/"},"wordCount":361,"commentCount":0,"publisher":{"@id":"https:\/\/palmerodespachante.uy\/#organization"},"image":{"@id":"https:\/\/palmerodespachante.uy\/index.php\/2025\/10\/06\/freno-en-efecto-temu-compras-web-en-el-exterior-arrastran-meses-de-caida\/#primaryimage"},"thumbnailUrl":"https:\/\/palmerodespachante.uy\/wp-content\/uploads\/2025\/10\/temu-2.jpg","articleSection":["Noticias"],"inLanguage":"es","potentialAction":[{"@type":"CommentAction","name":"Comment","target":["https:\/\/palmerodespachante.uy\/index.php\/2025\/10\/06\/freno-en-efecto-temu-compras-web-en-el-exterior-arrastran-meses-de-caida\/#respond"]}]},{"@type":"WebPage","@id":"https:\/\/palmerodespachante.uy\/index.php\/2025\/10\/06\/freno-en-efecto-temu-compras-web-en-el-exterior-arrastran-meses-de-caida\/","url":"https:\/\/palmerodespachante.uy\/index.php\/2025\/10\/06\/freno-en-efecto-temu-compras-web-en-el-exterior-arrastran-meses-de-caida\/","name":"FRENO EN \"EFECTO TEMU\": COMPRAS WEB EN EL EXTERIOR ARRASTRAN MESES DE CA\u00cdDA. - Palmero Despachante de Aduana","isPartOf":{"@id":"https:\/\/palmerodespachante.uy\/#website"},"primaryImageOfPage":{"@id":"https:\/\/palmerodespachante.uy\/index.php\/2025\/10\/06\/freno-en-efecto-temu-compras-web-en-el-exterior-arrastran-meses-de-caida\/#primaryimage"},"image":{"@id":"https:\/\/palmerodespachante.uy\/index.php\/2025\/10\/06\/freno-en-efecto-temu-compras-web-en-el-exterior-arrastran-meses-de-caida\/#primaryimage"},"thumbnailUrl":"https:\/\/palmerodespachante.uy\/wp-content\/uploads\/2025\/10\/temu-2.jpg","datePublished":"2025-10-06T14:30:47+00:00","dateModified":"2025-10-06T14:30:48+00:00","breadcrumb":{"@id":"https:\/\/palmerodespachante.uy\/index.php\/2025\/10\/06\/freno-en-efecto-temu-compras-web-en-el-exterior-arrastran-meses-de-caida\/#breadcrumb"},"inLanguage":"es","potentialAction":[{"@type":"ReadAction","target":["https:\/\/palmerodespachante.uy\/index.php\/2025\/10\/06\/freno-en-efecto-temu-compras-web-en-el-exterior-arrastran-meses-de-caida\/"]}]},{"@type":"ImageObject","inLanguage":"es","@id":"https:\/\/palmerodespachante.uy\/index.php\/2025\/10\/06\/freno-en-efecto-temu-compras-web-en-el-exterior-arrastran-meses-de-caida\/#primaryimage","url":"https:\/\/palmerodespachante.uy\/wp-content\/uploads\/2025\/10\/temu-2.jpg","contentUrl":"https:\/\/palmerodespachante.uy\/wp-content\/uploads\/2025\/10\/temu-2.jpg","width":1000,"height":667},{"@type":"BreadcrumbList","@id":"https:\/\/palmerodespachante.uy\/index.php\/2025\/10\/06\/freno-en-efecto-temu-compras-web-en-el-exterior-arrastran-meses-de-caida\/#breadcrumb","itemListElement":[{"@type":"ListItem","position":1,"name":"Portada","item":"https:\/\/palmerodespachante.uy\/"},{"@type":"ListItem","position":2,"name":"FRENO EN \u00abEFECTO TEMU\u00bb: COMPRAS WEB EN EL EXTERIOR ARRASTRAN MESES DE CA\u00cdDA."}]},{"@type":"WebSite","@id":"https:\/\/palmerodespachante.uy\/#website","url":"https:\/\/palmerodespachante.uy\/","name":"Palmero Despachante de Aduana","description":"Importaci\u00f3n, Exportaci\u00f3n, Tr\u00e1nsito","publisher":{"@id":"https:\/\/palmerodespachante.uy\/#organization"},"potentialAction":[{"@type":"SearchAction","target":{"@type":"EntryPoint","urlTemplate":"https:\/\/palmerodespachante.uy\/?s={search_term_string}"},"query-input":{"@type":"PropertyValueSpecification","valueRequired":true,"valueName":"search_term_string"}}],"inLanguage":"es"},{"@type":"Organization","@id":"https:\/\/palmerodespachante.uy\/#organization","name":"Palmero Despachante de Aduanas","url":"https:\/\/palmerodespachante.uy\/","logo":{"@type":"ImageObject","inLanguage":"es","@id":"https:\/\/palmerodespachante.uy\/#\/schema\/logo\/image\/","url":"https:\/\/palmerodespachante.uy\/wp-content\/uploads\/2018\/08\/Logo-144.png","contentUrl":"https:\/\/palmerodespachante.uy\/wp-content\/uploads\/2018\/08\/Logo-144.png","width":144,"height":144,"caption":"Palmero Despachante de Aduanas"},"image":{"@id":"https:\/\/palmerodespachante.uy\/#\/schema\/logo\/image\/"},"sameAs":["https:\/\/www.facebook.com\/despachantedeaduana.palmero?hc_ref=ARQPWzEmqFz3O_9qTlrxPP6NW-Vf1b4-iJdwH7XdkuWdfarefzfPyjY7DGBCye4mnJs","https:\/\/www.linkedin.com\/company\/despachante-de-aduana-palmero\/"]},{"@type":"Person","@id":"https:\/\/palmerodespachante.uy\/#\/schema\/person\/9eabdcdc87fc74d275cc2faf2ce2f732","name":"Javier Palmero","image":{"@type":"ImageObject","inLanguage":"es","@id":"https:\/\/palmerodespachante.uy\/wp-content\/litespeed\/avatar\/8e783966089c8fa82b27a6627fb956c2.jpg?ver=1777463218","url":"https:\/\/palmerodespachante.uy\/wp-content\/litespeed\/avatar\/8e783966089c8fa82b27a6627fb956c2.jpg?ver=1777463218","contentUrl":"https:\/\/palmerodespachante.uy\/wp-content\/litespeed\/avatar\/8e783966089c8fa82b27a6627fb956c2.jpg?ver=1777463218","caption":"Javier Palmero"}}]}},"jetpack_featured_media_url":"https:\/\/palmerodespachante.uy\/wp-content\/uploads\/2025\/10\/temu-2.jpg","_links":{"self":[{"href":"https:\/\/palmerodespachante.uy\/index.php\/wp-json\/wp\/v2\/posts\/1584","targetHints":{"allow":["GET"]}}],"collection":[{"href":"https:\/\/palmerodespachante.uy\/index.php\/wp-json\/wp\/v2\/posts"}],"about":[{"href":"https:\/\/palmerodespachante.uy\/index.php\/wp-json\/wp\/v2\/types\/post"}],"author":[{"embeddable":true,"href":"https:\/\/palmerodespachante.uy\/index.php\/wp-json\/wp\/v2\/users\/3"}],"replies":[{"embeddable":true,"href":"https:\/\/palmerodespachante.uy\/index.php\/wp-json\/wp\/v2\/comments?post=1584"}],"version-history":[{"count":1,"href":"https:\/\/palmerodespachante.uy\/index.php\/wp-json\/wp\/v2\/posts\/1584\/revisions"}],"predecessor-version":[{"id":1586,"href":"https:\/\/palmerodespachante.uy\/index.php\/wp-json\/wp\/v2\/posts\/1584\/revisions\/1586"}],"wp:featuredmedia":[{"embeddable":true,"href":"https:\/\/palmerodespachante.uy\/index.php\/wp-json\/wp\/v2\/media\/1585"}],"wp:attachment":[{"href":"https:\/\/palmerodespachante.uy\/index.php\/wp-json\/wp\/v2\/media?parent=1584"}],"wp:term":[{"taxonomy":"category","embeddable":true,"href":"https:\/\/palmerodespachante.uy\/index.php\/wp-json\/wp\/v2\/categories?post=1584"},{"taxonomy":"post_tag","embeddable":true,"href":"https:\/\/palmerodespachante.uy\/index.php\/wp-json\/wp\/v2\/tags?post=1584"}],"curies":[{"name":"wp","href":"https:\/\/api.w.org\/{rel}","templated":true}]}}