{"id":1576,"date":"2025-09-30T17:10:51","date_gmt":"2025-09-30T20:10:51","guid":{"rendered":"https:\/\/palmerodespachante.uy\/?p=1576"},"modified":"2025-09-30T17:10:52","modified_gmt":"2025-09-30T20:10:52","slug":"competitividad-de-la-produccion-local-cayo-frente-a-los-socios-comerciales-del-pais-por-tercer-mes-consecutivo","status":"publish","type":"post","link":"https:\/\/palmerodespachante.uy\/index.php\/2025\/09\/30\/competitividad-de-la-produccion-local-cayo-frente-a-los-socios-comerciales-del-pais-por-tercer-mes-consecutivo\/","title":{"rendered":"COMPETITIVIDAD DE LA PRODUCCI\u00d3N LOCAL CAY\u00d3 FRENTE A LOS SOCIOS COMERCIALES DEL PA\u00cdS POR TERCER MES CONSECUTIVO."},"content":{"rendered":"\n<p>Por tercer mes consecutivo empeora la competitividad externa del pa\u00eds. En agosto, al igual que en julio (empeor\u00f3 -2,13%) y en junio (-0,99%), la competitividad externa de los productos uruguayos medidos en d\u00f3lares baja -0,68%, seg\u00fan los datos publicados este lunes por el Banco Central del Uruguay (BCU). Esta situaci\u00f3n fue precedida por dos meses seguidos de mejora, una en mayo (0,30%) y otra en abril (0,21%). En la comparaci\u00f3n con igual mes del a\u00f1o anterior, es decir, a nivel interanual, el \u00edndice de tipo de cambio real se incrementa 0,47%. Este aumento se da luego de 17 meses consecutivos de aumentos interanuales, de los cuales en los \u00faltimos meses fue: julio (3,09%), junio (7,30%) y mayo (7,32%). La \u00faltima ca\u00edda se dio en febrero de 2024 (-1,41%). Esta ca\u00edda de la competitividad de agosto respecto a julio, que implica una baja de los precios de los bienes uruguayos medidos en d\u00f3lares en relaci\u00f3n con sus principales socios comerciales, se explica por una desmejora en la competitividad tanto con respecto a los pa\u00edses regionales como a los pa\u00edses de afuera de la regi\u00f3n. (El Pa\u00eds)<\/p>\n","protected":false},"excerpt":{"rendered":"<p>Por tercer mes consecutivo empeora la competitividad externa del pa\u00eds. En agosto, al igual que en julio (empeor\u00f3 -2,13%) y en junio (-0,99%), la competitividad externa de los productos uruguayos medidos en d\u00f3lares baja -0,68%, seg\u00fan los datos publicados este lunes por el Banco Central del Uruguay (BCU). Esta situaci\u00f3n fue precedida por dos meses [&hellip;]<\/p>\n","protected":false},"author":3,"featured_media":1577,"comment_status":"open","ping_status":"open","sticky":false,"template":"","format":"standard","meta":{"_joinchat":[],"footnotes":""},"categories":[37],"tags":[],"class_list":{"0":"post-1576","1":"post","2":"type-post","3":"status-publish","4":"format-standard","5":"has-post-thumbnail","7":"category-noticias"},"yoast_head":"<!-- This site is optimized with the Yoast SEO plugin v27.5 - https:\/\/yoast.com\/product\/yoast-seo-wordpress\/ -->\n<title>COMPETITIVIDAD DE LA PRODUCCI\u00d3N LOCAL CAY\u00d3 FRENTE A LOS SOCIOS COMERCIALES DEL PA\u00cdS POR TERCER MES CONSECUTIVO. - Palmero Despachante de Aduana<\/title>\n<meta name=\"robots\" content=\"noindex, follow\" \/>\n<meta property=\"og:locale\" content=\"es_ES\" \/>\n<meta property=\"og:type\" content=\"article\" \/>\n<meta property=\"og:title\" content=\"COMPETITIVIDAD DE LA PRODUCCI\u00d3N LOCAL CAY\u00d3 FRENTE A LOS SOCIOS COMERCIALES DEL PA\u00cdS POR TERCER MES CONSECUTIVO. - Palmero Despachante de Aduana\" \/>\n<meta property=\"og:description\" content=\"Por tercer mes consecutivo empeora la competitividad externa del pa\u00eds. En agosto, al igual que en julio (empeor\u00f3 -2,13%) y en junio (-0,99%), la competitividad externa de los productos uruguayos medidos en d\u00f3lares baja -0,68%, seg\u00fan los datos publicados este lunes por el Banco Central del Uruguay (BCU). Esta situaci\u00f3n fue precedida por dos meses [&hellip;]\" \/>\n<meta property=\"og:url\" content=\"https:\/\/palmerodespachante.uy\/index.php\/2025\/09\/30\/competitividad-de-la-produccion-local-cayo-frente-a-los-socios-comerciales-del-pais-por-tercer-mes-consecutivo\/\" \/>\n<meta property=\"og:site_name\" content=\"Palmero Despachante de Aduana\" \/>\n<meta property=\"article:publisher\" content=\"https:\/\/www.facebook.com\/despachantedeaduana.palmero?hc_ref=ARQPWzEmqFz3O_9qTlrxPP6NW-Vf1b4-iJdwH7XdkuWdfarefzfPyjY7DGBCye4mnJs\" \/>\n<meta property=\"article:published_time\" content=\"2025-09-30T20:10:51+00:00\" \/>\n<meta property=\"article:modified_time\" content=\"2025-09-30T20:10:52+00:00\" \/>\n<meta property=\"og:image\" content=\"http:\/\/palmerodespachante.uy\/wp-content\/uploads\/2025\/09\/PRODUCCION.jpg\" \/>\n\t<meta property=\"og:image:width\" content=\"720\" \/>\n\t<meta property=\"og:image:height\" content=\"495\" \/>\n\t<meta property=\"og:image:type\" content=\"image\/jpeg\" \/>\n<meta name=\"author\" content=\"Javier Palmero\" \/>\n<meta name=\"twitter:card\" content=\"summary_large_image\" \/>\n<meta name=\"twitter:label1\" content=\"Escrito por\" \/>\n\t<meta name=\"twitter:data1\" content=\"Javier Palmero\" \/>\n\t<meta name=\"twitter:label2\" content=\"Tiempo de lectura\" \/>\n\t<meta name=\"twitter:data2\" content=\"2 minutos\" \/>\n<script type=\"application\/ld+json\" class=\"yoast-schema-graph\">{\"@context\":\"https:\\\/\\\/schema.org\",\"@graph\":[{\"@type\":\"Article\",\"@id\":\"https:\\\/\\\/palmerodespachante.uy\\\/index.php\\\/2025\\\/09\\\/30\\\/competitividad-de-la-produccion-local-cayo-frente-a-los-socios-comerciales-del-pais-por-tercer-mes-consecutivo\\\/#article\",\"isPartOf\":{\"@id\":\"https:\\\/\\\/palmerodespachante.uy\\\/index.php\\\/2025\\\/09\\\/30\\\/competitividad-de-la-produccion-local-cayo-frente-a-los-socios-comerciales-del-pais-por-tercer-mes-consecutivo\\\/\"},\"author\":{\"name\":\"Javier Palmero\",\"@id\":\"https:\\\/\\\/palmerodespachante.uy\\\/#\\\/schema\\\/person\\\/9eabdcdc87fc74d275cc2faf2ce2f732\"},\"headline\":\"COMPETITIVIDAD DE LA PRODUCCI\u00d3N LOCAL CAY\u00d3 FRENTE A LOS SOCIOS COMERCIALES DEL PA\u00cdS POR TERCER MES CONSECUTIVO.\",\"datePublished\":\"2025-09-30T20:10:51+00:00\",\"dateModified\":\"2025-09-30T20:10:52+00:00\",\"mainEntityOfPage\":{\"@id\":\"https:\\\/\\\/palmerodespachante.uy\\\/index.php\\\/2025\\\/09\\\/30\\\/competitividad-de-la-produccion-local-cayo-frente-a-los-socios-comerciales-del-pais-por-tercer-mes-consecutivo\\\/\"},\"wordCount\":210,\"commentCount\":0,\"publisher\":{\"@id\":\"https:\\\/\\\/palmerodespachante.uy\\\/#organization\"},\"image\":{\"@id\":\"https:\\\/\\\/palmerodespachante.uy\\\/index.php\\\/2025\\\/09\\\/30\\\/competitividad-de-la-produccion-local-cayo-frente-a-los-socios-comerciales-del-pais-por-tercer-mes-consecutivo\\\/#primaryimage\"},\"thumbnailUrl\":\"https:\\\/\\\/palmerodespachante.uy\\\/wp-content\\\/uploads\\\/2025\\\/09\\\/PRODUCCION.jpg\",\"articleSection\":[\"Noticias\"],\"inLanguage\":\"es\",\"potentialAction\":[{\"@type\":\"CommentAction\",\"name\":\"Comment\",\"target\":[\"https:\\\/\\\/palmerodespachante.uy\\\/index.php\\\/2025\\\/09\\\/30\\\/competitividad-de-la-produccion-local-cayo-frente-a-los-socios-comerciales-del-pais-por-tercer-mes-consecutivo\\\/#respond\"]}]},{\"@type\":\"WebPage\",\"@id\":\"https:\\\/\\\/palmerodespachante.uy\\\/index.php\\\/2025\\\/09\\\/30\\\/competitividad-de-la-produccion-local-cayo-frente-a-los-socios-comerciales-del-pais-por-tercer-mes-consecutivo\\\/\",\"url\":\"https:\\\/\\\/palmerodespachante.uy\\\/index.php\\\/2025\\\/09\\\/30\\\/competitividad-de-la-produccion-local-cayo-frente-a-los-socios-comerciales-del-pais-por-tercer-mes-consecutivo\\\/\",\"name\":\"COMPETITIVIDAD DE LA PRODUCCI\u00d3N LOCAL CAY\u00d3 FRENTE A LOS SOCIOS COMERCIALES DEL PA\u00cdS POR TERCER MES CONSECUTIVO. - Palmero Despachante de Aduana\",\"isPartOf\":{\"@id\":\"https:\\\/\\\/palmerodespachante.uy\\\/#website\"},\"primaryImageOfPage\":{\"@id\":\"https:\\\/\\\/palmerodespachante.uy\\\/index.php\\\/2025\\\/09\\\/30\\\/competitividad-de-la-produccion-local-cayo-frente-a-los-socios-comerciales-del-pais-por-tercer-mes-consecutivo\\\/#primaryimage\"},\"image\":{\"@id\":\"https:\\\/\\\/palmerodespachante.uy\\\/index.php\\\/2025\\\/09\\\/30\\\/competitividad-de-la-produccion-local-cayo-frente-a-los-socios-comerciales-del-pais-por-tercer-mes-consecutivo\\\/#primaryimage\"},\"thumbnailUrl\":\"https:\\\/\\\/palmerodespachante.uy\\\/wp-content\\\/uploads\\\/2025\\\/09\\\/PRODUCCION.jpg\",\"datePublished\":\"2025-09-30T20:10:51+00:00\",\"dateModified\":\"2025-09-30T20:10:52+00:00\",\"breadcrumb\":{\"@id\":\"https:\\\/\\\/palmerodespachante.uy\\\/index.php\\\/2025\\\/09\\\/30\\\/competitividad-de-la-produccion-local-cayo-frente-a-los-socios-comerciales-del-pais-por-tercer-mes-consecutivo\\\/#breadcrumb\"},\"inLanguage\":\"es\",\"potentialAction\":[{\"@type\":\"ReadAction\",\"target\":[\"https:\\\/\\\/palmerodespachante.uy\\\/index.php\\\/2025\\\/09\\\/30\\\/competitividad-de-la-produccion-local-cayo-frente-a-los-socios-comerciales-del-pais-por-tercer-mes-consecutivo\\\/\"]}]},{\"@type\":\"ImageObject\",\"inLanguage\":\"es\",\"@id\":\"https:\\\/\\\/palmerodespachante.uy\\\/index.php\\\/2025\\\/09\\\/30\\\/competitividad-de-la-produccion-local-cayo-frente-a-los-socios-comerciales-del-pais-por-tercer-mes-consecutivo\\\/#primaryimage\",\"url\":\"https:\\\/\\\/palmerodespachante.uy\\\/wp-content\\\/uploads\\\/2025\\\/09\\\/PRODUCCION.jpg\",\"contentUrl\":\"https:\\\/\\\/palmerodespachante.uy\\\/wp-content\\\/uploads\\\/2025\\\/09\\\/PRODUCCION.jpg\",\"width\":720,\"height\":495},{\"@type\":\"BreadcrumbList\",\"@id\":\"https:\\\/\\\/palmerodespachante.uy\\\/index.php\\\/2025\\\/09\\\/30\\\/competitividad-de-la-produccion-local-cayo-frente-a-los-socios-comerciales-del-pais-por-tercer-mes-consecutivo\\\/#breadcrumb\",\"itemListElement\":[{\"@type\":\"ListItem\",\"position\":1,\"name\":\"Portada\",\"item\":\"https:\\\/\\\/palmerodespachante.uy\\\/\"},{\"@type\":\"ListItem\",\"position\":2,\"name\":\"COMPETITIVIDAD DE LA PRODUCCI\u00d3N LOCAL CAY\u00d3 FRENTE A LOS SOCIOS COMERCIALES DEL PA\u00cdS POR TERCER MES CONSECUTIVO.\"}]},{\"@type\":\"WebSite\",\"@id\":\"https:\\\/\\\/palmerodespachante.uy\\\/#website\",\"url\":\"https:\\\/\\\/palmerodespachante.uy\\\/\",\"name\":\"Palmero Despachante de Aduana\",\"description\":\"Importaci\u00f3n, Exportaci\u00f3n, Tr\u00e1nsito\",\"publisher\":{\"@id\":\"https:\\\/\\\/palmerodespachante.uy\\\/#organization\"},\"potentialAction\":[{\"@type\":\"SearchAction\",\"target\":{\"@type\":\"EntryPoint\",\"urlTemplate\":\"https:\\\/\\\/palmerodespachante.uy\\\/?s={search_term_string}\"},\"query-input\":{\"@type\":\"PropertyValueSpecification\",\"valueRequired\":true,\"valueName\":\"search_term_string\"}}],\"inLanguage\":\"es\"},{\"@type\":\"Organization\",\"@id\":\"https:\\\/\\\/palmerodespachante.uy\\\/#organization\",\"name\":\"Palmero Despachante de Aduanas\",\"url\":\"https:\\\/\\\/palmerodespachante.uy\\\/\",\"logo\":{\"@type\":\"ImageObject\",\"inLanguage\":\"es\",\"@id\":\"https:\\\/\\\/palmerodespachante.uy\\\/#\\\/schema\\\/logo\\\/image\\\/\",\"url\":\"https:\\\/\\\/palmerodespachante.uy\\\/wp-content\\\/uploads\\\/2018\\\/08\\\/Logo-144.png\",\"contentUrl\":\"https:\\\/\\\/palmerodespachante.uy\\\/wp-content\\\/uploads\\\/2018\\\/08\\\/Logo-144.png\",\"width\":144,\"height\":144,\"caption\":\"Palmero Despachante de Aduanas\"},\"image\":{\"@id\":\"https:\\\/\\\/palmerodespachante.uy\\\/#\\\/schema\\\/logo\\\/image\\\/\"},\"sameAs\":[\"https:\\\/\\\/www.facebook.com\\\/despachantedeaduana.palmero?hc_ref=ARQPWzEmqFz3O_9qTlrxPP6NW-Vf1b4-iJdwH7XdkuWdfarefzfPyjY7DGBCye4mnJs\",\"https:\\\/\\\/www.linkedin.com\\\/company\\\/despachante-de-aduana-palmero\\\/\"]},{\"@type\":\"Person\",\"@id\":\"https:\\\/\\\/palmerodespachante.uy\\\/#\\\/schema\\\/person\\\/9eabdcdc87fc74d275cc2faf2ce2f732\",\"name\":\"Javier Palmero\",\"image\":{\"@type\":\"ImageObject\",\"inLanguage\":\"es\",\"@id\":\"https:\\\/\\\/palmerodespachante.uy\\\/wp-content\\\/litespeed\\\/avatar\\\/8e783966089c8fa82b27a6627fb956c2.jpg?ver=1777463218\",\"url\":\"https:\\\/\\\/palmerodespachante.uy\\\/wp-content\\\/litespeed\\\/avatar\\\/8e783966089c8fa82b27a6627fb956c2.jpg?ver=1777463218\",\"contentUrl\":\"https:\\\/\\\/palmerodespachante.uy\\\/wp-content\\\/litespeed\\\/avatar\\\/8e783966089c8fa82b27a6627fb956c2.jpg?ver=1777463218\",\"caption\":\"Javier Palmero\"}}]}<\/script>\n<!-- \/ Yoast SEO plugin. -->","yoast_head_json":{"title":"COMPETITIVIDAD DE LA PRODUCCI\u00d3N LOCAL CAY\u00d3 FRENTE A LOS SOCIOS COMERCIALES DEL PA\u00cdS POR TERCER MES CONSECUTIVO. - Palmero Despachante de Aduana","robots":{"index":"noindex","follow":"follow"},"og_locale":"es_ES","og_type":"article","og_title":"COMPETITIVIDAD DE LA PRODUCCI\u00d3N LOCAL CAY\u00d3 FRENTE A LOS SOCIOS COMERCIALES DEL PA\u00cdS POR TERCER MES CONSECUTIVO. - Palmero Despachante de Aduana","og_description":"Por tercer mes consecutivo empeora la competitividad externa del pa\u00eds. En agosto, al igual que en julio (empeor\u00f3 -2,13%) y en junio (-0,99%), la competitividad externa de los productos uruguayos medidos en d\u00f3lares baja -0,68%, seg\u00fan los datos publicados este lunes por el Banco Central del Uruguay (BCU). Esta situaci\u00f3n fue precedida por dos meses [&hellip;]","og_url":"https:\/\/palmerodespachante.uy\/index.php\/2025\/09\/30\/competitividad-de-la-produccion-local-cayo-frente-a-los-socios-comerciales-del-pais-por-tercer-mes-consecutivo\/","og_site_name":"Palmero Despachante de Aduana","article_publisher":"https:\/\/www.facebook.com\/despachantedeaduana.palmero?hc_ref=ARQPWzEmqFz3O_9qTlrxPP6NW-Vf1b4-iJdwH7XdkuWdfarefzfPyjY7DGBCye4mnJs","article_published_time":"2025-09-30T20:10:51+00:00","article_modified_time":"2025-09-30T20:10:52+00:00","og_image":[{"width":720,"height":495,"url":"http:\/\/palmerodespachante.uy\/wp-content\/uploads\/2025\/09\/PRODUCCION.jpg","type":"image\/jpeg"}],"author":"Javier Palmero","twitter_card":"summary_large_image","twitter_misc":{"Escrito por":"Javier Palmero","Tiempo de lectura":"2 minutos"},"schema":{"@context":"https:\/\/schema.org","@graph":[{"@type":"Article","@id":"https:\/\/palmerodespachante.uy\/index.php\/2025\/09\/30\/competitividad-de-la-produccion-local-cayo-frente-a-los-socios-comerciales-del-pais-por-tercer-mes-consecutivo\/#article","isPartOf":{"@id":"https:\/\/palmerodespachante.uy\/index.php\/2025\/09\/30\/competitividad-de-la-produccion-local-cayo-frente-a-los-socios-comerciales-del-pais-por-tercer-mes-consecutivo\/"},"author":{"name":"Javier Palmero","@id":"https:\/\/palmerodespachante.uy\/#\/schema\/person\/9eabdcdc87fc74d275cc2faf2ce2f732"},"headline":"COMPETITIVIDAD DE LA PRODUCCI\u00d3N LOCAL CAY\u00d3 FRENTE A LOS SOCIOS COMERCIALES DEL PA\u00cdS POR TERCER MES CONSECUTIVO.","datePublished":"2025-09-30T20:10:51+00:00","dateModified":"2025-09-30T20:10:52+00:00","mainEntityOfPage":{"@id":"https:\/\/palmerodespachante.uy\/index.php\/2025\/09\/30\/competitividad-de-la-produccion-local-cayo-frente-a-los-socios-comerciales-del-pais-por-tercer-mes-consecutivo\/"},"wordCount":210,"commentCount":0,"publisher":{"@id":"https:\/\/palmerodespachante.uy\/#organization"},"image":{"@id":"https:\/\/palmerodespachante.uy\/index.php\/2025\/09\/30\/competitividad-de-la-produccion-local-cayo-frente-a-los-socios-comerciales-del-pais-por-tercer-mes-consecutivo\/#primaryimage"},"thumbnailUrl":"https:\/\/palmerodespachante.uy\/wp-content\/uploads\/2025\/09\/PRODUCCION.jpg","articleSection":["Noticias"],"inLanguage":"es","potentialAction":[{"@type":"CommentAction","name":"Comment","target":["https:\/\/palmerodespachante.uy\/index.php\/2025\/09\/30\/competitividad-de-la-produccion-local-cayo-frente-a-los-socios-comerciales-del-pais-por-tercer-mes-consecutivo\/#respond"]}]},{"@type":"WebPage","@id":"https:\/\/palmerodespachante.uy\/index.php\/2025\/09\/30\/competitividad-de-la-produccion-local-cayo-frente-a-los-socios-comerciales-del-pais-por-tercer-mes-consecutivo\/","url":"https:\/\/palmerodespachante.uy\/index.php\/2025\/09\/30\/competitividad-de-la-produccion-local-cayo-frente-a-los-socios-comerciales-del-pais-por-tercer-mes-consecutivo\/","name":"COMPETITIVIDAD DE LA PRODUCCI\u00d3N LOCAL CAY\u00d3 FRENTE A LOS SOCIOS COMERCIALES DEL PA\u00cdS POR TERCER MES CONSECUTIVO. - Palmero Despachante de Aduana","isPartOf":{"@id":"https:\/\/palmerodespachante.uy\/#website"},"primaryImageOfPage":{"@id":"https:\/\/palmerodespachante.uy\/index.php\/2025\/09\/30\/competitividad-de-la-produccion-local-cayo-frente-a-los-socios-comerciales-del-pais-por-tercer-mes-consecutivo\/#primaryimage"},"image":{"@id":"https:\/\/palmerodespachante.uy\/index.php\/2025\/09\/30\/competitividad-de-la-produccion-local-cayo-frente-a-los-socios-comerciales-del-pais-por-tercer-mes-consecutivo\/#primaryimage"},"thumbnailUrl":"https:\/\/palmerodespachante.uy\/wp-content\/uploads\/2025\/09\/PRODUCCION.jpg","datePublished":"2025-09-30T20:10:51+00:00","dateModified":"2025-09-30T20:10:52+00:00","breadcrumb":{"@id":"https:\/\/palmerodespachante.uy\/index.php\/2025\/09\/30\/competitividad-de-la-produccion-local-cayo-frente-a-los-socios-comerciales-del-pais-por-tercer-mes-consecutivo\/#breadcrumb"},"inLanguage":"es","potentialAction":[{"@type":"ReadAction","target":["https:\/\/palmerodespachante.uy\/index.php\/2025\/09\/30\/competitividad-de-la-produccion-local-cayo-frente-a-los-socios-comerciales-del-pais-por-tercer-mes-consecutivo\/"]}]},{"@type":"ImageObject","inLanguage":"es","@id":"https:\/\/palmerodespachante.uy\/index.php\/2025\/09\/30\/competitividad-de-la-produccion-local-cayo-frente-a-los-socios-comerciales-del-pais-por-tercer-mes-consecutivo\/#primaryimage","url":"https:\/\/palmerodespachante.uy\/wp-content\/uploads\/2025\/09\/PRODUCCION.jpg","contentUrl":"https:\/\/palmerodespachante.uy\/wp-content\/uploads\/2025\/09\/PRODUCCION.jpg","width":720,"height":495},{"@type":"BreadcrumbList","@id":"https:\/\/palmerodespachante.uy\/index.php\/2025\/09\/30\/competitividad-de-la-produccion-local-cayo-frente-a-los-socios-comerciales-del-pais-por-tercer-mes-consecutivo\/#breadcrumb","itemListElement":[{"@type":"ListItem","position":1,"name":"Portada","item":"https:\/\/palmerodespachante.uy\/"},{"@type":"ListItem","position":2,"name":"COMPETITIVIDAD DE LA PRODUCCI\u00d3N LOCAL CAY\u00d3 FRENTE A LOS SOCIOS COMERCIALES DEL PA\u00cdS POR TERCER MES CONSECUTIVO."}]},{"@type":"WebSite","@id":"https:\/\/palmerodespachante.uy\/#website","url":"https:\/\/palmerodespachante.uy\/","name":"Palmero Despachante de Aduana","description":"Importaci\u00f3n, Exportaci\u00f3n, Tr\u00e1nsito","publisher":{"@id":"https:\/\/palmerodespachante.uy\/#organization"},"potentialAction":[{"@type":"SearchAction","target":{"@type":"EntryPoint","urlTemplate":"https:\/\/palmerodespachante.uy\/?s={search_term_string}"},"query-input":{"@type":"PropertyValueSpecification","valueRequired":true,"valueName":"search_term_string"}}],"inLanguage":"es"},{"@type":"Organization","@id":"https:\/\/palmerodespachante.uy\/#organization","name":"Palmero Despachante de Aduanas","url":"https:\/\/palmerodespachante.uy\/","logo":{"@type":"ImageObject","inLanguage":"es","@id":"https:\/\/palmerodespachante.uy\/#\/schema\/logo\/image\/","url":"https:\/\/palmerodespachante.uy\/wp-content\/uploads\/2018\/08\/Logo-144.png","contentUrl":"https:\/\/palmerodespachante.uy\/wp-content\/uploads\/2018\/08\/Logo-144.png","width":144,"height":144,"caption":"Palmero Despachante de Aduanas"},"image":{"@id":"https:\/\/palmerodespachante.uy\/#\/schema\/logo\/image\/"},"sameAs":["https:\/\/www.facebook.com\/despachantedeaduana.palmero?hc_ref=ARQPWzEmqFz3O_9qTlrxPP6NW-Vf1b4-iJdwH7XdkuWdfarefzfPyjY7DGBCye4mnJs","https:\/\/www.linkedin.com\/company\/despachante-de-aduana-palmero\/"]},{"@type":"Person","@id":"https:\/\/palmerodespachante.uy\/#\/schema\/person\/9eabdcdc87fc74d275cc2faf2ce2f732","name":"Javier Palmero","image":{"@type":"ImageObject","inLanguage":"es","@id":"https:\/\/palmerodespachante.uy\/wp-content\/litespeed\/avatar\/8e783966089c8fa82b27a6627fb956c2.jpg?ver=1777463218","url":"https:\/\/palmerodespachante.uy\/wp-content\/litespeed\/avatar\/8e783966089c8fa82b27a6627fb956c2.jpg?ver=1777463218","contentUrl":"https:\/\/palmerodespachante.uy\/wp-content\/litespeed\/avatar\/8e783966089c8fa82b27a6627fb956c2.jpg?ver=1777463218","caption":"Javier Palmero"}}]}},"jetpack_featured_media_url":"https:\/\/palmerodespachante.uy\/wp-content\/uploads\/2025\/09\/PRODUCCION.jpg","_links":{"self":[{"href":"https:\/\/palmerodespachante.uy\/index.php\/wp-json\/wp\/v2\/posts\/1576","targetHints":{"allow":["GET"]}}],"collection":[{"href":"https:\/\/palmerodespachante.uy\/index.php\/wp-json\/wp\/v2\/posts"}],"about":[{"href":"https:\/\/palmerodespachante.uy\/index.php\/wp-json\/wp\/v2\/types\/post"}],"author":[{"embeddable":true,"href":"https:\/\/palmerodespachante.uy\/index.php\/wp-json\/wp\/v2\/users\/3"}],"replies":[{"embeddable":true,"href":"https:\/\/palmerodespachante.uy\/index.php\/wp-json\/wp\/v2\/comments?post=1576"}],"version-history":[{"count":1,"href":"https:\/\/palmerodespachante.uy\/index.php\/wp-json\/wp\/v2\/posts\/1576\/revisions"}],"predecessor-version":[{"id":1578,"href":"https:\/\/palmerodespachante.uy\/index.php\/wp-json\/wp\/v2\/posts\/1576\/revisions\/1578"}],"wp:featuredmedia":[{"embeddable":true,"href":"https:\/\/palmerodespachante.uy\/index.php\/wp-json\/wp\/v2\/media\/1577"}],"wp:attachment":[{"href":"https:\/\/palmerodespachante.uy\/index.php\/wp-json\/wp\/v2\/media?parent=1576"}],"wp:term":[{"taxonomy":"category","embeddable":true,"href":"https:\/\/palmerodespachante.uy\/index.php\/wp-json\/wp\/v2\/categories?post=1576"},{"taxonomy":"post_tag","embeddable":true,"href":"https:\/\/palmerodespachante.uy\/index.php\/wp-json\/wp\/v2\/tags?post=1576"}],"curies":[{"name":"wp","href":"https:\/\/api.w.org\/{rel}","templated":true}]}}