{"id":1573,"date":"2025-09-30T17:09:05","date_gmt":"2025-09-30T20:09:05","guid":{"rendered":"https:\/\/palmerodespachante.uy\/?p=1573"},"modified":"2025-09-30T17:09:06","modified_gmt":"2025-09-30T20:09:06","slug":"las-empresas-de-zonas-francas-quedaran-excluidas-del-impuesto-minimo-global","status":"publish","type":"post","link":"https:\/\/palmerodespachante.uy\/index.php\/2025\/09\/30\/las-empresas-de-zonas-francas-quedaran-excluidas-del-impuesto-minimo-global\/","title":{"rendered":"LAS EMPRESAS DE ZONAS FRANCAS QUEDAR\u00c1N EXCLUIDAS DEL IMPUESTO M\u00cdNIMO GLOBAL"},"content":{"rendered":"\n<p>Las empresas instaladas en zonas francas no estar\u00e1n afectadas por la readecuaci\u00f3n tributaria que contempla el proyecto de ley de Presupuesto y no tendr\u00e1n que pagar el Impuesto M\u00ednimo Global, luego de un acuerdo entre el gobierno y la Organizaci\u00f3n para la Cooperaci\u00f3n y el Desarrollo Econ\u00f3micos (OCDE). La administraci\u00f3n nacional se hizo eco as\u00ed de los reclamos de las compa\u00f1\u00edas en ese r\u00e9gimen, desde donde advert\u00edan que la implementaci\u00f3n del Impuesto M\u00ednimo Complementario Dom\u00e9stico (IMCD) pod\u00eda comprometer nuevas inversiones y provocar la salida de firmas ya instaladas en el pa\u00eds. Est\u00e1 previsto que el cambio en el proyecto de ley quinquenal del Poder Ejecutivo ingrese este martes en la C\u00e1mara de Diputados, donde ser\u00eda bien visto por los legisladores de la oposici\u00f3n, que tambi\u00e9n hab\u00edan cuestionado la medida por su presunto efecto sobre la estabilidad y seguridad jur\u00eddica del Uruguay. El anuncio fue confirmado por el ministro de Econom\u00eda y Finanzas, Gabriel Oddone, quien manifest\u00f3 que el convenio con la OCDE permitir\u00e1 \u201cexcluir a cualquier empresa que tenga beneficios previos, por lo tanto que est\u00e9 dentro de la zona franca, de cualquier gravamen asociado a este impuesto\u201d. (\u00c1mbito Financiero)<\/p>\n","protected":false},"excerpt":{"rendered":"<p>Las empresas instaladas en zonas francas no estar\u00e1n afectadas por la readecuaci\u00f3n tributaria que contempla el proyecto de ley de Presupuesto y no tendr\u00e1n que pagar el Impuesto M\u00ednimo Global, luego de un acuerdo entre el gobierno y la Organizaci\u00f3n para la Cooperaci\u00f3n y el Desarrollo Econ\u00f3micos (OCDE). La administraci\u00f3n nacional se hizo eco as\u00ed [&hellip;]<\/p>\n","protected":false},"author":3,"featured_media":1574,"comment_status":"open","ping_status":"open","sticky":false,"template":"","format":"standard","meta":{"_joinchat":[],"footnotes":""},"categories":[37],"tags":[],"class_list":{"0":"post-1573","1":"post","2":"type-post","3":"status-publish","4":"format-standard","5":"has-post-thumbnail","7":"category-noticias"},"yoast_head":"<!-- This site is optimized with the Yoast SEO plugin v27.5 - https:\/\/yoast.com\/product\/yoast-seo-wordpress\/ -->\n<title>LAS EMPRESAS DE ZONAS FRANCAS QUEDAR\u00c1N EXCLUIDAS DEL IMPUESTO M\u00cdNIMO GLOBAL - Palmero Despachante de Aduana<\/title>\n<meta name=\"robots\" content=\"noindex, follow\" \/>\n<meta property=\"og:locale\" content=\"es_ES\" \/>\n<meta property=\"og:type\" content=\"article\" \/>\n<meta property=\"og:title\" content=\"LAS EMPRESAS DE ZONAS FRANCAS QUEDAR\u00c1N EXCLUIDAS DEL IMPUESTO M\u00cdNIMO GLOBAL - Palmero Despachante de Aduana\" \/>\n<meta property=\"og:description\" content=\"Las empresas instaladas en zonas francas no estar\u00e1n afectadas por la readecuaci\u00f3n tributaria que contempla el proyecto de ley de Presupuesto y no tendr\u00e1n que pagar el Impuesto M\u00ednimo Global, luego de un acuerdo entre el gobierno y la Organizaci\u00f3n para la Cooperaci\u00f3n y el Desarrollo Econ\u00f3micos (OCDE). La administraci\u00f3n nacional se hizo eco as\u00ed [&hellip;]\" \/>\n<meta property=\"og:url\" content=\"https:\/\/palmerodespachante.uy\/index.php\/2025\/09\/30\/las-empresas-de-zonas-francas-quedaran-excluidas-del-impuesto-minimo-global\/\" \/>\n<meta property=\"og:site_name\" content=\"Palmero Despachante de Aduana\" \/>\n<meta property=\"article:publisher\" content=\"https:\/\/www.facebook.com\/despachantedeaduana.palmero?hc_ref=ARQPWzEmqFz3O_9qTlrxPP6NW-Vf1b4-iJdwH7XdkuWdfarefzfPyjY7DGBCye4mnJs\" \/>\n<meta property=\"article:published_time\" content=\"2025-09-30T20:09:05+00:00\" \/>\n<meta property=\"article:modified_time\" content=\"2025-09-30T20:09:06+00:00\" \/>\n<meta property=\"og:image\" content=\"http:\/\/palmerodespachante.uy\/wp-content\/uploads\/2025\/09\/ZONA-FRANCA-2.jpg\" \/>\n\t<meta property=\"og:image:width\" content=\"656\" \/>\n\t<meta property=\"og:image:height\" content=\"369\" \/>\n\t<meta property=\"og:image:type\" content=\"image\/jpeg\" \/>\n<meta name=\"author\" content=\"Javier Palmero\" \/>\n<meta name=\"twitter:card\" content=\"summary_large_image\" \/>\n<meta name=\"twitter:label1\" content=\"Escrito por\" \/>\n\t<meta name=\"twitter:data1\" content=\"Javier Palmero\" \/>\n\t<meta name=\"twitter:label2\" content=\"Tiempo de lectura\" \/>\n\t<meta name=\"twitter:data2\" content=\"2 minutos\" \/>\n<script type=\"application\/ld+json\" class=\"yoast-schema-graph\">{\"@context\":\"https:\\\/\\\/schema.org\",\"@graph\":[{\"@type\":\"Article\",\"@id\":\"https:\\\/\\\/palmerodespachante.uy\\\/index.php\\\/2025\\\/09\\\/30\\\/las-empresas-de-zonas-francas-quedaran-excluidas-del-impuesto-minimo-global\\\/#article\",\"isPartOf\":{\"@id\":\"https:\\\/\\\/palmerodespachante.uy\\\/index.php\\\/2025\\\/09\\\/30\\\/las-empresas-de-zonas-francas-quedaran-excluidas-del-impuesto-minimo-global\\\/\"},\"author\":{\"name\":\"Javier Palmero\",\"@id\":\"https:\\\/\\\/palmerodespachante.uy\\\/#\\\/schema\\\/person\\\/9eabdcdc87fc74d275cc2faf2ce2f732\"},\"headline\":\"LAS EMPRESAS DE ZONAS FRANCAS QUEDAR\u00c1N EXCLUIDAS DEL IMPUESTO M\u00cdNIMO GLOBAL\",\"datePublished\":\"2025-09-30T20:09:05+00:00\",\"dateModified\":\"2025-09-30T20:09:06+00:00\",\"mainEntityOfPage\":{\"@id\":\"https:\\\/\\\/palmerodespachante.uy\\\/index.php\\\/2025\\\/09\\\/30\\\/las-empresas-de-zonas-francas-quedaran-excluidas-del-impuesto-minimo-global\\\/\"},\"wordCount\":226,\"commentCount\":0,\"publisher\":{\"@id\":\"https:\\\/\\\/palmerodespachante.uy\\\/#organization\"},\"image\":{\"@id\":\"https:\\\/\\\/palmerodespachante.uy\\\/index.php\\\/2025\\\/09\\\/30\\\/las-empresas-de-zonas-francas-quedaran-excluidas-del-impuesto-minimo-global\\\/#primaryimage\"},\"thumbnailUrl\":\"https:\\\/\\\/palmerodespachante.uy\\\/wp-content\\\/uploads\\\/2025\\\/09\\\/ZONA-FRANCA-2.jpg\",\"articleSection\":[\"Noticias\"],\"inLanguage\":\"es\",\"potentialAction\":[{\"@type\":\"CommentAction\",\"name\":\"Comment\",\"target\":[\"https:\\\/\\\/palmerodespachante.uy\\\/index.php\\\/2025\\\/09\\\/30\\\/las-empresas-de-zonas-francas-quedaran-excluidas-del-impuesto-minimo-global\\\/#respond\"]}]},{\"@type\":\"WebPage\",\"@id\":\"https:\\\/\\\/palmerodespachante.uy\\\/index.php\\\/2025\\\/09\\\/30\\\/las-empresas-de-zonas-francas-quedaran-excluidas-del-impuesto-minimo-global\\\/\",\"url\":\"https:\\\/\\\/palmerodespachante.uy\\\/index.php\\\/2025\\\/09\\\/30\\\/las-empresas-de-zonas-francas-quedaran-excluidas-del-impuesto-minimo-global\\\/\",\"name\":\"LAS EMPRESAS DE ZONAS FRANCAS QUEDAR\u00c1N EXCLUIDAS DEL IMPUESTO M\u00cdNIMO GLOBAL - Palmero Despachante de Aduana\",\"isPartOf\":{\"@id\":\"https:\\\/\\\/palmerodespachante.uy\\\/#website\"},\"primaryImageOfPage\":{\"@id\":\"https:\\\/\\\/palmerodespachante.uy\\\/index.php\\\/2025\\\/09\\\/30\\\/las-empresas-de-zonas-francas-quedaran-excluidas-del-impuesto-minimo-global\\\/#primaryimage\"},\"image\":{\"@id\":\"https:\\\/\\\/palmerodespachante.uy\\\/index.php\\\/2025\\\/09\\\/30\\\/las-empresas-de-zonas-francas-quedaran-excluidas-del-impuesto-minimo-global\\\/#primaryimage\"},\"thumbnailUrl\":\"https:\\\/\\\/palmerodespachante.uy\\\/wp-content\\\/uploads\\\/2025\\\/09\\\/ZONA-FRANCA-2.jpg\",\"datePublished\":\"2025-09-30T20:09:05+00:00\",\"dateModified\":\"2025-09-30T20:09:06+00:00\",\"breadcrumb\":{\"@id\":\"https:\\\/\\\/palmerodespachante.uy\\\/index.php\\\/2025\\\/09\\\/30\\\/las-empresas-de-zonas-francas-quedaran-excluidas-del-impuesto-minimo-global\\\/#breadcrumb\"},\"inLanguage\":\"es\",\"potentialAction\":[{\"@type\":\"ReadAction\",\"target\":[\"https:\\\/\\\/palmerodespachante.uy\\\/index.php\\\/2025\\\/09\\\/30\\\/las-empresas-de-zonas-francas-quedaran-excluidas-del-impuesto-minimo-global\\\/\"]}]},{\"@type\":\"ImageObject\",\"inLanguage\":\"es\",\"@id\":\"https:\\\/\\\/palmerodespachante.uy\\\/index.php\\\/2025\\\/09\\\/30\\\/las-empresas-de-zonas-francas-quedaran-excluidas-del-impuesto-minimo-global\\\/#primaryimage\",\"url\":\"https:\\\/\\\/palmerodespachante.uy\\\/wp-content\\\/uploads\\\/2025\\\/09\\\/ZONA-FRANCA-2.jpg\",\"contentUrl\":\"https:\\\/\\\/palmerodespachante.uy\\\/wp-content\\\/uploads\\\/2025\\\/09\\\/ZONA-FRANCA-2.jpg\",\"width\":656,\"height\":369},{\"@type\":\"BreadcrumbList\",\"@id\":\"https:\\\/\\\/palmerodespachante.uy\\\/index.php\\\/2025\\\/09\\\/30\\\/las-empresas-de-zonas-francas-quedaran-excluidas-del-impuesto-minimo-global\\\/#breadcrumb\",\"itemListElement\":[{\"@type\":\"ListItem\",\"position\":1,\"name\":\"Portada\",\"item\":\"https:\\\/\\\/palmerodespachante.uy\\\/\"},{\"@type\":\"ListItem\",\"position\":2,\"name\":\"LAS EMPRESAS DE ZONAS FRANCAS QUEDAR\u00c1N EXCLUIDAS DEL IMPUESTO M\u00cdNIMO GLOBAL\"}]},{\"@type\":\"WebSite\",\"@id\":\"https:\\\/\\\/palmerodespachante.uy\\\/#website\",\"url\":\"https:\\\/\\\/palmerodespachante.uy\\\/\",\"name\":\"Palmero Despachante de Aduana\",\"description\":\"Importaci\u00f3n, Exportaci\u00f3n, Tr\u00e1nsito\",\"publisher\":{\"@id\":\"https:\\\/\\\/palmerodespachante.uy\\\/#organization\"},\"potentialAction\":[{\"@type\":\"SearchAction\",\"target\":{\"@type\":\"EntryPoint\",\"urlTemplate\":\"https:\\\/\\\/palmerodespachante.uy\\\/?s={search_term_string}\"},\"query-input\":{\"@type\":\"PropertyValueSpecification\",\"valueRequired\":true,\"valueName\":\"search_term_string\"}}],\"inLanguage\":\"es\"},{\"@type\":\"Organization\",\"@id\":\"https:\\\/\\\/palmerodespachante.uy\\\/#organization\",\"name\":\"Palmero Despachante de Aduanas\",\"url\":\"https:\\\/\\\/palmerodespachante.uy\\\/\",\"logo\":{\"@type\":\"ImageObject\",\"inLanguage\":\"es\",\"@id\":\"https:\\\/\\\/palmerodespachante.uy\\\/#\\\/schema\\\/logo\\\/image\\\/\",\"url\":\"https:\\\/\\\/palmerodespachante.uy\\\/wp-content\\\/uploads\\\/2018\\\/08\\\/Logo-144.png\",\"contentUrl\":\"https:\\\/\\\/palmerodespachante.uy\\\/wp-content\\\/uploads\\\/2018\\\/08\\\/Logo-144.png\",\"width\":144,\"height\":144,\"caption\":\"Palmero Despachante de Aduanas\"},\"image\":{\"@id\":\"https:\\\/\\\/palmerodespachante.uy\\\/#\\\/schema\\\/logo\\\/image\\\/\"},\"sameAs\":[\"https:\\\/\\\/www.facebook.com\\\/despachantedeaduana.palmero?hc_ref=ARQPWzEmqFz3O_9qTlrxPP6NW-Vf1b4-iJdwH7XdkuWdfarefzfPyjY7DGBCye4mnJs\",\"https:\\\/\\\/www.linkedin.com\\\/company\\\/despachante-de-aduana-palmero\\\/\"]},{\"@type\":\"Person\",\"@id\":\"https:\\\/\\\/palmerodespachante.uy\\\/#\\\/schema\\\/person\\\/9eabdcdc87fc74d275cc2faf2ce2f732\",\"name\":\"Javier Palmero\",\"image\":{\"@type\":\"ImageObject\",\"inLanguage\":\"es\",\"@id\":\"https:\\\/\\\/palmerodespachante.uy\\\/wp-content\\\/litespeed\\\/avatar\\\/8e783966089c8fa82b27a6627fb956c2.jpg?ver=1777463218\",\"url\":\"https:\\\/\\\/palmerodespachante.uy\\\/wp-content\\\/litespeed\\\/avatar\\\/8e783966089c8fa82b27a6627fb956c2.jpg?ver=1777463218\",\"contentUrl\":\"https:\\\/\\\/palmerodespachante.uy\\\/wp-content\\\/litespeed\\\/avatar\\\/8e783966089c8fa82b27a6627fb956c2.jpg?ver=1777463218\",\"caption\":\"Javier Palmero\"}}]}<\/script>\n<!-- \/ Yoast SEO plugin. -->","yoast_head_json":{"title":"LAS EMPRESAS DE ZONAS FRANCAS QUEDAR\u00c1N EXCLUIDAS DEL IMPUESTO M\u00cdNIMO GLOBAL - Palmero Despachante de Aduana","robots":{"index":"noindex","follow":"follow"},"og_locale":"es_ES","og_type":"article","og_title":"LAS EMPRESAS DE ZONAS FRANCAS QUEDAR\u00c1N EXCLUIDAS DEL IMPUESTO M\u00cdNIMO GLOBAL - Palmero Despachante de Aduana","og_description":"Las empresas instaladas en zonas francas no estar\u00e1n afectadas por la readecuaci\u00f3n tributaria que contempla el proyecto de ley de Presupuesto y no tendr\u00e1n que pagar el Impuesto M\u00ednimo Global, luego de un acuerdo entre el gobierno y la Organizaci\u00f3n para la Cooperaci\u00f3n y el Desarrollo Econ\u00f3micos (OCDE). La administraci\u00f3n nacional se hizo eco as\u00ed [&hellip;]","og_url":"https:\/\/palmerodespachante.uy\/index.php\/2025\/09\/30\/las-empresas-de-zonas-francas-quedaran-excluidas-del-impuesto-minimo-global\/","og_site_name":"Palmero Despachante de Aduana","article_publisher":"https:\/\/www.facebook.com\/despachantedeaduana.palmero?hc_ref=ARQPWzEmqFz3O_9qTlrxPP6NW-Vf1b4-iJdwH7XdkuWdfarefzfPyjY7DGBCye4mnJs","article_published_time":"2025-09-30T20:09:05+00:00","article_modified_time":"2025-09-30T20:09:06+00:00","og_image":[{"width":656,"height":369,"url":"http:\/\/palmerodespachante.uy\/wp-content\/uploads\/2025\/09\/ZONA-FRANCA-2.jpg","type":"image\/jpeg"}],"author":"Javier Palmero","twitter_card":"summary_large_image","twitter_misc":{"Escrito por":"Javier Palmero","Tiempo de lectura":"2 minutos"},"schema":{"@context":"https:\/\/schema.org","@graph":[{"@type":"Article","@id":"https:\/\/palmerodespachante.uy\/index.php\/2025\/09\/30\/las-empresas-de-zonas-francas-quedaran-excluidas-del-impuesto-minimo-global\/#article","isPartOf":{"@id":"https:\/\/palmerodespachante.uy\/index.php\/2025\/09\/30\/las-empresas-de-zonas-francas-quedaran-excluidas-del-impuesto-minimo-global\/"},"author":{"name":"Javier Palmero","@id":"https:\/\/palmerodespachante.uy\/#\/schema\/person\/9eabdcdc87fc74d275cc2faf2ce2f732"},"headline":"LAS EMPRESAS DE ZONAS FRANCAS QUEDAR\u00c1N EXCLUIDAS DEL IMPUESTO M\u00cdNIMO GLOBAL","datePublished":"2025-09-30T20:09:05+00:00","dateModified":"2025-09-30T20:09:06+00:00","mainEntityOfPage":{"@id":"https:\/\/palmerodespachante.uy\/index.php\/2025\/09\/30\/las-empresas-de-zonas-francas-quedaran-excluidas-del-impuesto-minimo-global\/"},"wordCount":226,"commentCount":0,"publisher":{"@id":"https:\/\/palmerodespachante.uy\/#organization"},"image":{"@id":"https:\/\/palmerodespachante.uy\/index.php\/2025\/09\/30\/las-empresas-de-zonas-francas-quedaran-excluidas-del-impuesto-minimo-global\/#primaryimage"},"thumbnailUrl":"https:\/\/palmerodespachante.uy\/wp-content\/uploads\/2025\/09\/ZONA-FRANCA-2.jpg","articleSection":["Noticias"],"inLanguage":"es","potentialAction":[{"@type":"CommentAction","name":"Comment","target":["https:\/\/palmerodespachante.uy\/index.php\/2025\/09\/30\/las-empresas-de-zonas-francas-quedaran-excluidas-del-impuesto-minimo-global\/#respond"]}]},{"@type":"WebPage","@id":"https:\/\/palmerodespachante.uy\/index.php\/2025\/09\/30\/las-empresas-de-zonas-francas-quedaran-excluidas-del-impuesto-minimo-global\/","url":"https:\/\/palmerodespachante.uy\/index.php\/2025\/09\/30\/las-empresas-de-zonas-francas-quedaran-excluidas-del-impuesto-minimo-global\/","name":"LAS EMPRESAS DE ZONAS FRANCAS QUEDAR\u00c1N EXCLUIDAS DEL IMPUESTO M\u00cdNIMO GLOBAL - Palmero Despachante de Aduana","isPartOf":{"@id":"https:\/\/palmerodespachante.uy\/#website"},"primaryImageOfPage":{"@id":"https:\/\/palmerodespachante.uy\/index.php\/2025\/09\/30\/las-empresas-de-zonas-francas-quedaran-excluidas-del-impuesto-minimo-global\/#primaryimage"},"image":{"@id":"https:\/\/palmerodespachante.uy\/index.php\/2025\/09\/30\/las-empresas-de-zonas-francas-quedaran-excluidas-del-impuesto-minimo-global\/#primaryimage"},"thumbnailUrl":"https:\/\/palmerodespachante.uy\/wp-content\/uploads\/2025\/09\/ZONA-FRANCA-2.jpg","datePublished":"2025-09-30T20:09:05+00:00","dateModified":"2025-09-30T20:09:06+00:00","breadcrumb":{"@id":"https:\/\/palmerodespachante.uy\/index.php\/2025\/09\/30\/las-empresas-de-zonas-francas-quedaran-excluidas-del-impuesto-minimo-global\/#breadcrumb"},"inLanguage":"es","potentialAction":[{"@type":"ReadAction","target":["https:\/\/palmerodespachante.uy\/index.php\/2025\/09\/30\/las-empresas-de-zonas-francas-quedaran-excluidas-del-impuesto-minimo-global\/"]}]},{"@type":"ImageObject","inLanguage":"es","@id":"https:\/\/palmerodespachante.uy\/index.php\/2025\/09\/30\/las-empresas-de-zonas-francas-quedaran-excluidas-del-impuesto-minimo-global\/#primaryimage","url":"https:\/\/palmerodespachante.uy\/wp-content\/uploads\/2025\/09\/ZONA-FRANCA-2.jpg","contentUrl":"https:\/\/palmerodespachante.uy\/wp-content\/uploads\/2025\/09\/ZONA-FRANCA-2.jpg","width":656,"height":369},{"@type":"BreadcrumbList","@id":"https:\/\/palmerodespachante.uy\/index.php\/2025\/09\/30\/las-empresas-de-zonas-francas-quedaran-excluidas-del-impuesto-minimo-global\/#breadcrumb","itemListElement":[{"@type":"ListItem","position":1,"name":"Portada","item":"https:\/\/palmerodespachante.uy\/"},{"@type":"ListItem","position":2,"name":"LAS EMPRESAS DE ZONAS FRANCAS QUEDAR\u00c1N EXCLUIDAS DEL IMPUESTO M\u00cdNIMO GLOBAL"}]},{"@type":"WebSite","@id":"https:\/\/palmerodespachante.uy\/#website","url":"https:\/\/palmerodespachante.uy\/","name":"Palmero Despachante de Aduana","description":"Importaci\u00f3n, Exportaci\u00f3n, Tr\u00e1nsito","publisher":{"@id":"https:\/\/palmerodespachante.uy\/#organization"},"potentialAction":[{"@type":"SearchAction","target":{"@type":"EntryPoint","urlTemplate":"https:\/\/palmerodespachante.uy\/?s={search_term_string}"},"query-input":{"@type":"PropertyValueSpecification","valueRequired":true,"valueName":"search_term_string"}}],"inLanguage":"es"},{"@type":"Organization","@id":"https:\/\/palmerodespachante.uy\/#organization","name":"Palmero Despachante de Aduanas","url":"https:\/\/palmerodespachante.uy\/","logo":{"@type":"ImageObject","inLanguage":"es","@id":"https:\/\/palmerodespachante.uy\/#\/schema\/logo\/image\/","url":"https:\/\/palmerodespachante.uy\/wp-content\/uploads\/2018\/08\/Logo-144.png","contentUrl":"https:\/\/palmerodespachante.uy\/wp-content\/uploads\/2018\/08\/Logo-144.png","width":144,"height":144,"caption":"Palmero Despachante de Aduanas"},"image":{"@id":"https:\/\/palmerodespachante.uy\/#\/schema\/logo\/image\/"},"sameAs":["https:\/\/www.facebook.com\/despachantedeaduana.palmero?hc_ref=ARQPWzEmqFz3O_9qTlrxPP6NW-Vf1b4-iJdwH7XdkuWdfarefzfPyjY7DGBCye4mnJs","https:\/\/www.linkedin.com\/company\/despachante-de-aduana-palmero\/"]},{"@type":"Person","@id":"https:\/\/palmerodespachante.uy\/#\/schema\/person\/9eabdcdc87fc74d275cc2faf2ce2f732","name":"Javier Palmero","image":{"@type":"ImageObject","inLanguage":"es","@id":"https:\/\/palmerodespachante.uy\/wp-content\/litespeed\/avatar\/8e783966089c8fa82b27a6627fb956c2.jpg?ver=1777463218","url":"https:\/\/palmerodespachante.uy\/wp-content\/litespeed\/avatar\/8e783966089c8fa82b27a6627fb956c2.jpg?ver=1777463218","contentUrl":"https:\/\/palmerodespachante.uy\/wp-content\/litespeed\/avatar\/8e783966089c8fa82b27a6627fb956c2.jpg?ver=1777463218","caption":"Javier Palmero"}}]}},"jetpack_featured_media_url":"https:\/\/palmerodespachante.uy\/wp-content\/uploads\/2025\/09\/ZONA-FRANCA-2.jpg","_links":{"self":[{"href":"https:\/\/palmerodespachante.uy\/index.php\/wp-json\/wp\/v2\/posts\/1573","targetHints":{"allow":["GET"]}}],"collection":[{"href":"https:\/\/palmerodespachante.uy\/index.php\/wp-json\/wp\/v2\/posts"}],"about":[{"href":"https:\/\/palmerodespachante.uy\/index.php\/wp-json\/wp\/v2\/types\/post"}],"author":[{"embeddable":true,"href":"https:\/\/palmerodespachante.uy\/index.php\/wp-json\/wp\/v2\/users\/3"}],"replies":[{"embeddable":true,"href":"https:\/\/palmerodespachante.uy\/index.php\/wp-json\/wp\/v2\/comments?post=1573"}],"version-history":[{"count":1,"href":"https:\/\/palmerodespachante.uy\/index.php\/wp-json\/wp\/v2\/posts\/1573\/revisions"}],"predecessor-version":[{"id":1575,"href":"https:\/\/palmerodespachante.uy\/index.php\/wp-json\/wp\/v2\/posts\/1573\/revisions\/1575"}],"wp:featuredmedia":[{"embeddable":true,"href":"https:\/\/palmerodespachante.uy\/index.php\/wp-json\/wp\/v2\/media\/1574"}],"wp:attachment":[{"href":"https:\/\/palmerodespachante.uy\/index.php\/wp-json\/wp\/v2\/media?parent=1573"}],"wp:term":[{"taxonomy":"category","embeddable":true,"href":"https:\/\/palmerodespachante.uy\/index.php\/wp-json\/wp\/v2\/categories?post=1573"},{"taxonomy":"post_tag","embeddable":true,"href":"https:\/\/palmerodespachante.uy\/index.php\/wp-json\/wp\/v2\/tags?post=1573"}],"curies":[{"name":"wp","href":"https:\/\/api.w.org\/{rel}","templated":true}]}}