{"id":1570,"date":"2025-09-29T12:31:17","date_gmt":"2025-09-29T15:31:17","guid":{"rendered":"https:\/\/palmerodespachante.uy\/?p=1570"},"modified":"2025-09-29T12:31:18","modified_gmt":"2025-09-29T15:31:18","slug":"empresarios-y-sindicatos-industriales-reclaman-que-el-gobierno-reconozca-la-crisis-del-sector-y-tome-medidas","status":"publish","type":"post","link":"https:\/\/palmerodespachante.uy\/index.php\/2025\/09\/29\/empresarios-y-sindicatos-industriales-reclaman-que-el-gobierno-reconozca-la-crisis-del-sector-y-tome-medidas\/","title":{"rendered":"EMPRESARIOS Y SINDICATOS INDUSTRIALES RECLAMAN QUE EL GOBIERNO RECONOZCA LA CRISIS DEL SECTOR Y TOME MEDIDAS"},"content":{"rendered":"\n<p>Desde la C\u00e1mara de Industrias del Uruguay (CIU), su vicepresidente Gabriel Murara asegur\u00f3 que \u201cla p\u00e9rdida de competitividad es un tema que desde la c\u00e1mara manejamos ya hace muchos a\u00f1os; yo dir\u00eda que desde hace tres administraciones vemos una p\u00e9rdida constante a\u00f1o a a\u00f1o y no ha mejorado\u201d. Seg\u00fan explic\u00f3, la combinaci\u00f3n de un \u201ctipo de cambio real que baja\u201d y el aumento de \u201csalarios, combustibles y energ\u00eda\u201d, genera un entorno cada vez m\u00e1s adverso para las empresas. Murara subray\u00f3 que, en muchos casos, los cierres responden a causas m\u00faltiples, pero con un factor com\u00fan: los altos costos. \u201cEn algunos casos hay un tema principalmente de competitividad, que es transversal a todas las empresas. Cuanto m\u00e1s valor agregado se tiene, m\u00e1s dif\u00edcil es competir\u201d, advirti\u00f3. En el caso espec\u00edfico de Fenedur, aclar\u00f3 que la decisi\u00f3n estuvo vinculada a razones productivas. \u201cTen\u00edan dos plantas, una en Argentina y una ac\u00e1, trabajando al 50% de su capacidad ociosa. Decidieron concentrarse en una para mejorar la productividad. No fue un problema de competitividad o sindical\u201d, precis\u00f3. Desde el movimiento sindical, la lectura no fue muy distinta en cuanto al diagn\u00f3stico general. Danilo D\u00e1rdano, presidente de la Confederaci\u00f3n de Sindicatos Industriales (CSI), afirm\u00f3 que el sector atraviesa un proceso de \u201cdesindustrializaci\u00f3n\u201d que lleva al menos una d\u00e9cada. \u201cPerdimos 2.000 puestos de trabajo en los \u00faltimos meses. Si sumamos a los trabajadores informales, andamos alrededor de 2.500. Estas noticias son realmente muy malas\u201d, se\u00f1al\u00f3. (Cr\u00f3nicas)<\/p>\n","protected":false},"excerpt":{"rendered":"<p>Desde la C\u00e1mara de Industrias del Uruguay (CIU), su vicepresidente Gabriel Murara asegur\u00f3 que \u201cla p\u00e9rdida de competitividad es un tema que desde la c\u00e1mara manejamos ya hace muchos a\u00f1os; yo dir\u00eda que desde hace tres administraciones vemos una p\u00e9rdida constante a\u00f1o a a\u00f1o y no ha mejorado\u201d. Seg\u00fan explic\u00f3, la combinaci\u00f3n de un \u201ctipo [&hellip;]<\/p>\n","protected":false},"author":3,"featured_media":1571,"comment_status":"open","ping_status":"open","sticky":false,"template":"","format":"standard","meta":{"_joinchat":[],"footnotes":""},"categories":[37],"tags":[],"class_list":{"0":"post-1570","1":"post","2":"type-post","3":"status-publish","4":"format-standard","5":"has-post-thumbnail","7":"category-noticias"},"yoast_head":"<!-- This site is optimized with the Yoast SEO plugin v27.5 - https:\/\/yoast.com\/product\/yoast-seo-wordpress\/ -->\n<title>EMPRESARIOS Y SINDICATOS INDUSTRIALES RECLAMAN QUE EL GOBIERNO RECONOZCA LA CRISIS DEL SECTOR Y TOME MEDIDAS - Palmero Despachante de Aduana<\/title>\n<meta name=\"robots\" content=\"noindex, follow\" \/>\n<meta property=\"og:locale\" content=\"es_ES\" \/>\n<meta property=\"og:type\" content=\"article\" \/>\n<meta property=\"og:title\" content=\"EMPRESARIOS Y SINDICATOS INDUSTRIALES RECLAMAN QUE EL GOBIERNO RECONOZCA LA CRISIS DEL SECTOR Y TOME MEDIDAS - Palmero Despachante de Aduana\" \/>\n<meta property=\"og:description\" content=\"Desde la C\u00e1mara de Industrias del Uruguay (CIU), su vicepresidente Gabriel Murara asegur\u00f3 que \u201cla p\u00e9rdida de competitividad es un tema que desde la c\u00e1mara manejamos ya hace muchos a\u00f1os; yo dir\u00eda que desde hace tres administraciones vemos una p\u00e9rdida constante a\u00f1o a a\u00f1o y no ha mejorado\u201d. Seg\u00fan explic\u00f3, la combinaci\u00f3n de un \u201ctipo [&hellip;]\" \/>\n<meta property=\"og:url\" content=\"https:\/\/palmerodespachante.uy\/index.php\/2025\/09\/29\/empresarios-y-sindicatos-industriales-reclaman-que-el-gobierno-reconozca-la-crisis-del-sector-y-tome-medidas\/\" \/>\n<meta property=\"og:site_name\" content=\"Palmero Despachante de Aduana\" \/>\n<meta property=\"article:publisher\" content=\"https:\/\/www.facebook.com\/despachantedeaduana.palmero?hc_ref=ARQPWzEmqFz3O_9qTlrxPP6NW-Vf1b4-iJdwH7XdkuWdfarefzfPyjY7DGBCye4mnJs\" \/>\n<meta property=\"article:published_time\" content=\"2025-09-29T15:31:17+00:00\" \/>\n<meta property=\"article:modified_time\" content=\"2025-09-29T15:31:18+00:00\" \/>\n<meta property=\"og:image\" content=\"http:\/\/palmerodespachante.uy\/wp-content\/uploads\/2025\/09\/EMPRESARIOS-2.jpg\" \/>\n\t<meta property=\"og:image:width\" content=\"719\" \/>\n\t<meta property=\"og:image:height\" content=\"495\" \/>\n\t<meta property=\"og:image:type\" content=\"image\/jpeg\" \/>\n<meta name=\"author\" content=\"Javier Palmero\" \/>\n<meta name=\"twitter:card\" content=\"summary_large_image\" \/>\n<meta name=\"twitter:label1\" content=\"Escrito por\" \/>\n\t<meta name=\"twitter:data1\" content=\"Javier Palmero\" \/>\n\t<meta name=\"twitter:label2\" content=\"Tiempo de lectura\" \/>\n\t<meta name=\"twitter:data2\" content=\"2 minutos\" \/>\n<script type=\"application\/ld+json\" class=\"yoast-schema-graph\">{\"@context\":\"https:\\\/\\\/schema.org\",\"@graph\":[{\"@type\":\"Article\",\"@id\":\"https:\\\/\\\/palmerodespachante.uy\\\/index.php\\\/2025\\\/09\\\/29\\\/empresarios-y-sindicatos-industriales-reclaman-que-el-gobierno-reconozca-la-crisis-del-sector-y-tome-medidas\\\/#article\",\"isPartOf\":{\"@id\":\"https:\\\/\\\/palmerodespachante.uy\\\/index.php\\\/2025\\\/09\\\/29\\\/empresarios-y-sindicatos-industriales-reclaman-que-el-gobierno-reconozca-la-crisis-del-sector-y-tome-medidas\\\/\"},\"author\":{\"name\":\"Javier Palmero\",\"@id\":\"https:\\\/\\\/palmerodespachante.uy\\\/#\\\/schema\\\/person\\\/9eabdcdc87fc74d275cc2faf2ce2f732\"},\"headline\":\"EMPRESARIOS Y SINDICATOS INDUSTRIALES RECLAMAN QUE EL GOBIERNO RECONOZCA LA CRISIS DEL SECTOR Y TOME MEDIDAS\",\"datePublished\":\"2025-09-29T15:31:17+00:00\",\"dateModified\":\"2025-09-29T15:31:18+00:00\",\"mainEntityOfPage\":{\"@id\":\"https:\\\/\\\/palmerodespachante.uy\\\/index.php\\\/2025\\\/09\\\/29\\\/empresarios-y-sindicatos-industriales-reclaman-que-el-gobierno-reconozca-la-crisis-del-sector-y-tome-medidas\\\/\"},\"wordCount\":280,\"commentCount\":0,\"publisher\":{\"@id\":\"https:\\\/\\\/palmerodespachante.uy\\\/#organization\"},\"image\":{\"@id\":\"https:\\\/\\\/palmerodespachante.uy\\\/index.php\\\/2025\\\/09\\\/29\\\/empresarios-y-sindicatos-industriales-reclaman-que-el-gobierno-reconozca-la-crisis-del-sector-y-tome-medidas\\\/#primaryimage\"},\"thumbnailUrl\":\"https:\\\/\\\/palmerodespachante.uy\\\/wp-content\\\/uploads\\\/2025\\\/09\\\/EMPRESARIOS-2.jpg\",\"articleSection\":[\"Noticias\"],\"inLanguage\":\"es\",\"potentialAction\":[{\"@type\":\"CommentAction\",\"name\":\"Comment\",\"target\":[\"https:\\\/\\\/palmerodespachante.uy\\\/index.php\\\/2025\\\/09\\\/29\\\/empresarios-y-sindicatos-industriales-reclaman-que-el-gobierno-reconozca-la-crisis-del-sector-y-tome-medidas\\\/#respond\"]}]},{\"@type\":\"WebPage\",\"@id\":\"https:\\\/\\\/palmerodespachante.uy\\\/index.php\\\/2025\\\/09\\\/29\\\/empresarios-y-sindicatos-industriales-reclaman-que-el-gobierno-reconozca-la-crisis-del-sector-y-tome-medidas\\\/\",\"url\":\"https:\\\/\\\/palmerodespachante.uy\\\/index.php\\\/2025\\\/09\\\/29\\\/empresarios-y-sindicatos-industriales-reclaman-que-el-gobierno-reconozca-la-crisis-del-sector-y-tome-medidas\\\/\",\"name\":\"EMPRESARIOS Y SINDICATOS INDUSTRIALES RECLAMAN QUE EL GOBIERNO RECONOZCA LA CRISIS DEL SECTOR Y TOME MEDIDAS - Palmero Despachante de Aduana\",\"isPartOf\":{\"@id\":\"https:\\\/\\\/palmerodespachante.uy\\\/#website\"},\"primaryImageOfPage\":{\"@id\":\"https:\\\/\\\/palmerodespachante.uy\\\/index.php\\\/2025\\\/09\\\/29\\\/empresarios-y-sindicatos-industriales-reclaman-que-el-gobierno-reconozca-la-crisis-del-sector-y-tome-medidas\\\/#primaryimage\"},\"image\":{\"@id\":\"https:\\\/\\\/palmerodespachante.uy\\\/index.php\\\/2025\\\/09\\\/29\\\/empresarios-y-sindicatos-industriales-reclaman-que-el-gobierno-reconozca-la-crisis-del-sector-y-tome-medidas\\\/#primaryimage\"},\"thumbnailUrl\":\"https:\\\/\\\/palmerodespachante.uy\\\/wp-content\\\/uploads\\\/2025\\\/09\\\/EMPRESARIOS-2.jpg\",\"datePublished\":\"2025-09-29T15:31:17+00:00\",\"dateModified\":\"2025-09-29T15:31:18+00:00\",\"breadcrumb\":{\"@id\":\"https:\\\/\\\/palmerodespachante.uy\\\/index.php\\\/2025\\\/09\\\/29\\\/empresarios-y-sindicatos-industriales-reclaman-que-el-gobierno-reconozca-la-crisis-del-sector-y-tome-medidas\\\/#breadcrumb\"},\"inLanguage\":\"es\",\"potentialAction\":[{\"@type\":\"ReadAction\",\"target\":[\"https:\\\/\\\/palmerodespachante.uy\\\/index.php\\\/2025\\\/09\\\/29\\\/empresarios-y-sindicatos-industriales-reclaman-que-el-gobierno-reconozca-la-crisis-del-sector-y-tome-medidas\\\/\"]}]},{\"@type\":\"ImageObject\",\"inLanguage\":\"es\",\"@id\":\"https:\\\/\\\/palmerodespachante.uy\\\/index.php\\\/2025\\\/09\\\/29\\\/empresarios-y-sindicatos-industriales-reclaman-que-el-gobierno-reconozca-la-crisis-del-sector-y-tome-medidas\\\/#primaryimage\",\"url\":\"https:\\\/\\\/palmerodespachante.uy\\\/wp-content\\\/uploads\\\/2025\\\/09\\\/EMPRESARIOS-2.jpg\",\"contentUrl\":\"https:\\\/\\\/palmerodespachante.uy\\\/wp-content\\\/uploads\\\/2025\\\/09\\\/EMPRESARIOS-2.jpg\",\"width\":719,\"height\":495},{\"@type\":\"BreadcrumbList\",\"@id\":\"https:\\\/\\\/palmerodespachante.uy\\\/index.php\\\/2025\\\/09\\\/29\\\/empresarios-y-sindicatos-industriales-reclaman-que-el-gobierno-reconozca-la-crisis-del-sector-y-tome-medidas\\\/#breadcrumb\",\"itemListElement\":[{\"@type\":\"ListItem\",\"position\":1,\"name\":\"Portada\",\"item\":\"https:\\\/\\\/palmerodespachante.uy\\\/\"},{\"@type\":\"ListItem\",\"position\":2,\"name\":\"EMPRESARIOS Y SINDICATOS INDUSTRIALES RECLAMAN QUE EL GOBIERNO RECONOZCA LA CRISIS DEL SECTOR Y TOME MEDIDAS\"}]},{\"@type\":\"WebSite\",\"@id\":\"https:\\\/\\\/palmerodespachante.uy\\\/#website\",\"url\":\"https:\\\/\\\/palmerodespachante.uy\\\/\",\"name\":\"Palmero Despachante de Aduana\",\"description\":\"Importaci\u00f3n, Exportaci\u00f3n, Tr\u00e1nsito\",\"publisher\":{\"@id\":\"https:\\\/\\\/palmerodespachante.uy\\\/#organization\"},\"potentialAction\":[{\"@type\":\"SearchAction\",\"target\":{\"@type\":\"EntryPoint\",\"urlTemplate\":\"https:\\\/\\\/palmerodespachante.uy\\\/?s={search_term_string}\"},\"query-input\":{\"@type\":\"PropertyValueSpecification\",\"valueRequired\":true,\"valueName\":\"search_term_string\"}}],\"inLanguage\":\"es\"},{\"@type\":\"Organization\",\"@id\":\"https:\\\/\\\/palmerodespachante.uy\\\/#organization\",\"name\":\"Palmero Despachante de Aduanas\",\"url\":\"https:\\\/\\\/palmerodespachante.uy\\\/\",\"logo\":{\"@type\":\"ImageObject\",\"inLanguage\":\"es\",\"@id\":\"https:\\\/\\\/palmerodespachante.uy\\\/#\\\/schema\\\/logo\\\/image\\\/\",\"url\":\"https:\\\/\\\/palmerodespachante.uy\\\/wp-content\\\/uploads\\\/2018\\\/08\\\/Logo-144.png\",\"contentUrl\":\"https:\\\/\\\/palmerodespachante.uy\\\/wp-content\\\/uploads\\\/2018\\\/08\\\/Logo-144.png\",\"width\":144,\"height\":144,\"caption\":\"Palmero Despachante de Aduanas\"},\"image\":{\"@id\":\"https:\\\/\\\/palmerodespachante.uy\\\/#\\\/schema\\\/logo\\\/image\\\/\"},\"sameAs\":[\"https:\\\/\\\/www.facebook.com\\\/despachantedeaduana.palmero?hc_ref=ARQPWzEmqFz3O_9qTlrxPP6NW-Vf1b4-iJdwH7XdkuWdfarefzfPyjY7DGBCye4mnJs\",\"https:\\\/\\\/www.linkedin.com\\\/company\\\/despachante-de-aduana-palmero\\\/\"]},{\"@type\":\"Person\",\"@id\":\"https:\\\/\\\/palmerodespachante.uy\\\/#\\\/schema\\\/person\\\/9eabdcdc87fc74d275cc2faf2ce2f732\",\"name\":\"Javier Palmero\",\"image\":{\"@type\":\"ImageObject\",\"inLanguage\":\"es\",\"@id\":\"https:\\\/\\\/palmerodespachante.uy\\\/wp-content\\\/litespeed\\\/avatar\\\/8e783966089c8fa82b27a6627fb956c2.jpg?ver=1777463218\",\"url\":\"https:\\\/\\\/palmerodespachante.uy\\\/wp-content\\\/litespeed\\\/avatar\\\/8e783966089c8fa82b27a6627fb956c2.jpg?ver=1777463218\",\"contentUrl\":\"https:\\\/\\\/palmerodespachante.uy\\\/wp-content\\\/litespeed\\\/avatar\\\/8e783966089c8fa82b27a6627fb956c2.jpg?ver=1777463218\",\"caption\":\"Javier Palmero\"}}]}<\/script>\n<!-- \/ Yoast SEO plugin. -->","yoast_head_json":{"title":"EMPRESARIOS Y SINDICATOS INDUSTRIALES RECLAMAN QUE EL GOBIERNO RECONOZCA LA CRISIS DEL SECTOR Y TOME MEDIDAS - Palmero Despachante de Aduana","robots":{"index":"noindex","follow":"follow"},"og_locale":"es_ES","og_type":"article","og_title":"EMPRESARIOS Y SINDICATOS INDUSTRIALES RECLAMAN QUE EL GOBIERNO RECONOZCA LA CRISIS DEL SECTOR Y TOME MEDIDAS - Palmero Despachante de Aduana","og_description":"Desde la C\u00e1mara de Industrias del Uruguay (CIU), su vicepresidente Gabriel Murara asegur\u00f3 que \u201cla p\u00e9rdida de competitividad es un tema que desde la c\u00e1mara manejamos ya hace muchos a\u00f1os; yo dir\u00eda que desde hace tres administraciones vemos una p\u00e9rdida constante a\u00f1o a a\u00f1o y no ha mejorado\u201d. Seg\u00fan explic\u00f3, la combinaci\u00f3n de un \u201ctipo [&hellip;]","og_url":"https:\/\/palmerodespachante.uy\/index.php\/2025\/09\/29\/empresarios-y-sindicatos-industriales-reclaman-que-el-gobierno-reconozca-la-crisis-del-sector-y-tome-medidas\/","og_site_name":"Palmero Despachante de Aduana","article_publisher":"https:\/\/www.facebook.com\/despachantedeaduana.palmero?hc_ref=ARQPWzEmqFz3O_9qTlrxPP6NW-Vf1b4-iJdwH7XdkuWdfarefzfPyjY7DGBCye4mnJs","article_published_time":"2025-09-29T15:31:17+00:00","article_modified_time":"2025-09-29T15:31:18+00:00","og_image":[{"width":719,"height":495,"url":"http:\/\/palmerodespachante.uy\/wp-content\/uploads\/2025\/09\/EMPRESARIOS-2.jpg","type":"image\/jpeg"}],"author":"Javier Palmero","twitter_card":"summary_large_image","twitter_misc":{"Escrito por":"Javier Palmero","Tiempo de lectura":"2 minutos"},"schema":{"@context":"https:\/\/schema.org","@graph":[{"@type":"Article","@id":"https:\/\/palmerodespachante.uy\/index.php\/2025\/09\/29\/empresarios-y-sindicatos-industriales-reclaman-que-el-gobierno-reconozca-la-crisis-del-sector-y-tome-medidas\/#article","isPartOf":{"@id":"https:\/\/palmerodespachante.uy\/index.php\/2025\/09\/29\/empresarios-y-sindicatos-industriales-reclaman-que-el-gobierno-reconozca-la-crisis-del-sector-y-tome-medidas\/"},"author":{"name":"Javier Palmero","@id":"https:\/\/palmerodespachante.uy\/#\/schema\/person\/9eabdcdc87fc74d275cc2faf2ce2f732"},"headline":"EMPRESARIOS Y SINDICATOS INDUSTRIALES RECLAMAN QUE EL GOBIERNO RECONOZCA LA CRISIS DEL SECTOR Y TOME MEDIDAS","datePublished":"2025-09-29T15:31:17+00:00","dateModified":"2025-09-29T15:31:18+00:00","mainEntityOfPage":{"@id":"https:\/\/palmerodespachante.uy\/index.php\/2025\/09\/29\/empresarios-y-sindicatos-industriales-reclaman-que-el-gobierno-reconozca-la-crisis-del-sector-y-tome-medidas\/"},"wordCount":280,"commentCount":0,"publisher":{"@id":"https:\/\/palmerodespachante.uy\/#organization"},"image":{"@id":"https:\/\/palmerodespachante.uy\/index.php\/2025\/09\/29\/empresarios-y-sindicatos-industriales-reclaman-que-el-gobierno-reconozca-la-crisis-del-sector-y-tome-medidas\/#primaryimage"},"thumbnailUrl":"https:\/\/palmerodespachante.uy\/wp-content\/uploads\/2025\/09\/EMPRESARIOS-2.jpg","articleSection":["Noticias"],"inLanguage":"es","potentialAction":[{"@type":"CommentAction","name":"Comment","target":["https:\/\/palmerodespachante.uy\/index.php\/2025\/09\/29\/empresarios-y-sindicatos-industriales-reclaman-que-el-gobierno-reconozca-la-crisis-del-sector-y-tome-medidas\/#respond"]}]},{"@type":"WebPage","@id":"https:\/\/palmerodespachante.uy\/index.php\/2025\/09\/29\/empresarios-y-sindicatos-industriales-reclaman-que-el-gobierno-reconozca-la-crisis-del-sector-y-tome-medidas\/","url":"https:\/\/palmerodespachante.uy\/index.php\/2025\/09\/29\/empresarios-y-sindicatos-industriales-reclaman-que-el-gobierno-reconozca-la-crisis-del-sector-y-tome-medidas\/","name":"EMPRESARIOS Y SINDICATOS INDUSTRIALES RECLAMAN QUE EL GOBIERNO RECONOZCA LA CRISIS DEL SECTOR Y TOME MEDIDAS - Palmero Despachante de Aduana","isPartOf":{"@id":"https:\/\/palmerodespachante.uy\/#website"},"primaryImageOfPage":{"@id":"https:\/\/palmerodespachante.uy\/index.php\/2025\/09\/29\/empresarios-y-sindicatos-industriales-reclaman-que-el-gobierno-reconozca-la-crisis-del-sector-y-tome-medidas\/#primaryimage"},"image":{"@id":"https:\/\/palmerodespachante.uy\/index.php\/2025\/09\/29\/empresarios-y-sindicatos-industriales-reclaman-que-el-gobierno-reconozca-la-crisis-del-sector-y-tome-medidas\/#primaryimage"},"thumbnailUrl":"https:\/\/palmerodespachante.uy\/wp-content\/uploads\/2025\/09\/EMPRESARIOS-2.jpg","datePublished":"2025-09-29T15:31:17+00:00","dateModified":"2025-09-29T15:31:18+00:00","breadcrumb":{"@id":"https:\/\/palmerodespachante.uy\/index.php\/2025\/09\/29\/empresarios-y-sindicatos-industriales-reclaman-que-el-gobierno-reconozca-la-crisis-del-sector-y-tome-medidas\/#breadcrumb"},"inLanguage":"es","potentialAction":[{"@type":"ReadAction","target":["https:\/\/palmerodespachante.uy\/index.php\/2025\/09\/29\/empresarios-y-sindicatos-industriales-reclaman-que-el-gobierno-reconozca-la-crisis-del-sector-y-tome-medidas\/"]}]},{"@type":"ImageObject","inLanguage":"es","@id":"https:\/\/palmerodespachante.uy\/index.php\/2025\/09\/29\/empresarios-y-sindicatos-industriales-reclaman-que-el-gobierno-reconozca-la-crisis-del-sector-y-tome-medidas\/#primaryimage","url":"https:\/\/palmerodespachante.uy\/wp-content\/uploads\/2025\/09\/EMPRESARIOS-2.jpg","contentUrl":"https:\/\/palmerodespachante.uy\/wp-content\/uploads\/2025\/09\/EMPRESARIOS-2.jpg","width":719,"height":495},{"@type":"BreadcrumbList","@id":"https:\/\/palmerodespachante.uy\/index.php\/2025\/09\/29\/empresarios-y-sindicatos-industriales-reclaman-que-el-gobierno-reconozca-la-crisis-del-sector-y-tome-medidas\/#breadcrumb","itemListElement":[{"@type":"ListItem","position":1,"name":"Portada","item":"https:\/\/palmerodespachante.uy\/"},{"@type":"ListItem","position":2,"name":"EMPRESARIOS Y SINDICATOS INDUSTRIALES RECLAMAN QUE EL GOBIERNO RECONOZCA LA CRISIS DEL SECTOR Y TOME MEDIDAS"}]},{"@type":"WebSite","@id":"https:\/\/palmerodespachante.uy\/#website","url":"https:\/\/palmerodespachante.uy\/","name":"Palmero Despachante de Aduana","description":"Importaci\u00f3n, Exportaci\u00f3n, Tr\u00e1nsito","publisher":{"@id":"https:\/\/palmerodespachante.uy\/#organization"},"potentialAction":[{"@type":"SearchAction","target":{"@type":"EntryPoint","urlTemplate":"https:\/\/palmerodespachante.uy\/?s={search_term_string}"},"query-input":{"@type":"PropertyValueSpecification","valueRequired":true,"valueName":"search_term_string"}}],"inLanguage":"es"},{"@type":"Organization","@id":"https:\/\/palmerodespachante.uy\/#organization","name":"Palmero Despachante de Aduanas","url":"https:\/\/palmerodespachante.uy\/","logo":{"@type":"ImageObject","inLanguage":"es","@id":"https:\/\/palmerodespachante.uy\/#\/schema\/logo\/image\/","url":"https:\/\/palmerodespachante.uy\/wp-content\/uploads\/2018\/08\/Logo-144.png","contentUrl":"https:\/\/palmerodespachante.uy\/wp-content\/uploads\/2018\/08\/Logo-144.png","width":144,"height":144,"caption":"Palmero Despachante de Aduanas"},"image":{"@id":"https:\/\/palmerodespachante.uy\/#\/schema\/logo\/image\/"},"sameAs":["https:\/\/www.facebook.com\/despachantedeaduana.palmero?hc_ref=ARQPWzEmqFz3O_9qTlrxPP6NW-Vf1b4-iJdwH7XdkuWdfarefzfPyjY7DGBCye4mnJs","https:\/\/www.linkedin.com\/company\/despachante-de-aduana-palmero\/"]},{"@type":"Person","@id":"https:\/\/palmerodespachante.uy\/#\/schema\/person\/9eabdcdc87fc74d275cc2faf2ce2f732","name":"Javier Palmero","image":{"@type":"ImageObject","inLanguage":"es","@id":"https:\/\/palmerodespachante.uy\/wp-content\/litespeed\/avatar\/8e783966089c8fa82b27a6627fb956c2.jpg?ver=1777463218","url":"https:\/\/palmerodespachante.uy\/wp-content\/litespeed\/avatar\/8e783966089c8fa82b27a6627fb956c2.jpg?ver=1777463218","contentUrl":"https:\/\/palmerodespachante.uy\/wp-content\/litespeed\/avatar\/8e783966089c8fa82b27a6627fb956c2.jpg?ver=1777463218","caption":"Javier Palmero"}}]}},"jetpack_featured_media_url":"https:\/\/palmerodespachante.uy\/wp-content\/uploads\/2025\/09\/EMPRESARIOS-2.jpg","_links":{"self":[{"href":"https:\/\/palmerodespachante.uy\/index.php\/wp-json\/wp\/v2\/posts\/1570","targetHints":{"allow":["GET"]}}],"collection":[{"href":"https:\/\/palmerodespachante.uy\/index.php\/wp-json\/wp\/v2\/posts"}],"about":[{"href":"https:\/\/palmerodespachante.uy\/index.php\/wp-json\/wp\/v2\/types\/post"}],"author":[{"embeddable":true,"href":"https:\/\/palmerodespachante.uy\/index.php\/wp-json\/wp\/v2\/users\/3"}],"replies":[{"embeddable":true,"href":"https:\/\/palmerodespachante.uy\/index.php\/wp-json\/wp\/v2\/comments?post=1570"}],"version-history":[{"count":1,"href":"https:\/\/palmerodespachante.uy\/index.php\/wp-json\/wp\/v2\/posts\/1570\/revisions"}],"predecessor-version":[{"id":1572,"href":"https:\/\/palmerodespachante.uy\/index.php\/wp-json\/wp\/v2\/posts\/1570\/revisions\/1572"}],"wp:featuredmedia":[{"embeddable":true,"href":"https:\/\/palmerodespachante.uy\/index.php\/wp-json\/wp\/v2\/media\/1571"}],"wp:attachment":[{"href":"https:\/\/palmerodespachante.uy\/index.php\/wp-json\/wp\/v2\/media?parent=1570"}],"wp:term":[{"taxonomy":"category","embeddable":true,"href":"https:\/\/palmerodespachante.uy\/index.php\/wp-json\/wp\/v2\/categories?post=1570"},{"taxonomy":"post_tag","embeddable":true,"href":"https:\/\/palmerodespachante.uy\/index.php\/wp-json\/wp\/v2\/tags?post=1570"}],"curies":[{"name":"wp","href":"https:\/\/api.w.org\/{rel}","templated":true}]}}