{"id":1566,"date":"2025-09-29T12:30:10","date_gmt":"2025-09-29T15:30:10","guid":{"rendered":"https:\/\/palmerodespachante.uy\/?p=1566"},"modified":"2025-09-29T12:30:11","modified_gmt":"2025-09-29T15:30:11","slug":"la-demanda-de-ia-en-el-mercado-laboral-crecio-154-en-uruguay-por-donde-empezar","status":"publish","type":"post","link":"https:\/\/palmerodespachante.uy\/index.php\/2025\/09\/29\/la-demanda-de-ia-en-el-mercado-laboral-crecio-154-en-uruguay-por-donde-empezar\/","title":{"rendered":"LA DEMANDA DE IA EN EL MERCADO LABORAL CRECI\u00d3 154% EN URUGUAY: \u00bfPOR D\u00d3NDE EMPEZAR?"},"content":{"rendered":"\n<p>Hay consultoras que le est\u00e1n poniendo cifras a este fen\u00f3meno, mostrando cu\u00e1les son las necesidades que exigen los empleadores de Uruguay. El monitor laboral del primer semestre de 2025, elaborado por Advice, muestra cifras del crecimiento de la demanda de la habilidad \u00abciencia de datos e inteligencia artificial\u00bb: seg\u00fan el an\u00e1lisis, tuvo un crecimiento del 154% en Uruguay durante el per\u00edodo 2020-2025. Esta habilidad se clasifica como \u00abemergente\u00bb, lo que significa que su demanda ya est\u00e1 experimentando un crecimiento acelerado en el pa\u00eds. Pero si lo comparamos desde el lanzamiento de ChatGPT, el crecimiento fue mucho m\u00e1s vertiginoso: un 486%. (El Observador)<\/p>\n\n\n\n<p><\/p>\n","protected":false},"excerpt":{"rendered":"<p>Hay consultoras que le est\u00e1n poniendo cifras a este fen\u00f3meno, mostrando cu\u00e1les son las necesidades que exigen los empleadores de Uruguay. El monitor laboral del primer semestre de 2025, elaborado por Advice, muestra cifras del crecimiento de la demanda de la habilidad \u00abciencia de datos e inteligencia artificial\u00bb: seg\u00fan el an\u00e1lisis, tuvo un crecimiento del [&hellip;]<\/p>\n","protected":false},"author":3,"featured_media":1567,"comment_status":"open","ping_status":"open","sticky":false,"template":"","format":"standard","meta":{"_joinchat":[],"footnotes":""},"categories":[37],"tags":[],"class_list":{"0":"post-1566","1":"post","2":"type-post","3":"status-publish","4":"format-standard","5":"has-post-thumbnail","7":"category-noticias"},"yoast_head":"<!-- This site is optimized with the Yoast SEO plugin v27.5 - https:\/\/yoast.com\/product\/yoast-seo-wordpress\/ -->\n<title>LA DEMANDA DE IA EN EL MERCADO LABORAL CRECI\u00d3 154% EN URUGUAY: \u00bfPOR D\u00d3NDE EMPEZAR? - Palmero Despachante de Aduana<\/title>\n<meta name=\"robots\" content=\"noindex, follow\" \/>\n<meta property=\"og:locale\" content=\"es_ES\" \/>\n<meta property=\"og:type\" content=\"article\" \/>\n<meta property=\"og:title\" content=\"LA DEMANDA DE IA EN EL MERCADO LABORAL CRECI\u00d3 154% EN URUGUAY: \u00bfPOR D\u00d3NDE EMPEZAR? - Palmero Despachante de Aduana\" \/>\n<meta property=\"og:description\" content=\"Hay consultoras que le est\u00e1n poniendo cifras a este fen\u00f3meno, mostrando cu\u00e1les son las necesidades que exigen los empleadores de Uruguay. El monitor laboral del primer semestre de 2025, elaborado por Advice, muestra cifras del crecimiento de la demanda de la habilidad \u00abciencia de datos e inteligencia artificial\u00bb: seg\u00fan el an\u00e1lisis, tuvo un crecimiento del [&hellip;]\" \/>\n<meta property=\"og:url\" content=\"https:\/\/palmerodespachante.uy\/index.php\/2025\/09\/29\/la-demanda-de-ia-en-el-mercado-laboral-crecio-154-en-uruguay-por-donde-empezar\/\" \/>\n<meta property=\"og:site_name\" content=\"Palmero Despachante de Aduana\" \/>\n<meta property=\"article:publisher\" content=\"https:\/\/www.facebook.com\/despachantedeaduana.palmero?hc_ref=ARQPWzEmqFz3O_9qTlrxPP6NW-Vf1b4-iJdwH7XdkuWdfarefzfPyjY7DGBCye4mnJs\" \/>\n<meta property=\"article:published_time\" content=\"2025-09-29T15:30:10+00:00\" \/>\n<meta property=\"article:modified_time\" content=\"2025-09-29T15:30:11+00:00\" \/>\n<meta property=\"og:image\" content=\"http:\/\/palmerodespachante.uy\/wp-content\/uploads\/2025\/09\/IA.jpg\" \/>\n\t<meta property=\"og:image:width\" content=\"1000\" \/>\n\t<meta property=\"og:image:height\" content=\"667\" \/>\n\t<meta property=\"og:image:type\" content=\"image\/jpeg\" \/>\n<meta name=\"author\" content=\"Javier Palmero\" \/>\n<meta name=\"twitter:card\" content=\"summary_large_image\" \/>\n<meta name=\"twitter:label1\" content=\"Escrito por\" \/>\n\t<meta name=\"twitter:data1\" content=\"Javier Palmero\" \/>\n\t<meta name=\"twitter:label2\" content=\"Tiempo de lectura\" \/>\n\t<meta name=\"twitter:data2\" content=\"1 minuto\" \/>\n<script type=\"application\/ld+json\" class=\"yoast-schema-graph\">{\"@context\":\"https:\\\/\\\/schema.org\",\"@graph\":[{\"@type\":\"Article\",\"@id\":\"https:\\\/\\\/palmerodespachante.uy\\\/index.php\\\/2025\\\/09\\\/29\\\/la-demanda-de-ia-en-el-mercado-laboral-crecio-154-en-uruguay-por-donde-empezar\\\/#article\",\"isPartOf\":{\"@id\":\"https:\\\/\\\/palmerodespachante.uy\\\/index.php\\\/2025\\\/09\\\/29\\\/la-demanda-de-ia-en-el-mercado-laboral-crecio-154-en-uruguay-por-donde-empezar\\\/\"},\"author\":{\"name\":\"Javier Palmero\",\"@id\":\"https:\\\/\\\/palmerodespachante.uy\\\/#\\\/schema\\\/person\\\/9eabdcdc87fc74d275cc2faf2ce2f732\"},\"headline\":\"LA DEMANDA DE IA EN EL MERCADO LABORAL CRECI\u00d3 154% EN URUGUAY: \u00bfPOR D\u00d3NDE EMPEZAR?\",\"datePublished\":\"2025-09-29T15:30:10+00:00\",\"dateModified\":\"2025-09-29T15:30:11+00:00\",\"mainEntityOfPage\":{\"@id\":\"https:\\\/\\\/palmerodespachante.uy\\\/index.php\\\/2025\\\/09\\\/29\\\/la-demanda-de-ia-en-el-mercado-laboral-crecio-154-en-uruguay-por-donde-empezar\\\/\"},\"wordCount\":122,\"commentCount\":0,\"publisher\":{\"@id\":\"https:\\\/\\\/palmerodespachante.uy\\\/#organization\"},\"image\":{\"@id\":\"https:\\\/\\\/palmerodespachante.uy\\\/index.php\\\/2025\\\/09\\\/29\\\/la-demanda-de-ia-en-el-mercado-laboral-crecio-154-en-uruguay-por-donde-empezar\\\/#primaryimage\"},\"thumbnailUrl\":\"https:\\\/\\\/palmerodespachante.uy\\\/wp-content\\\/uploads\\\/2025\\\/09\\\/IA.jpg\",\"articleSection\":[\"Noticias\"],\"inLanguage\":\"es\",\"potentialAction\":[{\"@type\":\"CommentAction\",\"name\":\"Comment\",\"target\":[\"https:\\\/\\\/palmerodespachante.uy\\\/index.php\\\/2025\\\/09\\\/29\\\/la-demanda-de-ia-en-el-mercado-laboral-crecio-154-en-uruguay-por-donde-empezar\\\/#respond\"]}]},{\"@type\":\"WebPage\",\"@id\":\"https:\\\/\\\/palmerodespachante.uy\\\/index.php\\\/2025\\\/09\\\/29\\\/la-demanda-de-ia-en-el-mercado-laboral-crecio-154-en-uruguay-por-donde-empezar\\\/\",\"url\":\"https:\\\/\\\/palmerodespachante.uy\\\/index.php\\\/2025\\\/09\\\/29\\\/la-demanda-de-ia-en-el-mercado-laboral-crecio-154-en-uruguay-por-donde-empezar\\\/\",\"name\":\"LA DEMANDA DE IA EN EL MERCADO LABORAL CRECI\u00d3 154% EN URUGUAY: \u00bfPOR D\u00d3NDE EMPEZAR? - Palmero Despachante de Aduana\",\"isPartOf\":{\"@id\":\"https:\\\/\\\/palmerodespachante.uy\\\/#website\"},\"primaryImageOfPage\":{\"@id\":\"https:\\\/\\\/palmerodespachante.uy\\\/index.php\\\/2025\\\/09\\\/29\\\/la-demanda-de-ia-en-el-mercado-laboral-crecio-154-en-uruguay-por-donde-empezar\\\/#primaryimage\"},\"image\":{\"@id\":\"https:\\\/\\\/palmerodespachante.uy\\\/index.php\\\/2025\\\/09\\\/29\\\/la-demanda-de-ia-en-el-mercado-laboral-crecio-154-en-uruguay-por-donde-empezar\\\/#primaryimage\"},\"thumbnailUrl\":\"https:\\\/\\\/palmerodespachante.uy\\\/wp-content\\\/uploads\\\/2025\\\/09\\\/IA.jpg\",\"datePublished\":\"2025-09-29T15:30:10+00:00\",\"dateModified\":\"2025-09-29T15:30:11+00:00\",\"breadcrumb\":{\"@id\":\"https:\\\/\\\/palmerodespachante.uy\\\/index.php\\\/2025\\\/09\\\/29\\\/la-demanda-de-ia-en-el-mercado-laboral-crecio-154-en-uruguay-por-donde-empezar\\\/#breadcrumb\"},\"inLanguage\":\"es\",\"potentialAction\":[{\"@type\":\"ReadAction\",\"target\":[\"https:\\\/\\\/palmerodespachante.uy\\\/index.php\\\/2025\\\/09\\\/29\\\/la-demanda-de-ia-en-el-mercado-laboral-crecio-154-en-uruguay-por-donde-empezar\\\/\"]}]},{\"@type\":\"ImageObject\",\"inLanguage\":\"es\",\"@id\":\"https:\\\/\\\/palmerodespachante.uy\\\/index.php\\\/2025\\\/09\\\/29\\\/la-demanda-de-ia-en-el-mercado-laboral-crecio-154-en-uruguay-por-donde-empezar\\\/#primaryimage\",\"url\":\"https:\\\/\\\/palmerodespachante.uy\\\/wp-content\\\/uploads\\\/2025\\\/09\\\/IA.jpg\",\"contentUrl\":\"https:\\\/\\\/palmerodespachante.uy\\\/wp-content\\\/uploads\\\/2025\\\/09\\\/IA.jpg\",\"width\":1000,\"height\":667},{\"@type\":\"BreadcrumbList\",\"@id\":\"https:\\\/\\\/palmerodespachante.uy\\\/index.php\\\/2025\\\/09\\\/29\\\/la-demanda-de-ia-en-el-mercado-laboral-crecio-154-en-uruguay-por-donde-empezar\\\/#breadcrumb\",\"itemListElement\":[{\"@type\":\"ListItem\",\"position\":1,\"name\":\"Portada\",\"item\":\"https:\\\/\\\/palmerodespachante.uy\\\/\"},{\"@type\":\"ListItem\",\"position\":2,\"name\":\"LA DEMANDA DE IA EN EL MERCADO LABORAL CRECI\u00d3 154% EN URUGUAY: \u00bfPOR D\u00d3NDE EMPEZAR?\"}]},{\"@type\":\"WebSite\",\"@id\":\"https:\\\/\\\/palmerodespachante.uy\\\/#website\",\"url\":\"https:\\\/\\\/palmerodespachante.uy\\\/\",\"name\":\"Palmero Despachante de Aduana\",\"description\":\"Importaci\u00f3n, Exportaci\u00f3n, Tr\u00e1nsito\",\"publisher\":{\"@id\":\"https:\\\/\\\/palmerodespachante.uy\\\/#organization\"},\"potentialAction\":[{\"@type\":\"SearchAction\",\"target\":{\"@type\":\"EntryPoint\",\"urlTemplate\":\"https:\\\/\\\/palmerodespachante.uy\\\/?s={search_term_string}\"},\"query-input\":{\"@type\":\"PropertyValueSpecification\",\"valueRequired\":true,\"valueName\":\"search_term_string\"}}],\"inLanguage\":\"es\"},{\"@type\":\"Organization\",\"@id\":\"https:\\\/\\\/palmerodespachante.uy\\\/#organization\",\"name\":\"Palmero Despachante de Aduanas\",\"url\":\"https:\\\/\\\/palmerodespachante.uy\\\/\",\"logo\":{\"@type\":\"ImageObject\",\"inLanguage\":\"es\",\"@id\":\"https:\\\/\\\/palmerodespachante.uy\\\/#\\\/schema\\\/logo\\\/image\\\/\",\"url\":\"https:\\\/\\\/palmerodespachante.uy\\\/wp-content\\\/uploads\\\/2018\\\/08\\\/Logo-144.png\",\"contentUrl\":\"https:\\\/\\\/palmerodespachante.uy\\\/wp-content\\\/uploads\\\/2018\\\/08\\\/Logo-144.png\",\"width\":144,\"height\":144,\"caption\":\"Palmero Despachante de Aduanas\"},\"image\":{\"@id\":\"https:\\\/\\\/palmerodespachante.uy\\\/#\\\/schema\\\/logo\\\/image\\\/\"},\"sameAs\":[\"https:\\\/\\\/www.facebook.com\\\/despachantedeaduana.palmero?hc_ref=ARQPWzEmqFz3O_9qTlrxPP6NW-Vf1b4-iJdwH7XdkuWdfarefzfPyjY7DGBCye4mnJs\",\"https:\\\/\\\/www.linkedin.com\\\/company\\\/despachante-de-aduana-palmero\\\/\"]},{\"@type\":\"Person\",\"@id\":\"https:\\\/\\\/palmerodespachante.uy\\\/#\\\/schema\\\/person\\\/9eabdcdc87fc74d275cc2faf2ce2f732\",\"name\":\"Javier Palmero\",\"image\":{\"@type\":\"ImageObject\",\"inLanguage\":\"es\",\"@id\":\"https:\\\/\\\/palmerodespachante.uy\\\/wp-content\\\/litespeed\\\/avatar\\\/8e783966089c8fa82b27a6627fb956c2.jpg?ver=1777463218\",\"url\":\"https:\\\/\\\/palmerodespachante.uy\\\/wp-content\\\/litespeed\\\/avatar\\\/8e783966089c8fa82b27a6627fb956c2.jpg?ver=1777463218\",\"contentUrl\":\"https:\\\/\\\/palmerodespachante.uy\\\/wp-content\\\/litespeed\\\/avatar\\\/8e783966089c8fa82b27a6627fb956c2.jpg?ver=1777463218\",\"caption\":\"Javier Palmero\"}}]}<\/script>\n<!-- \/ Yoast SEO plugin. -->","yoast_head_json":{"title":"LA DEMANDA DE IA EN EL MERCADO LABORAL CRECI\u00d3 154% EN URUGUAY: \u00bfPOR D\u00d3NDE EMPEZAR? - Palmero Despachante de Aduana","robots":{"index":"noindex","follow":"follow"},"og_locale":"es_ES","og_type":"article","og_title":"LA DEMANDA DE IA EN EL MERCADO LABORAL CRECI\u00d3 154% EN URUGUAY: \u00bfPOR D\u00d3NDE EMPEZAR? - Palmero Despachante de Aduana","og_description":"Hay consultoras que le est\u00e1n poniendo cifras a este fen\u00f3meno, mostrando cu\u00e1les son las necesidades que exigen los empleadores de Uruguay. El monitor laboral del primer semestre de 2025, elaborado por Advice, muestra cifras del crecimiento de la demanda de la habilidad \u00abciencia de datos e inteligencia artificial\u00bb: seg\u00fan el an\u00e1lisis, tuvo un crecimiento del [&hellip;]","og_url":"https:\/\/palmerodespachante.uy\/index.php\/2025\/09\/29\/la-demanda-de-ia-en-el-mercado-laboral-crecio-154-en-uruguay-por-donde-empezar\/","og_site_name":"Palmero Despachante de Aduana","article_publisher":"https:\/\/www.facebook.com\/despachantedeaduana.palmero?hc_ref=ARQPWzEmqFz3O_9qTlrxPP6NW-Vf1b4-iJdwH7XdkuWdfarefzfPyjY7DGBCye4mnJs","article_published_time":"2025-09-29T15:30:10+00:00","article_modified_time":"2025-09-29T15:30:11+00:00","og_image":[{"width":1000,"height":667,"url":"http:\/\/palmerodespachante.uy\/wp-content\/uploads\/2025\/09\/IA.jpg","type":"image\/jpeg"}],"author":"Javier Palmero","twitter_card":"summary_large_image","twitter_misc":{"Escrito por":"Javier Palmero","Tiempo de lectura":"1 minuto"},"schema":{"@context":"https:\/\/schema.org","@graph":[{"@type":"Article","@id":"https:\/\/palmerodespachante.uy\/index.php\/2025\/09\/29\/la-demanda-de-ia-en-el-mercado-laboral-crecio-154-en-uruguay-por-donde-empezar\/#article","isPartOf":{"@id":"https:\/\/palmerodespachante.uy\/index.php\/2025\/09\/29\/la-demanda-de-ia-en-el-mercado-laboral-crecio-154-en-uruguay-por-donde-empezar\/"},"author":{"name":"Javier Palmero","@id":"https:\/\/palmerodespachante.uy\/#\/schema\/person\/9eabdcdc87fc74d275cc2faf2ce2f732"},"headline":"LA DEMANDA DE IA EN EL MERCADO LABORAL CRECI\u00d3 154% EN URUGUAY: \u00bfPOR D\u00d3NDE EMPEZAR?","datePublished":"2025-09-29T15:30:10+00:00","dateModified":"2025-09-29T15:30:11+00:00","mainEntityOfPage":{"@id":"https:\/\/palmerodespachante.uy\/index.php\/2025\/09\/29\/la-demanda-de-ia-en-el-mercado-laboral-crecio-154-en-uruguay-por-donde-empezar\/"},"wordCount":122,"commentCount":0,"publisher":{"@id":"https:\/\/palmerodespachante.uy\/#organization"},"image":{"@id":"https:\/\/palmerodespachante.uy\/index.php\/2025\/09\/29\/la-demanda-de-ia-en-el-mercado-laboral-crecio-154-en-uruguay-por-donde-empezar\/#primaryimage"},"thumbnailUrl":"https:\/\/palmerodespachante.uy\/wp-content\/uploads\/2025\/09\/IA.jpg","articleSection":["Noticias"],"inLanguage":"es","potentialAction":[{"@type":"CommentAction","name":"Comment","target":["https:\/\/palmerodespachante.uy\/index.php\/2025\/09\/29\/la-demanda-de-ia-en-el-mercado-laboral-crecio-154-en-uruguay-por-donde-empezar\/#respond"]}]},{"@type":"WebPage","@id":"https:\/\/palmerodespachante.uy\/index.php\/2025\/09\/29\/la-demanda-de-ia-en-el-mercado-laboral-crecio-154-en-uruguay-por-donde-empezar\/","url":"https:\/\/palmerodespachante.uy\/index.php\/2025\/09\/29\/la-demanda-de-ia-en-el-mercado-laboral-crecio-154-en-uruguay-por-donde-empezar\/","name":"LA DEMANDA DE IA EN EL MERCADO LABORAL CRECI\u00d3 154% EN URUGUAY: \u00bfPOR D\u00d3NDE EMPEZAR? - Palmero Despachante de Aduana","isPartOf":{"@id":"https:\/\/palmerodespachante.uy\/#website"},"primaryImageOfPage":{"@id":"https:\/\/palmerodespachante.uy\/index.php\/2025\/09\/29\/la-demanda-de-ia-en-el-mercado-laboral-crecio-154-en-uruguay-por-donde-empezar\/#primaryimage"},"image":{"@id":"https:\/\/palmerodespachante.uy\/index.php\/2025\/09\/29\/la-demanda-de-ia-en-el-mercado-laboral-crecio-154-en-uruguay-por-donde-empezar\/#primaryimage"},"thumbnailUrl":"https:\/\/palmerodespachante.uy\/wp-content\/uploads\/2025\/09\/IA.jpg","datePublished":"2025-09-29T15:30:10+00:00","dateModified":"2025-09-29T15:30:11+00:00","breadcrumb":{"@id":"https:\/\/palmerodespachante.uy\/index.php\/2025\/09\/29\/la-demanda-de-ia-en-el-mercado-laboral-crecio-154-en-uruguay-por-donde-empezar\/#breadcrumb"},"inLanguage":"es","potentialAction":[{"@type":"ReadAction","target":["https:\/\/palmerodespachante.uy\/index.php\/2025\/09\/29\/la-demanda-de-ia-en-el-mercado-laboral-crecio-154-en-uruguay-por-donde-empezar\/"]}]},{"@type":"ImageObject","inLanguage":"es","@id":"https:\/\/palmerodespachante.uy\/index.php\/2025\/09\/29\/la-demanda-de-ia-en-el-mercado-laboral-crecio-154-en-uruguay-por-donde-empezar\/#primaryimage","url":"https:\/\/palmerodespachante.uy\/wp-content\/uploads\/2025\/09\/IA.jpg","contentUrl":"https:\/\/palmerodespachante.uy\/wp-content\/uploads\/2025\/09\/IA.jpg","width":1000,"height":667},{"@type":"BreadcrumbList","@id":"https:\/\/palmerodespachante.uy\/index.php\/2025\/09\/29\/la-demanda-de-ia-en-el-mercado-laboral-crecio-154-en-uruguay-por-donde-empezar\/#breadcrumb","itemListElement":[{"@type":"ListItem","position":1,"name":"Portada","item":"https:\/\/palmerodespachante.uy\/"},{"@type":"ListItem","position":2,"name":"LA DEMANDA DE IA EN EL MERCADO LABORAL CRECI\u00d3 154% EN URUGUAY: \u00bfPOR D\u00d3NDE EMPEZAR?"}]},{"@type":"WebSite","@id":"https:\/\/palmerodespachante.uy\/#website","url":"https:\/\/palmerodespachante.uy\/","name":"Palmero Despachante de Aduana","description":"Importaci\u00f3n, Exportaci\u00f3n, Tr\u00e1nsito","publisher":{"@id":"https:\/\/palmerodespachante.uy\/#organization"},"potentialAction":[{"@type":"SearchAction","target":{"@type":"EntryPoint","urlTemplate":"https:\/\/palmerodespachante.uy\/?s={search_term_string}"},"query-input":{"@type":"PropertyValueSpecification","valueRequired":true,"valueName":"search_term_string"}}],"inLanguage":"es"},{"@type":"Organization","@id":"https:\/\/palmerodespachante.uy\/#organization","name":"Palmero Despachante de Aduanas","url":"https:\/\/palmerodespachante.uy\/","logo":{"@type":"ImageObject","inLanguage":"es","@id":"https:\/\/palmerodespachante.uy\/#\/schema\/logo\/image\/","url":"https:\/\/palmerodespachante.uy\/wp-content\/uploads\/2018\/08\/Logo-144.png","contentUrl":"https:\/\/palmerodespachante.uy\/wp-content\/uploads\/2018\/08\/Logo-144.png","width":144,"height":144,"caption":"Palmero Despachante de Aduanas"},"image":{"@id":"https:\/\/palmerodespachante.uy\/#\/schema\/logo\/image\/"},"sameAs":["https:\/\/www.facebook.com\/despachantedeaduana.palmero?hc_ref=ARQPWzEmqFz3O_9qTlrxPP6NW-Vf1b4-iJdwH7XdkuWdfarefzfPyjY7DGBCye4mnJs","https:\/\/www.linkedin.com\/company\/despachante-de-aduana-palmero\/"]},{"@type":"Person","@id":"https:\/\/palmerodespachante.uy\/#\/schema\/person\/9eabdcdc87fc74d275cc2faf2ce2f732","name":"Javier Palmero","image":{"@type":"ImageObject","inLanguage":"es","@id":"https:\/\/palmerodespachante.uy\/wp-content\/litespeed\/avatar\/8e783966089c8fa82b27a6627fb956c2.jpg?ver=1777463218","url":"https:\/\/palmerodespachante.uy\/wp-content\/litespeed\/avatar\/8e783966089c8fa82b27a6627fb956c2.jpg?ver=1777463218","contentUrl":"https:\/\/palmerodespachante.uy\/wp-content\/litespeed\/avatar\/8e783966089c8fa82b27a6627fb956c2.jpg?ver=1777463218","caption":"Javier Palmero"}}]}},"jetpack_featured_media_url":"https:\/\/palmerodespachante.uy\/wp-content\/uploads\/2025\/09\/IA.jpg","_links":{"self":[{"href":"https:\/\/palmerodespachante.uy\/index.php\/wp-json\/wp\/v2\/posts\/1566","targetHints":{"allow":["GET"]}}],"collection":[{"href":"https:\/\/palmerodespachante.uy\/index.php\/wp-json\/wp\/v2\/posts"}],"about":[{"href":"https:\/\/palmerodespachante.uy\/index.php\/wp-json\/wp\/v2\/types\/post"}],"author":[{"embeddable":true,"href":"https:\/\/palmerodespachante.uy\/index.php\/wp-json\/wp\/v2\/users\/3"}],"replies":[{"embeddable":true,"href":"https:\/\/palmerodespachante.uy\/index.php\/wp-json\/wp\/v2\/comments?post=1566"}],"version-history":[{"count":1,"href":"https:\/\/palmerodespachante.uy\/index.php\/wp-json\/wp\/v2\/posts\/1566\/revisions"}],"predecessor-version":[{"id":1568,"href":"https:\/\/palmerodespachante.uy\/index.php\/wp-json\/wp\/v2\/posts\/1566\/revisions\/1568"}],"wp:featuredmedia":[{"embeddable":true,"href":"https:\/\/palmerodespachante.uy\/index.php\/wp-json\/wp\/v2\/media\/1567"}],"wp:attachment":[{"href":"https:\/\/palmerodespachante.uy\/index.php\/wp-json\/wp\/v2\/media?parent=1566"}],"wp:term":[{"taxonomy":"category","embeddable":true,"href":"https:\/\/palmerodespachante.uy\/index.php\/wp-json\/wp\/v2\/categories?post=1566"},{"taxonomy":"post_tag","embeddable":true,"href":"https:\/\/palmerodespachante.uy\/index.php\/wp-json\/wp\/v2\/tags?post=1566"}],"curies":[{"name":"wp","href":"https:\/\/api.w.org\/{rel}","templated":true}]}}