{"id":1559,"date":"2025-09-08T10:45:52","date_gmt":"2025-09-08T13:45:52","guid":{"rendered":"https:\/\/palmerodespachante.uy\/?p=1559"},"modified":"2025-09-08T10:45:54","modified_gmt":"2025-09-08T13:45:54","slug":"el-precio-de-la-carne-vacuna-uruguaya-se-disparo-en-agosto-y-marco-record-historico-para-el-mes","status":"publish","type":"post","link":"https:\/\/palmerodespachante.uy\/index.php\/2025\/09\/08\/el-precio-de-la-carne-vacuna-uruguaya-se-disparo-en-agosto-y-marco-record-historico-para-el-mes\/","title":{"rendered":"EL PRECIO DE LA CARNE VACUNA URUGUAYA SE DISPAR\u00d3 EN AGOSTO Y MARC\u00d3 R\u00c9CORD HIST\u00d3RICO PARA EL MES"},"content":{"rendered":"\n<p>El precio de exportaci\u00f3n de la carne vacuna alcanz\u00f3 el mejor agosto de la historia con un r\u00e9cord mensual de 5.454 de d\u00f3lares por tonelada, de acuerdo a datos preliminares del Instituto Nacional de Carnes (INAC) para los \u00faltimos 30 d\u00edas m\u00f3viles, sin embargo, no se super\u00f3 el m\u00e1ximo hist\u00f3rico de mayo de 2022. En la \u00faltima semana, el Ingreso Medio de Exportaciones (IMEX) lleg\u00f3 a 5.752 de d\u00f3lares por tonelada, mientras que en el acumulado anual se mantiene en 4.934 de d\u00f3lares, un 21% por encima de los 4.092 d\u00f3lares del mismo per\u00edodo de 2024. Entre el 1 y el 30 de agosto, Uruguay export\u00f3 39.957 toneladas de carne vacuna, un aumento interanual del 10%. China consolid\u00f3 su posici\u00f3n como principal destino, con 16.160 toneladas (+12% interanual), lo que represent\u00f3 un 40% del total exportado. Las ventas a Estados Unidos tambi\u00e9n crecieron un 12% interanual, con 9.564 toneladas, mientras que la Uni\u00f3n Europea (UE) registr\u00f3 un fuerte repunte de 61%, con 8.633 toneladas enviadas en el mes. (\u00c1mbito Financiero)<\/p>\n\n\n\n<p><\/p>\n","protected":false},"excerpt":{"rendered":"<p>El precio de exportaci\u00f3n de la carne vacuna alcanz\u00f3 el mejor agosto de la historia con un r\u00e9cord mensual de 5.454 de d\u00f3lares por tonelada, de acuerdo a datos preliminares del Instituto Nacional de Carnes (INAC) para los \u00faltimos 30 d\u00edas m\u00f3viles, sin embargo, no se super\u00f3 el m\u00e1ximo hist\u00f3rico de mayo de 2022. En [&hellip;]<\/p>\n","protected":false},"author":3,"featured_media":1560,"comment_status":"open","ping_status":"open","sticky":false,"template":"","format":"standard","meta":{"_joinchat":[],"footnotes":""},"categories":[37],"tags":[],"class_list":{"0":"post-1559","1":"post","2":"type-post","3":"status-publish","4":"format-standard","5":"has-post-thumbnail","7":"category-noticias"},"yoast_head":"<!-- This site is optimized with the Yoast SEO plugin v27.5 - https:\/\/yoast.com\/product\/yoast-seo-wordpress\/ -->\n<title>EL PRECIO DE LA CARNE VACUNA URUGUAYA SE DISPAR\u00d3 EN AGOSTO Y MARC\u00d3 R\u00c9CORD HIST\u00d3RICO PARA EL MES - Palmero Despachante de Aduana<\/title>\n<meta name=\"robots\" content=\"noindex, follow\" \/>\n<meta property=\"og:locale\" content=\"es_ES\" \/>\n<meta property=\"og:type\" content=\"article\" \/>\n<meta property=\"og:title\" content=\"EL PRECIO DE LA CARNE VACUNA URUGUAYA SE DISPAR\u00d3 EN AGOSTO Y MARC\u00d3 R\u00c9CORD HIST\u00d3RICO PARA EL MES - Palmero Despachante de Aduana\" \/>\n<meta property=\"og:description\" content=\"El precio de exportaci\u00f3n de la carne vacuna alcanz\u00f3 el mejor agosto de la historia con un r\u00e9cord mensual de 5.454 de d\u00f3lares por tonelada, de acuerdo a datos preliminares del Instituto Nacional de Carnes (INAC) para los \u00faltimos 30 d\u00edas m\u00f3viles, sin embargo, no se super\u00f3 el m\u00e1ximo hist\u00f3rico de mayo de 2022. En [&hellip;]\" \/>\n<meta property=\"og:url\" content=\"https:\/\/palmerodespachante.uy\/index.php\/2025\/09\/08\/el-precio-de-la-carne-vacuna-uruguaya-se-disparo-en-agosto-y-marco-record-historico-para-el-mes\/\" \/>\n<meta property=\"og:site_name\" content=\"Palmero Despachante de Aduana\" \/>\n<meta property=\"article:publisher\" content=\"https:\/\/www.facebook.com\/despachantedeaduana.palmero?hc_ref=ARQPWzEmqFz3O_9qTlrxPP6NW-Vf1b4-iJdwH7XdkuWdfarefzfPyjY7DGBCye4mnJs\" \/>\n<meta property=\"article:published_time\" content=\"2025-09-08T13:45:52+00:00\" \/>\n<meta property=\"article:modified_time\" content=\"2025-09-08T13:45:54+00:00\" \/>\n<meta property=\"og:image\" content=\"http:\/\/palmerodespachante.uy\/wp-content\/uploads\/2025\/09\/carne.jpg\" \/>\n\t<meta property=\"og:image:width\" content=\"655\" \/>\n\t<meta property=\"og:image:height\" content=\"367\" \/>\n\t<meta property=\"og:image:type\" content=\"image\/jpeg\" \/>\n<meta name=\"author\" content=\"Javier Palmero\" \/>\n<meta name=\"twitter:card\" content=\"summary_large_image\" \/>\n<meta name=\"twitter:label1\" content=\"Escrito por\" \/>\n\t<meta name=\"twitter:data1\" content=\"Javier Palmero\" \/>\n\t<meta name=\"twitter:label2\" content=\"Tiempo de lectura\" \/>\n\t<meta name=\"twitter:data2\" content=\"1 minuto\" \/>\n<script type=\"application\/ld+json\" class=\"yoast-schema-graph\">{\"@context\":\"https:\\\/\\\/schema.org\",\"@graph\":[{\"@type\":\"Article\",\"@id\":\"https:\\\/\\\/palmerodespachante.uy\\\/index.php\\\/2025\\\/09\\\/08\\\/el-precio-de-la-carne-vacuna-uruguaya-se-disparo-en-agosto-y-marco-record-historico-para-el-mes\\\/#article\",\"isPartOf\":{\"@id\":\"https:\\\/\\\/palmerodespachante.uy\\\/index.php\\\/2025\\\/09\\\/08\\\/el-precio-de-la-carne-vacuna-uruguaya-se-disparo-en-agosto-y-marco-record-historico-para-el-mes\\\/\"},\"author\":{\"name\":\"Javier Palmero\",\"@id\":\"https:\\\/\\\/palmerodespachante.uy\\\/#\\\/schema\\\/person\\\/9eabdcdc87fc74d275cc2faf2ce2f732\"},\"headline\":\"EL PRECIO DE LA CARNE VACUNA URUGUAYA SE DISPAR\u00d3 EN AGOSTO Y MARC\u00d3 R\u00c9CORD HIST\u00d3RICO PARA EL MES\",\"datePublished\":\"2025-09-08T13:45:52+00:00\",\"dateModified\":\"2025-09-08T13:45:54+00:00\",\"mainEntityOfPage\":{\"@id\":\"https:\\\/\\\/palmerodespachante.uy\\\/index.php\\\/2025\\\/09\\\/08\\\/el-precio-de-la-carne-vacuna-uruguaya-se-disparo-en-agosto-y-marco-record-historico-para-el-mes\\\/\"},\"wordCount\":185,\"commentCount\":0,\"publisher\":{\"@id\":\"https:\\\/\\\/palmerodespachante.uy\\\/#organization\"},\"image\":{\"@id\":\"https:\\\/\\\/palmerodespachante.uy\\\/index.php\\\/2025\\\/09\\\/08\\\/el-precio-de-la-carne-vacuna-uruguaya-se-disparo-en-agosto-y-marco-record-historico-para-el-mes\\\/#primaryimage\"},\"thumbnailUrl\":\"https:\\\/\\\/palmerodespachante.uy\\\/wp-content\\\/uploads\\\/2025\\\/09\\\/carne.jpg\",\"articleSection\":[\"Noticias\"],\"inLanguage\":\"es\",\"potentialAction\":[{\"@type\":\"CommentAction\",\"name\":\"Comment\",\"target\":[\"https:\\\/\\\/palmerodespachante.uy\\\/index.php\\\/2025\\\/09\\\/08\\\/el-precio-de-la-carne-vacuna-uruguaya-se-disparo-en-agosto-y-marco-record-historico-para-el-mes\\\/#respond\"]}]},{\"@type\":\"WebPage\",\"@id\":\"https:\\\/\\\/palmerodespachante.uy\\\/index.php\\\/2025\\\/09\\\/08\\\/el-precio-de-la-carne-vacuna-uruguaya-se-disparo-en-agosto-y-marco-record-historico-para-el-mes\\\/\",\"url\":\"https:\\\/\\\/palmerodespachante.uy\\\/index.php\\\/2025\\\/09\\\/08\\\/el-precio-de-la-carne-vacuna-uruguaya-se-disparo-en-agosto-y-marco-record-historico-para-el-mes\\\/\",\"name\":\"EL PRECIO DE LA CARNE VACUNA URUGUAYA SE DISPAR\u00d3 EN AGOSTO Y MARC\u00d3 R\u00c9CORD HIST\u00d3RICO PARA EL MES - Palmero Despachante de Aduana\",\"isPartOf\":{\"@id\":\"https:\\\/\\\/palmerodespachante.uy\\\/#website\"},\"primaryImageOfPage\":{\"@id\":\"https:\\\/\\\/palmerodespachante.uy\\\/index.php\\\/2025\\\/09\\\/08\\\/el-precio-de-la-carne-vacuna-uruguaya-se-disparo-en-agosto-y-marco-record-historico-para-el-mes\\\/#primaryimage\"},\"image\":{\"@id\":\"https:\\\/\\\/palmerodespachante.uy\\\/index.php\\\/2025\\\/09\\\/08\\\/el-precio-de-la-carne-vacuna-uruguaya-se-disparo-en-agosto-y-marco-record-historico-para-el-mes\\\/#primaryimage\"},\"thumbnailUrl\":\"https:\\\/\\\/palmerodespachante.uy\\\/wp-content\\\/uploads\\\/2025\\\/09\\\/carne.jpg\",\"datePublished\":\"2025-09-08T13:45:52+00:00\",\"dateModified\":\"2025-09-08T13:45:54+00:00\",\"breadcrumb\":{\"@id\":\"https:\\\/\\\/palmerodespachante.uy\\\/index.php\\\/2025\\\/09\\\/08\\\/el-precio-de-la-carne-vacuna-uruguaya-se-disparo-en-agosto-y-marco-record-historico-para-el-mes\\\/#breadcrumb\"},\"inLanguage\":\"es\",\"potentialAction\":[{\"@type\":\"ReadAction\",\"target\":[\"https:\\\/\\\/palmerodespachante.uy\\\/index.php\\\/2025\\\/09\\\/08\\\/el-precio-de-la-carne-vacuna-uruguaya-se-disparo-en-agosto-y-marco-record-historico-para-el-mes\\\/\"]}]},{\"@type\":\"ImageObject\",\"inLanguage\":\"es\",\"@id\":\"https:\\\/\\\/palmerodespachante.uy\\\/index.php\\\/2025\\\/09\\\/08\\\/el-precio-de-la-carne-vacuna-uruguaya-se-disparo-en-agosto-y-marco-record-historico-para-el-mes\\\/#primaryimage\",\"url\":\"https:\\\/\\\/palmerodespachante.uy\\\/wp-content\\\/uploads\\\/2025\\\/09\\\/carne.jpg\",\"contentUrl\":\"https:\\\/\\\/palmerodespachante.uy\\\/wp-content\\\/uploads\\\/2025\\\/09\\\/carne.jpg\",\"width\":655,\"height\":367},{\"@type\":\"BreadcrumbList\",\"@id\":\"https:\\\/\\\/palmerodespachante.uy\\\/index.php\\\/2025\\\/09\\\/08\\\/el-precio-de-la-carne-vacuna-uruguaya-se-disparo-en-agosto-y-marco-record-historico-para-el-mes\\\/#breadcrumb\",\"itemListElement\":[{\"@type\":\"ListItem\",\"position\":1,\"name\":\"Portada\",\"item\":\"https:\\\/\\\/palmerodespachante.uy\\\/\"},{\"@type\":\"ListItem\",\"position\":2,\"name\":\"EL PRECIO DE LA CARNE VACUNA URUGUAYA SE DISPAR\u00d3 EN AGOSTO Y MARC\u00d3 R\u00c9CORD HIST\u00d3RICO PARA EL MES\"}]},{\"@type\":\"WebSite\",\"@id\":\"https:\\\/\\\/palmerodespachante.uy\\\/#website\",\"url\":\"https:\\\/\\\/palmerodespachante.uy\\\/\",\"name\":\"Palmero Despachante de Aduana\",\"description\":\"Importaci\u00f3n, Exportaci\u00f3n, Tr\u00e1nsito\",\"publisher\":{\"@id\":\"https:\\\/\\\/palmerodespachante.uy\\\/#organization\"},\"potentialAction\":[{\"@type\":\"SearchAction\",\"target\":{\"@type\":\"EntryPoint\",\"urlTemplate\":\"https:\\\/\\\/palmerodespachante.uy\\\/?s={search_term_string}\"},\"query-input\":{\"@type\":\"PropertyValueSpecification\",\"valueRequired\":true,\"valueName\":\"search_term_string\"}}],\"inLanguage\":\"es\"},{\"@type\":\"Organization\",\"@id\":\"https:\\\/\\\/palmerodespachante.uy\\\/#organization\",\"name\":\"Palmero Despachante de Aduanas\",\"url\":\"https:\\\/\\\/palmerodespachante.uy\\\/\",\"logo\":{\"@type\":\"ImageObject\",\"inLanguage\":\"es\",\"@id\":\"https:\\\/\\\/palmerodespachante.uy\\\/#\\\/schema\\\/logo\\\/image\\\/\",\"url\":\"https:\\\/\\\/palmerodespachante.uy\\\/wp-content\\\/uploads\\\/2018\\\/08\\\/Logo-144.png\",\"contentUrl\":\"https:\\\/\\\/palmerodespachante.uy\\\/wp-content\\\/uploads\\\/2018\\\/08\\\/Logo-144.png\",\"width\":144,\"height\":144,\"caption\":\"Palmero Despachante de Aduanas\"},\"image\":{\"@id\":\"https:\\\/\\\/palmerodespachante.uy\\\/#\\\/schema\\\/logo\\\/image\\\/\"},\"sameAs\":[\"https:\\\/\\\/www.facebook.com\\\/despachantedeaduana.palmero?hc_ref=ARQPWzEmqFz3O_9qTlrxPP6NW-Vf1b4-iJdwH7XdkuWdfarefzfPyjY7DGBCye4mnJs\",\"https:\\\/\\\/www.linkedin.com\\\/company\\\/despachante-de-aduana-palmero\\\/\"]},{\"@type\":\"Person\",\"@id\":\"https:\\\/\\\/palmerodespachante.uy\\\/#\\\/schema\\\/person\\\/9eabdcdc87fc74d275cc2faf2ce2f732\",\"name\":\"Javier Palmero\",\"image\":{\"@type\":\"ImageObject\",\"inLanguage\":\"es\",\"@id\":\"https:\\\/\\\/palmerodespachante.uy\\\/wp-content\\\/litespeed\\\/avatar\\\/8e783966089c8fa82b27a6627fb956c2.jpg?ver=1777463218\",\"url\":\"https:\\\/\\\/palmerodespachante.uy\\\/wp-content\\\/litespeed\\\/avatar\\\/8e783966089c8fa82b27a6627fb956c2.jpg?ver=1777463218\",\"contentUrl\":\"https:\\\/\\\/palmerodespachante.uy\\\/wp-content\\\/litespeed\\\/avatar\\\/8e783966089c8fa82b27a6627fb956c2.jpg?ver=1777463218\",\"caption\":\"Javier Palmero\"}}]}<\/script>\n<!-- \/ Yoast SEO plugin. -->","yoast_head_json":{"title":"EL PRECIO DE LA CARNE VACUNA URUGUAYA SE DISPAR\u00d3 EN AGOSTO Y MARC\u00d3 R\u00c9CORD HIST\u00d3RICO PARA EL MES - Palmero Despachante de Aduana","robots":{"index":"noindex","follow":"follow"},"og_locale":"es_ES","og_type":"article","og_title":"EL PRECIO DE LA CARNE VACUNA URUGUAYA SE DISPAR\u00d3 EN AGOSTO Y MARC\u00d3 R\u00c9CORD HIST\u00d3RICO PARA EL MES - Palmero Despachante de Aduana","og_description":"El precio de exportaci\u00f3n de la carne vacuna alcanz\u00f3 el mejor agosto de la historia con un r\u00e9cord mensual de 5.454 de d\u00f3lares por tonelada, de acuerdo a datos preliminares del Instituto Nacional de Carnes (INAC) para los \u00faltimos 30 d\u00edas m\u00f3viles, sin embargo, no se super\u00f3 el m\u00e1ximo hist\u00f3rico de mayo de 2022. En [&hellip;]","og_url":"https:\/\/palmerodespachante.uy\/index.php\/2025\/09\/08\/el-precio-de-la-carne-vacuna-uruguaya-se-disparo-en-agosto-y-marco-record-historico-para-el-mes\/","og_site_name":"Palmero Despachante de Aduana","article_publisher":"https:\/\/www.facebook.com\/despachantedeaduana.palmero?hc_ref=ARQPWzEmqFz3O_9qTlrxPP6NW-Vf1b4-iJdwH7XdkuWdfarefzfPyjY7DGBCye4mnJs","article_published_time":"2025-09-08T13:45:52+00:00","article_modified_time":"2025-09-08T13:45:54+00:00","og_image":[{"width":655,"height":367,"url":"http:\/\/palmerodespachante.uy\/wp-content\/uploads\/2025\/09\/carne.jpg","type":"image\/jpeg"}],"author":"Javier Palmero","twitter_card":"summary_large_image","twitter_misc":{"Escrito por":"Javier Palmero","Tiempo de lectura":"1 minuto"},"schema":{"@context":"https:\/\/schema.org","@graph":[{"@type":"Article","@id":"https:\/\/palmerodespachante.uy\/index.php\/2025\/09\/08\/el-precio-de-la-carne-vacuna-uruguaya-se-disparo-en-agosto-y-marco-record-historico-para-el-mes\/#article","isPartOf":{"@id":"https:\/\/palmerodespachante.uy\/index.php\/2025\/09\/08\/el-precio-de-la-carne-vacuna-uruguaya-se-disparo-en-agosto-y-marco-record-historico-para-el-mes\/"},"author":{"name":"Javier Palmero","@id":"https:\/\/palmerodespachante.uy\/#\/schema\/person\/9eabdcdc87fc74d275cc2faf2ce2f732"},"headline":"EL PRECIO DE LA CARNE VACUNA URUGUAYA SE DISPAR\u00d3 EN AGOSTO Y MARC\u00d3 R\u00c9CORD HIST\u00d3RICO PARA EL MES","datePublished":"2025-09-08T13:45:52+00:00","dateModified":"2025-09-08T13:45:54+00:00","mainEntityOfPage":{"@id":"https:\/\/palmerodespachante.uy\/index.php\/2025\/09\/08\/el-precio-de-la-carne-vacuna-uruguaya-se-disparo-en-agosto-y-marco-record-historico-para-el-mes\/"},"wordCount":185,"commentCount":0,"publisher":{"@id":"https:\/\/palmerodespachante.uy\/#organization"},"image":{"@id":"https:\/\/palmerodespachante.uy\/index.php\/2025\/09\/08\/el-precio-de-la-carne-vacuna-uruguaya-se-disparo-en-agosto-y-marco-record-historico-para-el-mes\/#primaryimage"},"thumbnailUrl":"https:\/\/palmerodespachante.uy\/wp-content\/uploads\/2025\/09\/carne.jpg","articleSection":["Noticias"],"inLanguage":"es","potentialAction":[{"@type":"CommentAction","name":"Comment","target":["https:\/\/palmerodespachante.uy\/index.php\/2025\/09\/08\/el-precio-de-la-carne-vacuna-uruguaya-se-disparo-en-agosto-y-marco-record-historico-para-el-mes\/#respond"]}]},{"@type":"WebPage","@id":"https:\/\/palmerodespachante.uy\/index.php\/2025\/09\/08\/el-precio-de-la-carne-vacuna-uruguaya-se-disparo-en-agosto-y-marco-record-historico-para-el-mes\/","url":"https:\/\/palmerodespachante.uy\/index.php\/2025\/09\/08\/el-precio-de-la-carne-vacuna-uruguaya-se-disparo-en-agosto-y-marco-record-historico-para-el-mes\/","name":"EL PRECIO DE LA CARNE VACUNA URUGUAYA SE DISPAR\u00d3 EN AGOSTO Y MARC\u00d3 R\u00c9CORD HIST\u00d3RICO PARA EL MES - Palmero Despachante de Aduana","isPartOf":{"@id":"https:\/\/palmerodespachante.uy\/#website"},"primaryImageOfPage":{"@id":"https:\/\/palmerodespachante.uy\/index.php\/2025\/09\/08\/el-precio-de-la-carne-vacuna-uruguaya-se-disparo-en-agosto-y-marco-record-historico-para-el-mes\/#primaryimage"},"image":{"@id":"https:\/\/palmerodespachante.uy\/index.php\/2025\/09\/08\/el-precio-de-la-carne-vacuna-uruguaya-se-disparo-en-agosto-y-marco-record-historico-para-el-mes\/#primaryimage"},"thumbnailUrl":"https:\/\/palmerodespachante.uy\/wp-content\/uploads\/2025\/09\/carne.jpg","datePublished":"2025-09-08T13:45:52+00:00","dateModified":"2025-09-08T13:45:54+00:00","breadcrumb":{"@id":"https:\/\/palmerodespachante.uy\/index.php\/2025\/09\/08\/el-precio-de-la-carne-vacuna-uruguaya-se-disparo-en-agosto-y-marco-record-historico-para-el-mes\/#breadcrumb"},"inLanguage":"es","potentialAction":[{"@type":"ReadAction","target":["https:\/\/palmerodespachante.uy\/index.php\/2025\/09\/08\/el-precio-de-la-carne-vacuna-uruguaya-se-disparo-en-agosto-y-marco-record-historico-para-el-mes\/"]}]},{"@type":"ImageObject","inLanguage":"es","@id":"https:\/\/palmerodespachante.uy\/index.php\/2025\/09\/08\/el-precio-de-la-carne-vacuna-uruguaya-se-disparo-en-agosto-y-marco-record-historico-para-el-mes\/#primaryimage","url":"https:\/\/palmerodespachante.uy\/wp-content\/uploads\/2025\/09\/carne.jpg","contentUrl":"https:\/\/palmerodespachante.uy\/wp-content\/uploads\/2025\/09\/carne.jpg","width":655,"height":367},{"@type":"BreadcrumbList","@id":"https:\/\/palmerodespachante.uy\/index.php\/2025\/09\/08\/el-precio-de-la-carne-vacuna-uruguaya-se-disparo-en-agosto-y-marco-record-historico-para-el-mes\/#breadcrumb","itemListElement":[{"@type":"ListItem","position":1,"name":"Portada","item":"https:\/\/palmerodespachante.uy\/"},{"@type":"ListItem","position":2,"name":"EL PRECIO DE LA CARNE VACUNA URUGUAYA SE DISPAR\u00d3 EN AGOSTO Y MARC\u00d3 R\u00c9CORD HIST\u00d3RICO PARA EL MES"}]},{"@type":"WebSite","@id":"https:\/\/palmerodespachante.uy\/#website","url":"https:\/\/palmerodespachante.uy\/","name":"Palmero Despachante de Aduana","description":"Importaci\u00f3n, Exportaci\u00f3n, Tr\u00e1nsito","publisher":{"@id":"https:\/\/palmerodespachante.uy\/#organization"},"potentialAction":[{"@type":"SearchAction","target":{"@type":"EntryPoint","urlTemplate":"https:\/\/palmerodespachante.uy\/?s={search_term_string}"},"query-input":{"@type":"PropertyValueSpecification","valueRequired":true,"valueName":"search_term_string"}}],"inLanguage":"es"},{"@type":"Organization","@id":"https:\/\/palmerodespachante.uy\/#organization","name":"Palmero Despachante de Aduanas","url":"https:\/\/palmerodespachante.uy\/","logo":{"@type":"ImageObject","inLanguage":"es","@id":"https:\/\/palmerodespachante.uy\/#\/schema\/logo\/image\/","url":"https:\/\/palmerodespachante.uy\/wp-content\/uploads\/2018\/08\/Logo-144.png","contentUrl":"https:\/\/palmerodespachante.uy\/wp-content\/uploads\/2018\/08\/Logo-144.png","width":144,"height":144,"caption":"Palmero Despachante de Aduanas"},"image":{"@id":"https:\/\/palmerodespachante.uy\/#\/schema\/logo\/image\/"},"sameAs":["https:\/\/www.facebook.com\/despachantedeaduana.palmero?hc_ref=ARQPWzEmqFz3O_9qTlrxPP6NW-Vf1b4-iJdwH7XdkuWdfarefzfPyjY7DGBCye4mnJs","https:\/\/www.linkedin.com\/company\/despachante-de-aduana-palmero\/"]},{"@type":"Person","@id":"https:\/\/palmerodespachante.uy\/#\/schema\/person\/9eabdcdc87fc74d275cc2faf2ce2f732","name":"Javier Palmero","image":{"@type":"ImageObject","inLanguage":"es","@id":"https:\/\/palmerodespachante.uy\/wp-content\/litespeed\/avatar\/8e783966089c8fa82b27a6627fb956c2.jpg?ver=1777463218","url":"https:\/\/palmerodespachante.uy\/wp-content\/litespeed\/avatar\/8e783966089c8fa82b27a6627fb956c2.jpg?ver=1777463218","contentUrl":"https:\/\/palmerodespachante.uy\/wp-content\/litespeed\/avatar\/8e783966089c8fa82b27a6627fb956c2.jpg?ver=1777463218","caption":"Javier Palmero"}}]}},"jetpack_featured_media_url":"https:\/\/palmerodespachante.uy\/wp-content\/uploads\/2025\/09\/carne.jpg","_links":{"self":[{"href":"https:\/\/palmerodespachante.uy\/index.php\/wp-json\/wp\/v2\/posts\/1559","targetHints":{"allow":["GET"]}}],"collection":[{"href":"https:\/\/palmerodespachante.uy\/index.php\/wp-json\/wp\/v2\/posts"}],"about":[{"href":"https:\/\/palmerodespachante.uy\/index.php\/wp-json\/wp\/v2\/types\/post"}],"author":[{"embeddable":true,"href":"https:\/\/palmerodespachante.uy\/index.php\/wp-json\/wp\/v2\/users\/3"}],"replies":[{"embeddable":true,"href":"https:\/\/palmerodespachante.uy\/index.php\/wp-json\/wp\/v2\/comments?post=1559"}],"version-history":[{"count":1,"href":"https:\/\/palmerodespachante.uy\/index.php\/wp-json\/wp\/v2\/posts\/1559\/revisions"}],"predecessor-version":[{"id":1561,"href":"https:\/\/palmerodespachante.uy\/index.php\/wp-json\/wp\/v2\/posts\/1559\/revisions\/1561"}],"wp:featuredmedia":[{"embeddable":true,"href":"https:\/\/palmerodespachante.uy\/index.php\/wp-json\/wp\/v2\/media\/1560"}],"wp:attachment":[{"href":"https:\/\/palmerodespachante.uy\/index.php\/wp-json\/wp\/v2\/media?parent=1559"}],"wp:term":[{"taxonomy":"category","embeddable":true,"href":"https:\/\/palmerodespachante.uy\/index.php\/wp-json\/wp\/v2\/categories?post=1559"},{"taxonomy":"post_tag","embeddable":true,"href":"https:\/\/palmerodespachante.uy\/index.php\/wp-json\/wp\/v2\/tags?post=1559"}],"curies":[{"name":"wp","href":"https:\/\/api.w.org\/{rel}","templated":true}]}}