{"id":1555,"date":"2025-09-08T10:44:30","date_gmt":"2025-09-08T13:44:30","guid":{"rendered":"https:\/\/palmerodespachante.uy\/?p=1555"},"modified":"2025-09-08T10:44:32","modified_gmt":"2025-09-08T13:44:32","slug":"exportaciones-de-bienes-acumulan-en-el-periodo-enero-agosto-un-incremento-de-54-interanual","status":"publish","type":"post","link":"https:\/\/palmerodespachante.uy\/index.php\/2025\/09\/08\/exportaciones-de-bienes-acumulan-en-el-periodo-enero-agosto-un-incremento-de-54-interanual\/","title":{"rendered":"EXPORTACIONES DE BIENES ACUMULAN EN EL PER\u00cdODO ENERO-AGOSTO UN INCREMENTO DE 5,4% INTERANUAL"},"content":{"rendered":"\n<p>Las solicitudes de exportaci\u00f3n, incluidas las zonas francas, alcanzaron US$ 1.327 millones en agosto, marcando un aumento interanual de 3,5%, seg\u00fan los datos publicados por el instituto Uruguay XXI. Las exportaciones de este mes estuvieron impulsadas principalmente por las ventas de soja, carne bovina y de la celulosa. En el acumulado del a\u00f1o, las exportaciones de bienes totalizaron US$ 9.000 millones, lo que determin\u00f3 una suba interanual de 5,4%. A impulso de la soja, la carne bovina, los productos l\u00e1cteos y el arroz, las solicitudes de exportaci\u00f3n de bienes registraron el mes pasado un aumento de 3,5% en comparaci\u00f3n con agosto de 2024, al totalizar unos US$ 1.327 millones. El dinamismo de esos productos se vio parcialmente compensado por las colocaciones de celulosa que, pese a ser uno de los principales productos, se redujeron en el \u00faltimo mes en t\u00e9rminos interanuales. De esta forma, las exportaciones de bienes, sin incluir zonas francas, acumulan en el a\u00f1o un incremento de 5,4% en comparaci\u00f3n con enero-agosto de 2024, alcanzando la cifra de US$ 9.000 millones. (Cr\u00f3nicas)<\/p>\n\n\n\n<p><\/p>\n","protected":false},"excerpt":{"rendered":"<p>Las solicitudes de exportaci\u00f3n, incluidas las zonas francas, alcanzaron US$ 1.327 millones en agosto, marcando un aumento interanual de 3,5%, seg\u00fan los datos publicados por el instituto Uruguay XXI. Las exportaciones de este mes estuvieron impulsadas principalmente por las ventas de soja, carne bovina y de la celulosa. En el acumulado del a\u00f1o, las exportaciones [&hellip;]<\/p>\n","protected":false},"author":3,"featured_media":1556,"comment_status":"open","ping_status":"open","sticky":false,"template":"","format":"standard","meta":{"_joinchat":[],"footnotes":""},"categories":[15],"tags":[],"class_list":{"0":"post-1555","1":"post","2":"type-post","3":"status-publish","4":"format-standard","5":"has-post-thumbnail","7":"category-sin-categoria-es"},"yoast_head":"<!-- This site is optimized with the Yoast SEO plugin v27.5 - https:\/\/yoast.com\/product\/yoast-seo-wordpress\/ -->\n<title>EXPORTACIONES DE BIENES ACUMULAN EN EL PER\u00cdODO ENERO-AGOSTO UN INCREMENTO DE 5,4% INTERANUAL - Palmero Despachante de Aduana<\/title>\n<meta name=\"robots\" content=\"noindex, follow\" \/>\n<meta property=\"og:locale\" content=\"es_ES\" \/>\n<meta property=\"og:type\" content=\"article\" \/>\n<meta property=\"og:title\" content=\"EXPORTACIONES DE BIENES ACUMULAN EN EL PER\u00cdODO ENERO-AGOSTO UN INCREMENTO DE 5,4% INTERANUAL - Palmero Despachante de Aduana\" \/>\n<meta property=\"og:description\" content=\"Las solicitudes de exportaci\u00f3n, incluidas las zonas francas, alcanzaron US$ 1.327 millones en agosto, marcando un aumento interanual de 3,5%, seg\u00fan los datos publicados por el instituto Uruguay XXI. Las exportaciones de este mes estuvieron impulsadas principalmente por las ventas de soja, carne bovina y de la celulosa. En el acumulado del a\u00f1o, las exportaciones [&hellip;]\" \/>\n<meta property=\"og:url\" content=\"https:\/\/palmerodespachante.uy\/index.php\/2025\/09\/08\/exportaciones-de-bienes-acumulan-en-el-periodo-enero-agosto-un-incremento-de-54-interanual\/\" \/>\n<meta property=\"og:site_name\" content=\"Palmero Despachante de Aduana\" \/>\n<meta property=\"article:publisher\" content=\"https:\/\/www.facebook.com\/despachantedeaduana.palmero?hc_ref=ARQPWzEmqFz3O_9qTlrxPP6NW-Vf1b4-iJdwH7XdkuWdfarefzfPyjY7DGBCye4mnJs\" \/>\n<meta property=\"article:published_time\" content=\"2025-09-08T13:44:30+00:00\" \/>\n<meta property=\"article:modified_time\" content=\"2025-09-08T13:44:32+00:00\" \/>\n<meta property=\"og:image\" content=\"http:\/\/palmerodespachante.uy\/wp-content\/uploads\/2025\/09\/exportaciones-4.jpg\" \/>\n\t<meta property=\"og:image:width\" content=\"799\" \/>\n\t<meta property=\"og:image:height\" content=\"450\" \/>\n\t<meta property=\"og:image:type\" content=\"image\/jpeg\" \/>\n<meta name=\"author\" content=\"Javier Palmero\" \/>\n<meta name=\"twitter:card\" content=\"summary_large_image\" \/>\n<meta name=\"twitter:label1\" content=\"Escrito por\" \/>\n\t<meta name=\"twitter:data1\" content=\"Javier Palmero\" \/>\n\t<meta name=\"twitter:label2\" content=\"Tiempo de lectura\" \/>\n\t<meta name=\"twitter:data2\" content=\"1 minuto\" \/>\n<script type=\"application\/ld+json\" class=\"yoast-schema-graph\">{\"@context\":\"https:\\\/\\\/schema.org\",\"@graph\":[{\"@type\":\"Article\",\"@id\":\"https:\\\/\\\/palmerodespachante.uy\\\/index.php\\\/2025\\\/09\\\/08\\\/exportaciones-de-bienes-acumulan-en-el-periodo-enero-agosto-un-incremento-de-54-interanual\\\/#article\",\"isPartOf\":{\"@id\":\"https:\\\/\\\/palmerodespachante.uy\\\/index.php\\\/2025\\\/09\\\/08\\\/exportaciones-de-bienes-acumulan-en-el-periodo-enero-agosto-un-incremento-de-54-interanual\\\/\"},\"author\":{\"name\":\"Javier Palmero\",\"@id\":\"https:\\\/\\\/palmerodespachante.uy\\\/#\\\/schema\\\/person\\\/9eabdcdc87fc74d275cc2faf2ce2f732\"},\"headline\":\"EXPORTACIONES DE BIENES ACUMULAN EN EL PER\u00cdODO ENERO-AGOSTO UN INCREMENTO DE 5,4% INTERANUAL\",\"datePublished\":\"2025-09-08T13:44:30+00:00\",\"dateModified\":\"2025-09-08T13:44:32+00:00\",\"mainEntityOfPage\":{\"@id\":\"https:\\\/\\\/palmerodespachante.uy\\\/index.php\\\/2025\\\/09\\\/08\\\/exportaciones-de-bienes-acumulan-en-el-periodo-enero-agosto-un-incremento-de-54-interanual\\\/\"},\"wordCount\":187,\"commentCount\":0,\"publisher\":{\"@id\":\"https:\\\/\\\/palmerodespachante.uy\\\/#organization\"},\"image\":{\"@id\":\"https:\\\/\\\/palmerodespachante.uy\\\/index.php\\\/2025\\\/09\\\/08\\\/exportaciones-de-bienes-acumulan-en-el-periodo-enero-agosto-un-incremento-de-54-interanual\\\/#primaryimage\"},\"thumbnailUrl\":\"https:\\\/\\\/palmerodespachante.uy\\\/wp-content\\\/uploads\\\/2025\\\/09\\\/exportaciones-4.jpg\",\"inLanguage\":\"es\",\"potentialAction\":[{\"@type\":\"CommentAction\",\"name\":\"Comment\",\"target\":[\"https:\\\/\\\/palmerodespachante.uy\\\/index.php\\\/2025\\\/09\\\/08\\\/exportaciones-de-bienes-acumulan-en-el-periodo-enero-agosto-un-incremento-de-54-interanual\\\/#respond\"]}]},{\"@type\":\"WebPage\",\"@id\":\"https:\\\/\\\/palmerodespachante.uy\\\/index.php\\\/2025\\\/09\\\/08\\\/exportaciones-de-bienes-acumulan-en-el-periodo-enero-agosto-un-incremento-de-54-interanual\\\/\",\"url\":\"https:\\\/\\\/palmerodespachante.uy\\\/index.php\\\/2025\\\/09\\\/08\\\/exportaciones-de-bienes-acumulan-en-el-periodo-enero-agosto-un-incremento-de-54-interanual\\\/\",\"name\":\"EXPORTACIONES DE BIENES ACUMULAN EN EL PER\u00cdODO ENERO-AGOSTO UN INCREMENTO DE 5,4% INTERANUAL - Palmero Despachante de Aduana\",\"isPartOf\":{\"@id\":\"https:\\\/\\\/palmerodespachante.uy\\\/#website\"},\"primaryImageOfPage\":{\"@id\":\"https:\\\/\\\/palmerodespachante.uy\\\/index.php\\\/2025\\\/09\\\/08\\\/exportaciones-de-bienes-acumulan-en-el-periodo-enero-agosto-un-incremento-de-54-interanual\\\/#primaryimage\"},\"image\":{\"@id\":\"https:\\\/\\\/palmerodespachante.uy\\\/index.php\\\/2025\\\/09\\\/08\\\/exportaciones-de-bienes-acumulan-en-el-periodo-enero-agosto-un-incremento-de-54-interanual\\\/#primaryimage\"},\"thumbnailUrl\":\"https:\\\/\\\/palmerodespachante.uy\\\/wp-content\\\/uploads\\\/2025\\\/09\\\/exportaciones-4.jpg\",\"datePublished\":\"2025-09-08T13:44:30+00:00\",\"dateModified\":\"2025-09-08T13:44:32+00:00\",\"breadcrumb\":{\"@id\":\"https:\\\/\\\/palmerodespachante.uy\\\/index.php\\\/2025\\\/09\\\/08\\\/exportaciones-de-bienes-acumulan-en-el-periodo-enero-agosto-un-incremento-de-54-interanual\\\/#breadcrumb\"},\"inLanguage\":\"es\",\"potentialAction\":[{\"@type\":\"ReadAction\",\"target\":[\"https:\\\/\\\/palmerodespachante.uy\\\/index.php\\\/2025\\\/09\\\/08\\\/exportaciones-de-bienes-acumulan-en-el-periodo-enero-agosto-un-incremento-de-54-interanual\\\/\"]}]},{\"@type\":\"ImageObject\",\"inLanguage\":\"es\",\"@id\":\"https:\\\/\\\/palmerodespachante.uy\\\/index.php\\\/2025\\\/09\\\/08\\\/exportaciones-de-bienes-acumulan-en-el-periodo-enero-agosto-un-incremento-de-54-interanual\\\/#primaryimage\",\"url\":\"https:\\\/\\\/palmerodespachante.uy\\\/wp-content\\\/uploads\\\/2025\\\/09\\\/exportaciones-4.jpg\",\"contentUrl\":\"https:\\\/\\\/palmerodespachante.uy\\\/wp-content\\\/uploads\\\/2025\\\/09\\\/exportaciones-4.jpg\",\"width\":799,\"height\":450},{\"@type\":\"BreadcrumbList\",\"@id\":\"https:\\\/\\\/palmerodespachante.uy\\\/index.php\\\/2025\\\/09\\\/08\\\/exportaciones-de-bienes-acumulan-en-el-periodo-enero-agosto-un-incremento-de-54-interanual\\\/#breadcrumb\",\"itemListElement\":[{\"@type\":\"ListItem\",\"position\":1,\"name\":\"Portada\",\"item\":\"https:\\\/\\\/palmerodespachante.uy\\\/\"},{\"@type\":\"ListItem\",\"position\":2,\"name\":\"EXPORTACIONES DE BIENES ACUMULAN EN EL PER\u00cdODO ENERO-AGOSTO UN INCREMENTO DE 5,4% INTERANUAL\"}]},{\"@type\":\"WebSite\",\"@id\":\"https:\\\/\\\/palmerodespachante.uy\\\/#website\",\"url\":\"https:\\\/\\\/palmerodespachante.uy\\\/\",\"name\":\"Palmero Despachante de Aduana\",\"description\":\"Importaci\u00f3n, Exportaci\u00f3n, Tr\u00e1nsito\",\"publisher\":{\"@id\":\"https:\\\/\\\/palmerodespachante.uy\\\/#organization\"},\"potentialAction\":[{\"@type\":\"SearchAction\",\"target\":{\"@type\":\"EntryPoint\",\"urlTemplate\":\"https:\\\/\\\/palmerodespachante.uy\\\/?s={search_term_string}\"},\"query-input\":{\"@type\":\"PropertyValueSpecification\",\"valueRequired\":true,\"valueName\":\"search_term_string\"}}],\"inLanguage\":\"es\"},{\"@type\":\"Organization\",\"@id\":\"https:\\\/\\\/palmerodespachante.uy\\\/#organization\",\"name\":\"Palmero Despachante de Aduanas\",\"url\":\"https:\\\/\\\/palmerodespachante.uy\\\/\",\"logo\":{\"@type\":\"ImageObject\",\"inLanguage\":\"es\",\"@id\":\"https:\\\/\\\/palmerodespachante.uy\\\/#\\\/schema\\\/logo\\\/image\\\/\",\"url\":\"https:\\\/\\\/palmerodespachante.uy\\\/wp-content\\\/uploads\\\/2018\\\/08\\\/Logo-144.png\",\"contentUrl\":\"https:\\\/\\\/palmerodespachante.uy\\\/wp-content\\\/uploads\\\/2018\\\/08\\\/Logo-144.png\",\"width\":144,\"height\":144,\"caption\":\"Palmero Despachante de Aduanas\"},\"image\":{\"@id\":\"https:\\\/\\\/palmerodespachante.uy\\\/#\\\/schema\\\/logo\\\/image\\\/\"},\"sameAs\":[\"https:\\\/\\\/www.facebook.com\\\/despachantedeaduana.palmero?hc_ref=ARQPWzEmqFz3O_9qTlrxPP6NW-Vf1b4-iJdwH7XdkuWdfarefzfPyjY7DGBCye4mnJs\",\"https:\\\/\\\/www.linkedin.com\\\/company\\\/despachante-de-aduana-palmero\\\/\"]},{\"@type\":\"Person\",\"@id\":\"https:\\\/\\\/palmerodespachante.uy\\\/#\\\/schema\\\/person\\\/9eabdcdc87fc74d275cc2faf2ce2f732\",\"name\":\"Javier Palmero\",\"image\":{\"@type\":\"ImageObject\",\"inLanguage\":\"es\",\"@id\":\"https:\\\/\\\/palmerodespachante.uy\\\/wp-content\\\/litespeed\\\/avatar\\\/8e783966089c8fa82b27a6627fb956c2.jpg?ver=1777463218\",\"url\":\"https:\\\/\\\/palmerodespachante.uy\\\/wp-content\\\/litespeed\\\/avatar\\\/8e783966089c8fa82b27a6627fb956c2.jpg?ver=1777463218\",\"contentUrl\":\"https:\\\/\\\/palmerodespachante.uy\\\/wp-content\\\/litespeed\\\/avatar\\\/8e783966089c8fa82b27a6627fb956c2.jpg?ver=1777463218\",\"caption\":\"Javier Palmero\"}}]}<\/script>\n<!-- \/ Yoast SEO plugin. -->","yoast_head_json":{"title":"EXPORTACIONES DE BIENES ACUMULAN EN EL PER\u00cdODO ENERO-AGOSTO UN INCREMENTO DE 5,4% INTERANUAL - Palmero Despachante de Aduana","robots":{"index":"noindex","follow":"follow"},"og_locale":"es_ES","og_type":"article","og_title":"EXPORTACIONES DE BIENES ACUMULAN EN EL PER\u00cdODO ENERO-AGOSTO UN INCREMENTO DE 5,4% INTERANUAL - Palmero Despachante de Aduana","og_description":"Las solicitudes de exportaci\u00f3n, incluidas las zonas francas, alcanzaron US$ 1.327 millones en agosto, marcando un aumento interanual de 3,5%, seg\u00fan los datos publicados por el instituto Uruguay XXI. Las exportaciones de este mes estuvieron impulsadas principalmente por las ventas de soja, carne bovina y de la celulosa. En el acumulado del a\u00f1o, las exportaciones [&hellip;]","og_url":"https:\/\/palmerodespachante.uy\/index.php\/2025\/09\/08\/exportaciones-de-bienes-acumulan-en-el-periodo-enero-agosto-un-incremento-de-54-interanual\/","og_site_name":"Palmero Despachante de Aduana","article_publisher":"https:\/\/www.facebook.com\/despachantedeaduana.palmero?hc_ref=ARQPWzEmqFz3O_9qTlrxPP6NW-Vf1b4-iJdwH7XdkuWdfarefzfPyjY7DGBCye4mnJs","article_published_time":"2025-09-08T13:44:30+00:00","article_modified_time":"2025-09-08T13:44:32+00:00","og_image":[{"width":799,"height":450,"url":"http:\/\/palmerodespachante.uy\/wp-content\/uploads\/2025\/09\/exportaciones-4.jpg","type":"image\/jpeg"}],"author":"Javier Palmero","twitter_card":"summary_large_image","twitter_misc":{"Escrito por":"Javier Palmero","Tiempo de lectura":"1 minuto"},"schema":{"@context":"https:\/\/schema.org","@graph":[{"@type":"Article","@id":"https:\/\/palmerodespachante.uy\/index.php\/2025\/09\/08\/exportaciones-de-bienes-acumulan-en-el-periodo-enero-agosto-un-incremento-de-54-interanual\/#article","isPartOf":{"@id":"https:\/\/palmerodespachante.uy\/index.php\/2025\/09\/08\/exportaciones-de-bienes-acumulan-en-el-periodo-enero-agosto-un-incremento-de-54-interanual\/"},"author":{"name":"Javier Palmero","@id":"https:\/\/palmerodespachante.uy\/#\/schema\/person\/9eabdcdc87fc74d275cc2faf2ce2f732"},"headline":"EXPORTACIONES DE BIENES ACUMULAN EN EL PER\u00cdODO ENERO-AGOSTO UN INCREMENTO DE 5,4% INTERANUAL","datePublished":"2025-09-08T13:44:30+00:00","dateModified":"2025-09-08T13:44:32+00:00","mainEntityOfPage":{"@id":"https:\/\/palmerodespachante.uy\/index.php\/2025\/09\/08\/exportaciones-de-bienes-acumulan-en-el-periodo-enero-agosto-un-incremento-de-54-interanual\/"},"wordCount":187,"commentCount":0,"publisher":{"@id":"https:\/\/palmerodespachante.uy\/#organization"},"image":{"@id":"https:\/\/palmerodespachante.uy\/index.php\/2025\/09\/08\/exportaciones-de-bienes-acumulan-en-el-periodo-enero-agosto-un-incremento-de-54-interanual\/#primaryimage"},"thumbnailUrl":"https:\/\/palmerodespachante.uy\/wp-content\/uploads\/2025\/09\/exportaciones-4.jpg","inLanguage":"es","potentialAction":[{"@type":"CommentAction","name":"Comment","target":["https:\/\/palmerodespachante.uy\/index.php\/2025\/09\/08\/exportaciones-de-bienes-acumulan-en-el-periodo-enero-agosto-un-incremento-de-54-interanual\/#respond"]}]},{"@type":"WebPage","@id":"https:\/\/palmerodespachante.uy\/index.php\/2025\/09\/08\/exportaciones-de-bienes-acumulan-en-el-periodo-enero-agosto-un-incremento-de-54-interanual\/","url":"https:\/\/palmerodespachante.uy\/index.php\/2025\/09\/08\/exportaciones-de-bienes-acumulan-en-el-periodo-enero-agosto-un-incremento-de-54-interanual\/","name":"EXPORTACIONES DE BIENES ACUMULAN EN EL PER\u00cdODO ENERO-AGOSTO UN INCREMENTO DE 5,4% INTERANUAL - Palmero Despachante de Aduana","isPartOf":{"@id":"https:\/\/palmerodespachante.uy\/#website"},"primaryImageOfPage":{"@id":"https:\/\/palmerodespachante.uy\/index.php\/2025\/09\/08\/exportaciones-de-bienes-acumulan-en-el-periodo-enero-agosto-un-incremento-de-54-interanual\/#primaryimage"},"image":{"@id":"https:\/\/palmerodespachante.uy\/index.php\/2025\/09\/08\/exportaciones-de-bienes-acumulan-en-el-periodo-enero-agosto-un-incremento-de-54-interanual\/#primaryimage"},"thumbnailUrl":"https:\/\/palmerodespachante.uy\/wp-content\/uploads\/2025\/09\/exportaciones-4.jpg","datePublished":"2025-09-08T13:44:30+00:00","dateModified":"2025-09-08T13:44:32+00:00","breadcrumb":{"@id":"https:\/\/palmerodespachante.uy\/index.php\/2025\/09\/08\/exportaciones-de-bienes-acumulan-en-el-periodo-enero-agosto-un-incremento-de-54-interanual\/#breadcrumb"},"inLanguage":"es","potentialAction":[{"@type":"ReadAction","target":["https:\/\/palmerodespachante.uy\/index.php\/2025\/09\/08\/exportaciones-de-bienes-acumulan-en-el-periodo-enero-agosto-un-incremento-de-54-interanual\/"]}]},{"@type":"ImageObject","inLanguage":"es","@id":"https:\/\/palmerodespachante.uy\/index.php\/2025\/09\/08\/exportaciones-de-bienes-acumulan-en-el-periodo-enero-agosto-un-incremento-de-54-interanual\/#primaryimage","url":"https:\/\/palmerodespachante.uy\/wp-content\/uploads\/2025\/09\/exportaciones-4.jpg","contentUrl":"https:\/\/palmerodespachante.uy\/wp-content\/uploads\/2025\/09\/exportaciones-4.jpg","width":799,"height":450},{"@type":"BreadcrumbList","@id":"https:\/\/palmerodespachante.uy\/index.php\/2025\/09\/08\/exportaciones-de-bienes-acumulan-en-el-periodo-enero-agosto-un-incremento-de-54-interanual\/#breadcrumb","itemListElement":[{"@type":"ListItem","position":1,"name":"Portada","item":"https:\/\/palmerodespachante.uy\/"},{"@type":"ListItem","position":2,"name":"EXPORTACIONES DE BIENES ACUMULAN EN EL PER\u00cdODO ENERO-AGOSTO UN INCREMENTO DE 5,4% INTERANUAL"}]},{"@type":"WebSite","@id":"https:\/\/palmerodespachante.uy\/#website","url":"https:\/\/palmerodespachante.uy\/","name":"Palmero Despachante de Aduana","description":"Importaci\u00f3n, Exportaci\u00f3n, Tr\u00e1nsito","publisher":{"@id":"https:\/\/palmerodespachante.uy\/#organization"},"potentialAction":[{"@type":"SearchAction","target":{"@type":"EntryPoint","urlTemplate":"https:\/\/palmerodespachante.uy\/?s={search_term_string}"},"query-input":{"@type":"PropertyValueSpecification","valueRequired":true,"valueName":"search_term_string"}}],"inLanguage":"es"},{"@type":"Organization","@id":"https:\/\/palmerodespachante.uy\/#organization","name":"Palmero Despachante de Aduanas","url":"https:\/\/palmerodespachante.uy\/","logo":{"@type":"ImageObject","inLanguage":"es","@id":"https:\/\/palmerodespachante.uy\/#\/schema\/logo\/image\/","url":"https:\/\/palmerodespachante.uy\/wp-content\/uploads\/2018\/08\/Logo-144.png","contentUrl":"https:\/\/palmerodespachante.uy\/wp-content\/uploads\/2018\/08\/Logo-144.png","width":144,"height":144,"caption":"Palmero Despachante de Aduanas"},"image":{"@id":"https:\/\/palmerodespachante.uy\/#\/schema\/logo\/image\/"},"sameAs":["https:\/\/www.facebook.com\/despachantedeaduana.palmero?hc_ref=ARQPWzEmqFz3O_9qTlrxPP6NW-Vf1b4-iJdwH7XdkuWdfarefzfPyjY7DGBCye4mnJs","https:\/\/www.linkedin.com\/company\/despachante-de-aduana-palmero\/"]},{"@type":"Person","@id":"https:\/\/palmerodespachante.uy\/#\/schema\/person\/9eabdcdc87fc74d275cc2faf2ce2f732","name":"Javier Palmero","image":{"@type":"ImageObject","inLanguage":"es","@id":"https:\/\/palmerodespachante.uy\/wp-content\/litespeed\/avatar\/8e783966089c8fa82b27a6627fb956c2.jpg?ver=1777463218","url":"https:\/\/palmerodespachante.uy\/wp-content\/litespeed\/avatar\/8e783966089c8fa82b27a6627fb956c2.jpg?ver=1777463218","contentUrl":"https:\/\/palmerodespachante.uy\/wp-content\/litespeed\/avatar\/8e783966089c8fa82b27a6627fb956c2.jpg?ver=1777463218","caption":"Javier Palmero"}}]}},"jetpack_featured_media_url":"https:\/\/palmerodespachante.uy\/wp-content\/uploads\/2025\/09\/exportaciones-4.jpg","_links":{"self":[{"href":"https:\/\/palmerodespachante.uy\/index.php\/wp-json\/wp\/v2\/posts\/1555","targetHints":{"allow":["GET"]}}],"collection":[{"href":"https:\/\/palmerodespachante.uy\/index.php\/wp-json\/wp\/v2\/posts"}],"about":[{"href":"https:\/\/palmerodespachante.uy\/index.php\/wp-json\/wp\/v2\/types\/post"}],"author":[{"embeddable":true,"href":"https:\/\/palmerodespachante.uy\/index.php\/wp-json\/wp\/v2\/users\/3"}],"replies":[{"embeddable":true,"href":"https:\/\/palmerodespachante.uy\/index.php\/wp-json\/wp\/v2\/comments?post=1555"}],"version-history":[{"count":1,"href":"https:\/\/palmerodespachante.uy\/index.php\/wp-json\/wp\/v2\/posts\/1555\/revisions"}],"predecessor-version":[{"id":1557,"href":"https:\/\/palmerodespachante.uy\/index.php\/wp-json\/wp\/v2\/posts\/1555\/revisions\/1557"}],"wp:featuredmedia":[{"embeddable":true,"href":"https:\/\/palmerodespachante.uy\/index.php\/wp-json\/wp\/v2\/media\/1556"}],"wp:attachment":[{"href":"https:\/\/palmerodespachante.uy\/index.php\/wp-json\/wp\/v2\/media?parent=1555"}],"wp:term":[{"taxonomy":"category","embeddable":true,"href":"https:\/\/palmerodespachante.uy\/index.php\/wp-json\/wp\/v2\/categories?post=1555"},{"taxonomy":"post_tag","embeddable":true,"href":"https:\/\/palmerodespachante.uy\/index.php\/wp-json\/wp\/v2\/tags?post=1555"}],"curies":[{"name":"wp","href":"https:\/\/api.w.org\/{rel}","templated":true}]}}