{"id":1551,"date":"2025-09-04T10:08:00","date_gmt":"2025-09-04T13:08:00","guid":{"rendered":"https:\/\/palmerodespachante.uy\/?p=1551"},"modified":"2025-09-04T10:08:01","modified_gmt":"2025-09-04T13:08:01","slug":"las-exportaciones-crecieron-35-en-agosto-impulsadas-por-la-soja","status":"publish","type":"post","link":"https:\/\/palmerodespachante.uy\/index.php\/2025\/09\/04\/las-exportaciones-crecieron-35-en-agosto-impulsadas-por-la-soja\/","title":{"rendered":"LAS EXPORTACIONES CRECIERON 3,5% EN AGOSTO IMPULSADAS POR LA SOJA"},"content":{"rendered":"\n<p>Las exportaciones de bienes cerraron agosto con un crecimiento interanual de 3,5% y el dato m\u00e1s destacado fue el salto de la soja, que por primera vez en 2025 se posicion\u00f3 como el principal producto de exportaci\u00f3n con ventas por 288 millones de d\u00f3lares, representando un incremento del 116% interanual y una participaci\u00f3n del 22% en el total exportado. China mantuvo su posici\u00f3n como principal comprador con adquisiciones por 253 millones de d\u00f3lares (+141%), seguido por Argelia con 31 millones de d\u00f3lares. La carne bovina ocup\u00f3 el segundo lugar del ranking con 243 millones de d\u00f3lares y un crecimiento del 31% interanual. En contraste, la celulosa experiment\u00f3 una ca\u00edda del 29% hasta los 225 millones de d\u00f3lares, aunque se mantuvo como el tercer producto m\u00e1s exportado. Por destinos, China consolid\u00f3 su liderazgo con compras por 437 millones de d\u00f3lares y un crecimiento del 33% interanual, impulsado principalmente por la soja. La UE, en cambio, retrocedi\u00f3 25% hasta 201 millones de d\u00f3lares debido a menores compras de celulosa. Brasil ocup\u00f3 el tercer lugar con 158 millones de d\u00f3lares, pero registr\u00f3 una ca\u00edda del 28% explicada por menores vol\u00famenes de veh\u00edculos (-60%), pl\u00e1sticos (-10%) y productos l\u00e1cteos (-21%). (\u00c1mbito Financiero)<\/p>\n","protected":false},"excerpt":{"rendered":"<p>Las exportaciones de bienes cerraron agosto con un crecimiento interanual de 3,5% y el dato m\u00e1s destacado fue el salto de la soja, que por primera vez en 2025 se posicion\u00f3 como el principal producto de exportaci\u00f3n con ventas por 288 millones de d\u00f3lares, representando un incremento del 116% interanual y una participaci\u00f3n del 22% [&hellip;]<\/p>\n","protected":false},"author":3,"featured_media":1552,"comment_status":"open","ping_status":"open","sticky":false,"template":"","format":"standard","meta":{"_joinchat":[],"footnotes":""},"categories":[37],"tags":[],"class_list":{"0":"post-1551","1":"post","2":"type-post","3":"status-publish","4":"format-standard","5":"has-post-thumbnail","7":"category-noticias"},"yoast_head":"<!-- This site is optimized with the Yoast SEO plugin v27.5 - https:\/\/yoast.com\/product\/yoast-seo-wordpress\/ -->\n<title>LAS EXPORTACIONES CRECIERON 3,5% EN AGOSTO IMPULSADAS POR LA SOJA - Palmero Despachante de Aduana<\/title>\n<meta name=\"robots\" content=\"noindex, follow\" \/>\n<meta property=\"og:locale\" content=\"es_ES\" \/>\n<meta property=\"og:type\" content=\"article\" \/>\n<meta property=\"og:title\" content=\"LAS EXPORTACIONES CRECIERON 3,5% EN AGOSTO IMPULSADAS POR LA SOJA - Palmero Despachante de Aduana\" \/>\n<meta property=\"og:description\" content=\"Las exportaciones de bienes cerraron agosto con un crecimiento interanual de 3,5% y el dato m\u00e1s destacado fue el salto de la soja, que por primera vez en 2025 se posicion\u00f3 como el principal producto de exportaci\u00f3n con ventas por 288 millones de d\u00f3lares, representando un incremento del 116% interanual y una participaci\u00f3n del 22% [&hellip;]\" \/>\n<meta property=\"og:url\" content=\"https:\/\/palmerodespachante.uy\/index.php\/2025\/09\/04\/las-exportaciones-crecieron-35-en-agosto-impulsadas-por-la-soja\/\" \/>\n<meta property=\"og:site_name\" content=\"Palmero Despachante de Aduana\" \/>\n<meta property=\"article:publisher\" content=\"https:\/\/www.facebook.com\/despachantedeaduana.palmero?hc_ref=ARQPWzEmqFz3O_9qTlrxPP6NW-Vf1b4-iJdwH7XdkuWdfarefzfPyjY7DGBCye4mnJs\" \/>\n<meta property=\"article:published_time\" content=\"2025-09-04T13:08:00+00:00\" \/>\n<meta property=\"article:modified_time\" content=\"2025-09-04T13:08:01+00:00\" \/>\n<meta property=\"og:image\" content=\"http:\/\/palmerodespachante.uy\/wp-content\/uploads\/2025\/09\/EXPORTACIONES-3.jpg\" \/>\n\t<meta property=\"og:image:width\" content=\"656\" \/>\n\t<meta property=\"og:image:height\" content=\"369\" \/>\n\t<meta property=\"og:image:type\" content=\"image\/jpeg\" \/>\n<meta name=\"author\" content=\"Javier Palmero\" \/>\n<meta name=\"twitter:card\" content=\"summary_large_image\" \/>\n<meta name=\"twitter:label1\" content=\"Escrito por\" \/>\n\t<meta name=\"twitter:data1\" content=\"Javier Palmero\" \/>\n\t<meta name=\"twitter:label2\" content=\"Tiempo de lectura\" \/>\n\t<meta name=\"twitter:data2\" content=\"2 minutos\" \/>\n<script type=\"application\/ld+json\" class=\"yoast-schema-graph\">{\"@context\":\"https:\\\/\\\/schema.org\",\"@graph\":[{\"@type\":\"Article\",\"@id\":\"https:\\\/\\\/palmerodespachante.uy\\\/index.php\\\/2025\\\/09\\\/04\\\/las-exportaciones-crecieron-35-en-agosto-impulsadas-por-la-soja\\\/#article\",\"isPartOf\":{\"@id\":\"https:\\\/\\\/palmerodespachante.uy\\\/index.php\\\/2025\\\/09\\\/04\\\/las-exportaciones-crecieron-35-en-agosto-impulsadas-por-la-soja\\\/\"},\"author\":{\"name\":\"Javier Palmero\",\"@id\":\"https:\\\/\\\/palmerodespachante.uy\\\/#\\\/schema\\\/person\\\/9eabdcdc87fc74d275cc2faf2ce2f732\"},\"headline\":\"LAS EXPORTACIONES CRECIERON 3,5% EN AGOSTO IMPULSADAS POR LA SOJA\",\"datePublished\":\"2025-09-04T13:08:00+00:00\",\"dateModified\":\"2025-09-04T13:08:01+00:00\",\"mainEntityOfPage\":{\"@id\":\"https:\\\/\\\/palmerodespachante.uy\\\/index.php\\\/2025\\\/09\\\/04\\\/las-exportaciones-crecieron-35-en-agosto-impulsadas-por-la-soja\\\/\"},\"wordCount\":208,\"commentCount\":0,\"publisher\":{\"@id\":\"https:\\\/\\\/palmerodespachante.uy\\\/#organization\"},\"image\":{\"@id\":\"https:\\\/\\\/palmerodespachante.uy\\\/index.php\\\/2025\\\/09\\\/04\\\/las-exportaciones-crecieron-35-en-agosto-impulsadas-por-la-soja\\\/#primaryimage\"},\"thumbnailUrl\":\"https:\\\/\\\/palmerodespachante.uy\\\/wp-content\\\/uploads\\\/2025\\\/09\\\/EXPORTACIONES-3.jpg\",\"articleSection\":[\"Noticias\"],\"inLanguage\":\"es\",\"potentialAction\":[{\"@type\":\"CommentAction\",\"name\":\"Comment\",\"target\":[\"https:\\\/\\\/palmerodespachante.uy\\\/index.php\\\/2025\\\/09\\\/04\\\/las-exportaciones-crecieron-35-en-agosto-impulsadas-por-la-soja\\\/#respond\"]}]},{\"@type\":\"WebPage\",\"@id\":\"https:\\\/\\\/palmerodespachante.uy\\\/index.php\\\/2025\\\/09\\\/04\\\/las-exportaciones-crecieron-35-en-agosto-impulsadas-por-la-soja\\\/\",\"url\":\"https:\\\/\\\/palmerodespachante.uy\\\/index.php\\\/2025\\\/09\\\/04\\\/las-exportaciones-crecieron-35-en-agosto-impulsadas-por-la-soja\\\/\",\"name\":\"LAS EXPORTACIONES CRECIERON 3,5% EN AGOSTO IMPULSADAS POR LA SOJA - Palmero Despachante de Aduana\",\"isPartOf\":{\"@id\":\"https:\\\/\\\/palmerodespachante.uy\\\/#website\"},\"primaryImageOfPage\":{\"@id\":\"https:\\\/\\\/palmerodespachante.uy\\\/index.php\\\/2025\\\/09\\\/04\\\/las-exportaciones-crecieron-35-en-agosto-impulsadas-por-la-soja\\\/#primaryimage\"},\"image\":{\"@id\":\"https:\\\/\\\/palmerodespachante.uy\\\/index.php\\\/2025\\\/09\\\/04\\\/las-exportaciones-crecieron-35-en-agosto-impulsadas-por-la-soja\\\/#primaryimage\"},\"thumbnailUrl\":\"https:\\\/\\\/palmerodespachante.uy\\\/wp-content\\\/uploads\\\/2025\\\/09\\\/EXPORTACIONES-3.jpg\",\"datePublished\":\"2025-09-04T13:08:00+00:00\",\"dateModified\":\"2025-09-04T13:08:01+00:00\",\"breadcrumb\":{\"@id\":\"https:\\\/\\\/palmerodespachante.uy\\\/index.php\\\/2025\\\/09\\\/04\\\/las-exportaciones-crecieron-35-en-agosto-impulsadas-por-la-soja\\\/#breadcrumb\"},\"inLanguage\":\"es\",\"potentialAction\":[{\"@type\":\"ReadAction\",\"target\":[\"https:\\\/\\\/palmerodespachante.uy\\\/index.php\\\/2025\\\/09\\\/04\\\/las-exportaciones-crecieron-35-en-agosto-impulsadas-por-la-soja\\\/\"]}]},{\"@type\":\"ImageObject\",\"inLanguage\":\"es\",\"@id\":\"https:\\\/\\\/palmerodespachante.uy\\\/index.php\\\/2025\\\/09\\\/04\\\/las-exportaciones-crecieron-35-en-agosto-impulsadas-por-la-soja\\\/#primaryimage\",\"url\":\"https:\\\/\\\/palmerodespachante.uy\\\/wp-content\\\/uploads\\\/2025\\\/09\\\/EXPORTACIONES-3.jpg\",\"contentUrl\":\"https:\\\/\\\/palmerodespachante.uy\\\/wp-content\\\/uploads\\\/2025\\\/09\\\/EXPORTACIONES-3.jpg\",\"width\":656,\"height\":369},{\"@type\":\"BreadcrumbList\",\"@id\":\"https:\\\/\\\/palmerodespachante.uy\\\/index.php\\\/2025\\\/09\\\/04\\\/las-exportaciones-crecieron-35-en-agosto-impulsadas-por-la-soja\\\/#breadcrumb\",\"itemListElement\":[{\"@type\":\"ListItem\",\"position\":1,\"name\":\"Portada\",\"item\":\"https:\\\/\\\/palmerodespachante.uy\\\/\"},{\"@type\":\"ListItem\",\"position\":2,\"name\":\"LAS EXPORTACIONES CRECIERON 3,5% EN AGOSTO IMPULSADAS POR LA SOJA\"}]},{\"@type\":\"WebSite\",\"@id\":\"https:\\\/\\\/palmerodespachante.uy\\\/#website\",\"url\":\"https:\\\/\\\/palmerodespachante.uy\\\/\",\"name\":\"Palmero Despachante de Aduana\",\"description\":\"Importaci\u00f3n, Exportaci\u00f3n, Tr\u00e1nsito\",\"publisher\":{\"@id\":\"https:\\\/\\\/palmerodespachante.uy\\\/#organization\"},\"potentialAction\":[{\"@type\":\"SearchAction\",\"target\":{\"@type\":\"EntryPoint\",\"urlTemplate\":\"https:\\\/\\\/palmerodespachante.uy\\\/?s={search_term_string}\"},\"query-input\":{\"@type\":\"PropertyValueSpecification\",\"valueRequired\":true,\"valueName\":\"search_term_string\"}}],\"inLanguage\":\"es\"},{\"@type\":\"Organization\",\"@id\":\"https:\\\/\\\/palmerodespachante.uy\\\/#organization\",\"name\":\"Palmero Despachante de Aduanas\",\"url\":\"https:\\\/\\\/palmerodespachante.uy\\\/\",\"logo\":{\"@type\":\"ImageObject\",\"inLanguage\":\"es\",\"@id\":\"https:\\\/\\\/palmerodespachante.uy\\\/#\\\/schema\\\/logo\\\/image\\\/\",\"url\":\"https:\\\/\\\/palmerodespachante.uy\\\/wp-content\\\/uploads\\\/2018\\\/08\\\/Logo-144.png\",\"contentUrl\":\"https:\\\/\\\/palmerodespachante.uy\\\/wp-content\\\/uploads\\\/2018\\\/08\\\/Logo-144.png\",\"width\":144,\"height\":144,\"caption\":\"Palmero Despachante de Aduanas\"},\"image\":{\"@id\":\"https:\\\/\\\/palmerodespachante.uy\\\/#\\\/schema\\\/logo\\\/image\\\/\"},\"sameAs\":[\"https:\\\/\\\/www.facebook.com\\\/despachantedeaduana.palmero?hc_ref=ARQPWzEmqFz3O_9qTlrxPP6NW-Vf1b4-iJdwH7XdkuWdfarefzfPyjY7DGBCye4mnJs\",\"https:\\\/\\\/www.linkedin.com\\\/company\\\/despachante-de-aduana-palmero\\\/\"]},{\"@type\":\"Person\",\"@id\":\"https:\\\/\\\/palmerodespachante.uy\\\/#\\\/schema\\\/person\\\/9eabdcdc87fc74d275cc2faf2ce2f732\",\"name\":\"Javier Palmero\",\"image\":{\"@type\":\"ImageObject\",\"inLanguage\":\"es\",\"@id\":\"https:\\\/\\\/palmerodespachante.uy\\\/wp-content\\\/litespeed\\\/avatar\\\/8e783966089c8fa82b27a6627fb956c2.jpg?ver=1777463218\",\"url\":\"https:\\\/\\\/palmerodespachante.uy\\\/wp-content\\\/litespeed\\\/avatar\\\/8e783966089c8fa82b27a6627fb956c2.jpg?ver=1777463218\",\"contentUrl\":\"https:\\\/\\\/palmerodespachante.uy\\\/wp-content\\\/litespeed\\\/avatar\\\/8e783966089c8fa82b27a6627fb956c2.jpg?ver=1777463218\",\"caption\":\"Javier Palmero\"}}]}<\/script>\n<!-- \/ Yoast SEO plugin. -->","yoast_head_json":{"title":"LAS EXPORTACIONES CRECIERON 3,5% EN AGOSTO IMPULSADAS POR LA SOJA - Palmero Despachante de Aduana","robots":{"index":"noindex","follow":"follow"},"og_locale":"es_ES","og_type":"article","og_title":"LAS EXPORTACIONES CRECIERON 3,5% EN AGOSTO IMPULSADAS POR LA SOJA - Palmero Despachante de Aduana","og_description":"Las exportaciones de bienes cerraron agosto con un crecimiento interanual de 3,5% y el dato m\u00e1s destacado fue el salto de la soja, que por primera vez en 2025 se posicion\u00f3 como el principal producto de exportaci\u00f3n con ventas por 288 millones de d\u00f3lares, representando un incremento del 116% interanual y una participaci\u00f3n del 22% [&hellip;]","og_url":"https:\/\/palmerodespachante.uy\/index.php\/2025\/09\/04\/las-exportaciones-crecieron-35-en-agosto-impulsadas-por-la-soja\/","og_site_name":"Palmero Despachante de Aduana","article_publisher":"https:\/\/www.facebook.com\/despachantedeaduana.palmero?hc_ref=ARQPWzEmqFz3O_9qTlrxPP6NW-Vf1b4-iJdwH7XdkuWdfarefzfPyjY7DGBCye4mnJs","article_published_time":"2025-09-04T13:08:00+00:00","article_modified_time":"2025-09-04T13:08:01+00:00","og_image":[{"width":656,"height":369,"url":"http:\/\/palmerodespachante.uy\/wp-content\/uploads\/2025\/09\/EXPORTACIONES-3.jpg","type":"image\/jpeg"}],"author":"Javier Palmero","twitter_card":"summary_large_image","twitter_misc":{"Escrito por":"Javier Palmero","Tiempo de lectura":"2 minutos"},"schema":{"@context":"https:\/\/schema.org","@graph":[{"@type":"Article","@id":"https:\/\/palmerodespachante.uy\/index.php\/2025\/09\/04\/las-exportaciones-crecieron-35-en-agosto-impulsadas-por-la-soja\/#article","isPartOf":{"@id":"https:\/\/palmerodespachante.uy\/index.php\/2025\/09\/04\/las-exportaciones-crecieron-35-en-agosto-impulsadas-por-la-soja\/"},"author":{"name":"Javier Palmero","@id":"https:\/\/palmerodespachante.uy\/#\/schema\/person\/9eabdcdc87fc74d275cc2faf2ce2f732"},"headline":"LAS EXPORTACIONES CRECIERON 3,5% EN AGOSTO IMPULSADAS POR LA SOJA","datePublished":"2025-09-04T13:08:00+00:00","dateModified":"2025-09-04T13:08:01+00:00","mainEntityOfPage":{"@id":"https:\/\/palmerodespachante.uy\/index.php\/2025\/09\/04\/las-exportaciones-crecieron-35-en-agosto-impulsadas-por-la-soja\/"},"wordCount":208,"commentCount":0,"publisher":{"@id":"https:\/\/palmerodespachante.uy\/#organization"},"image":{"@id":"https:\/\/palmerodespachante.uy\/index.php\/2025\/09\/04\/las-exportaciones-crecieron-35-en-agosto-impulsadas-por-la-soja\/#primaryimage"},"thumbnailUrl":"https:\/\/palmerodespachante.uy\/wp-content\/uploads\/2025\/09\/EXPORTACIONES-3.jpg","articleSection":["Noticias"],"inLanguage":"es","potentialAction":[{"@type":"CommentAction","name":"Comment","target":["https:\/\/palmerodespachante.uy\/index.php\/2025\/09\/04\/las-exportaciones-crecieron-35-en-agosto-impulsadas-por-la-soja\/#respond"]}]},{"@type":"WebPage","@id":"https:\/\/palmerodespachante.uy\/index.php\/2025\/09\/04\/las-exportaciones-crecieron-35-en-agosto-impulsadas-por-la-soja\/","url":"https:\/\/palmerodespachante.uy\/index.php\/2025\/09\/04\/las-exportaciones-crecieron-35-en-agosto-impulsadas-por-la-soja\/","name":"LAS EXPORTACIONES CRECIERON 3,5% EN AGOSTO IMPULSADAS POR LA SOJA - Palmero Despachante de Aduana","isPartOf":{"@id":"https:\/\/palmerodespachante.uy\/#website"},"primaryImageOfPage":{"@id":"https:\/\/palmerodespachante.uy\/index.php\/2025\/09\/04\/las-exportaciones-crecieron-35-en-agosto-impulsadas-por-la-soja\/#primaryimage"},"image":{"@id":"https:\/\/palmerodespachante.uy\/index.php\/2025\/09\/04\/las-exportaciones-crecieron-35-en-agosto-impulsadas-por-la-soja\/#primaryimage"},"thumbnailUrl":"https:\/\/palmerodespachante.uy\/wp-content\/uploads\/2025\/09\/EXPORTACIONES-3.jpg","datePublished":"2025-09-04T13:08:00+00:00","dateModified":"2025-09-04T13:08:01+00:00","breadcrumb":{"@id":"https:\/\/palmerodespachante.uy\/index.php\/2025\/09\/04\/las-exportaciones-crecieron-35-en-agosto-impulsadas-por-la-soja\/#breadcrumb"},"inLanguage":"es","potentialAction":[{"@type":"ReadAction","target":["https:\/\/palmerodespachante.uy\/index.php\/2025\/09\/04\/las-exportaciones-crecieron-35-en-agosto-impulsadas-por-la-soja\/"]}]},{"@type":"ImageObject","inLanguage":"es","@id":"https:\/\/palmerodespachante.uy\/index.php\/2025\/09\/04\/las-exportaciones-crecieron-35-en-agosto-impulsadas-por-la-soja\/#primaryimage","url":"https:\/\/palmerodespachante.uy\/wp-content\/uploads\/2025\/09\/EXPORTACIONES-3.jpg","contentUrl":"https:\/\/palmerodespachante.uy\/wp-content\/uploads\/2025\/09\/EXPORTACIONES-3.jpg","width":656,"height":369},{"@type":"BreadcrumbList","@id":"https:\/\/palmerodespachante.uy\/index.php\/2025\/09\/04\/las-exportaciones-crecieron-35-en-agosto-impulsadas-por-la-soja\/#breadcrumb","itemListElement":[{"@type":"ListItem","position":1,"name":"Portada","item":"https:\/\/palmerodespachante.uy\/"},{"@type":"ListItem","position":2,"name":"LAS EXPORTACIONES CRECIERON 3,5% EN AGOSTO IMPULSADAS POR LA SOJA"}]},{"@type":"WebSite","@id":"https:\/\/palmerodespachante.uy\/#website","url":"https:\/\/palmerodespachante.uy\/","name":"Palmero Despachante de Aduana","description":"Importaci\u00f3n, Exportaci\u00f3n, Tr\u00e1nsito","publisher":{"@id":"https:\/\/palmerodespachante.uy\/#organization"},"potentialAction":[{"@type":"SearchAction","target":{"@type":"EntryPoint","urlTemplate":"https:\/\/palmerodespachante.uy\/?s={search_term_string}"},"query-input":{"@type":"PropertyValueSpecification","valueRequired":true,"valueName":"search_term_string"}}],"inLanguage":"es"},{"@type":"Organization","@id":"https:\/\/palmerodespachante.uy\/#organization","name":"Palmero Despachante de Aduanas","url":"https:\/\/palmerodespachante.uy\/","logo":{"@type":"ImageObject","inLanguage":"es","@id":"https:\/\/palmerodespachante.uy\/#\/schema\/logo\/image\/","url":"https:\/\/palmerodespachante.uy\/wp-content\/uploads\/2018\/08\/Logo-144.png","contentUrl":"https:\/\/palmerodespachante.uy\/wp-content\/uploads\/2018\/08\/Logo-144.png","width":144,"height":144,"caption":"Palmero Despachante de Aduanas"},"image":{"@id":"https:\/\/palmerodespachante.uy\/#\/schema\/logo\/image\/"},"sameAs":["https:\/\/www.facebook.com\/despachantedeaduana.palmero?hc_ref=ARQPWzEmqFz3O_9qTlrxPP6NW-Vf1b4-iJdwH7XdkuWdfarefzfPyjY7DGBCye4mnJs","https:\/\/www.linkedin.com\/company\/despachante-de-aduana-palmero\/"]},{"@type":"Person","@id":"https:\/\/palmerodespachante.uy\/#\/schema\/person\/9eabdcdc87fc74d275cc2faf2ce2f732","name":"Javier Palmero","image":{"@type":"ImageObject","inLanguage":"es","@id":"https:\/\/palmerodespachante.uy\/wp-content\/litespeed\/avatar\/8e783966089c8fa82b27a6627fb956c2.jpg?ver=1777463218","url":"https:\/\/palmerodespachante.uy\/wp-content\/litespeed\/avatar\/8e783966089c8fa82b27a6627fb956c2.jpg?ver=1777463218","contentUrl":"https:\/\/palmerodespachante.uy\/wp-content\/litespeed\/avatar\/8e783966089c8fa82b27a6627fb956c2.jpg?ver=1777463218","caption":"Javier Palmero"}}]}},"jetpack_featured_media_url":"https:\/\/palmerodespachante.uy\/wp-content\/uploads\/2025\/09\/EXPORTACIONES-3.jpg","_links":{"self":[{"href":"https:\/\/palmerodespachante.uy\/index.php\/wp-json\/wp\/v2\/posts\/1551","targetHints":{"allow":["GET"]}}],"collection":[{"href":"https:\/\/palmerodespachante.uy\/index.php\/wp-json\/wp\/v2\/posts"}],"about":[{"href":"https:\/\/palmerodespachante.uy\/index.php\/wp-json\/wp\/v2\/types\/post"}],"author":[{"embeddable":true,"href":"https:\/\/palmerodespachante.uy\/index.php\/wp-json\/wp\/v2\/users\/3"}],"replies":[{"embeddable":true,"href":"https:\/\/palmerodespachante.uy\/index.php\/wp-json\/wp\/v2\/comments?post=1551"}],"version-history":[{"count":1,"href":"https:\/\/palmerodespachante.uy\/index.php\/wp-json\/wp\/v2\/posts\/1551\/revisions"}],"predecessor-version":[{"id":1553,"href":"https:\/\/palmerodespachante.uy\/index.php\/wp-json\/wp\/v2\/posts\/1551\/revisions\/1553"}],"wp:featuredmedia":[{"embeddable":true,"href":"https:\/\/palmerodespachante.uy\/index.php\/wp-json\/wp\/v2\/media\/1552"}],"wp:attachment":[{"href":"https:\/\/palmerodespachante.uy\/index.php\/wp-json\/wp\/v2\/media?parent=1551"}],"wp:term":[{"taxonomy":"category","embeddable":true,"href":"https:\/\/palmerodespachante.uy\/index.php\/wp-json\/wp\/v2\/categories?post=1551"},{"taxonomy":"post_tag","embeddable":true,"href":"https:\/\/palmerodespachante.uy\/index.php\/wp-json\/wp\/v2\/tags?post=1551"}],"curies":[{"name":"wp","href":"https:\/\/api.w.org\/{rel}","templated":true}]}}