{"id":1541,"date":"2025-08-28T15:22:45","date_gmt":"2025-08-28T18:22:45","guid":{"rendered":"https:\/\/palmerodespachante.uy\/?p=1541"},"modified":"2025-08-28T15:22:46","modified_gmt":"2025-08-28T18:22:46","slug":"record-historico-de-compras-por-internet-al-exterior-por-el-efecto-temu-en-siete-meses-superan-el-millon","status":"publish","type":"post","link":"https:\/\/palmerodespachante.uy\/index.php\/2025\/08\/28\/record-historico-de-compras-por-internet-al-exterior-por-el-efecto-temu-en-siete-meses-superan-el-millon\/","title":{"rendered":"R\u00c9CORD HIST\u00d3RICO DE COMPRAS POR INTERNET AL EXTERIOR POR EL \u00abEFECTO TEMU\u00bb: EN SIETE MESES SUPERAN EL MILL\u00d3N."},"content":{"rendered":"\n<p>El \u00abefecto Temu\u00bb que gener\u00f3 la plataforma china con una explosi\u00f3n de compras por Internet en el exterior en Uruguay, estableci\u00f3 un nuevo r\u00e9cord de encomiendas llegadas al pa\u00eds para un a\u00f1o. El impacto generado en el comercio uruguayo llev\u00f3 a que el gobierno proponga un \u00abImpuesto Temu\u00bb (IVA) a las compras web en el exterior, salvo las que provienen de Estados Unidos. En julio, la Direcci\u00f3n Nacional de Aduanas (DNA) registr\u00f3 la llegada de 166.778 encomiendas bajo el r\u00e9gimen de franquicias que permite a cada uruguayo mayor de 18 a\u00f1os, realizar en el a\u00f1o tres compras en el exterior por Internet por un m\u00e1ximo de hasta US$ 200 y por hasta 20 kilos de peso cada una. Los 1.124.976 paquetes que llegaron entre enero y julio, superan en 15,4% a los que arribaron en todo 2024. A su vez, comparadas con enero-julio de 2024 aumentaron 187%. (El Pa\u00eds)<\/p>\n\n\n\n<p><\/p>\n","protected":false},"excerpt":{"rendered":"<p>El \u00abefecto Temu\u00bb que gener\u00f3 la plataforma china con una explosi\u00f3n de compras por Internet en el exterior en Uruguay, estableci\u00f3 un nuevo r\u00e9cord de encomiendas llegadas al pa\u00eds para un a\u00f1o. El impacto generado en el comercio uruguayo llev\u00f3 a que el gobierno proponga un \u00abImpuesto Temu\u00bb (IVA) a las compras web en el [&hellip;]<\/p>\n","protected":false},"author":3,"featured_media":1542,"comment_status":"open","ping_status":"open","sticky":false,"template":"","format":"standard","meta":{"_joinchat":[],"footnotes":""},"categories":[15],"tags":[],"class_list":{"0":"post-1541","1":"post","2":"type-post","3":"status-publish","4":"format-standard","5":"has-post-thumbnail","7":"category-sin-categoria-es"},"yoast_head":"<!-- This site is optimized with the Yoast SEO plugin v27.5 - https:\/\/yoast.com\/product\/yoast-seo-wordpress\/ -->\n<title>R\u00c9CORD HIST\u00d3RICO DE COMPRAS POR INTERNET AL EXTERIOR POR EL &quot;EFECTO TEMU&quot;: EN SIETE MESES SUPERAN EL MILL\u00d3N. - Palmero Despachante de Aduana<\/title>\n<meta name=\"robots\" content=\"noindex, follow\" \/>\n<meta property=\"og:locale\" content=\"es_ES\" \/>\n<meta property=\"og:type\" content=\"article\" \/>\n<meta property=\"og:title\" content=\"R\u00c9CORD HIST\u00d3RICO DE COMPRAS POR INTERNET AL EXTERIOR POR EL &quot;EFECTO TEMU&quot;: EN SIETE MESES SUPERAN EL MILL\u00d3N. - Palmero Despachante de Aduana\" \/>\n<meta property=\"og:description\" content=\"El \u00abefecto Temu\u00bb que gener\u00f3 la plataforma china con una explosi\u00f3n de compras por Internet en el exterior en Uruguay, estableci\u00f3 un nuevo r\u00e9cord de encomiendas llegadas al pa\u00eds para un a\u00f1o. El impacto generado en el comercio uruguayo llev\u00f3 a que el gobierno proponga un \u00abImpuesto Temu\u00bb (IVA) a las compras web en el [&hellip;]\" \/>\n<meta property=\"og:url\" content=\"https:\/\/palmerodespachante.uy\/index.php\/2025\/08\/28\/record-historico-de-compras-por-internet-al-exterior-por-el-efecto-temu-en-siete-meses-superan-el-millon\/\" \/>\n<meta property=\"og:site_name\" content=\"Palmero Despachante de Aduana\" \/>\n<meta property=\"article:publisher\" content=\"https:\/\/www.facebook.com\/despachantedeaduana.palmero?hc_ref=ARQPWzEmqFz3O_9qTlrxPP6NW-Vf1b4-iJdwH7XdkuWdfarefzfPyjY7DGBCye4mnJs\" \/>\n<meta property=\"article:published_time\" content=\"2025-08-28T18:22:45+00:00\" \/>\n<meta property=\"article:modified_time\" content=\"2025-08-28T18:22:46+00:00\" \/>\n<meta property=\"og:image\" content=\"http:\/\/palmerodespachante.uy\/wp-content\/uploads\/2025\/08\/temu.jpg\" \/>\n\t<meta property=\"og:image:width\" content=\"719\" \/>\n\t<meta property=\"og:image:height\" content=\"495\" \/>\n\t<meta property=\"og:image:type\" content=\"image\/jpeg\" \/>\n<meta name=\"author\" content=\"Javier Palmero\" \/>\n<meta name=\"twitter:card\" content=\"summary_large_image\" \/>\n<meta name=\"twitter:label1\" content=\"Escrito por\" \/>\n\t<meta name=\"twitter:data1\" content=\"Javier Palmero\" \/>\n\t<meta name=\"twitter:label2\" content=\"Tiempo de lectura\" \/>\n\t<meta name=\"twitter:data2\" content=\"1 minuto\" \/>\n<script type=\"application\/ld+json\" class=\"yoast-schema-graph\">{\"@context\":\"https:\\\/\\\/schema.org\",\"@graph\":[{\"@type\":\"Article\",\"@id\":\"https:\\\/\\\/palmerodespachante.uy\\\/index.php\\\/2025\\\/08\\\/28\\\/record-historico-de-compras-por-internet-al-exterior-por-el-efecto-temu-en-siete-meses-superan-el-millon\\\/#article\",\"isPartOf\":{\"@id\":\"https:\\\/\\\/palmerodespachante.uy\\\/index.php\\\/2025\\\/08\\\/28\\\/record-historico-de-compras-por-internet-al-exterior-por-el-efecto-temu-en-siete-meses-superan-el-millon\\\/\"},\"author\":{\"name\":\"Javier Palmero\",\"@id\":\"https:\\\/\\\/palmerodespachante.uy\\\/#\\\/schema\\\/person\\\/9eabdcdc87fc74d275cc2faf2ce2f732\"},\"headline\":\"R\u00c9CORD HIST\u00d3RICO DE COMPRAS POR INTERNET AL EXTERIOR POR EL \u00abEFECTO TEMU\u00bb: EN SIETE MESES SUPERAN EL MILL\u00d3N.\",\"datePublished\":\"2025-08-28T18:22:45+00:00\",\"dateModified\":\"2025-08-28T18:22:46+00:00\",\"mainEntityOfPage\":{\"@id\":\"https:\\\/\\\/palmerodespachante.uy\\\/index.php\\\/2025\\\/08\\\/28\\\/record-historico-de-compras-por-internet-al-exterior-por-el-efecto-temu-en-siete-meses-superan-el-millon\\\/\"},\"wordCount\":171,\"commentCount\":0,\"publisher\":{\"@id\":\"https:\\\/\\\/palmerodespachante.uy\\\/#organization\"},\"image\":{\"@id\":\"https:\\\/\\\/palmerodespachante.uy\\\/index.php\\\/2025\\\/08\\\/28\\\/record-historico-de-compras-por-internet-al-exterior-por-el-efecto-temu-en-siete-meses-superan-el-millon\\\/#primaryimage\"},\"thumbnailUrl\":\"https:\\\/\\\/palmerodespachante.uy\\\/wp-content\\\/uploads\\\/2025\\\/08\\\/temu.jpg\",\"inLanguage\":\"es\",\"potentialAction\":[{\"@type\":\"CommentAction\",\"name\":\"Comment\",\"target\":[\"https:\\\/\\\/palmerodespachante.uy\\\/index.php\\\/2025\\\/08\\\/28\\\/record-historico-de-compras-por-internet-al-exterior-por-el-efecto-temu-en-siete-meses-superan-el-millon\\\/#respond\"]}]},{\"@type\":\"WebPage\",\"@id\":\"https:\\\/\\\/palmerodespachante.uy\\\/index.php\\\/2025\\\/08\\\/28\\\/record-historico-de-compras-por-internet-al-exterior-por-el-efecto-temu-en-siete-meses-superan-el-millon\\\/\",\"url\":\"https:\\\/\\\/palmerodespachante.uy\\\/index.php\\\/2025\\\/08\\\/28\\\/record-historico-de-compras-por-internet-al-exterior-por-el-efecto-temu-en-siete-meses-superan-el-millon\\\/\",\"name\":\"R\u00c9CORD HIST\u00d3RICO DE COMPRAS POR INTERNET AL EXTERIOR POR EL \\\"EFECTO TEMU\\\": EN SIETE MESES SUPERAN EL MILL\u00d3N. - Palmero Despachante de Aduana\",\"isPartOf\":{\"@id\":\"https:\\\/\\\/palmerodespachante.uy\\\/#website\"},\"primaryImageOfPage\":{\"@id\":\"https:\\\/\\\/palmerodespachante.uy\\\/index.php\\\/2025\\\/08\\\/28\\\/record-historico-de-compras-por-internet-al-exterior-por-el-efecto-temu-en-siete-meses-superan-el-millon\\\/#primaryimage\"},\"image\":{\"@id\":\"https:\\\/\\\/palmerodespachante.uy\\\/index.php\\\/2025\\\/08\\\/28\\\/record-historico-de-compras-por-internet-al-exterior-por-el-efecto-temu-en-siete-meses-superan-el-millon\\\/#primaryimage\"},\"thumbnailUrl\":\"https:\\\/\\\/palmerodespachante.uy\\\/wp-content\\\/uploads\\\/2025\\\/08\\\/temu.jpg\",\"datePublished\":\"2025-08-28T18:22:45+00:00\",\"dateModified\":\"2025-08-28T18:22:46+00:00\",\"breadcrumb\":{\"@id\":\"https:\\\/\\\/palmerodespachante.uy\\\/index.php\\\/2025\\\/08\\\/28\\\/record-historico-de-compras-por-internet-al-exterior-por-el-efecto-temu-en-siete-meses-superan-el-millon\\\/#breadcrumb\"},\"inLanguage\":\"es\",\"potentialAction\":[{\"@type\":\"ReadAction\",\"target\":[\"https:\\\/\\\/palmerodespachante.uy\\\/index.php\\\/2025\\\/08\\\/28\\\/record-historico-de-compras-por-internet-al-exterior-por-el-efecto-temu-en-siete-meses-superan-el-millon\\\/\"]}]},{\"@type\":\"ImageObject\",\"inLanguage\":\"es\",\"@id\":\"https:\\\/\\\/palmerodespachante.uy\\\/index.php\\\/2025\\\/08\\\/28\\\/record-historico-de-compras-por-internet-al-exterior-por-el-efecto-temu-en-siete-meses-superan-el-millon\\\/#primaryimage\",\"url\":\"https:\\\/\\\/palmerodespachante.uy\\\/wp-content\\\/uploads\\\/2025\\\/08\\\/temu.jpg\",\"contentUrl\":\"https:\\\/\\\/palmerodespachante.uy\\\/wp-content\\\/uploads\\\/2025\\\/08\\\/temu.jpg\",\"width\":719,\"height\":495},{\"@type\":\"BreadcrumbList\",\"@id\":\"https:\\\/\\\/palmerodespachante.uy\\\/index.php\\\/2025\\\/08\\\/28\\\/record-historico-de-compras-por-internet-al-exterior-por-el-efecto-temu-en-siete-meses-superan-el-millon\\\/#breadcrumb\",\"itemListElement\":[{\"@type\":\"ListItem\",\"position\":1,\"name\":\"Portada\",\"item\":\"https:\\\/\\\/palmerodespachante.uy\\\/\"},{\"@type\":\"ListItem\",\"position\":2,\"name\":\"R\u00c9CORD HIST\u00d3RICO DE COMPRAS POR INTERNET AL EXTERIOR POR EL \u00abEFECTO TEMU\u00bb: EN SIETE MESES SUPERAN EL MILL\u00d3N.\"}]},{\"@type\":\"WebSite\",\"@id\":\"https:\\\/\\\/palmerodespachante.uy\\\/#website\",\"url\":\"https:\\\/\\\/palmerodespachante.uy\\\/\",\"name\":\"Palmero Despachante de Aduana\",\"description\":\"Importaci\u00f3n, Exportaci\u00f3n, Tr\u00e1nsito\",\"publisher\":{\"@id\":\"https:\\\/\\\/palmerodespachante.uy\\\/#organization\"},\"potentialAction\":[{\"@type\":\"SearchAction\",\"target\":{\"@type\":\"EntryPoint\",\"urlTemplate\":\"https:\\\/\\\/palmerodespachante.uy\\\/?s={search_term_string}\"},\"query-input\":{\"@type\":\"PropertyValueSpecification\",\"valueRequired\":true,\"valueName\":\"search_term_string\"}}],\"inLanguage\":\"es\"},{\"@type\":\"Organization\",\"@id\":\"https:\\\/\\\/palmerodespachante.uy\\\/#organization\",\"name\":\"Palmero Despachante de Aduanas\",\"url\":\"https:\\\/\\\/palmerodespachante.uy\\\/\",\"logo\":{\"@type\":\"ImageObject\",\"inLanguage\":\"es\",\"@id\":\"https:\\\/\\\/palmerodespachante.uy\\\/#\\\/schema\\\/logo\\\/image\\\/\",\"url\":\"https:\\\/\\\/palmerodespachante.uy\\\/wp-content\\\/uploads\\\/2018\\\/08\\\/Logo-144.png\",\"contentUrl\":\"https:\\\/\\\/palmerodespachante.uy\\\/wp-content\\\/uploads\\\/2018\\\/08\\\/Logo-144.png\",\"width\":144,\"height\":144,\"caption\":\"Palmero Despachante de Aduanas\"},\"image\":{\"@id\":\"https:\\\/\\\/palmerodespachante.uy\\\/#\\\/schema\\\/logo\\\/image\\\/\"},\"sameAs\":[\"https:\\\/\\\/www.facebook.com\\\/despachantedeaduana.palmero?hc_ref=ARQPWzEmqFz3O_9qTlrxPP6NW-Vf1b4-iJdwH7XdkuWdfarefzfPyjY7DGBCye4mnJs\",\"https:\\\/\\\/www.linkedin.com\\\/company\\\/despachante-de-aduana-palmero\\\/\"]},{\"@type\":\"Person\",\"@id\":\"https:\\\/\\\/palmerodespachante.uy\\\/#\\\/schema\\\/person\\\/9eabdcdc87fc74d275cc2faf2ce2f732\",\"name\":\"Javier Palmero\",\"image\":{\"@type\":\"ImageObject\",\"inLanguage\":\"es\",\"@id\":\"https:\\\/\\\/palmerodespachante.uy\\\/wp-content\\\/litespeed\\\/avatar\\\/8e783966089c8fa82b27a6627fb956c2.jpg?ver=1777463218\",\"url\":\"https:\\\/\\\/palmerodespachante.uy\\\/wp-content\\\/litespeed\\\/avatar\\\/8e783966089c8fa82b27a6627fb956c2.jpg?ver=1777463218\",\"contentUrl\":\"https:\\\/\\\/palmerodespachante.uy\\\/wp-content\\\/litespeed\\\/avatar\\\/8e783966089c8fa82b27a6627fb956c2.jpg?ver=1777463218\",\"caption\":\"Javier Palmero\"}}]}<\/script>\n<!-- \/ Yoast SEO plugin. -->","yoast_head_json":{"title":"R\u00c9CORD HIST\u00d3RICO DE COMPRAS POR INTERNET AL EXTERIOR POR EL \"EFECTO TEMU\": EN SIETE MESES SUPERAN EL MILL\u00d3N. - Palmero Despachante de Aduana","robots":{"index":"noindex","follow":"follow"},"og_locale":"es_ES","og_type":"article","og_title":"R\u00c9CORD HIST\u00d3RICO DE COMPRAS POR INTERNET AL EXTERIOR POR EL \"EFECTO TEMU\": EN SIETE MESES SUPERAN EL MILL\u00d3N. - Palmero Despachante de Aduana","og_description":"El \u00abefecto Temu\u00bb que gener\u00f3 la plataforma china con una explosi\u00f3n de compras por Internet en el exterior en Uruguay, estableci\u00f3 un nuevo r\u00e9cord de encomiendas llegadas al pa\u00eds para un a\u00f1o. El impacto generado en el comercio uruguayo llev\u00f3 a que el gobierno proponga un \u00abImpuesto Temu\u00bb (IVA) a las compras web en el [&hellip;]","og_url":"https:\/\/palmerodespachante.uy\/index.php\/2025\/08\/28\/record-historico-de-compras-por-internet-al-exterior-por-el-efecto-temu-en-siete-meses-superan-el-millon\/","og_site_name":"Palmero Despachante de Aduana","article_publisher":"https:\/\/www.facebook.com\/despachantedeaduana.palmero?hc_ref=ARQPWzEmqFz3O_9qTlrxPP6NW-Vf1b4-iJdwH7XdkuWdfarefzfPyjY7DGBCye4mnJs","article_published_time":"2025-08-28T18:22:45+00:00","article_modified_time":"2025-08-28T18:22:46+00:00","og_image":[{"width":719,"height":495,"url":"http:\/\/palmerodespachante.uy\/wp-content\/uploads\/2025\/08\/temu.jpg","type":"image\/jpeg"}],"author":"Javier Palmero","twitter_card":"summary_large_image","twitter_misc":{"Escrito por":"Javier Palmero","Tiempo de lectura":"1 minuto"},"schema":{"@context":"https:\/\/schema.org","@graph":[{"@type":"Article","@id":"https:\/\/palmerodespachante.uy\/index.php\/2025\/08\/28\/record-historico-de-compras-por-internet-al-exterior-por-el-efecto-temu-en-siete-meses-superan-el-millon\/#article","isPartOf":{"@id":"https:\/\/palmerodespachante.uy\/index.php\/2025\/08\/28\/record-historico-de-compras-por-internet-al-exterior-por-el-efecto-temu-en-siete-meses-superan-el-millon\/"},"author":{"name":"Javier Palmero","@id":"https:\/\/palmerodespachante.uy\/#\/schema\/person\/9eabdcdc87fc74d275cc2faf2ce2f732"},"headline":"R\u00c9CORD HIST\u00d3RICO DE COMPRAS POR INTERNET AL EXTERIOR POR EL \u00abEFECTO TEMU\u00bb: EN SIETE MESES SUPERAN EL MILL\u00d3N.","datePublished":"2025-08-28T18:22:45+00:00","dateModified":"2025-08-28T18:22:46+00:00","mainEntityOfPage":{"@id":"https:\/\/palmerodespachante.uy\/index.php\/2025\/08\/28\/record-historico-de-compras-por-internet-al-exterior-por-el-efecto-temu-en-siete-meses-superan-el-millon\/"},"wordCount":171,"commentCount":0,"publisher":{"@id":"https:\/\/palmerodespachante.uy\/#organization"},"image":{"@id":"https:\/\/palmerodespachante.uy\/index.php\/2025\/08\/28\/record-historico-de-compras-por-internet-al-exterior-por-el-efecto-temu-en-siete-meses-superan-el-millon\/#primaryimage"},"thumbnailUrl":"https:\/\/palmerodespachante.uy\/wp-content\/uploads\/2025\/08\/temu.jpg","inLanguage":"es","potentialAction":[{"@type":"CommentAction","name":"Comment","target":["https:\/\/palmerodespachante.uy\/index.php\/2025\/08\/28\/record-historico-de-compras-por-internet-al-exterior-por-el-efecto-temu-en-siete-meses-superan-el-millon\/#respond"]}]},{"@type":"WebPage","@id":"https:\/\/palmerodespachante.uy\/index.php\/2025\/08\/28\/record-historico-de-compras-por-internet-al-exterior-por-el-efecto-temu-en-siete-meses-superan-el-millon\/","url":"https:\/\/palmerodespachante.uy\/index.php\/2025\/08\/28\/record-historico-de-compras-por-internet-al-exterior-por-el-efecto-temu-en-siete-meses-superan-el-millon\/","name":"R\u00c9CORD HIST\u00d3RICO DE COMPRAS POR INTERNET AL EXTERIOR POR EL \"EFECTO TEMU\": EN SIETE MESES SUPERAN EL MILL\u00d3N. - Palmero Despachante de Aduana","isPartOf":{"@id":"https:\/\/palmerodespachante.uy\/#website"},"primaryImageOfPage":{"@id":"https:\/\/palmerodespachante.uy\/index.php\/2025\/08\/28\/record-historico-de-compras-por-internet-al-exterior-por-el-efecto-temu-en-siete-meses-superan-el-millon\/#primaryimage"},"image":{"@id":"https:\/\/palmerodespachante.uy\/index.php\/2025\/08\/28\/record-historico-de-compras-por-internet-al-exterior-por-el-efecto-temu-en-siete-meses-superan-el-millon\/#primaryimage"},"thumbnailUrl":"https:\/\/palmerodespachante.uy\/wp-content\/uploads\/2025\/08\/temu.jpg","datePublished":"2025-08-28T18:22:45+00:00","dateModified":"2025-08-28T18:22:46+00:00","breadcrumb":{"@id":"https:\/\/palmerodespachante.uy\/index.php\/2025\/08\/28\/record-historico-de-compras-por-internet-al-exterior-por-el-efecto-temu-en-siete-meses-superan-el-millon\/#breadcrumb"},"inLanguage":"es","potentialAction":[{"@type":"ReadAction","target":["https:\/\/palmerodespachante.uy\/index.php\/2025\/08\/28\/record-historico-de-compras-por-internet-al-exterior-por-el-efecto-temu-en-siete-meses-superan-el-millon\/"]}]},{"@type":"ImageObject","inLanguage":"es","@id":"https:\/\/palmerodespachante.uy\/index.php\/2025\/08\/28\/record-historico-de-compras-por-internet-al-exterior-por-el-efecto-temu-en-siete-meses-superan-el-millon\/#primaryimage","url":"https:\/\/palmerodespachante.uy\/wp-content\/uploads\/2025\/08\/temu.jpg","contentUrl":"https:\/\/palmerodespachante.uy\/wp-content\/uploads\/2025\/08\/temu.jpg","width":719,"height":495},{"@type":"BreadcrumbList","@id":"https:\/\/palmerodespachante.uy\/index.php\/2025\/08\/28\/record-historico-de-compras-por-internet-al-exterior-por-el-efecto-temu-en-siete-meses-superan-el-millon\/#breadcrumb","itemListElement":[{"@type":"ListItem","position":1,"name":"Portada","item":"https:\/\/palmerodespachante.uy\/"},{"@type":"ListItem","position":2,"name":"R\u00c9CORD HIST\u00d3RICO DE COMPRAS POR INTERNET AL EXTERIOR POR EL \u00abEFECTO TEMU\u00bb: EN SIETE MESES SUPERAN EL MILL\u00d3N."}]},{"@type":"WebSite","@id":"https:\/\/palmerodespachante.uy\/#website","url":"https:\/\/palmerodespachante.uy\/","name":"Palmero Despachante de Aduana","description":"Importaci\u00f3n, Exportaci\u00f3n, Tr\u00e1nsito","publisher":{"@id":"https:\/\/palmerodespachante.uy\/#organization"},"potentialAction":[{"@type":"SearchAction","target":{"@type":"EntryPoint","urlTemplate":"https:\/\/palmerodespachante.uy\/?s={search_term_string}"},"query-input":{"@type":"PropertyValueSpecification","valueRequired":true,"valueName":"search_term_string"}}],"inLanguage":"es"},{"@type":"Organization","@id":"https:\/\/palmerodespachante.uy\/#organization","name":"Palmero Despachante de Aduanas","url":"https:\/\/palmerodespachante.uy\/","logo":{"@type":"ImageObject","inLanguage":"es","@id":"https:\/\/palmerodespachante.uy\/#\/schema\/logo\/image\/","url":"https:\/\/palmerodespachante.uy\/wp-content\/uploads\/2018\/08\/Logo-144.png","contentUrl":"https:\/\/palmerodespachante.uy\/wp-content\/uploads\/2018\/08\/Logo-144.png","width":144,"height":144,"caption":"Palmero Despachante de Aduanas"},"image":{"@id":"https:\/\/palmerodespachante.uy\/#\/schema\/logo\/image\/"},"sameAs":["https:\/\/www.facebook.com\/despachantedeaduana.palmero?hc_ref=ARQPWzEmqFz3O_9qTlrxPP6NW-Vf1b4-iJdwH7XdkuWdfarefzfPyjY7DGBCye4mnJs","https:\/\/www.linkedin.com\/company\/despachante-de-aduana-palmero\/"]},{"@type":"Person","@id":"https:\/\/palmerodespachante.uy\/#\/schema\/person\/9eabdcdc87fc74d275cc2faf2ce2f732","name":"Javier Palmero","image":{"@type":"ImageObject","inLanguage":"es","@id":"https:\/\/palmerodespachante.uy\/wp-content\/litespeed\/avatar\/8e783966089c8fa82b27a6627fb956c2.jpg?ver=1777463218","url":"https:\/\/palmerodespachante.uy\/wp-content\/litespeed\/avatar\/8e783966089c8fa82b27a6627fb956c2.jpg?ver=1777463218","contentUrl":"https:\/\/palmerodespachante.uy\/wp-content\/litespeed\/avatar\/8e783966089c8fa82b27a6627fb956c2.jpg?ver=1777463218","caption":"Javier Palmero"}}]}},"jetpack_featured_media_url":"https:\/\/palmerodespachante.uy\/wp-content\/uploads\/2025\/08\/temu.jpg","_links":{"self":[{"href":"https:\/\/palmerodespachante.uy\/index.php\/wp-json\/wp\/v2\/posts\/1541","targetHints":{"allow":["GET"]}}],"collection":[{"href":"https:\/\/palmerodespachante.uy\/index.php\/wp-json\/wp\/v2\/posts"}],"about":[{"href":"https:\/\/palmerodespachante.uy\/index.php\/wp-json\/wp\/v2\/types\/post"}],"author":[{"embeddable":true,"href":"https:\/\/palmerodespachante.uy\/index.php\/wp-json\/wp\/v2\/users\/3"}],"replies":[{"embeddable":true,"href":"https:\/\/palmerodespachante.uy\/index.php\/wp-json\/wp\/v2\/comments?post=1541"}],"version-history":[{"count":1,"href":"https:\/\/palmerodespachante.uy\/index.php\/wp-json\/wp\/v2\/posts\/1541\/revisions"}],"predecessor-version":[{"id":1543,"href":"https:\/\/palmerodespachante.uy\/index.php\/wp-json\/wp\/v2\/posts\/1541\/revisions\/1543"}],"wp:featuredmedia":[{"embeddable":true,"href":"https:\/\/palmerodespachante.uy\/index.php\/wp-json\/wp\/v2\/media\/1542"}],"wp:attachment":[{"href":"https:\/\/palmerodespachante.uy\/index.php\/wp-json\/wp\/v2\/media?parent=1541"}],"wp:term":[{"taxonomy":"category","embeddable":true,"href":"https:\/\/palmerodespachante.uy\/index.php\/wp-json\/wp\/v2\/categories?post=1541"},{"taxonomy":"post_tag","embeddable":true,"href":"https:\/\/palmerodespachante.uy\/index.php\/wp-json\/wp\/v2\/tags?post=1541"}],"curies":[{"name":"wp","href":"https:\/\/api.w.org\/{rel}","templated":true}]}}