{"id":1533,"date":"2025-08-22T10:23:31","date_gmt":"2025-08-22T13:23:31","guid":{"rendered":"https:\/\/palmerodespachante.uy\/?p=1533"},"modified":"2025-08-22T10:23:32","modified_gmt":"2025-08-22T13:23:32","slug":"uruguay-aplicara-iva-a-las-compras-online-del-exterior-asi-impactara-el-efecto-temu","status":"publish","type":"post","link":"https:\/\/palmerodespachante.uy\/index.php\/2025\/08\/22\/uruguay-aplicara-iva-a-las-compras-online-del-exterior-asi-impactara-el-efecto-temu\/","title":{"rendered":"Uruguay aplicar\u00e1 IVA a las compras online del exterior: as\u00ed impactar\u00e1 el \u00abefecto Temu\u00bb"},"content":{"rendered":"\n<p>El<strong>&nbsp;ministro de Econom\u00eda, Gabriel Oddone<\/strong>, anunci\u00f3 este&nbsp;<strong>mi\u00e9rcoles&nbsp;<\/strong>en el programa<em><strong>&nbsp;En Perspectiva&nbsp;<\/strong><\/em>que el gobierno trabaja para incluir en la<strong>&nbsp;ley de Presupuesto<\/strong>&nbsp;un impuesto a las compras minoristas por internet en el exterior.&nbsp;<\/p>\n\n\n\n<p>La medida surge tras el reclamo de comerciantes uruguayos que aseguran haber reducido significativamente sus ventas. El plan oficial contempla gravar con<strong>&nbsp;IVA&nbsp;<\/strong>estas compras y permitir una mayor cantidad de compras habilitadas en el r\u00e9gimen de franquicias, actualmente limitado a tres env\u00edos anuales por un m\u00e1ximo de<strong>&nbsp;200 d\u00f3lares.<\/strong><\/p>\n\n\n\n<h2 class=\"wp-block-heading\"><strong>Un fen\u00f3meno que cambi\u00f3 el mercado<\/strong><\/h2>\n\n\n\n<p>Desde<strong>&nbsp;2024<\/strong>, con la llegada de la plataforma&nbsp;<strong>china Temu,<\/strong>&nbsp;las compras online en el exterior crecieron de forma acelerada. El atractivo de precios bajos y la exoneraci\u00f3n de impuestos llevaron a miles de personas a optar por este sistema, lo que gener\u00f3 una ca\u00edda en las ventas de los comercios uruguayos.<\/p>\n\n\n\n<h2 class=\"wp-block-heading\"><strong>Reclamo de los comerciantes<\/strong><\/h2>\n\n\n\n<p>Ante esta situaci\u00f3n, comerciantes locales plantearon al gobierno la necesidad de tomar&nbsp;<strong>medidas que equiparen las condiciones<\/strong>&nbsp;entre el&nbsp;<strong>mercado interno&nbsp;<\/strong>y las compras bajo el r\u00e9gimen de franquicias, que hasta ahora no pagan impuestos.<\/p>\n\n\n\n<h2 class=\"wp-block-heading\"><strong>La propuesta oficial<\/strong><\/h2>\n\n\n\n<p><strong>Oddone<\/strong>&nbsp;explic\u00f3 en<em>&nbsp;En Perspectiva<\/em>&nbsp;que la idea es aplicar el&nbsp;<strong>IVA&nbsp;<\/strong>a esas compras sin limitar la posibilidad de realizarlas, y al mismo tiempo ampliar la cantidad de compras habilitadas en el a\u00f1o. El objetivo, seg\u00fan el ministro, es&nbsp;<em>\u201cequiparar la situaci\u00f3n\u201d&nbsp;<\/em>sin eliminar la opci\u00f3n de comprar en el exterior.<\/p>\n\n\n\n<h2 class=\"wp-block-heading\"><strong>Repercusiones inmediatas<\/strong><\/h2>\n\n\n\n<p>El anuncio tuvo repercusi\u00f3n pol\u00edtica y se convirti\u00f3 en tema de conversaci\u00f3n p\u00fablica, ya que miles de personas se ver\u00e1n afectadas si el impuesto se aprueba en la pr\u00f3xima ley de Presupuesto.<\/p>\n\n\n\n<p>www.msn.com<\/p>\n\n\n\n<p><\/p>\n\n\n\n<p><\/p>\n","protected":false},"excerpt":{"rendered":"<p>El&nbsp;ministro de Econom\u00eda, Gabriel Oddone, anunci\u00f3 este&nbsp;mi\u00e9rcoles&nbsp;en el programa&nbsp;En Perspectiva&nbsp;que el gobierno trabaja para incluir en la&nbsp;ley de Presupuesto&nbsp;un impuesto a las compras minoristas por internet en el exterior.&nbsp; La medida surge tras el reclamo de comerciantes uruguayos que aseguran haber reducido significativamente sus ventas. El plan oficial contempla gravar con&nbsp;IVA&nbsp;estas compras y permitir una [&hellip;]<\/p>\n","protected":false},"author":3,"featured_media":1534,"comment_status":"open","ping_status":"open","sticky":false,"template":"","format":"standard","meta":{"_joinchat":[],"footnotes":""},"categories":[37],"tags":[],"class_list":{"0":"post-1533","1":"post","2":"type-post","3":"status-publish","4":"format-standard","5":"has-post-thumbnail","7":"category-noticias"},"yoast_head":"<!-- This site is optimized with the Yoast SEO plugin v27.5 - https:\/\/yoast.com\/product\/yoast-seo-wordpress\/ -->\n<title>Uruguay aplicar\u00e1 IVA a las compras online del exterior: as\u00ed impactar\u00e1 el &quot;efecto Temu&quot; - Palmero Despachante de Aduana<\/title>\n<meta name=\"robots\" content=\"noindex, follow\" \/>\n<meta property=\"og:locale\" content=\"es_ES\" \/>\n<meta property=\"og:type\" content=\"article\" \/>\n<meta property=\"og:title\" content=\"Uruguay aplicar\u00e1 IVA a las compras online del exterior: as\u00ed impactar\u00e1 el &quot;efecto Temu&quot; - Palmero Despachante de Aduana\" \/>\n<meta property=\"og:description\" content=\"El&nbsp;ministro de Econom\u00eda, Gabriel Oddone, anunci\u00f3 este&nbsp;mi\u00e9rcoles&nbsp;en el programa&nbsp;En Perspectiva&nbsp;que el gobierno trabaja para incluir en la&nbsp;ley de Presupuesto&nbsp;un impuesto a las compras minoristas por internet en el exterior.&nbsp; La medida surge tras el reclamo de comerciantes uruguayos que aseguran haber reducido significativamente sus ventas. El plan oficial contempla gravar con&nbsp;IVA&nbsp;estas compras y permitir una [&hellip;]\" \/>\n<meta property=\"og:url\" content=\"https:\/\/palmerodespachante.uy\/index.php\/2025\/08\/22\/uruguay-aplicara-iva-a-las-compras-online-del-exterior-asi-impactara-el-efecto-temu\/\" \/>\n<meta property=\"og:site_name\" content=\"Palmero Despachante de Aduana\" \/>\n<meta property=\"article:publisher\" content=\"https:\/\/www.facebook.com\/despachantedeaduana.palmero?hc_ref=ARQPWzEmqFz3O_9qTlrxPP6NW-Vf1b4-iJdwH7XdkuWdfarefzfPyjY7DGBCye4mnJs\" \/>\n<meta property=\"article:published_time\" content=\"2025-08-22T13:23:31+00:00\" \/>\n<meta property=\"article:modified_time\" content=\"2025-08-22T13:23:32+00:00\" \/>\n<meta property=\"og:image\" content=\"http:\/\/palmerodespachante.uy\/wp-content\/uploads\/2025\/08\/COMPRAS-AL-EXTERIOR-2.jpg\" \/>\n\t<meta property=\"og:image:width\" content=\"769\" \/>\n\t<meta property=\"og:image:height\" content=\"431\" \/>\n\t<meta property=\"og:image:type\" content=\"image\/jpeg\" \/>\n<meta name=\"author\" content=\"Javier Palmero\" \/>\n<meta name=\"twitter:card\" content=\"summary_large_image\" \/>\n<meta name=\"twitter:label1\" content=\"Escrito por\" \/>\n\t<meta name=\"twitter:data1\" content=\"Javier Palmero\" \/>\n\t<meta name=\"twitter:label2\" content=\"Tiempo de lectura\" \/>\n\t<meta name=\"twitter:data2\" content=\"2 minutos\" \/>\n<script type=\"application\/ld+json\" class=\"yoast-schema-graph\">{\"@context\":\"https:\\\/\\\/schema.org\",\"@graph\":[{\"@type\":\"Article\",\"@id\":\"https:\\\/\\\/palmerodespachante.uy\\\/index.php\\\/2025\\\/08\\\/22\\\/uruguay-aplicara-iva-a-las-compras-online-del-exterior-asi-impactara-el-efecto-temu\\\/#article\",\"isPartOf\":{\"@id\":\"https:\\\/\\\/palmerodespachante.uy\\\/index.php\\\/2025\\\/08\\\/22\\\/uruguay-aplicara-iva-a-las-compras-online-del-exterior-asi-impactara-el-efecto-temu\\\/\"},\"author\":{\"name\":\"Javier Palmero\",\"@id\":\"https:\\\/\\\/palmerodespachante.uy\\\/#\\\/schema\\\/person\\\/9eabdcdc87fc74d275cc2faf2ce2f732\"},\"headline\":\"Uruguay aplicar\u00e1 IVA a las compras online del exterior: as\u00ed impactar\u00e1 el \u00abefecto Temu\u00bb\",\"datePublished\":\"2025-08-22T13:23:31+00:00\",\"dateModified\":\"2025-08-22T13:23:32+00:00\",\"mainEntityOfPage\":{\"@id\":\"https:\\\/\\\/palmerodespachante.uy\\\/index.php\\\/2025\\\/08\\\/22\\\/uruguay-aplicara-iva-a-las-compras-online-del-exterior-asi-impactara-el-efecto-temu\\\/\"},\"wordCount\":333,\"commentCount\":0,\"publisher\":{\"@id\":\"https:\\\/\\\/palmerodespachante.uy\\\/#organization\"},\"image\":{\"@id\":\"https:\\\/\\\/palmerodespachante.uy\\\/index.php\\\/2025\\\/08\\\/22\\\/uruguay-aplicara-iva-a-las-compras-online-del-exterior-asi-impactara-el-efecto-temu\\\/#primaryimage\"},\"thumbnailUrl\":\"https:\\\/\\\/palmerodespachante.uy\\\/wp-content\\\/uploads\\\/2025\\\/08\\\/COMPRAS-AL-EXTERIOR-2.jpg\",\"articleSection\":[\"Noticias\"],\"inLanguage\":\"es\",\"potentialAction\":[{\"@type\":\"CommentAction\",\"name\":\"Comment\",\"target\":[\"https:\\\/\\\/palmerodespachante.uy\\\/index.php\\\/2025\\\/08\\\/22\\\/uruguay-aplicara-iva-a-las-compras-online-del-exterior-asi-impactara-el-efecto-temu\\\/#respond\"]}]},{\"@type\":\"WebPage\",\"@id\":\"https:\\\/\\\/palmerodespachante.uy\\\/index.php\\\/2025\\\/08\\\/22\\\/uruguay-aplicara-iva-a-las-compras-online-del-exterior-asi-impactara-el-efecto-temu\\\/\",\"url\":\"https:\\\/\\\/palmerodespachante.uy\\\/index.php\\\/2025\\\/08\\\/22\\\/uruguay-aplicara-iva-a-las-compras-online-del-exterior-asi-impactara-el-efecto-temu\\\/\",\"name\":\"Uruguay aplicar\u00e1 IVA a las compras online del exterior: as\u00ed impactar\u00e1 el \\\"efecto Temu\\\" - Palmero Despachante de Aduana\",\"isPartOf\":{\"@id\":\"https:\\\/\\\/palmerodespachante.uy\\\/#website\"},\"primaryImageOfPage\":{\"@id\":\"https:\\\/\\\/palmerodespachante.uy\\\/index.php\\\/2025\\\/08\\\/22\\\/uruguay-aplicara-iva-a-las-compras-online-del-exterior-asi-impactara-el-efecto-temu\\\/#primaryimage\"},\"image\":{\"@id\":\"https:\\\/\\\/palmerodespachante.uy\\\/index.php\\\/2025\\\/08\\\/22\\\/uruguay-aplicara-iva-a-las-compras-online-del-exterior-asi-impactara-el-efecto-temu\\\/#primaryimage\"},\"thumbnailUrl\":\"https:\\\/\\\/palmerodespachante.uy\\\/wp-content\\\/uploads\\\/2025\\\/08\\\/COMPRAS-AL-EXTERIOR-2.jpg\",\"datePublished\":\"2025-08-22T13:23:31+00:00\",\"dateModified\":\"2025-08-22T13:23:32+00:00\",\"breadcrumb\":{\"@id\":\"https:\\\/\\\/palmerodespachante.uy\\\/index.php\\\/2025\\\/08\\\/22\\\/uruguay-aplicara-iva-a-las-compras-online-del-exterior-asi-impactara-el-efecto-temu\\\/#breadcrumb\"},\"inLanguage\":\"es\",\"potentialAction\":[{\"@type\":\"ReadAction\",\"target\":[\"https:\\\/\\\/palmerodespachante.uy\\\/index.php\\\/2025\\\/08\\\/22\\\/uruguay-aplicara-iva-a-las-compras-online-del-exterior-asi-impactara-el-efecto-temu\\\/\"]}]},{\"@type\":\"ImageObject\",\"inLanguage\":\"es\",\"@id\":\"https:\\\/\\\/palmerodespachante.uy\\\/index.php\\\/2025\\\/08\\\/22\\\/uruguay-aplicara-iva-a-las-compras-online-del-exterior-asi-impactara-el-efecto-temu\\\/#primaryimage\",\"url\":\"https:\\\/\\\/palmerodespachante.uy\\\/wp-content\\\/uploads\\\/2025\\\/08\\\/COMPRAS-AL-EXTERIOR-2.jpg\",\"contentUrl\":\"https:\\\/\\\/palmerodespachante.uy\\\/wp-content\\\/uploads\\\/2025\\\/08\\\/COMPRAS-AL-EXTERIOR-2.jpg\",\"width\":769,\"height\":431},{\"@type\":\"BreadcrumbList\",\"@id\":\"https:\\\/\\\/palmerodespachante.uy\\\/index.php\\\/2025\\\/08\\\/22\\\/uruguay-aplicara-iva-a-las-compras-online-del-exterior-asi-impactara-el-efecto-temu\\\/#breadcrumb\",\"itemListElement\":[{\"@type\":\"ListItem\",\"position\":1,\"name\":\"Portada\",\"item\":\"https:\\\/\\\/palmerodespachante.uy\\\/\"},{\"@type\":\"ListItem\",\"position\":2,\"name\":\"Uruguay aplicar\u00e1 IVA a las compras online del exterior: as\u00ed impactar\u00e1 el \u00abefecto Temu\u00bb\"}]},{\"@type\":\"WebSite\",\"@id\":\"https:\\\/\\\/palmerodespachante.uy\\\/#website\",\"url\":\"https:\\\/\\\/palmerodespachante.uy\\\/\",\"name\":\"Palmero Despachante de Aduana\",\"description\":\"Importaci\u00f3n, Exportaci\u00f3n, Tr\u00e1nsito\",\"publisher\":{\"@id\":\"https:\\\/\\\/palmerodespachante.uy\\\/#organization\"},\"potentialAction\":[{\"@type\":\"SearchAction\",\"target\":{\"@type\":\"EntryPoint\",\"urlTemplate\":\"https:\\\/\\\/palmerodespachante.uy\\\/?s={search_term_string}\"},\"query-input\":{\"@type\":\"PropertyValueSpecification\",\"valueRequired\":true,\"valueName\":\"search_term_string\"}}],\"inLanguage\":\"es\"},{\"@type\":\"Organization\",\"@id\":\"https:\\\/\\\/palmerodespachante.uy\\\/#organization\",\"name\":\"Palmero Despachante de Aduanas\",\"url\":\"https:\\\/\\\/palmerodespachante.uy\\\/\",\"logo\":{\"@type\":\"ImageObject\",\"inLanguage\":\"es\",\"@id\":\"https:\\\/\\\/palmerodespachante.uy\\\/#\\\/schema\\\/logo\\\/image\\\/\",\"url\":\"https:\\\/\\\/palmerodespachante.uy\\\/wp-content\\\/uploads\\\/2018\\\/08\\\/Logo-144.png\",\"contentUrl\":\"https:\\\/\\\/palmerodespachante.uy\\\/wp-content\\\/uploads\\\/2018\\\/08\\\/Logo-144.png\",\"width\":144,\"height\":144,\"caption\":\"Palmero Despachante de Aduanas\"},\"image\":{\"@id\":\"https:\\\/\\\/palmerodespachante.uy\\\/#\\\/schema\\\/logo\\\/image\\\/\"},\"sameAs\":[\"https:\\\/\\\/www.facebook.com\\\/despachantedeaduana.palmero?hc_ref=ARQPWzEmqFz3O_9qTlrxPP6NW-Vf1b4-iJdwH7XdkuWdfarefzfPyjY7DGBCye4mnJs\",\"https:\\\/\\\/www.linkedin.com\\\/company\\\/despachante-de-aduana-palmero\\\/\"]},{\"@type\":\"Person\",\"@id\":\"https:\\\/\\\/palmerodespachante.uy\\\/#\\\/schema\\\/person\\\/9eabdcdc87fc74d275cc2faf2ce2f732\",\"name\":\"Javier Palmero\",\"image\":{\"@type\":\"ImageObject\",\"inLanguage\":\"es\",\"@id\":\"https:\\\/\\\/palmerodespachante.uy\\\/wp-content\\\/litespeed\\\/avatar\\\/8e783966089c8fa82b27a6627fb956c2.jpg?ver=1777463218\",\"url\":\"https:\\\/\\\/palmerodespachante.uy\\\/wp-content\\\/litespeed\\\/avatar\\\/8e783966089c8fa82b27a6627fb956c2.jpg?ver=1777463218\",\"contentUrl\":\"https:\\\/\\\/palmerodespachante.uy\\\/wp-content\\\/litespeed\\\/avatar\\\/8e783966089c8fa82b27a6627fb956c2.jpg?ver=1777463218\",\"caption\":\"Javier Palmero\"}}]}<\/script>\n<!-- \/ Yoast SEO plugin. -->","yoast_head_json":{"title":"Uruguay aplicar\u00e1 IVA a las compras online del exterior: as\u00ed impactar\u00e1 el \"efecto Temu\" - Palmero Despachante de Aduana","robots":{"index":"noindex","follow":"follow"},"og_locale":"es_ES","og_type":"article","og_title":"Uruguay aplicar\u00e1 IVA a las compras online del exterior: as\u00ed impactar\u00e1 el \"efecto Temu\" - Palmero Despachante de Aduana","og_description":"El&nbsp;ministro de Econom\u00eda, Gabriel Oddone, anunci\u00f3 este&nbsp;mi\u00e9rcoles&nbsp;en el programa&nbsp;En Perspectiva&nbsp;que el gobierno trabaja para incluir en la&nbsp;ley de Presupuesto&nbsp;un impuesto a las compras minoristas por internet en el exterior.&nbsp; La medida surge tras el reclamo de comerciantes uruguayos que aseguran haber reducido significativamente sus ventas. El plan oficial contempla gravar con&nbsp;IVA&nbsp;estas compras y permitir una [&hellip;]","og_url":"https:\/\/palmerodespachante.uy\/index.php\/2025\/08\/22\/uruguay-aplicara-iva-a-las-compras-online-del-exterior-asi-impactara-el-efecto-temu\/","og_site_name":"Palmero Despachante de Aduana","article_publisher":"https:\/\/www.facebook.com\/despachantedeaduana.palmero?hc_ref=ARQPWzEmqFz3O_9qTlrxPP6NW-Vf1b4-iJdwH7XdkuWdfarefzfPyjY7DGBCye4mnJs","article_published_time":"2025-08-22T13:23:31+00:00","article_modified_time":"2025-08-22T13:23:32+00:00","og_image":[{"width":769,"height":431,"url":"http:\/\/palmerodespachante.uy\/wp-content\/uploads\/2025\/08\/COMPRAS-AL-EXTERIOR-2.jpg","type":"image\/jpeg"}],"author":"Javier Palmero","twitter_card":"summary_large_image","twitter_misc":{"Escrito por":"Javier Palmero","Tiempo de lectura":"2 minutos"},"schema":{"@context":"https:\/\/schema.org","@graph":[{"@type":"Article","@id":"https:\/\/palmerodespachante.uy\/index.php\/2025\/08\/22\/uruguay-aplicara-iva-a-las-compras-online-del-exterior-asi-impactara-el-efecto-temu\/#article","isPartOf":{"@id":"https:\/\/palmerodespachante.uy\/index.php\/2025\/08\/22\/uruguay-aplicara-iva-a-las-compras-online-del-exterior-asi-impactara-el-efecto-temu\/"},"author":{"name":"Javier Palmero","@id":"https:\/\/palmerodespachante.uy\/#\/schema\/person\/9eabdcdc87fc74d275cc2faf2ce2f732"},"headline":"Uruguay aplicar\u00e1 IVA a las compras online del exterior: as\u00ed impactar\u00e1 el \u00abefecto Temu\u00bb","datePublished":"2025-08-22T13:23:31+00:00","dateModified":"2025-08-22T13:23:32+00:00","mainEntityOfPage":{"@id":"https:\/\/palmerodespachante.uy\/index.php\/2025\/08\/22\/uruguay-aplicara-iva-a-las-compras-online-del-exterior-asi-impactara-el-efecto-temu\/"},"wordCount":333,"commentCount":0,"publisher":{"@id":"https:\/\/palmerodespachante.uy\/#organization"},"image":{"@id":"https:\/\/palmerodespachante.uy\/index.php\/2025\/08\/22\/uruguay-aplicara-iva-a-las-compras-online-del-exterior-asi-impactara-el-efecto-temu\/#primaryimage"},"thumbnailUrl":"https:\/\/palmerodespachante.uy\/wp-content\/uploads\/2025\/08\/COMPRAS-AL-EXTERIOR-2.jpg","articleSection":["Noticias"],"inLanguage":"es","potentialAction":[{"@type":"CommentAction","name":"Comment","target":["https:\/\/palmerodespachante.uy\/index.php\/2025\/08\/22\/uruguay-aplicara-iva-a-las-compras-online-del-exterior-asi-impactara-el-efecto-temu\/#respond"]}]},{"@type":"WebPage","@id":"https:\/\/palmerodespachante.uy\/index.php\/2025\/08\/22\/uruguay-aplicara-iva-a-las-compras-online-del-exterior-asi-impactara-el-efecto-temu\/","url":"https:\/\/palmerodespachante.uy\/index.php\/2025\/08\/22\/uruguay-aplicara-iva-a-las-compras-online-del-exterior-asi-impactara-el-efecto-temu\/","name":"Uruguay aplicar\u00e1 IVA a las compras online del exterior: as\u00ed impactar\u00e1 el \"efecto Temu\" - Palmero Despachante de Aduana","isPartOf":{"@id":"https:\/\/palmerodespachante.uy\/#website"},"primaryImageOfPage":{"@id":"https:\/\/palmerodespachante.uy\/index.php\/2025\/08\/22\/uruguay-aplicara-iva-a-las-compras-online-del-exterior-asi-impactara-el-efecto-temu\/#primaryimage"},"image":{"@id":"https:\/\/palmerodespachante.uy\/index.php\/2025\/08\/22\/uruguay-aplicara-iva-a-las-compras-online-del-exterior-asi-impactara-el-efecto-temu\/#primaryimage"},"thumbnailUrl":"https:\/\/palmerodespachante.uy\/wp-content\/uploads\/2025\/08\/COMPRAS-AL-EXTERIOR-2.jpg","datePublished":"2025-08-22T13:23:31+00:00","dateModified":"2025-08-22T13:23:32+00:00","breadcrumb":{"@id":"https:\/\/palmerodespachante.uy\/index.php\/2025\/08\/22\/uruguay-aplicara-iva-a-las-compras-online-del-exterior-asi-impactara-el-efecto-temu\/#breadcrumb"},"inLanguage":"es","potentialAction":[{"@type":"ReadAction","target":["https:\/\/palmerodespachante.uy\/index.php\/2025\/08\/22\/uruguay-aplicara-iva-a-las-compras-online-del-exterior-asi-impactara-el-efecto-temu\/"]}]},{"@type":"ImageObject","inLanguage":"es","@id":"https:\/\/palmerodespachante.uy\/index.php\/2025\/08\/22\/uruguay-aplicara-iva-a-las-compras-online-del-exterior-asi-impactara-el-efecto-temu\/#primaryimage","url":"https:\/\/palmerodespachante.uy\/wp-content\/uploads\/2025\/08\/COMPRAS-AL-EXTERIOR-2.jpg","contentUrl":"https:\/\/palmerodespachante.uy\/wp-content\/uploads\/2025\/08\/COMPRAS-AL-EXTERIOR-2.jpg","width":769,"height":431},{"@type":"BreadcrumbList","@id":"https:\/\/palmerodespachante.uy\/index.php\/2025\/08\/22\/uruguay-aplicara-iva-a-las-compras-online-del-exterior-asi-impactara-el-efecto-temu\/#breadcrumb","itemListElement":[{"@type":"ListItem","position":1,"name":"Portada","item":"https:\/\/palmerodespachante.uy\/"},{"@type":"ListItem","position":2,"name":"Uruguay aplicar\u00e1 IVA a las compras online del exterior: as\u00ed impactar\u00e1 el \u00abefecto Temu\u00bb"}]},{"@type":"WebSite","@id":"https:\/\/palmerodespachante.uy\/#website","url":"https:\/\/palmerodespachante.uy\/","name":"Palmero Despachante de Aduana","description":"Importaci\u00f3n, Exportaci\u00f3n, Tr\u00e1nsito","publisher":{"@id":"https:\/\/palmerodespachante.uy\/#organization"},"potentialAction":[{"@type":"SearchAction","target":{"@type":"EntryPoint","urlTemplate":"https:\/\/palmerodespachante.uy\/?s={search_term_string}"},"query-input":{"@type":"PropertyValueSpecification","valueRequired":true,"valueName":"search_term_string"}}],"inLanguage":"es"},{"@type":"Organization","@id":"https:\/\/palmerodespachante.uy\/#organization","name":"Palmero Despachante de Aduanas","url":"https:\/\/palmerodespachante.uy\/","logo":{"@type":"ImageObject","inLanguage":"es","@id":"https:\/\/palmerodespachante.uy\/#\/schema\/logo\/image\/","url":"https:\/\/palmerodespachante.uy\/wp-content\/uploads\/2018\/08\/Logo-144.png","contentUrl":"https:\/\/palmerodespachante.uy\/wp-content\/uploads\/2018\/08\/Logo-144.png","width":144,"height":144,"caption":"Palmero Despachante de Aduanas"},"image":{"@id":"https:\/\/palmerodespachante.uy\/#\/schema\/logo\/image\/"},"sameAs":["https:\/\/www.facebook.com\/despachantedeaduana.palmero?hc_ref=ARQPWzEmqFz3O_9qTlrxPP6NW-Vf1b4-iJdwH7XdkuWdfarefzfPyjY7DGBCye4mnJs","https:\/\/www.linkedin.com\/company\/despachante-de-aduana-palmero\/"]},{"@type":"Person","@id":"https:\/\/palmerodespachante.uy\/#\/schema\/person\/9eabdcdc87fc74d275cc2faf2ce2f732","name":"Javier Palmero","image":{"@type":"ImageObject","inLanguage":"es","@id":"https:\/\/palmerodespachante.uy\/wp-content\/litespeed\/avatar\/8e783966089c8fa82b27a6627fb956c2.jpg?ver=1777463218","url":"https:\/\/palmerodespachante.uy\/wp-content\/litespeed\/avatar\/8e783966089c8fa82b27a6627fb956c2.jpg?ver=1777463218","contentUrl":"https:\/\/palmerodespachante.uy\/wp-content\/litespeed\/avatar\/8e783966089c8fa82b27a6627fb956c2.jpg?ver=1777463218","caption":"Javier Palmero"}}]}},"jetpack_featured_media_url":"https:\/\/palmerodespachante.uy\/wp-content\/uploads\/2025\/08\/COMPRAS-AL-EXTERIOR-2.jpg","_links":{"self":[{"href":"https:\/\/palmerodespachante.uy\/index.php\/wp-json\/wp\/v2\/posts\/1533","targetHints":{"allow":["GET"]}}],"collection":[{"href":"https:\/\/palmerodespachante.uy\/index.php\/wp-json\/wp\/v2\/posts"}],"about":[{"href":"https:\/\/palmerodespachante.uy\/index.php\/wp-json\/wp\/v2\/types\/post"}],"author":[{"embeddable":true,"href":"https:\/\/palmerodespachante.uy\/index.php\/wp-json\/wp\/v2\/users\/3"}],"replies":[{"embeddable":true,"href":"https:\/\/palmerodespachante.uy\/index.php\/wp-json\/wp\/v2\/comments?post=1533"}],"version-history":[{"count":1,"href":"https:\/\/palmerodespachante.uy\/index.php\/wp-json\/wp\/v2\/posts\/1533\/revisions"}],"predecessor-version":[{"id":1535,"href":"https:\/\/palmerodespachante.uy\/index.php\/wp-json\/wp\/v2\/posts\/1533\/revisions\/1535"}],"wp:featuredmedia":[{"embeddable":true,"href":"https:\/\/palmerodespachante.uy\/index.php\/wp-json\/wp\/v2\/media\/1534"}],"wp:attachment":[{"href":"https:\/\/palmerodespachante.uy\/index.php\/wp-json\/wp\/v2\/media?parent=1533"}],"wp:term":[{"taxonomy":"category","embeddable":true,"href":"https:\/\/palmerodespachante.uy\/index.php\/wp-json\/wp\/v2\/categories?post=1533"},{"taxonomy":"post_tag","embeddable":true,"href":"https:\/\/palmerodespachante.uy\/index.php\/wp-json\/wp\/v2\/tags?post=1533"}],"curies":[{"name":"wp","href":"https:\/\/api.w.org\/{rel}","templated":true}]}}