{"id":1520,"date":"2025-08-18T09:04:55","date_gmt":"2025-08-18T12:04:55","guid":{"rendered":"https:\/\/palmerodespachante.uy\/?p=1520"},"modified":"2025-08-18T09:04:57","modified_gmt":"2025-08-18T12:04:57","slug":"uruguay-aumento-las-exportaciones-hacia-el-sudeste-asiatico-si-bien-se-mantiene-un-deficit-comercial","status":"publish","type":"post","link":"https:\/\/palmerodespachante.uy\/index.php\/2025\/08\/18\/uruguay-aumento-las-exportaciones-hacia-el-sudeste-asiatico-si-bien-se-mantiene-un-deficit-comercial\/","title":{"rendered":"URUGUAY AUMENT\u00d3 LAS EXPORTACIONES HACIA EL SUDESTE ASI\u00c1TICO, SI BIEN SE MANTIENE UN D\u00c9FICIT COMERCIAL."},"content":{"rendered":"\n<p>El sudeste asi\u00e1tico se consolida como un mercado estrat\u00e9gico para las exportaciones uruguayas. Seg\u00fan el \u00faltimo informe de la Uni\u00f3n de Exportadores del Uruguay, las exportaciones de bienes de 2024 hacia los pa\u00edses de la ASEAN (bloque que re\u00fane a Brun\u00e9i, Camboya, Filipinas, Indonesia, Laos, Malasia, Myanmar, Singapur, Tailandia y Vietnam) alcanzaron US$ 227 millones, un incremento del 8,5% respecto a 2023. El cuero lider\u00f3 las ventas uruguayas hacia esa regi\u00f3n, con un 33% del total exportado, seguido por la madera y sus derivados (23,3%), subproductos c\u00e1rnicos (12,9%) y l\u00e1cteos (11%), seg\u00fan consign\u00f3 un informe de Valor Agr\u00edcola. Tambi\u00e9n se destacaron colocaciones de celulosa (4,3%), soja (3,8%), trigo, pescado, carne bovina, vino y lana, fundamentalmente. (El Pa\u00eds)<\/p>\n","protected":false},"excerpt":{"rendered":"<p>El sudeste asi\u00e1tico se consolida como un mercado estrat\u00e9gico para las exportaciones uruguayas. Seg\u00fan el \u00faltimo informe de la Uni\u00f3n de Exportadores del Uruguay, las exportaciones de bienes de 2024 hacia los pa\u00edses de la ASEAN (bloque que re\u00fane a Brun\u00e9i, Camboya, Filipinas, Indonesia, Laos, Malasia, Myanmar, Singapur, Tailandia y Vietnam) alcanzaron US$ 227 millones, [&hellip;]<\/p>\n","protected":false},"author":3,"featured_media":1521,"comment_status":"open","ping_status":"open","sticky":false,"template":"","format":"standard","meta":{"_joinchat":[],"footnotes":""},"categories":[15],"tags":[],"class_list":{"0":"post-1520","1":"post","2":"type-post","3":"status-publish","4":"format-standard","5":"has-post-thumbnail","7":"category-sin-categoria-es"},"yoast_head":"<!-- This site is optimized with the Yoast SEO plugin v27.5 - https:\/\/yoast.com\/product\/yoast-seo-wordpress\/ -->\n<title>URUGUAY AUMENT\u00d3 LAS EXPORTACIONES HACIA EL SUDESTE ASI\u00c1TICO, SI BIEN SE MANTIENE UN D\u00c9FICIT COMERCIAL. - Palmero Despachante de Aduana<\/title>\n<meta name=\"robots\" content=\"noindex, follow\" \/>\n<meta property=\"og:locale\" content=\"es_ES\" \/>\n<meta property=\"og:type\" content=\"article\" \/>\n<meta property=\"og:title\" content=\"URUGUAY AUMENT\u00d3 LAS EXPORTACIONES HACIA EL SUDESTE ASI\u00c1TICO, SI BIEN SE MANTIENE UN D\u00c9FICIT COMERCIAL. - Palmero Despachante de Aduana\" \/>\n<meta property=\"og:description\" content=\"El sudeste asi\u00e1tico se consolida como un mercado estrat\u00e9gico para las exportaciones uruguayas. Seg\u00fan el \u00faltimo informe de la Uni\u00f3n de Exportadores del Uruguay, las exportaciones de bienes de 2024 hacia los pa\u00edses de la ASEAN (bloque que re\u00fane a Brun\u00e9i, Camboya, Filipinas, Indonesia, Laos, Malasia, Myanmar, Singapur, Tailandia y Vietnam) alcanzaron US$ 227 millones, [&hellip;]\" \/>\n<meta property=\"og:url\" content=\"https:\/\/palmerodespachante.uy\/index.php\/2025\/08\/18\/uruguay-aumento-las-exportaciones-hacia-el-sudeste-asiatico-si-bien-se-mantiene-un-deficit-comercial\/\" \/>\n<meta property=\"og:site_name\" content=\"Palmero Despachante de Aduana\" \/>\n<meta property=\"article:publisher\" content=\"https:\/\/www.facebook.com\/despachantedeaduana.palmero?hc_ref=ARQPWzEmqFz3O_9qTlrxPP6NW-Vf1b4-iJdwH7XdkuWdfarefzfPyjY7DGBCye4mnJs\" \/>\n<meta property=\"article:published_time\" content=\"2025-08-18T12:04:55+00:00\" \/>\n<meta property=\"article:modified_time\" content=\"2025-08-18T12:04:57+00:00\" \/>\n<meta property=\"og:image\" content=\"http:\/\/palmerodespachante.uy\/wp-content\/uploads\/2025\/08\/exportacion-3.jpg\" \/>\n\t<meta property=\"og:image:width\" content=\"840\" \/>\n\t<meta property=\"og:image:height\" content=\"560\" \/>\n\t<meta property=\"og:image:type\" content=\"image\/jpeg\" \/>\n<meta name=\"author\" content=\"Javier Palmero\" \/>\n<meta name=\"twitter:card\" content=\"summary_large_image\" \/>\n<meta name=\"twitter:label1\" content=\"Escrito por\" \/>\n\t<meta name=\"twitter:data1\" content=\"Javier Palmero\" \/>\n\t<meta name=\"twitter:label2\" content=\"Tiempo de lectura\" \/>\n\t<meta name=\"twitter:data2\" content=\"1 minuto\" \/>\n<script type=\"application\/ld+json\" class=\"yoast-schema-graph\">{\"@context\":\"https:\\\/\\\/schema.org\",\"@graph\":[{\"@type\":\"Article\",\"@id\":\"https:\\\/\\\/palmerodespachante.uy\\\/index.php\\\/2025\\\/08\\\/18\\\/uruguay-aumento-las-exportaciones-hacia-el-sudeste-asiatico-si-bien-se-mantiene-un-deficit-comercial\\\/#article\",\"isPartOf\":{\"@id\":\"https:\\\/\\\/palmerodespachante.uy\\\/index.php\\\/2025\\\/08\\\/18\\\/uruguay-aumento-las-exportaciones-hacia-el-sudeste-asiatico-si-bien-se-mantiene-un-deficit-comercial\\\/\"},\"author\":{\"name\":\"Javier Palmero\",\"@id\":\"https:\\\/\\\/palmerodespachante.uy\\\/#\\\/schema\\\/person\\\/9eabdcdc87fc74d275cc2faf2ce2f732\"},\"headline\":\"URUGUAY AUMENT\u00d3 LAS EXPORTACIONES HACIA EL SUDESTE ASI\u00c1TICO, SI BIEN SE MANTIENE UN D\u00c9FICIT COMERCIAL.\",\"datePublished\":\"2025-08-18T12:04:55+00:00\",\"dateModified\":\"2025-08-18T12:04:57+00:00\",\"mainEntityOfPage\":{\"@id\":\"https:\\\/\\\/palmerodespachante.uy\\\/index.php\\\/2025\\\/08\\\/18\\\/uruguay-aumento-las-exportaciones-hacia-el-sudeste-asiatico-si-bien-se-mantiene-un-deficit-comercial\\\/\"},\"wordCount\":138,\"commentCount\":0,\"publisher\":{\"@id\":\"https:\\\/\\\/palmerodespachante.uy\\\/#organization\"},\"image\":{\"@id\":\"https:\\\/\\\/palmerodespachante.uy\\\/index.php\\\/2025\\\/08\\\/18\\\/uruguay-aumento-las-exportaciones-hacia-el-sudeste-asiatico-si-bien-se-mantiene-un-deficit-comercial\\\/#primaryimage\"},\"thumbnailUrl\":\"https:\\\/\\\/palmerodespachante.uy\\\/wp-content\\\/uploads\\\/2025\\\/08\\\/exportacion-3.jpg\",\"inLanguage\":\"es\",\"potentialAction\":[{\"@type\":\"CommentAction\",\"name\":\"Comment\",\"target\":[\"https:\\\/\\\/palmerodespachante.uy\\\/index.php\\\/2025\\\/08\\\/18\\\/uruguay-aumento-las-exportaciones-hacia-el-sudeste-asiatico-si-bien-se-mantiene-un-deficit-comercial\\\/#respond\"]}]},{\"@type\":\"WebPage\",\"@id\":\"https:\\\/\\\/palmerodespachante.uy\\\/index.php\\\/2025\\\/08\\\/18\\\/uruguay-aumento-las-exportaciones-hacia-el-sudeste-asiatico-si-bien-se-mantiene-un-deficit-comercial\\\/\",\"url\":\"https:\\\/\\\/palmerodespachante.uy\\\/index.php\\\/2025\\\/08\\\/18\\\/uruguay-aumento-las-exportaciones-hacia-el-sudeste-asiatico-si-bien-se-mantiene-un-deficit-comercial\\\/\",\"name\":\"URUGUAY AUMENT\u00d3 LAS EXPORTACIONES HACIA EL SUDESTE ASI\u00c1TICO, SI BIEN SE MANTIENE UN D\u00c9FICIT COMERCIAL. - Palmero Despachante de Aduana\",\"isPartOf\":{\"@id\":\"https:\\\/\\\/palmerodespachante.uy\\\/#website\"},\"primaryImageOfPage\":{\"@id\":\"https:\\\/\\\/palmerodespachante.uy\\\/index.php\\\/2025\\\/08\\\/18\\\/uruguay-aumento-las-exportaciones-hacia-el-sudeste-asiatico-si-bien-se-mantiene-un-deficit-comercial\\\/#primaryimage\"},\"image\":{\"@id\":\"https:\\\/\\\/palmerodespachante.uy\\\/index.php\\\/2025\\\/08\\\/18\\\/uruguay-aumento-las-exportaciones-hacia-el-sudeste-asiatico-si-bien-se-mantiene-un-deficit-comercial\\\/#primaryimage\"},\"thumbnailUrl\":\"https:\\\/\\\/palmerodespachante.uy\\\/wp-content\\\/uploads\\\/2025\\\/08\\\/exportacion-3.jpg\",\"datePublished\":\"2025-08-18T12:04:55+00:00\",\"dateModified\":\"2025-08-18T12:04:57+00:00\",\"breadcrumb\":{\"@id\":\"https:\\\/\\\/palmerodespachante.uy\\\/index.php\\\/2025\\\/08\\\/18\\\/uruguay-aumento-las-exportaciones-hacia-el-sudeste-asiatico-si-bien-se-mantiene-un-deficit-comercial\\\/#breadcrumb\"},\"inLanguage\":\"es\",\"potentialAction\":[{\"@type\":\"ReadAction\",\"target\":[\"https:\\\/\\\/palmerodespachante.uy\\\/index.php\\\/2025\\\/08\\\/18\\\/uruguay-aumento-las-exportaciones-hacia-el-sudeste-asiatico-si-bien-se-mantiene-un-deficit-comercial\\\/\"]}]},{\"@type\":\"ImageObject\",\"inLanguage\":\"es\",\"@id\":\"https:\\\/\\\/palmerodespachante.uy\\\/index.php\\\/2025\\\/08\\\/18\\\/uruguay-aumento-las-exportaciones-hacia-el-sudeste-asiatico-si-bien-se-mantiene-un-deficit-comercial\\\/#primaryimage\",\"url\":\"https:\\\/\\\/palmerodespachante.uy\\\/wp-content\\\/uploads\\\/2025\\\/08\\\/exportacion-3.jpg\",\"contentUrl\":\"https:\\\/\\\/palmerodespachante.uy\\\/wp-content\\\/uploads\\\/2025\\\/08\\\/exportacion-3.jpg\",\"width\":840,\"height\":560},{\"@type\":\"BreadcrumbList\",\"@id\":\"https:\\\/\\\/palmerodespachante.uy\\\/index.php\\\/2025\\\/08\\\/18\\\/uruguay-aumento-las-exportaciones-hacia-el-sudeste-asiatico-si-bien-se-mantiene-un-deficit-comercial\\\/#breadcrumb\",\"itemListElement\":[{\"@type\":\"ListItem\",\"position\":1,\"name\":\"Portada\",\"item\":\"https:\\\/\\\/palmerodespachante.uy\\\/\"},{\"@type\":\"ListItem\",\"position\":2,\"name\":\"URUGUAY AUMENT\u00d3 LAS EXPORTACIONES HACIA EL SUDESTE ASI\u00c1TICO, SI BIEN SE MANTIENE UN D\u00c9FICIT COMERCIAL.\"}]},{\"@type\":\"WebSite\",\"@id\":\"https:\\\/\\\/palmerodespachante.uy\\\/#website\",\"url\":\"https:\\\/\\\/palmerodespachante.uy\\\/\",\"name\":\"Palmero Despachante de Aduana\",\"description\":\"Importaci\u00f3n, Exportaci\u00f3n, Tr\u00e1nsito\",\"publisher\":{\"@id\":\"https:\\\/\\\/palmerodespachante.uy\\\/#organization\"},\"potentialAction\":[{\"@type\":\"SearchAction\",\"target\":{\"@type\":\"EntryPoint\",\"urlTemplate\":\"https:\\\/\\\/palmerodespachante.uy\\\/?s={search_term_string}\"},\"query-input\":{\"@type\":\"PropertyValueSpecification\",\"valueRequired\":true,\"valueName\":\"search_term_string\"}}],\"inLanguage\":\"es\"},{\"@type\":\"Organization\",\"@id\":\"https:\\\/\\\/palmerodespachante.uy\\\/#organization\",\"name\":\"Palmero Despachante de Aduanas\",\"url\":\"https:\\\/\\\/palmerodespachante.uy\\\/\",\"logo\":{\"@type\":\"ImageObject\",\"inLanguage\":\"es\",\"@id\":\"https:\\\/\\\/palmerodespachante.uy\\\/#\\\/schema\\\/logo\\\/image\\\/\",\"url\":\"https:\\\/\\\/palmerodespachante.uy\\\/wp-content\\\/uploads\\\/2018\\\/08\\\/Logo-144.png\",\"contentUrl\":\"https:\\\/\\\/palmerodespachante.uy\\\/wp-content\\\/uploads\\\/2018\\\/08\\\/Logo-144.png\",\"width\":144,\"height\":144,\"caption\":\"Palmero Despachante de Aduanas\"},\"image\":{\"@id\":\"https:\\\/\\\/palmerodespachante.uy\\\/#\\\/schema\\\/logo\\\/image\\\/\"},\"sameAs\":[\"https:\\\/\\\/www.facebook.com\\\/despachantedeaduana.palmero?hc_ref=ARQPWzEmqFz3O_9qTlrxPP6NW-Vf1b4-iJdwH7XdkuWdfarefzfPyjY7DGBCye4mnJs\",\"https:\\\/\\\/www.linkedin.com\\\/company\\\/despachante-de-aduana-palmero\\\/\"]},{\"@type\":\"Person\",\"@id\":\"https:\\\/\\\/palmerodespachante.uy\\\/#\\\/schema\\\/person\\\/9eabdcdc87fc74d275cc2faf2ce2f732\",\"name\":\"Javier Palmero\",\"image\":{\"@type\":\"ImageObject\",\"inLanguage\":\"es\",\"@id\":\"https:\\\/\\\/palmerodespachante.uy\\\/wp-content\\\/litespeed\\\/avatar\\\/8e783966089c8fa82b27a6627fb956c2.jpg?ver=1777463218\",\"url\":\"https:\\\/\\\/palmerodespachante.uy\\\/wp-content\\\/litespeed\\\/avatar\\\/8e783966089c8fa82b27a6627fb956c2.jpg?ver=1777463218\",\"contentUrl\":\"https:\\\/\\\/palmerodespachante.uy\\\/wp-content\\\/litespeed\\\/avatar\\\/8e783966089c8fa82b27a6627fb956c2.jpg?ver=1777463218\",\"caption\":\"Javier Palmero\"}}]}<\/script>\n<!-- \/ Yoast SEO plugin. -->","yoast_head_json":{"title":"URUGUAY AUMENT\u00d3 LAS EXPORTACIONES HACIA EL SUDESTE ASI\u00c1TICO, SI BIEN SE MANTIENE UN D\u00c9FICIT COMERCIAL. - Palmero Despachante de Aduana","robots":{"index":"noindex","follow":"follow"},"og_locale":"es_ES","og_type":"article","og_title":"URUGUAY AUMENT\u00d3 LAS EXPORTACIONES HACIA EL SUDESTE ASI\u00c1TICO, SI BIEN SE MANTIENE UN D\u00c9FICIT COMERCIAL. - Palmero Despachante de Aduana","og_description":"El sudeste asi\u00e1tico se consolida como un mercado estrat\u00e9gico para las exportaciones uruguayas. Seg\u00fan el \u00faltimo informe de la Uni\u00f3n de Exportadores del Uruguay, las exportaciones de bienes de 2024 hacia los pa\u00edses de la ASEAN (bloque que re\u00fane a Brun\u00e9i, Camboya, Filipinas, Indonesia, Laos, Malasia, Myanmar, Singapur, Tailandia y Vietnam) alcanzaron US$ 227 millones, [&hellip;]","og_url":"https:\/\/palmerodespachante.uy\/index.php\/2025\/08\/18\/uruguay-aumento-las-exportaciones-hacia-el-sudeste-asiatico-si-bien-se-mantiene-un-deficit-comercial\/","og_site_name":"Palmero Despachante de Aduana","article_publisher":"https:\/\/www.facebook.com\/despachantedeaduana.palmero?hc_ref=ARQPWzEmqFz3O_9qTlrxPP6NW-Vf1b4-iJdwH7XdkuWdfarefzfPyjY7DGBCye4mnJs","article_published_time":"2025-08-18T12:04:55+00:00","article_modified_time":"2025-08-18T12:04:57+00:00","og_image":[{"width":840,"height":560,"url":"http:\/\/palmerodespachante.uy\/wp-content\/uploads\/2025\/08\/exportacion-3.jpg","type":"image\/jpeg"}],"author":"Javier Palmero","twitter_card":"summary_large_image","twitter_misc":{"Escrito por":"Javier Palmero","Tiempo de lectura":"1 minuto"},"schema":{"@context":"https:\/\/schema.org","@graph":[{"@type":"Article","@id":"https:\/\/palmerodespachante.uy\/index.php\/2025\/08\/18\/uruguay-aumento-las-exportaciones-hacia-el-sudeste-asiatico-si-bien-se-mantiene-un-deficit-comercial\/#article","isPartOf":{"@id":"https:\/\/palmerodespachante.uy\/index.php\/2025\/08\/18\/uruguay-aumento-las-exportaciones-hacia-el-sudeste-asiatico-si-bien-se-mantiene-un-deficit-comercial\/"},"author":{"name":"Javier Palmero","@id":"https:\/\/palmerodespachante.uy\/#\/schema\/person\/9eabdcdc87fc74d275cc2faf2ce2f732"},"headline":"URUGUAY AUMENT\u00d3 LAS EXPORTACIONES HACIA EL SUDESTE ASI\u00c1TICO, SI BIEN SE MANTIENE UN D\u00c9FICIT COMERCIAL.","datePublished":"2025-08-18T12:04:55+00:00","dateModified":"2025-08-18T12:04:57+00:00","mainEntityOfPage":{"@id":"https:\/\/palmerodespachante.uy\/index.php\/2025\/08\/18\/uruguay-aumento-las-exportaciones-hacia-el-sudeste-asiatico-si-bien-se-mantiene-un-deficit-comercial\/"},"wordCount":138,"commentCount":0,"publisher":{"@id":"https:\/\/palmerodespachante.uy\/#organization"},"image":{"@id":"https:\/\/palmerodespachante.uy\/index.php\/2025\/08\/18\/uruguay-aumento-las-exportaciones-hacia-el-sudeste-asiatico-si-bien-se-mantiene-un-deficit-comercial\/#primaryimage"},"thumbnailUrl":"https:\/\/palmerodespachante.uy\/wp-content\/uploads\/2025\/08\/exportacion-3.jpg","inLanguage":"es","potentialAction":[{"@type":"CommentAction","name":"Comment","target":["https:\/\/palmerodespachante.uy\/index.php\/2025\/08\/18\/uruguay-aumento-las-exportaciones-hacia-el-sudeste-asiatico-si-bien-se-mantiene-un-deficit-comercial\/#respond"]}]},{"@type":"WebPage","@id":"https:\/\/palmerodespachante.uy\/index.php\/2025\/08\/18\/uruguay-aumento-las-exportaciones-hacia-el-sudeste-asiatico-si-bien-se-mantiene-un-deficit-comercial\/","url":"https:\/\/palmerodespachante.uy\/index.php\/2025\/08\/18\/uruguay-aumento-las-exportaciones-hacia-el-sudeste-asiatico-si-bien-se-mantiene-un-deficit-comercial\/","name":"URUGUAY AUMENT\u00d3 LAS EXPORTACIONES HACIA EL SUDESTE ASI\u00c1TICO, SI BIEN SE MANTIENE UN D\u00c9FICIT COMERCIAL. - Palmero Despachante de Aduana","isPartOf":{"@id":"https:\/\/palmerodespachante.uy\/#website"},"primaryImageOfPage":{"@id":"https:\/\/palmerodespachante.uy\/index.php\/2025\/08\/18\/uruguay-aumento-las-exportaciones-hacia-el-sudeste-asiatico-si-bien-se-mantiene-un-deficit-comercial\/#primaryimage"},"image":{"@id":"https:\/\/palmerodespachante.uy\/index.php\/2025\/08\/18\/uruguay-aumento-las-exportaciones-hacia-el-sudeste-asiatico-si-bien-se-mantiene-un-deficit-comercial\/#primaryimage"},"thumbnailUrl":"https:\/\/palmerodespachante.uy\/wp-content\/uploads\/2025\/08\/exportacion-3.jpg","datePublished":"2025-08-18T12:04:55+00:00","dateModified":"2025-08-18T12:04:57+00:00","breadcrumb":{"@id":"https:\/\/palmerodespachante.uy\/index.php\/2025\/08\/18\/uruguay-aumento-las-exportaciones-hacia-el-sudeste-asiatico-si-bien-se-mantiene-un-deficit-comercial\/#breadcrumb"},"inLanguage":"es","potentialAction":[{"@type":"ReadAction","target":["https:\/\/palmerodespachante.uy\/index.php\/2025\/08\/18\/uruguay-aumento-las-exportaciones-hacia-el-sudeste-asiatico-si-bien-se-mantiene-un-deficit-comercial\/"]}]},{"@type":"ImageObject","inLanguage":"es","@id":"https:\/\/palmerodespachante.uy\/index.php\/2025\/08\/18\/uruguay-aumento-las-exportaciones-hacia-el-sudeste-asiatico-si-bien-se-mantiene-un-deficit-comercial\/#primaryimage","url":"https:\/\/palmerodespachante.uy\/wp-content\/uploads\/2025\/08\/exportacion-3.jpg","contentUrl":"https:\/\/palmerodespachante.uy\/wp-content\/uploads\/2025\/08\/exportacion-3.jpg","width":840,"height":560},{"@type":"BreadcrumbList","@id":"https:\/\/palmerodespachante.uy\/index.php\/2025\/08\/18\/uruguay-aumento-las-exportaciones-hacia-el-sudeste-asiatico-si-bien-se-mantiene-un-deficit-comercial\/#breadcrumb","itemListElement":[{"@type":"ListItem","position":1,"name":"Portada","item":"https:\/\/palmerodespachante.uy\/"},{"@type":"ListItem","position":2,"name":"URUGUAY AUMENT\u00d3 LAS EXPORTACIONES HACIA EL SUDESTE ASI\u00c1TICO, SI BIEN SE MANTIENE UN D\u00c9FICIT COMERCIAL."}]},{"@type":"WebSite","@id":"https:\/\/palmerodespachante.uy\/#website","url":"https:\/\/palmerodespachante.uy\/","name":"Palmero Despachante de Aduana","description":"Importaci\u00f3n, Exportaci\u00f3n, Tr\u00e1nsito","publisher":{"@id":"https:\/\/palmerodespachante.uy\/#organization"},"potentialAction":[{"@type":"SearchAction","target":{"@type":"EntryPoint","urlTemplate":"https:\/\/palmerodespachante.uy\/?s={search_term_string}"},"query-input":{"@type":"PropertyValueSpecification","valueRequired":true,"valueName":"search_term_string"}}],"inLanguage":"es"},{"@type":"Organization","@id":"https:\/\/palmerodespachante.uy\/#organization","name":"Palmero Despachante de Aduanas","url":"https:\/\/palmerodespachante.uy\/","logo":{"@type":"ImageObject","inLanguage":"es","@id":"https:\/\/palmerodespachante.uy\/#\/schema\/logo\/image\/","url":"https:\/\/palmerodespachante.uy\/wp-content\/uploads\/2018\/08\/Logo-144.png","contentUrl":"https:\/\/palmerodespachante.uy\/wp-content\/uploads\/2018\/08\/Logo-144.png","width":144,"height":144,"caption":"Palmero Despachante de Aduanas"},"image":{"@id":"https:\/\/palmerodespachante.uy\/#\/schema\/logo\/image\/"},"sameAs":["https:\/\/www.facebook.com\/despachantedeaduana.palmero?hc_ref=ARQPWzEmqFz3O_9qTlrxPP6NW-Vf1b4-iJdwH7XdkuWdfarefzfPyjY7DGBCye4mnJs","https:\/\/www.linkedin.com\/company\/despachante-de-aduana-palmero\/"]},{"@type":"Person","@id":"https:\/\/palmerodespachante.uy\/#\/schema\/person\/9eabdcdc87fc74d275cc2faf2ce2f732","name":"Javier Palmero","image":{"@type":"ImageObject","inLanguage":"es","@id":"https:\/\/palmerodespachante.uy\/wp-content\/litespeed\/avatar\/8e783966089c8fa82b27a6627fb956c2.jpg?ver=1777463218","url":"https:\/\/palmerodespachante.uy\/wp-content\/litespeed\/avatar\/8e783966089c8fa82b27a6627fb956c2.jpg?ver=1777463218","contentUrl":"https:\/\/palmerodespachante.uy\/wp-content\/litespeed\/avatar\/8e783966089c8fa82b27a6627fb956c2.jpg?ver=1777463218","caption":"Javier Palmero"}}]}},"jetpack_featured_media_url":"https:\/\/palmerodespachante.uy\/wp-content\/uploads\/2025\/08\/exportacion-3.jpg","_links":{"self":[{"href":"https:\/\/palmerodespachante.uy\/index.php\/wp-json\/wp\/v2\/posts\/1520","targetHints":{"allow":["GET"]}}],"collection":[{"href":"https:\/\/palmerodespachante.uy\/index.php\/wp-json\/wp\/v2\/posts"}],"about":[{"href":"https:\/\/palmerodespachante.uy\/index.php\/wp-json\/wp\/v2\/types\/post"}],"author":[{"embeddable":true,"href":"https:\/\/palmerodespachante.uy\/index.php\/wp-json\/wp\/v2\/users\/3"}],"replies":[{"embeddable":true,"href":"https:\/\/palmerodespachante.uy\/index.php\/wp-json\/wp\/v2\/comments?post=1520"}],"version-history":[{"count":1,"href":"https:\/\/palmerodespachante.uy\/index.php\/wp-json\/wp\/v2\/posts\/1520\/revisions"}],"predecessor-version":[{"id":1522,"href":"https:\/\/palmerodespachante.uy\/index.php\/wp-json\/wp\/v2\/posts\/1520\/revisions\/1522"}],"wp:featuredmedia":[{"embeddable":true,"href":"https:\/\/palmerodespachante.uy\/index.php\/wp-json\/wp\/v2\/media\/1521"}],"wp:attachment":[{"href":"https:\/\/palmerodespachante.uy\/index.php\/wp-json\/wp\/v2\/media?parent=1520"}],"wp:term":[{"taxonomy":"category","embeddable":true,"href":"https:\/\/palmerodespachante.uy\/index.php\/wp-json\/wp\/v2\/categories?post=1520"},{"taxonomy":"post_tag","embeddable":true,"href":"https:\/\/palmerodespachante.uy\/index.php\/wp-json\/wp\/v2\/tags?post=1520"}],"curies":[{"name":"wp","href":"https:\/\/api.w.org\/{rel}","templated":true}]}}