{"id":1507,"date":"2025-08-05T11:54:21","date_gmt":"2025-08-05T14:54:21","guid":{"rendered":"https:\/\/palmerodespachante.uy\/?p=1507"},"modified":"2025-08-05T11:54:22","modified_gmt":"2025-08-05T14:54:22","slug":"paraguay-y-uruguay-avanzan-en-transito-de-barcazas","status":"publish","type":"post","link":"https:\/\/palmerodespachante.uy\/index.php\/2025\/08\/05\/paraguay-y-uruguay-avanzan-en-transito-de-barcazas\/","title":{"rendered":"Paraguay y Uruguay avanzan en tr\u00e1nsito de barcazas"},"content":{"rendered":"\n<p>El Centro de Armadores Fluviales y Mar\u00edtimos (Cafym) de Paraguay, la Administraci\u00f3n Nacional de Puertos (ANP) de Uruguay, el Centro de Navegaci\u00f3n (Cennave) y el Instituto Nacional de Log\u00edstica (Inalog) se reunieron para fortalecer la competitividad del tr\u00e1nsito de barcazas paraguayas por el puerto de Montevideo.<\/p>\n\n\n\n<p>En la reuni\u00f3n se abordaron temas clave como la ampliaci\u00f3n de zonas de fondeo, costos de escala, demanda de carga contenerizada y procedimientos de escaneo. La ANP inform\u00f3 sobre su intenci\u00f3n de ampliar las zonas de fondeo; y destac\u00f3 las tarifas especiales vigentes para fomentar la operativa de barcazas paraguayas en puertos uruguayos.<\/p>\n\n\n\n<p>El vicepresidente de la ANP, Constante Mendiondo, detall\u00f3 las condiciones actuales de fondeo en Montevideo; y se intercambiaron perspectivas sobre nuevas oportunidades comerciales vinculadas al transporte de combustibles, productos forestales y la operaci\u00f3n de contenedores.<\/p>\n\n\n\n<p>Se prev\u00e9 una pr\u00f3xima reuni\u00f3n a finales de agosto, que contar\u00e1 con la presencia del presidente de la ANP, Pablo Genta, y el equipo del \u00c1rea de Comercializaci\u00f3n. El objetivo ser\u00e1 evaluar la viabilidad de las propuestas; y tambi\u00e9n los avances para impulsar el desarrollo de transbordos en los puertos uruguayos.<\/p>\n\n\n\n<hr class=\"wp-block-separator has-alpha-channel-opacity\"\/>\n\n\n\n<p><strong><em>TodologisticaNEWS:&nbsp;<\/em><\/strong><\/p>\n","protected":false},"excerpt":{"rendered":"<p>El Centro de Armadores Fluviales y Mar\u00edtimos (Cafym) de Paraguay, la Administraci\u00f3n Nacional de Puertos (ANP) de Uruguay, el Centro de Navegaci\u00f3n (Cennave) y el Instituto Nacional de Log\u00edstica (Inalog) se reunieron para fortalecer la competitividad del tr\u00e1nsito de barcazas paraguayas por el puerto de Montevideo. En la reuni\u00f3n se abordaron temas clave como la [&hellip;]<\/p>\n","protected":false},"author":3,"featured_media":1508,"comment_status":"open","ping_status":"open","sticky":false,"template":"","format":"standard","meta":{"_joinchat":[],"footnotes":""},"categories":[37],"tags":[],"class_list":{"0":"post-1507","1":"post","2":"type-post","3":"status-publish","4":"format-standard","5":"has-post-thumbnail","7":"category-noticias"},"yoast_head":"<!-- This site is optimized with the Yoast SEO plugin v27.5 - https:\/\/yoast.com\/product\/yoast-seo-wordpress\/ -->\n<title>Paraguay y Uruguay avanzan en tr\u00e1nsito de barcazas - Palmero Despachante de Aduana<\/title>\n<meta name=\"robots\" content=\"noindex, follow\" \/>\n<meta property=\"og:locale\" content=\"es_ES\" \/>\n<meta property=\"og:type\" content=\"article\" \/>\n<meta property=\"og:title\" content=\"Paraguay y Uruguay avanzan en tr\u00e1nsito de barcazas - Palmero Despachante de Aduana\" \/>\n<meta property=\"og:description\" content=\"El Centro de Armadores Fluviales y Mar\u00edtimos (Cafym) de Paraguay, la Administraci\u00f3n Nacional de Puertos (ANP) de Uruguay, el Centro de Navegaci\u00f3n (Cennave) y el Instituto Nacional de Log\u00edstica (Inalog) se reunieron para fortalecer la competitividad del tr\u00e1nsito de barcazas paraguayas por el puerto de Montevideo. En la reuni\u00f3n se abordaron temas clave como la [&hellip;]\" \/>\n<meta property=\"og:url\" content=\"https:\/\/palmerodespachante.uy\/index.php\/2025\/08\/05\/paraguay-y-uruguay-avanzan-en-transito-de-barcazas\/\" \/>\n<meta property=\"og:site_name\" content=\"Palmero Despachante de Aduana\" \/>\n<meta property=\"article:publisher\" content=\"https:\/\/www.facebook.com\/despachantedeaduana.palmero?hc_ref=ARQPWzEmqFz3O_9qTlrxPP6NW-Vf1b4-iJdwH7XdkuWdfarefzfPyjY7DGBCye4mnJs\" \/>\n<meta property=\"article:published_time\" content=\"2025-08-05T14:54:21+00:00\" \/>\n<meta property=\"article:modified_time\" content=\"2025-08-05T14:54:22+00:00\" \/>\n<meta property=\"og:image\" content=\"http:\/\/palmerodespachante.uy\/wp-content\/uploads\/2025\/08\/ANP.jpg\" \/>\n\t<meta property=\"og:image:width\" content=\"768\" \/>\n\t<meta property=\"og:image:height\" content=\"366\" \/>\n\t<meta property=\"og:image:type\" content=\"image\/jpeg\" \/>\n<meta name=\"author\" content=\"Javier Palmero\" \/>\n<meta name=\"twitter:card\" content=\"summary_large_image\" \/>\n<meta name=\"twitter:label1\" content=\"Escrito por\" \/>\n\t<meta name=\"twitter:data1\" content=\"Javier Palmero\" \/>\n\t<meta name=\"twitter:label2\" content=\"Tiempo de lectura\" \/>\n\t<meta name=\"twitter:data2\" content=\"2 minutos\" \/>\n<script type=\"application\/ld+json\" class=\"yoast-schema-graph\">{\"@context\":\"https:\\\/\\\/schema.org\",\"@graph\":[{\"@type\":\"Article\",\"@id\":\"https:\\\/\\\/palmerodespachante.uy\\\/index.php\\\/2025\\\/08\\\/05\\\/paraguay-y-uruguay-avanzan-en-transito-de-barcazas\\\/#article\",\"isPartOf\":{\"@id\":\"https:\\\/\\\/palmerodespachante.uy\\\/index.php\\\/2025\\\/08\\\/05\\\/paraguay-y-uruguay-avanzan-en-transito-de-barcazas\\\/\"},\"author\":{\"name\":\"Javier Palmero\",\"@id\":\"https:\\\/\\\/palmerodespachante.uy\\\/#\\\/schema\\\/person\\\/9eabdcdc87fc74d275cc2faf2ce2f732\"},\"headline\":\"Paraguay y Uruguay avanzan en tr\u00e1nsito de barcazas\",\"datePublished\":\"2025-08-05T14:54:21+00:00\",\"dateModified\":\"2025-08-05T14:54:22+00:00\",\"mainEntityOfPage\":{\"@id\":\"https:\\\/\\\/palmerodespachante.uy\\\/index.php\\\/2025\\\/08\\\/05\\\/paraguay-y-uruguay-avanzan-en-transito-de-barcazas\\\/\"},\"wordCount\":209,\"commentCount\":0,\"publisher\":{\"@id\":\"https:\\\/\\\/palmerodespachante.uy\\\/#organization\"},\"image\":{\"@id\":\"https:\\\/\\\/palmerodespachante.uy\\\/index.php\\\/2025\\\/08\\\/05\\\/paraguay-y-uruguay-avanzan-en-transito-de-barcazas\\\/#primaryimage\"},\"thumbnailUrl\":\"https:\\\/\\\/palmerodespachante.uy\\\/wp-content\\\/uploads\\\/2025\\\/08\\\/ANP.jpg\",\"articleSection\":[\"Noticias\"],\"inLanguage\":\"es\",\"potentialAction\":[{\"@type\":\"CommentAction\",\"name\":\"Comment\",\"target\":[\"https:\\\/\\\/palmerodespachante.uy\\\/index.php\\\/2025\\\/08\\\/05\\\/paraguay-y-uruguay-avanzan-en-transito-de-barcazas\\\/#respond\"]}]},{\"@type\":\"WebPage\",\"@id\":\"https:\\\/\\\/palmerodespachante.uy\\\/index.php\\\/2025\\\/08\\\/05\\\/paraguay-y-uruguay-avanzan-en-transito-de-barcazas\\\/\",\"url\":\"https:\\\/\\\/palmerodespachante.uy\\\/index.php\\\/2025\\\/08\\\/05\\\/paraguay-y-uruguay-avanzan-en-transito-de-barcazas\\\/\",\"name\":\"Paraguay y Uruguay avanzan en tr\u00e1nsito de barcazas - Palmero Despachante de Aduana\",\"isPartOf\":{\"@id\":\"https:\\\/\\\/palmerodespachante.uy\\\/#website\"},\"primaryImageOfPage\":{\"@id\":\"https:\\\/\\\/palmerodespachante.uy\\\/index.php\\\/2025\\\/08\\\/05\\\/paraguay-y-uruguay-avanzan-en-transito-de-barcazas\\\/#primaryimage\"},\"image\":{\"@id\":\"https:\\\/\\\/palmerodespachante.uy\\\/index.php\\\/2025\\\/08\\\/05\\\/paraguay-y-uruguay-avanzan-en-transito-de-barcazas\\\/#primaryimage\"},\"thumbnailUrl\":\"https:\\\/\\\/palmerodespachante.uy\\\/wp-content\\\/uploads\\\/2025\\\/08\\\/ANP.jpg\",\"datePublished\":\"2025-08-05T14:54:21+00:00\",\"dateModified\":\"2025-08-05T14:54:22+00:00\",\"breadcrumb\":{\"@id\":\"https:\\\/\\\/palmerodespachante.uy\\\/index.php\\\/2025\\\/08\\\/05\\\/paraguay-y-uruguay-avanzan-en-transito-de-barcazas\\\/#breadcrumb\"},\"inLanguage\":\"es\",\"potentialAction\":[{\"@type\":\"ReadAction\",\"target\":[\"https:\\\/\\\/palmerodespachante.uy\\\/index.php\\\/2025\\\/08\\\/05\\\/paraguay-y-uruguay-avanzan-en-transito-de-barcazas\\\/\"]}]},{\"@type\":\"ImageObject\",\"inLanguage\":\"es\",\"@id\":\"https:\\\/\\\/palmerodespachante.uy\\\/index.php\\\/2025\\\/08\\\/05\\\/paraguay-y-uruguay-avanzan-en-transito-de-barcazas\\\/#primaryimage\",\"url\":\"https:\\\/\\\/palmerodespachante.uy\\\/wp-content\\\/uploads\\\/2025\\\/08\\\/ANP.jpg\",\"contentUrl\":\"https:\\\/\\\/palmerodespachante.uy\\\/wp-content\\\/uploads\\\/2025\\\/08\\\/ANP.jpg\",\"width\":768,\"height\":366},{\"@type\":\"BreadcrumbList\",\"@id\":\"https:\\\/\\\/palmerodespachante.uy\\\/index.php\\\/2025\\\/08\\\/05\\\/paraguay-y-uruguay-avanzan-en-transito-de-barcazas\\\/#breadcrumb\",\"itemListElement\":[{\"@type\":\"ListItem\",\"position\":1,\"name\":\"Portada\",\"item\":\"https:\\\/\\\/palmerodespachante.uy\\\/\"},{\"@type\":\"ListItem\",\"position\":2,\"name\":\"Paraguay y Uruguay avanzan en tr\u00e1nsito de barcazas\"}]},{\"@type\":\"WebSite\",\"@id\":\"https:\\\/\\\/palmerodespachante.uy\\\/#website\",\"url\":\"https:\\\/\\\/palmerodespachante.uy\\\/\",\"name\":\"Palmero Despachante de Aduana\",\"description\":\"Importaci\u00f3n, Exportaci\u00f3n, Tr\u00e1nsito\",\"publisher\":{\"@id\":\"https:\\\/\\\/palmerodespachante.uy\\\/#organization\"},\"potentialAction\":[{\"@type\":\"SearchAction\",\"target\":{\"@type\":\"EntryPoint\",\"urlTemplate\":\"https:\\\/\\\/palmerodespachante.uy\\\/?s={search_term_string}\"},\"query-input\":{\"@type\":\"PropertyValueSpecification\",\"valueRequired\":true,\"valueName\":\"search_term_string\"}}],\"inLanguage\":\"es\"},{\"@type\":\"Organization\",\"@id\":\"https:\\\/\\\/palmerodespachante.uy\\\/#organization\",\"name\":\"Palmero Despachante de Aduanas\",\"url\":\"https:\\\/\\\/palmerodespachante.uy\\\/\",\"logo\":{\"@type\":\"ImageObject\",\"inLanguage\":\"es\",\"@id\":\"https:\\\/\\\/palmerodespachante.uy\\\/#\\\/schema\\\/logo\\\/image\\\/\",\"url\":\"https:\\\/\\\/palmerodespachante.uy\\\/wp-content\\\/uploads\\\/2018\\\/08\\\/Logo-144.png\",\"contentUrl\":\"https:\\\/\\\/palmerodespachante.uy\\\/wp-content\\\/uploads\\\/2018\\\/08\\\/Logo-144.png\",\"width\":144,\"height\":144,\"caption\":\"Palmero Despachante de Aduanas\"},\"image\":{\"@id\":\"https:\\\/\\\/palmerodespachante.uy\\\/#\\\/schema\\\/logo\\\/image\\\/\"},\"sameAs\":[\"https:\\\/\\\/www.facebook.com\\\/despachantedeaduana.palmero?hc_ref=ARQPWzEmqFz3O_9qTlrxPP6NW-Vf1b4-iJdwH7XdkuWdfarefzfPyjY7DGBCye4mnJs\",\"https:\\\/\\\/www.linkedin.com\\\/company\\\/despachante-de-aduana-palmero\\\/\"]},{\"@type\":\"Person\",\"@id\":\"https:\\\/\\\/palmerodespachante.uy\\\/#\\\/schema\\\/person\\\/9eabdcdc87fc74d275cc2faf2ce2f732\",\"name\":\"Javier Palmero\",\"image\":{\"@type\":\"ImageObject\",\"inLanguage\":\"es\",\"@id\":\"https:\\\/\\\/palmerodespachante.uy\\\/wp-content\\\/litespeed\\\/avatar\\\/8e783966089c8fa82b27a6627fb956c2.jpg?ver=1777463218\",\"url\":\"https:\\\/\\\/palmerodespachante.uy\\\/wp-content\\\/litespeed\\\/avatar\\\/8e783966089c8fa82b27a6627fb956c2.jpg?ver=1777463218\",\"contentUrl\":\"https:\\\/\\\/palmerodespachante.uy\\\/wp-content\\\/litespeed\\\/avatar\\\/8e783966089c8fa82b27a6627fb956c2.jpg?ver=1777463218\",\"caption\":\"Javier Palmero\"}}]}<\/script>\n<!-- \/ Yoast SEO plugin. -->","yoast_head_json":{"title":"Paraguay y Uruguay avanzan en tr\u00e1nsito de barcazas - Palmero Despachante de Aduana","robots":{"index":"noindex","follow":"follow"},"og_locale":"es_ES","og_type":"article","og_title":"Paraguay y Uruguay avanzan en tr\u00e1nsito de barcazas - Palmero Despachante de Aduana","og_description":"El Centro de Armadores Fluviales y Mar\u00edtimos (Cafym) de Paraguay, la Administraci\u00f3n Nacional de Puertos (ANP) de Uruguay, el Centro de Navegaci\u00f3n (Cennave) y el Instituto Nacional de Log\u00edstica (Inalog) se reunieron para fortalecer la competitividad del tr\u00e1nsito de barcazas paraguayas por el puerto de Montevideo. En la reuni\u00f3n se abordaron temas clave como la [&hellip;]","og_url":"https:\/\/palmerodespachante.uy\/index.php\/2025\/08\/05\/paraguay-y-uruguay-avanzan-en-transito-de-barcazas\/","og_site_name":"Palmero Despachante de Aduana","article_publisher":"https:\/\/www.facebook.com\/despachantedeaduana.palmero?hc_ref=ARQPWzEmqFz3O_9qTlrxPP6NW-Vf1b4-iJdwH7XdkuWdfarefzfPyjY7DGBCye4mnJs","article_published_time":"2025-08-05T14:54:21+00:00","article_modified_time":"2025-08-05T14:54:22+00:00","og_image":[{"width":768,"height":366,"url":"http:\/\/palmerodespachante.uy\/wp-content\/uploads\/2025\/08\/ANP.jpg","type":"image\/jpeg"}],"author":"Javier Palmero","twitter_card":"summary_large_image","twitter_misc":{"Escrito por":"Javier Palmero","Tiempo de lectura":"2 minutos"},"schema":{"@context":"https:\/\/schema.org","@graph":[{"@type":"Article","@id":"https:\/\/palmerodespachante.uy\/index.php\/2025\/08\/05\/paraguay-y-uruguay-avanzan-en-transito-de-barcazas\/#article","isPartOf":{"@id":"https:\/\/palmerodespachante.uy\/index.php\/2025\/08\/05\/paraguay-y-uruguay-avanzan-en-transito-de-barcazas\/"},"author":{"name":"Javier Palmero","@id":"https:\/\/palmerodespachante.uy\/#\/schema\/person\/9eabdcdc87fc74d275cc2faf2ce2f732"},"headline":"Paraguay y Uruguay avanzan en tr\u00e1nsito de barcazas","datePublished":"2025-08-05T14:54:21+00:00","dateModified":"2025-08-05T14:54:22+00:00","mainEntityOfPage":{"@id":"https:\/\/palmerodespachante.uy\/index.php\/2025\/08\/05\/paraguay-y-uruguay-avanzan-en-transito-de-barcazas\/"},"wordCount":209,"commentCount":0,"publisher":{"@id":"https:\/\/palmerodespachante.uy\/#organization"},"image":{"@id":"https:\/\/palmerodespachante.uy\/index.php\/2025\/08\/05\/paraguay-y-uruguay-avanzan-en-transito-de-barcazas\/#primaryimage"},"thumbnailUrl":"https:\/\/palmerodespachante.uy\/wp-content\/uploads\/2025\/08\/ANP.jpg","articleSection":["Noticias"],"inLanguage":"es","potentialAction":[{"@type":"CommentAction","name":"Comment","target":["https:\/\/palmerodespachante.uy\/index.php\/2025\/08\/05\/paraguay-y-uruguay-avanzan-en-transito-de-barcazas\/#respond"]}]},{"@type":"WebPage","@id":"https:\/\/palmerodespachante.uy\/index.php\/2025\/08\/05\/paraguay-y-uruguay-avanzan-en-transito-de-barcazas\/","url":"https:\/\/palmerodespachante.uy\/index.php\/2025\/08\/05\/paraguay-y-uruguay-avanzan-en-transito-de-barcazas\/","name":"Paraguay y Uruguay avanzan en tr\u00e1nsito de barcazas - Palmero Despachante de Aduana","isPartOf":{"@id":"https:\/\/palmerodespachante.uy\/#website"},"primaryImageOfPage":{"@id":"https:\/\/palmerodespachante.uy\/index.php\/2025\/08\/05\/paraguay-y-uruguay-avanzan-en-transito-de-barcazas\/#primaryimage"},"image":{"@id":"https:\/\/palmerodespachante.uy\/index.php\/2025\/08\/05\/paraguay-y-uruguay-avanzan-en-transito-de-barcazas\/#primaryimage"},"thumbnailUrl":"https:\/\/palmerodespachante.uy\/wp-content\/uploads\/2025\/08\/ANP.jpg","datePublished":"2025-08-05T14:54:21+00:00","dateModified":"2025-08-05T14:54:22+00:00","breadcrumb":{"@id":"https:\/\/palmerodespachante.uy\/index.php\/2025\/08\/05\/paraguay-y-uruguay-avanzan-en-transito-de-barcazas\/#breadcrumb"},"inLanguage":"es","potentialAction":[{"@type":"ReadAction","target":["https:\/\/palmerodespachante.uy\/index.php\/2025\/08\/05\/paraguay-y-uruguay-avanzan-en-transito-de-barcazas\/"]}]},{"@type":"ImageObject","inLanguage":"es","@id":"https:\/\/palmerodespachante.uy\/index.php\/2025\/08\/05\/paraguay-y-uruguay-avanzan-en-transito-de-barcazas\/#primaryimage","url":"https:\/\/palmerodespachante.uy\/wp-content\/uploads\/2025\/08\/ANP.jpg","contentUrl":"https:\/\/palmerodespachante.uy\/wp-content\/uploads\/2025\/08\/ANP.jpg","width":768,"height":366},{"@type":"BreadcrumbList","@id":"https:\/\/palmerodespachante.uy\/index.php\/2025\/08\/05\/paraguay-y-uruguay-avanzan-en-transito-de-barcazas\/#breadcrumb","itemListElement":[{"@type":"ListItem","position":1,"name":"Portada","item":"https:\/\/palmerodespachante.uy\/"},{"@type":"ListItem","position":2,"name":"Paraguay y Uruguay avanzan en tr\u00e1nsito de barcazas"}]},{"@type":"WebSite","@id":"https:\/\/palmerodespachante.uy\/#website","url":"https:\/\/palmerodespachante.uy\/","name":"Palmero Despachante de Aduana","description":"Importaci\u00f3n, Exportaci\u00f3n, Tr\u00e1nsito","publisher":{"@id":"https:\/\/palmerodespachante.uy\/#organization"},"potentialAction":[{"@type":"SearchAction","target":{"@type":"EntryPoint","urlTemplate":"https:\/\/palmerodespachante.uy\/?s={search_term_string}"},"query-input":{"@type":"PropertyValueSpecification","valueRequired":true,"valueName":"search_term_string"}}],"inLanguage":"es"},{"@type":"Organization","@id":"https:\/\/palmerodespachante.uy\/#organization","name":"Palmero Despachante de Aduanas","url":"https:\/\/palmerodespachante.uy\/","logo":{"@type":"ImageObject","inLanguage":"es","@id":"https:\/\/palmerodespachante.uy\/#\/schema\/logo\/image\/","url":"https:\/\/palmerodespachante.uy\/wp-content\/uploads\/2018\/08\/Logo-144.png","contentUrl":"https:\/\/palmerodespachante.uy\/wp-content\/uploads\/2018\/08\/Logo-144.png","width":144,"height":144,"caption":"Palmero Despachante de Aduanas"},"image":{"@id":"https:\/\/palmerodespachante.uy\/#\/schema\/logo\/image\/"},"sameAs":["https:\/\/www.facebook.com\/despachantedeaduana.palmero?hc_ref=ARQPWzEmqFz3O_9qTlrxPP6NW-Vf1b4-iJdwH7XdkuWdfarefzfPyjY7DGBCye4mnJs","https:\/\/www.linkedin.com\/company\/despachante-de-aduana-palmero\/"]},{"@type":"Person","@id":"https:\/\/palmerodespachante.uy\/#\/schema\/person\/9eabdcdc87fc74d275cc2faf2ce2f732","name":"Javier Palmero","image":{"@type":"ImageObject","inLanguage":"es","@id":"https:\/\/palmerodespachante.uy\/wp-content\/litespeed\/avatar\/8e783966089c8fa82b27a6627fb956c2.jpg?ver=1777463218","url":"https:\/\/palmerodespachante.uy\/wp-content\/litespeed\/avatar\/8e783966089c8fa82b27a6627fb956c2.jpg?ver=1777463218","contentUrl":"https:\/\/palmerodespachante.uy\/wp-content\/litespeed\/avatar\/8e783966089c8fa82b27a6627fb956c2.jpg?ver=1777463218","caption":"Javier Palmero"}}]}},"jetpack_featured_media_url":"https:\/\/palmerodespachante.uy\/wp-content\/uploads\/2025\/08\/ANP.jpg","_links":{"self":[{"href":"https:\/\/palmerodespachante.uy\/index.php\/wp-json\/wp\/v2\/posts\/1507","targetHints":{"allow":["GET"]}}],"collection":[{"href":"https:\/\/palmerodespachante.uy\/index.php\/wp-json\/wp\/v2\/posts"}],"about":[{"href":"https:\/\/palmerodespachante.uy\/index.php\/wp-json\/wp\/v2\/types\/post"}],"author":[{"embeddable":true,"href":"https:\/\/palmerodespachante.uy\/index.php\/wp-json\/wp\/v2\/users\/3"}],"replies":[{"embeddable":true,"href":"https:\/\/palmerodespachante.uy\/index.php\/wp-json\/wp\/v2\/comments?post=1507"}],"version-history":[{"count":1,"href":"https:\/\/palmerodespachante.uy\/index.php\/wp-json\/wp\/v2\/posts\/1507\/revisions"}],"predecessor-version":[{"id":1509,"href":"https:\/\/palmerodespachante.uy\/index.php\/wp-json\/wp\/v2\/posts\/1507\/revisions\/1509"}],"wp:featuredmedia":[{"embeddable":true,"href":"https:\/\/palmerodespachante.uy\/index.php\/wp-json\/wp\/v2\/media\/1508"}],"wp:attachment":[{"href":"https:\/\/palmerodespachante.uy\/index.php\/wp-json\/wp\/v2\/media?parent=1507"}],"wp:term":[{"taxonomy":"category","embeddable":true,"href":"https:\/\/palmerodespachante.uy\/index.php\/wp-json\/wp\/v2\/categories?post=1507"},{"taxonomy":"post_tag","embeddable":true,"href":"https:\/\/palmerodespachante.uy\/index.php\/wp-json\/wp\/v2\/tags?post=1507"}],"curies":[{"name":"wp","href":"https:\/\/api.w.org\/{rel}","templated":true}]}}