{"id":1500,"date":"2025-08-04T15:49:36","date_gmt":"2025-08-04T18:49:36","guid":{"rendered":"https:\/\/palmerodespachante.uy\/?p=1500"},"modified":"2025-08-04T15:49:37","modified_gmt":"2025-08-04T18:49:37","slug":"la-inversion-en-maquinaria-y-equipos-de-la-industria-crecio-un-297-en-el-segundo-trimestre","status":"publish","type":"post","link":"https:\/\/palmerodespachante.uy\/index.php\/2025\/08\/04\/la-inversion-en-maquinaria-y-equipos-de-la-industria-crecio-un-297-en-el-segundo-trimestre\/","title":{"rendered":"LA INVERSI\u00d3N EN MAQUINARIA Y EQUIPOS DE LA INDUSTRIA CRECI\u00d3 UN 29,7% EN EL SEGUNDO TRIMESTRE"},"content":{"rendered":"\n<p>La inversi\u00f3n en maquinaria y equipos del sector industrial creci\u00f3 un 29,7% interanual durante el segundo trimestre, a contramano de lo ocurrido a nivel general en la econom\u00eda, de acuerdo a un informe de la C\u00e1mara de Industrias del Uruguay (CIU). En la comparaci\u00f3n con el inicio del a\u00f1o, el \u00cdndice de Inversi\u00f3n en Maquinaria y Equipos (IMEQ) de la industria mejor\u00f3 un 49,7% (excluyendo efectos estacionales e irregulares), con una suba que llega al 59,2% en el \u00faltimo a\u00f1o m\u00f3vil, una situaci\u00f3n que contrasta con algunos conflictos en diferentes sectores. El dato positivo se vio sustentado por las inversiones del sector forestal, aunque se detect\u00f3 adem\u00e1s un importante incremento de la divisi\u00f3n Alimentos, Bebidas y Tabaco, que aument\u00f3 un 41% en comparaci\u00f3n con abril-junio de 2024. Al evaluar por empresas, la que m\u00e1s aport\u00f3 en la materia fue Lumin, una de las firmas de procesamiento de madera m\u00e1s grandes del pa\u00eds, con 6,3 millones de d\u00f3lares en compras de m\u00e1quinas. (\u00c1mbito Financiero \u2013 03\/08)<\/p>\n","protected":false},"excerpt":{"rendered":"<p>La inversi\u00f3n en maquinaria y equipos del sector industrial creci\u00f3 un 29,7% interanual durante el segundo trimestre, a contramano de lo ocurrido a nivel general en la econom\u00eda, de acuerdo a un informe de la C\u00e1mara de Industrias del Uruguay (CIU). En la comparaci\u00f3n con el inicio del a\u00f1o, el \u00cdndice de Inversi\u00f3n en Maquinaria [&hellip;]<\/p>\n","protected":false},"author":3,"featured_media":1501,"comment_status":"open","ping_status":"open","sticky":false,"template":"","format":"standard","meta":{"_joinchat":[],"footnotes":""},"categories":[37],"tags":[],"class_list":{"0":"post-1500","1":"post","2":"type-post","3":"status-publish","4":"format-standard","5":"has-post-thumbnail","7":"category-noticias"},"yoast_head":"<!-- This site is optimized with the Yoast SEO plugin v27.5 - https:\/\/yoast.com\/product\/yoast-seo-wordpress\/ -->\n<title>LA INVERSI\u00d3N EN MAQUINARIA Y EQUIPOS DE LA INDUSTRIA CRECI\u00d3 UN 29,7% EN EL SEGUNDO TRIMESTRE - Palmero Despachante de Aduana<\/title>\n<meta name=\"robots\" content=\"noindex, follow\" \/>\n<meta property=\"og:locale\" content=\"es_ES\" \/>\n<meta property=\"og:type\" content=\"article\" \/>\n<meta property=\"og:title\" content=\"LA INVERSI\u00d3N EN MAQUINARIA Y EQUIPOS DE LA INDUSTRIA CRECI\u00d3 UN 29,7% EN EL SEGUNDO TRIMESTRE - Palmero Despachante de Aduana\" \/>\n<meta property=\"og:description\" content=\"La inversi\u00f3n en maquinaria y equipos del sector industrial creci\u00f3 un 29,7% interanual durante el segundo trimestre, a contramano de lo ocurrido a nivel general en la econom\u00eda, de acuerdo a un informe de la C\u00e1mara de Industrias del Uruguay (CIU). En la comparaci\u00f3n con el inicio del a\u00f1o, el \u00cdndice de Inversi\u00f3n en Maquinaria [&hellip;]\" \/>\n<meta property=\"og:url\" content=\"https:\/\/palmerodespachante.uy\/index.php\/2025\/08\/04\/la-inversion-en-maquinaria-y-equipos-de-la-industria-crecio-un-297-en-el-segundo-trimestre\/\" \/>\n<meta property=\"og:site_name\" content=\"Palmero Despachante de Aduana\" \/>\n<meta property=\"article:publisher\" content=\"https:\/\/www.facebook.com\/despachantedeaduana.palmero?hc_ref=ARQPWzEmqFz3O_9qTlrxPP6NW-Vf1b4-iJdwH7XdkuWdfarefzfPyjY7DGBCye4mnJs\" \/>\n<meta property=\"article:published_time\" content=\"2025-08-04T18:49:36+00:00\" \/>\n<meta property=\"article:modified_time\" content=\"2025-08-04T18:49:37+00:00\" \/>\n<meta property=\"og:image\" content=\"http:\/\/palmerodespachante.uy\/wp-content\/uploads\/2025\/08\/LA-INVERSION.jpg\" \/>\n\t<meta property=\"og:image:width\" content=\"655\" \/>\n\t<meta property=\"og:image:height\" content=\"368\" \/>\n\t<meta property=\"og:image:type\" content=\"image\/jpeg\" \/>\n<meta name=\"author\" content=\"Javier Palmero\" \/>\n<meta name=\"twitter:card\" content=\"summary_large_image\" \/>\n<meta name=\"twitter:label1\" content=\"Escrito por\" \/>\n\t<meta name=\"twitter:data1\" content=\"Javier Palmero\" \/>\n\t<meta name=\"twitter:label2\" content=\"Tiempo de lectura\" \/>\n\t<meta name=\"twitter:data2\" content=\"1 minuto\" \/>\n<script type=\"application\/ld+json\" class=\"yoast-schema-graph\">{\"@context\":\"https:\\\/\\\/schema.org\",\"@graph\":[{\"@type\":\"Article\",\"@id\":\"https:\\\/\\\/palmerodespachante.uy\\\/index.php\\\/2025\\\/08\\\/04\\\/la-inversion-en-maquinaria-y-equipos-de-la-industria-crecio-un-297-en-el-segundo-trimestre\\\/#article\",\"isPartOf\":{\"@id\":\"https:\\\/\\\/palmerodespachante.uy\\\/index.php\\\/2025\\\/08\\\/04\\\/la-inversion-en-maquinaria-y-equipos-de-la-industria-crecio-un-297-en-el-segundo-trimestre\\\/\"},\"author\":{\"name\":\"Javier Palmero\",\"@id\":\"https:\\\/\\\/palmerodespachante.uy\\\/#\\\/schema\\\/person\\\/9eabdcdc87fc74d275cc2faf2ce2f732\"},\"headline\":\"LA INVERSI\u00d3N EN MAQUINARIA Y EQUIPOS DE LA INDUSTRIA CRECI\u00d3 UN 29,7% EN EL SEGUNDO TRIMESTRE\",\"datePublished\":\"2025-08-04T18:49:36+00:00\",\"dateModified\":\"2025-08-04T18:49:37+00:00\",\"mainEntityOfPage\":{\"@id\":\"https:\\\/\\\/palmerodespachante.uy\\\/index.php\\\/2025\\\/08\\\/04\\\/la-inversion-en-maquinaria-y-equipos-de-la-industria-crecio-un-297-en-el-segundo-trimestre\\\/\"},\"wordCount\":190,\"commentCount\":0,\"publisher\":{\"@id\":\"https:\\\/\\\/palmerodespachante.uy\\\/#organization\"},\"image\":{\"@id\":\"https:\\\/\\\/palmerodespachante.uy\\\/index.php\\\/2025\\\/08\\\/04\\\/la-inversion-en-maquinaria-y-equipos-de-la-industria-crecio-un-297-en-el-segundo-trimestre\\\/#primaryimage\"},\"thumbnailUrl\":\"https:\\\/\\\/palmerodespachante.uy\\\/wp-content\\\/uploads\\\/2025\\\/08\\\/LA-INVERSION.jpg\",\"articleSection\":[\"Noticias\"],\"inLanguage\":\"es\",\"potentialAction\":[{\"@type\":\"CommentAction\",\"name\":\"Comment\",\"target\":[\"https:\\\/\\\/palmerodespachante.uy\\\/index.php\\\/2025\\\/08\\\/04\\\/la-inversion-en-maquinaria-y-equipos-de-la-industria-crecio-un-297-en-el-segundo-trimestre\\\/#respond\"]}]},{\"@type\":\"WebPage\",\"@id\":\"https:\\\/\\\/palmerodespachante.uy\\\/index.php\\\/2025\\\/08\\\/04\\\/la-inversion-en-maquinaria-y-equipos-de-la-industria-crecio-un-297-en-el-segundo-trimestre\\\/\",\"url\":\"https:\\\/\\\/palmerodespachante.uy\\\/index.php\\\/2025\\\/08\\\/04\\\/la-inversion-en-maquinaria-y-equipos-de-la-industria-crecio-un-297-en-el-segundo-trimestre\\\/\",\"name\":\"LA INVERSI\u00d3N EN MAQUINARIA Y EQUIPOS DE LA INDUSTRIA CRECI\u00d3 UN 29,7% EN EL SEGUNDO TRIMESTRE - Palmero Despachante de Aduana\",\"isPartOf\":{\"@id\":\"https:\\\/\\\/palmerodespachante.uy\\\/#website\"},\"primaryImageOfPage\":{\"@id\":\"https:\\\/\\\/palmerodespachante.uy\\\/index.php\\\/2025\\\/08\\\/04\\\/la-inversion-en-maquinaria-y-equipos-de-la-industria-crecio-un-297-en-el-segundo-trimestre\\\/#primaryimage\"},\"image\":{\"@id\":\"https:\\\/\\\/palmerodespachante.uy\\\/index.php\\\/2025\\\/08\\\/04\\\/la-inversion-en-maquinaria-y-equipos-de-la-industria-crecio-un-297-en-el-segundo-trimestre\\\/#primaryimage\"},\"thumbnailUrl\":\"https:\\\/\\\/palmerodespachante.uy\\\/wp-content\\\/uploads\\\/2025\\\/08\\\/LA-INVERSION.jpg\",\"datePublished\":\"2025-08-04T18:49:36+00:00\",\"dateModified\":\"2025-08-04T18:49:37+00:00\",\"breadcrumb\":{\"@id\":\"https:\\\/\\\/palmerodespachante.uy\\\/index.php\\\/2025\\\/08\\\/04\\\/la-inversion-en-maquinaria-y-equipos-de-la-industria-crecio-un-297-en-el-segundo-trimestre\\\/#breadcrumb\"},\"inLanguage\":\"es\",\"potentialAction\":[{\"@type\":\"ReadAction\",\"target\":[\"https:\\\/\\\/palmerodespachante.uy\\\/index.php\\\/2025\\\/08\\\/04\\\/la-inversion-en-maquinaria-y-equipos-de-la-industria-crecio-un-297-en-el-segundo-trimestre\\\/\"]}]},{\"@type\":\"ImageObject\",\"inLanguage\":\"es\",\"@id\":\"https:\\\/\\\/palmerodespachante.uy\\\/index.php\\\/2025\\\/08\\\/04\\\/la-inversion-en-maquinaria-y-equipos-de-la-industria-crecio-un-297-en-el-segundo-trimestre\\\/#primaryimage\",\"url\":\"https:\\\/\\\/palmerodespachante.uy\\\/wp-content\\\/uploads\\\/2025\\\/08\\\/LA-INVERSION.jpg\",\"contentUrl\":\"https:\\\/\\\/palmerodespachante.uy\\\/wp-content\\\/uploads\\\/2025\\\/08\\\/LA-INVERSION.jpg\",\"width\":655,\"height\":368},{\"@type\":\"BreadcrumbList\",\"@id\":\"https:\\\/\\\/palmerodespachante.uy\\\/index.php\\\/2025\\\/08\\\/04\\\/la-inversion-en-maquinaria-y-equipos-de-la-industria-crecio-un-297-en-el-segundo-trimestre\\\/#breadcrumb\",\"itemListElement\":[{\"@type\":\"ListItem\",\"position\":1,\"name\":\"Portada\",\"item\":\"https:\\\/\\\/palmerodespachante.uy\\\/\"},{\"@type\":\"ListItem\",\"position\":2,\"name\":\"LA INVERSI\u00d3N EN MAQUINARIA Y EQUIPOS DE LA INDUSTRIA CRECI\u00d3 UN 29,7% EN EL SEGUNDO TRIMESTRE\"}]},{\"@type\":\"WebSite\",\"@id\":\"https:\\\/\\\/palmerodespachante.uy\\\/#website\",\"url\":\"https:\\\/\\\/palmerodespachante.uy\\\/\",\"name\":\"Palmero Despachante de Aduana\",\"description\":\"Importaci\u00f3n, Exportaci\u00f3n, Tr\u00e1nsito\",\"publisher\":{\"@id\":\"https:\\\/\\\/palmerodespachante.uy\\\/#organization\"},\"potentialAction\":[{\"@type\":\"SearchAction\",\"target\":{\"@type\":\"EntryPoint\",\"urlTemplate\":\"https:\\\/\\\/palmerodespachante.uy\\\/?s={search_term_string}\"},\"query-input\":{\"@type\":\"PropertyValueSpecification\",\"valueRequired\":true,\"valueName\":\"search_term_string\"}}],\"inLanguage\":\"es\"},{\"@type\":\"Organization\",\"@id\":\"https:\\\/\\\/palmerodespachante.uy\\\/#organization\",\"name\":\"Palmero Despachante de Aduanas\",\"url\":\"https:\\\/\\\/palmerodespachante.uy\\\/\",\"logo\":{\"@type\":\"ImageObject\",\"inLanguage\":\"es\",\"@id\":\"https:\\\/\\\/palmerodespachante.uy\\\/#\\\/schema\\\/logo\\\/image\\\/\",\"url\":\"https:\\\/\\\/palmerodespachante.uy\\\/wp-content\\\/uploads\\\/2018\\\/08\\\/Logo-144.png\",\"contentUrl\":\"https:\\\/\\\/palmerodespachante.uy\\\/wp-content\\\/uploads\\\/2018\\\/08\\\/Logo-144.png\",\"width\":144,\"height\":144,\"caption\":\"Palmero Despachante de Aduanas\"},\"image\":{\"@id\":\"https:\\\/\\\/palmerodespachante.uy\\\/#\\\/schema\\\/logo\\\/image\\\/\"},\"sameAs\":[\"https:\\\/\\\/www.facebook.com\\\/despachantedeaduana.palmero?hc_ref=ARQPWzEmqFz3O_9qTlrxPP6NW-Vf1b4-iJdwH7XdkuWdfarefzfPyjY7DGBCye4mnJs\",\"https:\\\/\\\/www.linkedin.com\\\/company\\\/despachante-de-aduana-palmero\\\/\"]},{\"@type\":\"Person\",\"@id\":\"https:\\\/\\\/palmerodespachante.uy\\\/#\\\/schema\\\/person\\\/9eabdcdc87fc74d275cc2faf2ce2f732\",\"name\":\"Javier Palmero\",\"image\":{\"@type\":\"ImageObject\",\"inLanguage\":\"es\",\"@id\":\"https:\\\/\\\/palmerodespachante.uy\\\/wp-content\\\/litespeed\\\/avatar\\\/8e783966089c8fa82b27a6627fb956c2.jpg?ver=1777463218\",\"url\":\"https:\\\/\\\/palmerodespachante.uy\\\/wp-content\\\/litespeed\\\/avatar\\\/8e783966089c8fa82b27a6627fb956c2.jpg?ver=1777463218\",\"contentUrl\":\"https:\\\/\\\/palmerodespachante.uy\\\/wp-content\\\/litespeed\\\/avatar\\\/8e783966089c8fa82b27a6627fb956c2.jpg?ver=1777463218\",\"caption\":\"Javier Palmero\"}}]}<\/script>\n<!-- \/ Yoast SEO plugin. -->","yoast_head_json":{"title":"LA INVERSI\u00d3N EN MAQUINARIA Y EQUIPOS DE LA INDUSTRIA CRECI\u00d3 UN 29,7% EN EL SEGUNDO TRIMESTRE - Palmero Despachante de Aduana","robots":{"index":"noindex","follow":"follow"},"og_locale":"es_ES","og_type":"article","og_title":"LA INVERSI\u00d3N EN MAQUINARIA Y EQUIPOS DE LA INDUSTRIA CRECI\u00d3 UN 29,7% EN EL SEGUNDO TRIMESTRE - Palmero Despachante de Aduana","og_description":"La inversi\u00f3n en maquinaria y equipos del sector industrial creci\u00f3 un 29,7% interanual durante el segundo trimestre, a contramano de lo ocurrido a nivel general en la econom\u00eda, de acuerdo a un informe de la C\u00e1mara de Industrias del Uruguay (CIU). En la comparaci\u00f3n con el inicio del a\u00f1o, el \u00cdndice de Inversi\u00f3n en Maquinaria [&hellip;]","og_url":"https:\/\/palmerodespachante.uy\/index.php\/2025\/08\/04\/la-inversion-en-maquinaria-y-equipos-de-la-industria-crecio-un-297-en-el-segundo-trimestre\/","og_site_name":"Palmero Despachante de Aduana","article_publisher":"https:\/\/www.facebook.com\/despachantedeaduana.palmero?hc_ref=ARQPWzEmqFz3O_9qTlrxPP6NW-Vf1b4-iJdwH7XdkuWdfarefzfPyjY7DGBCye4mnJs","article_published_time":"2025-08-04T18:49:36+00:00","article_modified_time":"2025-08-04T18:49:37+00:00","og_image":[{"width":655,"height":368,"url":"http:\/\/palmerodespachante.uy\/wp-content\/uploads\/2025\/08\/LA-INVERSION.jpg","type":"image\/jpeg"}],"author":"Javier Palmero","twitter_card":"summary_large_image","twitter_misc":{"Escrito por":"Javier Palmero","Tiempo de lectura":"1 minuto"},"schema":{"@context":"https:\/\/schema.org","@graph":[{"@type":"Article","@id":"https:\/\/palmerodespachante.uy\/index.php\/2025\/08\/04\/la-inversion-en-maquinaria-y-equipos-de-la-industria-crecio-un-297-en-el-segundo-trimestre\/#article","isPartOf":{"@id":"https:\/\/palmerodespachante.uy\/index.php\/2025\/08\/04\/la-inversion-en-maquinaria-y-equipos-de-la-industria-crecio-un-297-en-el-segundo-trimestre\/"},"author":{"name":"Javier Palmero","@id":"https:\/\/palmerodespachante.uy\/#\/schema\/person\/9eabdcdc87fc74d275cc2faf2ce2f732"},"headline":"LA INVERSI\u00d3N EN MAQUINARIA Y EQUIPOS DE LA INDUSTRIA CRECI\u00d3 UN 29,7% EN EL SEGUNDO TRIMESTRE","datePublished":"2025-08-04T18:49:36+00:00","dateModified":"2025-08-04T18:49:37+00:00","mainEntityOfPage":{"@id":"https:\/\/palmerodespachante.uy\/index.php\/2025\/08\/04\/la-inversion-en-maquinaria-y-equipos-de-la-industria-crecio-un-297-en-el-segundo-trimestre\/"},"wordCount":190,"commentCount":0,"publisher":{"@id":"https:\/\/palmerodespachante.uy\/#organization"},"image":{"@id":"https:\/\/palmerodespachante.uy\/index.php\/2025\/08\/04\/la-inversion-en-maquinaria-y-equipos-de-la-industria-crecio-un-297-en-el-segundo-trimestre\/#primaryimage"},"thumbnailUrl":"https:\/\/palmerodespachante.uy\/wp-content\/uploads\/2025\/08\/LA-INVERSION.jpg","articleSection":["Noticias"],"inLanguage":"es","potentialAction":[{"@type":"CommentAction","name":"Comment","target":["https:\/\/palmerodespachante.uy\/index.php\/2025\/08\/04\/la-inversion-en-maquinaria-y-equipos-de-la-industria-crecio-un-297-en-el-segundo-trimestre\/#respond"]}]},{"@type":"WebPage","@id":"https:\/\/palmerodespachante.uy\/index.php\/2025\/08\/04\/la-inversion-en-maquinaria-y-equipos-de-la-industria-crecio-un-297-en-el-segundo-trimestre\/","url":"https:\/\/palmerodespachante.uy\/index.php\/2025\/08\/04\/la-inversion-en-maquinaria-y-equipos-de-la-industria-crecio-un-297-en-el-segundo-trimestre\/","name":"LA INVERSI\u00d3N EN MAQUINARIA Y EQUIPOS DE LA INDUSTRIA CRECI\u00d3 UN 29,7% EN EL SEGUNDO TRIMESTRE - Palmero Despachante de Aduana","isPartOf":{"@id":"https:\/\/palmerodespachante.uy\/#website"},"primaryImageOfPage":{"@id":"https:\/\/palmerodespachante.uy\/index.php\/2025\/08\/04\/la-inversion-en-maquinaria-y-equipos-de-la-industria-crecio-un-297-en-el-segundo-trimestre\/#primaryimage"},"image":{"@id":"https:\/\/palmerodespachante.uy\/index.php\/2025\/08\/04\/la-inversion-en-maquinaria-y-equipos-de-la-industria-crecio-un-297-en-el-segundo-trimestre\/#primaryimage"},"thumbnailUrl":"https:\/\/palmerodespachante.uy\/wp-content\/uploads\/2025\/08\/LA-INVERSION.jpg","datePublished":"2025-08-04T18:49:36+00:00","dateModified":"2025-08-04T18:49:37+00:00","breadcrumb":{"@id":"https:\/\/palmerodespachante.uy\/index.php\/2025\/08\/04\/la-inversion-en-maquinaria-y-equipos-de-la-industria-crecio-un-297-en-el-segundo-trimestre\/#breadcrumb"},"inLanguage":"es","potentialAction":[{"@type":"ReadAction","target":["https:\/\/palmerodespachante.uy\/index.php\/2025\/08\/04\/la-inversion-en-maquinaria-y-equipos-de-la-industria-crecio-un-297-en-el-segundo-trimestre\/"]}]},{"@type":"ImageObject","inLanguage":"es","@id":"https:\/\/palmerodespachante.uy\/index.php\/2025\/08\/04\/la-inversion-en-maquinaria-y-equipos-de-la-industria-crecio-un-297-en-el-segundo-trimestre\/#primaryimage","url":"https:\/\/palmerodespachante.uy\/wp-content\/uploads\/2025\/08\/LA-INVERSION.jpg","contentUrl":"https:\/\/palmerodespachante.uy\/wp-content\/uploads\/2025\/08\/LA-INVERSION.jpg","width":655,"height":368},{"@type":"BreadcrumbList","@id":"https:\/\/palmerodespachante.uy\/index.php\/2025\/08\/04\/la-inversion-en-maquinaria-y-equipos-de-la-industria-crecio-un-297-en-el-segundo-trimestre\/#breadcrumb","itemListElement":[{"@type":"ListItem","position":1,"name":"Portada","item":"https:\/\/palmerodespachante.uy\/"},{"@type":"ListItem","position":2,"name":"LA INVERSI\u00d3N EN MAQUINARIA Y EQUIPOS DE LA INDUSTRIA CRECI\u00d3 UN 29,7% EN EL SEGUNDO TRIMESTRE"}]},{"@type":"WebSite","@id":"https:\/\/palmerodespachante.uy\/#website","url":"https:\/\/palmerodespachante.uy\/","name":"Palmero Despachante de Aduana","description":"Importaci\u00f3n, Exportaci\u00f3n, Tr\u00e1nsito","publisher":{"@id":"https:\/\/palmerodespachante.uy\/#organization"},"potentialAction":[{"@type":"SearchAction","target":{"@type":"EntryPoint","urlTemplate":"https:\/\/palmerodespachante.uy\/?s={search_term_string}"},"query-input":{"@type":"PropertyValueSpecification","valueRequired":true,"valueName":"search_term_string"}}],"inLanguage":"es"},{"@type":"Organization","@id":"https:\/\/palmerodespachante.uy\/#organization","name":"Palmero Despachante de Aduanas","url":"https:\/\/palmerodespachante.uy\/","logo":{"@type":"ImageObject","inLanguage":"es","@id":"https:\/\/palmerodespachante.uy\/#\/schema\/logo\/image\/","url":"https:\/\/palmerodespachante.uy\/wp-content\/uploads\/2018\/08\/Logo-144.png","contentUrl":"https:\/\/palmerodespachante.uy\/wp-content\/uploads\/2018\/08\/Logo-144.png","width":144,"height":144,"caption":"Palmero Despachante de Aduanas"},"image":{"@id":"https:\/\/palmerodespachante.uy\/#\/schema\/logo\/image\/"},"sameAs":["https:\/\/www.facebook.com\/despachantedeaduana.palmero?hc_ref=ARQPWzEmqFz3O_9qTlrxPP6NW-Vf1b4-iJdwH7XdkuWdfarefzfPyjY7DGBCye4mnJs","https:\/\/www.linkedin.com\/company\/despachante-de-aduana-palmero\/"]},{"@type":"Person","@id":"https:\/\/palmerodespachante.uy\/#\/schema\/person\/9eabdcdc87fc74d275cc2faf2ce2f732","name":"Javier Palmero","image":{"@type":"ImageObject","inLanguage":"es","@id":"https:\/\/palmerodespachante.uy\/wp-content\/litespeed\/avatar\/8e783966089c8fa82b27a6627fb956c2.jpg?ver=1777463218","url":"https:\/\/palmerodespachante.uy\/wp-content\/litespeed\/avatar\/8e783966089c8fa82b27a6627fb956c2.jpg?ver=1777463218","contentUrl":"https:\/\/palmerodespachante.uy\/wp-content\/litespeed\/avatar\/8e783966089c8fa82b27a6627fb956c2.jpg?ver=1777463218","caption":"Javier Palmero"}}]}},"jetpack_featured_media_url":"https:\/\/palmerodespachante.uy\/wp-content\/uploads\/2025\/08\/LA-INVERSION.jpg","_links":{"self":[{"href":"https:\/\/palmerodespachante.uy\/index.php\/wp-json\/wp\/v2\/posts\/1500","targetHints":{"allow":["GET"]}}],"collection":[{"href":"https:\/\/palmerodespachante.uy\/index.php\/wp-json\/wp\/v2\/posts"}],"about":[{"href":"https:\/\/palmerodespachante.uy\/index.php\/wp-json\/wp\/v2\/types\/post"}],"author":[{"embeddable":true,"href":"https:\/\/palmerodespachante.uy\/index.php\/wp-json\/wp\/v2\/users\/3"}],"replies":[{"embeddable":true,"href":"https:\/\/palmerodespachante.uy\/index.php\/wp-json\/wp\/v2\/comments?post=1500"}],"version-history":[{"count":1,"href":"https:\/\/palmerodespachante.uy\/index.php\/wp-json\/wp\/v2\/posts\/1500\/revisions"}],"predecessor-version":[{"id":1502,"href":"https:\/\/palmerodespachante.uy\/index.php\/wp-json\/wp\/v2\/posts\/1500\/revisions\/1502"}],"wp:featuredmedia":[{"embeddable":true,"href":"https:\/\/palmerodespachante.uy\/index.php\/wp-json\/wp\/v2\/media\/1501"}],"wp:attachment":[{"href":"https:\/\/palmerodespachante.uy\/index.php\/wp-json\/wp\/v2\/media?parent=1500"}],"wp:term":[{"taxonomy":"category","embeddable":true,"href":"https:\/\/palmerodespachante.uy\/index.php\/wp-json\/wp\/v2\/categories?post=1500"},{"taxonomy":"post_tag","embeddable":true,"href":"https:\/\/palmerodespachante.uy\/index.php\/wp-json\/wp\/v2\/tags?post=1500"}],"curies":[{"name":"wp","href":"https:\/\/api.w.org\/{rel}","templated":true}]}}