{"id":1483,"date":"2025-07-14T14:48:10","date_gmt":"2025-07-14T17:48:10","guid":{"rendered":"https:\/\/palmerodespachante.uy\/?p=1483"},"modified":"2025-07-14T14:48:11","modified_gmt":"2025-07-14T17:48:11","slug":"indicadores-economicos-anticipan-una-mejora-pero-hay-senales-mixtas-en-el-mercado-laboral","status":"publish","type":"post","link":"https:\/\/palmerodespachante.uy\/index.php\/2025\/07\/14\/indicadores-economicos-anticipan-una-mejora-pero-hay-senales-mixtas-en-el-mercado-laboral\/","title":{"rendered":"Indicadores econ\u00f3micos anticipan una mejora, pero hay se\u00f1ales mixtas en el mercado laboral"},"content":{"rendered":"\n<p><strong>La econom\u00eda uruguaya mostr\u00f3 se\u00f1ales mayoritariamente positivas de crecimiento, seg\u00fan un informe del Observatorio de Coyuntura de la Universidad Cat\u00f3lica del Uruguay (UCU). All\u00ed se detalla que el \u00cdndice Mensual de Actividad Econ\u00f3mica (IMAE) anticip\u00f3 un crecimiento interanual del 3,1% en el primer trimestre, en l\u00ednea con las proyecciones del Banco Central del Uruguay (BCU). Sectores como el agropecuario, el comercio exterior y la industria manufacturera evidenciaron mejoras, al igual que la recaudaci\u00f3n fiscal. Sin embargo, el mercado laboral present\u00f3 se\u00f1ales mixtas, con aumento del empleo y del seguro de paro y una ca\u00edda del ingreso real.<\/strong><\/p>\n\n\n\n<p>Diversos indicadores sectoriales permiten anticipar una visi\u00f3n m\u00e1s n\u00edtida sobre la evoluci\u00f3n reciente de la econom\u00eda uruguaya. En ese marco, una amplia mayor\u00eda de los datos relevados por el Observatorio de la Coyuntura Econ\u00f3mica de la UCU mostraron avances interanuales y, en t\u00e9rminos generales, predominan las se\u00f1ales \u201cen verde\u201d sobre aquellas que alertan por retrocesos.<\/p>\n\n\n\n<p>Los datos difundidos, si bien tienen fechas y frecuencias diferentes, apuntan a un escenario positivo. El \u00cdndice Mensual de Actividad Econ\u00f3mica (IMAE), que act\u00faa como estimador adelantado del Producto Interno Bruto (PIB), ya hab\u00eda anticipado una variaci\u00f3n interanual de 3,1% en el primer trimestre de 2025. Este dato est\u00e1 en l\u00ednea con las proyecciones de los analistas relevados por el BCU, que estiman un crecimiento del PIB del 3,4% para ese mismo per\u00edodo.&nbsp;<\/p>\n\n\n\n<p>Entre los sectores que evidenciaron un desempe\u00f1o destacado se encuentra el comercio exterior. El informe detalla que tanto las exportaciones como las importaciones registraron un crecimiento sostenido en la comparaci\u00f3n interanual. La tendencia coincide con el crecimiento que obtuvieron el sector agropecuario y la industria manufacturera. Estos rubros recuperaron protagonismo tras un 2023 m\u00e1s desafiante.\u00a0( Cronica )<\/p>\n\n\n\n<p><\/p>\n","protected":false},"excerpt":{"rendered":"<p>La econom\u00eda uruguaya mostr\u00f3 se\u00f1ales mayoritariamente positivas de crecimiento, seg\u00fan un informe del Observatorio de Coyuntura de la Universidad Cat\u00f3lica del Uruguay (UCU). All\u00ed se detalla que el \u00cdndice Mensual de Actividad Econ\u00f3mica (IMAE) anticip\u00f3 un crecimiento interanual del 3,1% en el primer trimestre, en l\u00ednea con las proyecciones del Banco Central del Uruguay (BCU). [&hellip;]<\/p>\n","protected":false},"author":3,"featured_media":1484,"comment_status":"open","ping_status":"open","sticky":false,"template":"","format":"standard","meta":{"_joinchat":[],"footnotes":""},"categories":[37],"tags":[],"class_list":{"0":"post-1483","1":"post","2":"type-post","3":"status-publish","4":"format-standard","5":"has-post-thumbnail","7":"category-noticias"},"yoast_head":"<!-- This site is optimized with the Yoast SEO plugin v27.5 - https:\/\/yoast.com\/product\/yoast-seo-wordpress\/ -->\n<title>Indicadores econ\u00f3micos anticipan una mejora, pero hay se\u00f1ales mixtas en el mercado laboral - Palmero Despachante de Aduana<\/title>\n<meta name=\"robots\" content=\"noindex, follow\" \/>\n<meta property=\"og:locale\" content=\"es_ES\" \/>\n<meta property=\"og:type\" content=\"article\" \/>\n<meta property=\"og:title\" content=\"Indicadores econ\u00f3micos anticipan una mejora, pero hay se\u00f1ales mixtas en el mercado laboral - Palmero Despachante de Aduana\" \/>\n<meta property=\"og:description\" content=\"La econom\u00eda uruguaya mostr\u00f3 se\u00f1ales mayoritariamente positivas de crecimiento, seg\u00fan un informe del Observatorio de Coyuntura de la Universidad Cat\u00f3lica del Uruguay (UCU). All\u00ed se detalla que el \u00cdndice Mensual de Actividad Econ\u00f3mica (IMAE) anticip\u00f3 un crecimiento interanual del 3,1% en el primer trimestre, en l\u00ednea con las proyecciones del Banco Central del Uruguay (BCU). [&hellip;]\" \/>\n<meta property=\"og:url\" content=\"https:\/\/palmerodespachante.uy\/index.php\/2025\/07\/14\/indicadores-economicos-anticipan-una-mejora-pero-hay-senales-mixtas-en-el-mercado-laboral\/\" \/>\n<meta property=\"og:site_name\" content=\"Palmero Despachante de Aduana\" \/>\n<meta property=\"article:publisher\" content=\"https:\/\/www.facebook.com\/despachantedeaduana.palmero?hc_ref=ARQPWzEmqFz3O_9qTlrxPP6NW-Vf1b4-iJdwH7XdkuWdfarefzfPyjY7DGBCye4mnJs\" \/>\n<meta property=\"article:published_time\" content=\"2025-07-14T17:48:10+00:00\" \/>\n<meta property=\"article:modified_time\" content=\"2025-07-14T17:48:11+00:00\" \/>\n<meta property=\"og:image\" content=\"http:\/\/palmerodespachante.uy\/wp-content\/uploads\/2025\/07\/Crecimiento.jpg\" \/>\n\t<meta property=\"og:image:width\" content=\"800\" \/>\n\t<meta property=\"og:image:height\" content=\"450\" \/>\n\t<meta property=\"og:image:type\" content=\"image\/jpeg\" \/>\n<meta name=\"author\" content=\"Javier Palmero\" \/>\n<meta name=\"twitter:card\" content=\"summary_large_image\" \/>\n<meta name=\"twitter:label1\" content=\"Escrito por\" \/>\n\t<meta name=\"twitter:data1\" content=\"Javier Palmero\" \/>\n\t<meta name=\"twitter:label2\" content=\"Tiempo de lectura\" \/>\n\t<meta name=\"twitter:data2\" content=\"2 minutos\" \/>\n<script type=\"application\/ld+json\" class=\"yoast-schema-graph\">{\"@context\":\"https:\\\/\\\/schema.org\",\"@graph\":[{\"@type\":\"Article\",\"@id\":\"https:\\\/\\\/palmerodespachante.uy\\\/index.php\\\/2025\\\/07\\\/14\\\/indicadores-economicos-anticipan-una-mejora-pero-hay-senales-mixtas-en-el-mercado-laboral\\\/#article\",\"isPartOf\":{\"@id\":\"https:\\\/\\\/palmerodespachante.uy\\\/index.php\\\/2025\\\/07\\\/14\\\/indicadores-economicos-anticipan-una-mejora-pero-hay-senales-mixtas-en-el-mercado-laboral\\\/\"},\"author\":{\"name\":\"Javier Palmero\",\"@id\":\"https:\\\/\\\/palmerodespachante.uy\\\/#\\\/schema\\\/person\\\/9eabdcdc87fc74d275cc2faf2ce2f732\"},\"headline\":\"Indicadores econ\u00f3micos anticipan una mejora, pero hay se\u00f1ales mixtas en el mercado laboral\",\"datePublished\":\"2025-07-14T17:48:10+00:00\",\"dateModified\":\"2025-07-14T17:48:11+00:00\",\"mainEntityOfPage\":{\"@id\":\"https:\\\/\\\/palmerodespachante.uy\\\/index.php\\\/2025\\\/07\\\/14\\\/indicadores-economicos-anticipan-una-mejora-pero-hay-senales-mixtas-en-el-mercado-laboral\\\/\"},\"wordCount\":319,\"commentCount\":0,\"publisher\":{\"@id\":\"https:\\\/\\\/palmerodespachante.uy\\\/#organization\"},\"image\":{\"@id\":\"https:\\\/\\\/palmerodespachante.uy\\\/index.php\\\/2025\\\/07\\\/14\\\/indicadores-economicos-anticipan-una-mejora-pero-hay-senales-mixtas-en-el-mercado-laboral\\\/#primaryimage\"},\"thumbnailUrl\":\"https:\\\/\\\/palmerodespachante.uy\\\/wp-content\\\/uploads\\\/2025\\\/07\\\/Crecimiento.jpg\",\"articleSection\":[\"Noticias\"],\"inLanguage\":\"es\",\"potentialAction\":[{\"@type\":\"CommentAction\",\"name\":\"Comment\",\"target\":[\"https:\\\/\\\/palmerodespachante.uy\\\/index.php\\\/2025\\\/07\\\/14\\\/indicadores-economicos-anticipan-una-mejora-pero-hay-senales-mixtas-en-el-mercado-laboral\\\/#respond\"]}]},{\"@type\":\"WebPage\",\"@id\":\"https:\\\/\\\/palmerodespachante.uy\\\/index.php\\\/2025\\\/07\\\/14\\\/indicadores-economicos-anticipan-una-mejora-pero-hay-senales-mixtas-en-el-mercado-laboral\\\/\",\"url\":\"https:\\\/\\\/palmerodespachante.uy\\\/index.php\\\/2025\\\/07\\\/14\\\/indicadores-economicos-anticipan-una-mejora-pero-hay-senales-mixtas-en-el-mercado-laboral\\\/\",\"name\":\"Indicadores econ\u00f3micos anticipan una mejora, pero hay se\u00f1ales mixtas en el mercado laboral - Palmero Despachante de Aduana\",\"isPartOf\":{\"@id\":\"https:\\\/\\\/palmerodespachante.uy\\\/#website\"},\"primaryImageOfPage\":{\"@id\":\"https:\\\/\\\/palmerodespachante.uy\\\/index.php\\\/2025\\\/07\\\/14\\\/indicadores-economicos-anticipan-una-mejora-pero-hay-senales-mixtas-en-el-mercado-laboral\\\/#primaryimage\"},\"image\":{\"@id\":\"https:\\\/\\\/palmerodespachante.uy\\\/index.php\\\/2025\\\/07\\\/14\\\/indicadores-economicos-anticipan-una-mejora-pero-hay-senales-mixtas-en-el-mercado-laboral\\\/#primaryimage\"},\"thumbnailUrl\":\"https:\\\/\\\/palmerodespachante.uy\\\/wp-content\\\/uploads\\\/2025\\\/07\\\/Crecimiento.jpg\",\"datePublished\":\"2025-07-14T17:48:10+00:00\",\"dateModified\":\"2025-07-14T17:48:11+00:00\",\"breadcrumb\":{\"@id\":\"https:\\\/\\\/palmerodespachante.uy\\\/index.php\\\/2025\\\/07\\\/14\\\/indicadores-economicos-anticipan-una-mejora-pero-hay-senales-mixtas-en-el-mercado-laboral\\\/#breadcrumb\"},\"inLanguage\":\"es\",\"potentialAction\":[{\"@type\":\"ReadAction\",\"target\":[\"https:\\\/\\\/palmerodespachante.uy\\\/index.php\\\/2025\\\/07\\\/14\\\/indicadores-economicos-anticipan-una-mejora-pero-hay-senales-mixtas-en-el-mercado-laboral\\\/\"]}]},{\"@type\":\"ImageObject\",\"inLanguage\":\"es\",\"@id\":\"https:\\\/\\\/palmerodespachante.uy\\\/index.php\\\/2025\\\/07\\\/14\\\/indicadores-economicos-anticipan-una-mejora-pero-hay-senales-mixtas-en-el-mercado-laboral\\\/#primaryimage\",\"url\":\"https:\\\/\\\/palmerodespachante.uy\\\/wp-content\\\/uploads\\\/2025\\\/07\\\/Crecimiento.jpg\",\"contentUrl\":\"https:\\\/\\\/palmerodespachante.uy\\\/wp-content\\\/uploads\\\/2025\\\/07\\\/Crecimiento.jpg\",\"width\":800,\"height\":450},{\"@type\":\"BreadcrumbList\",\"@id\":\"https:\\\/\\\/palmerodespachante.uy\\\/index.php\\\/2025\\\/07\\\/14\\\/indicadores-economicos-anticipan-una-mejora-pero-hay-senales-mixtas-en-el-mercado-laboral\\\/#breadcrumb\",\"itemListElement\":[{\"@type\":\"ListItem\",\"position\":1,\"name\":\"Portada\",\"item\":\"https:\\\/\\\/palmerodespachante.uy\\\/\"},{\"@type\":\"ListItem\",\"position\":2,\"name\":\"Indicadores econ\u00f3micos anticipan una mejora, pero hay se\u00f1ales mixtas en el mercado laboral\"}]},{\"@type\":\"WebSite\",\"@id\":\"https:\\\/\\\/palmerodespachante.uy\\\/#website\",\"url\":\"https:\\\/\\\/palmerodespachante.uy\\\/\",\"name\":\"Palmero Despachante de Aduana\",\"description\":\"Importaci\u00f3n, Exportaci\u00f3n, Tr\u00e1nsito\",\"publisher\":{\"@id\":\"https:\\\/\\\/palmerodespachante.uy\\\/#organization\"},\"potentialAction\":[{\"@type\":\"SearchAction\",\"target\":{\"@type\":\"EntryPoint\",\"urlTemplate\":\"https:\\\/\\\/palmerodespachante.uy\\\/?s={search_term_string}\"},\"query-input\":{\"@type\":\"PropertyValueSpecification\",\"valueRequired\":true,\"valueName\":\"search_term_string\"}}],\"inLanguage\":\"es\"},{\"@type\":\"Organization\",\"@id\":\"https:\\\/\\\/palmerodespachante.uy\\\/#organization\",\"name\":\"Palmero Despachante de Aduanas\",\"url\":\"https:\\\/\\\/palmerodespachante.uy\\\/\",\"logo\":{\"@type\":\"ImageObject\",\"inLanguage\":\"es\",\"@id\":\"https:\\\/\\\/palmerodespachante.uy\\\/#\\\/schema\\\/logo\\\/image\\\/\",\"url\":\"https:\\\/\\\/palmerodespachante.uy\\\/wp-content\\\/uploads\\\/2018\\\/08\\\/Logo-144.png\",\"contentUrl\":\"https:\\\/\\\/palmerodespachante.uy\\\/wp-content\\\/uploads\\\/2018\\\/08\\\/Logo-144.png\",\"width\":144,\"height\":144,\"caption\":\"Palmero Despachante de Aduanas\"},\"image\":{\"@id\":\"https:\\\/\\\/palmerodespachante.uy\\\/#\\\/schema\\\/logo\\\/image\\\/\"},\"sameAs\":[\"https:\\\/\\\/www.facebook.com\\\/despachantedeaduana.palmero?hc_ref=ARQPWzEmqFz3O_9qTlrxPP6NW-Vf1b4-iJdwH7XdkuWdfarefzfPyjY7DGBCye4mnJs\",\"https:\\\/\\\/www.linkedin.com\\\/company\\\/despachante-de-aduana-palmero\\\/\"]},{\"@type\":\"Person\",\"@id\":\"https:\\\/\\\/palmerodespachante.uy\\\/#\\\/schema\\\/person\\\/9eabdcdc87fc74d275cc2faf2ce2f732\",\"name\":\"Javier Palmero\",\"image\":{\"@type\":\"ImageObject\",\"inLanguage\":\"es\",\"@id\":\"https:\\\/\\\/palmerodespachante.uy\\\/wp-content\\\/litespeed\\\/avatar\\\/8e783966089c8fa82b27a6627fb956c2.jpg?ver=1777463218\",\"url\":\"https:\\\/\\\/palmerodespachante.uy\\\/wp-content\\\/litespeed\\\/avatar\\\/8e783966089c8fa82b27a6627fb956c2.jpg?ver=1777463218\",\"contentUrl\":\"https:\\\/\\\/palmerodespachante.uy\\\/wp-content\\\/litespeed\\\/avatar\\\/8e783966089c8fa82b27a6627fb956c2.jpg?ver=1777463218\",\"caption\":\"Javier Palmero\"}}]}<\/script>\n<!-- \/ Yoast SEO plugin. -->","yoast_head_json":{"title":"Indicadores econ\u00f3micos anticipan una mejora, pero hay se\u00f1ales mixtas en el mercado laboral - Palmero Despachante de Aduana","robots":{"index":"noindex","follow":"follow"},"og_locale":"es_ES","og_type":"article","og_title":"Indicadores econ\u00f3micos anticipan una mejora, pero hay se\u00f1ales mixtas en el mercado laboral - Palmero Despachante de Aduana","og_description":"La econom\u00eda uruguaya mostr\u00f3 se\u00f1ales mayoritariamente positivas de crecimiento, seg\u00fan un informe del Observatorio de Coyuntura de la Universidad Cat\u00f3lica del Uruguay (UCU). All\u00ed se detalla que el \u00cdndice Mensual de Actividad Econ\u00f3mica (IMAE) anticip\u00f3 un crecimiento interanual del 3,1% en el primer trimestre, en l\u00ednea con las proyecciones del Banco Central del Uruguay (BCU). [&hellip;]","og_url":"https:\/\/palmerodespachante.uy\/index.php\/2025\/07\/14\/indicadores-economicos-anticipan-una-mejora-pero-hay-senales-mixtas-en-el-mercado-laboral\/","og_site_name":"Palmero Despachante de Aduana","article_publisher":"https:\/\/www.facebook.com\/despachantedeaduana.palmero?hc_ref=ARQPWzEmqFz3O_9qTlrxPP6NW-Vf1b4-iJdwH7XdkuWdfarefzfPyjY7DGBCye4mnJs","article_published_time":"2025-07-14T17:48:10+00:00","article_modified_time":"2025-07-14T17:48:11+00:00","og_image":[{"width":800,"height":450,"url":"http:\/\/palmerodespachante.uy\/wp-content\/uploads\/2025\/07\/Crecimiento.jpg","type":"image\/jpeg"}],"author":"Javier Palmero","twitter_card":"summary_large_image","twitter_misc":{"Escrito por":"Javier Palmero","Tiempo de lectura":"2 minutos"},"schema":{"@context":"https:\/\/schema.org","@graph":[{"@type":"Article","@id":"https:\/\/palmerodespachante.uy\/index.php\/2025\/07\/14\/indicadores-economicos-anticipan-una-mejora-pero-hay-senales-mixtas-en-el-mercado-laboral\/#article","isPartOf":{"@id":"https:\/\/palmerodespachante.uy\/index.php\/2025\/07\/14\/indicadores-economicos-anticipan-una-mejora-pero-hay-senales-mixtas-en-el-mercado-laboral\/"},"author":{"name":"Javier Palmero","@id":"https:\/\/palmerodespachante.uy\/#\/schema\/person\/9eabdcdc87fc74d275cc2faf2ce2f732"},"headline":"Indicadores econ\u00f3micos anticipan una mejora, pero hay se\u00f1ales mixtas en el mercado laboral","datePublished":"2025-07-14T17:48:10+00:00","dateModified":"2025-07-14T17:48:11+00:00","mainEntityOfPage":{"@id":"https:\/\/palmerodespachante.uy\/index.php\/2025\/07\/14\/indicadores-economicos-anticipan-una-mejora-pero-hay-senales-mixtas-en-el-mercado-laboral\/"},"wordCount":319,"commentCount":0,"publisher":{"@id":"https:\/\/palmerodespachante.uy\/#organization"},"image":{"@id":"https:\/\/palmerodespachante.uy\/index.php\/2025\/07\/14\/indicadores-economicos-anticipan-una-mejora-pero-hay-senales-mixtas-en-el-mercado-laboral\/#primaryimage"},"thumbnailUrl":"https:\/\/palmerodespachante.uy\/wp-content\/uploads\/2025\/07\/Crecimiento.jpg","articleSection":["Noticias"],"inLanguage":"es","potentialAction":[{"@type":"CommentAction","name":"Comment","target":["https:\/\/palmerodespachante.uy\/index.php\/2025\/07\/14\/indicadores-economicos-anticipan-una-mejora-pero-hay-senales-mixtas-en-el-mercado-laboral\/#respond"]}]},{"@type":"WebPage","@id":"https:\/\/palmerodespachante.uy\/index.php\/2025\/07\/14\/indicadores-economicos-anticipan-una-mejora-pero-hay-senales-mixtas-en-el-mercado-laboral\/","url":"https:\/\/palmerodespachante.uy\/index.php\/2025\/07\/14\/indicadores-economicos-anticipan-una-mejora-pero-hay-senales-mixtas-en-el-mercado-laboral\/","name":"Indicadores econ\u00f3micos anticipan una mejora, pero hay se\u00f1ales mixtas en el mercado laboral - Palmero Despachante de Aduana","isPartOf":{"@id":"https:\/\/palmerodespachante.uy\/#website"},"primaryImageOfPage":{"@id":"https:\/\/palmerodespachante.uy\/index.php\/2025\/07\/14\/indicadores-economicos-anticipan-una-mejora-pero-hay-senales-mixtas-en-el-mercado-laboral\/#primaryimage"},"image":{"@id":"https:\/\/palmerodespachante.uy\/index.php\/2025\/07\/14\/indicadores-economicos-anticipan-una-mejora-pero-hay-senales-mixtas-en-el-mercado-laboral\/#primaryimage"},"thumbnailUrl":"https:\/\/palmerodespachante.uy\/wp-content\/uploads\/2025\/07\/Crecimiento.jpg","datePublished":"2025-07-14T17:48:10+00:00","dateModified":"2025-07-14T17:48:11+00:00","breadcrumb":{"@id":"https:\/\/palmerodespachante.uy\/index.php\/2025\/07\/14\/indicadores-economicos-anticipan-una-mejora-pero-hay-senales-mixtas-en-el-mercado-laboral\/#breadcrumb"},"inLanguage":"es","potentialAction":[{"@type":"ReadAction","target":["https:\/\/palmerodespachante.uy\/index.php\/2025\/07\/14\/indicadores-economicos-anticipan-una-mejora-pero-hay-senales-mixtas-en-el-mercado-laboral\/"]}]},{"@type":"ImageObject","inLanguage":"es","@id":"https:\/\/palmerodespachante.uy\/index.php\/2025\/07\/14\/indicadores-economicos-anticipan-una-mejora-pero-hay-senales-mixtas-en-el-mercado-laboral\/#primaryimage","url":"https:\/\/palmerodespachante.uy\/wp-content\/uploads\/2025\/07\/Crecimiento.jpg","contentUrl":"https:\/\/palmerodespachante.uy\/wp-content\/uploads\/2025\/07\/Crecimiento.jpg","width":800,"height":450},{"@type":"BreadcrumbList","@id":"https:\/\/palmerodespachante.uy\/index.php\/2025\/07\/14\/indicadores-economicos-anticipan-una-mejora-pero-hay-senales-mixtas-en-el-mercado-laboral\/#breadcrumb","itemListElement":[{"@type":"ListItem","position":1,"name":"Portada","item":"https:\/\/palmerodespachante.uy\/"},{"@type":"ListItem","position":2,"name":"Indicadores econ\u00f3micos anticipan una mejora, pero hay se\u00f1ales mixtas en el mercado laboral"}]},{"@type":"WebSite","@id":"https:\/\/palmerodespachante.uy\/#website","url":"https:\/\/palmerodespachante.uy\/","name":"Palmero Despachante de Aduana","description":"Importaci\u00f3n, Exportaci\u00f3n, Tr\u00e1nsito","publisher":{"@id":"https:\/\/palmerodespachante.uy\/#organization"},"potentialAction":[{"@type":"SearchAction","target":{"@type":"EntryPoint","urlTemplate":"https:\/\/palmerodespachante.uy\/?s={search_term_string}"},"query-input":{"@type":"PropertyValueSpecification","valueRequired":true,"valueName":"search_term_string"}}],"inLanguage":"es"},{"@type":"Organization","@id":"https:\/\/palmerodespachante.uy\/#organization","name":"Palmero Despachante de Aduanas","url":"https:\/\/palmerodespachante.uy\/","logo":{"@type":"ImageObject","inLanguage":"es","@id":"https:\/\/palmerodespachante.uy\/#\/schema\/logo\/image\/","url":"https:\/\/palmerodespachante.uy\/wp-content\/uploads\/2018\/08\/Logo-144.png","contentUrl":"https:\/\/palmerodespachante.uy\/wp-content\/uploads\/2018\/08\/Logo-144.png","width":144,"height":144,"caption":"Palmero Despachante de Aduanas"},"image":{"@id":"https:\/\/palmerodespachante.uy\/#\/schema\/logo\/image\/"},"sameAs":["https:\/\/www.facebook.com\/despachantedeaduana.palmero?hc_ref=ARQPWzEmqFz3O_9qTlrxPP6NW-Vf1b4-iJdwH7XdkuWdfarefzfPyjY7DGBCye4mnJs","https:\/\/www.linkedin.com\/company\/despachante-de-aduana-palmero\/"]},{"@type":"Person","@id":"https:\/\/palmerodespachante.uy\/#\/schema\/person\/9eabdcdc87fc74d275cc2faf2ce2f732","name":"Javier Palmero","image":{"@type":"ImageObject","inLanguage":"es","@id":"https:\/\/palmerodespachante.uy\/wp-content\/litespeed\/avatar\/8e783966089c8fa82b27a6627fb956c2.jpg?ver=1777463218","url":"https:\/\/palmerodespachante.uy\/wp-content\/litespeed\/avatar\/8e783966089c8fa82b27a6627fb956c2.jpg?ver=1777463218","contentUrl":"https:\/\/palmerodespachante.uy\/wp-content\/litespeed\/avatar\/8e783966089c8fa82b27a6627fb956c2.jpg?ver=1777463218","caption":"Javier Palmero"}}]}},"jetpack_featured_media_url":"https:\/\/palmerodespachante.uy\/wp-content\/uploads\/2025\/07\/Crecimiento.jpg","_links":{"self":[{"href":"https:\/\/palmerodespachante.uy\/index.php\/wp-json\/wp\/v2\/posts\/1483","targetHints":{"allow":["GET"]}}],"collection":[{"href":"https:\/\/palmerodespachante.uy\/index.php\/wp-json\/wp\/v2\/posts"}],"about":[{"href":"https:\/\/palmerodespachante.uy\/index.php\/wp-json\/wp\/v2\/types\/post"}],"author":[{"embeddable":true,"href":"https:\/\/palmerodespachante.uy\/index.php\/wp-json\/wp\/v2\/users\/3"}],"replies":[{"embeddable":true,"href":"https:\/\/palmerodespachante.uy\/index.php\/wp-json\/wp\/v2\/comments?post=1483"}],"version-history":[{"count":1,"href":"https:\/\/palmerodespachante.uy\/index.php\/wp-json\/wp\/v2\/posts\/1483\/revisions"}],"predecessor-version":[{"id":1485,"href":"https:\/\/palmerodespachante.uy\/index.php\/wp-json\/wp\/v2\/posts\/1483\/revisions\/1485"}],"wp:featuredmedia":[{"embeddable":true,"href":"https:\/\/palmerodespachante.uy\/index.php\/wp-json\/wp\/v2\/media\/1484"}],"wp:attachment":[{"href":"https:\/\/palmerodespachante.uy\/index.php\/wp-json\/wp\/v2\/media?parent=1483"}],"wp:term":[{"taxonomy":"category","embeddable":true,"href":"https:\/\/palmerodespachante.uy\/index.php\/wp-json\/wp\/v2\/categories?post=1483"},{"taxonomy":"post_tag","embeddable":true,"href":"https:\/\/palmerodespachante.uy\/index.php\/wp-json\/wp\/v2\/tags?post=1483"}],"curies":[{"name":"wp","href":"https:\/\/api.w.org\/{rel}","templated":true}]}}