{"id":1480,"date":"2025-07-14T14:45:24","date_gmt":"2025-07-14T17:45:24","guid":{"rendered":"https:\/\/palmerodespachante.uy\/?p=1480"},"modified":"2025-07-14T14:45:26","modified_gmt":"2025-07-14T17:45:26","slug":"se-mantienen-perspectivas-de-crecimiento-local-pero-se-advierte-por-un-ajuste-a-la-baja-para-2026","status":"publish","type":"post","link":"https:\/\/palmerodespachante.uy\/index.php\/2025\/07\/14\/se-mantienen-perspectivas-de-crecimiento-local-pero-se-advierte-por-un-ajuste-a-la-baja-para-2026\/","title":{"rendered":"SE MANTIENEN PERSPECTIVAS DE CRECIMIENTO LOCAL, PERO SE ADVIERTE POR UN AJUSTE A LA BAJA PARA 2026."},"content":{"rendered":"\n<p>Luego de crecer m\u00e1s de lo previsto en el primer trimestre del a\u00f1o, la econom\u00eda uruguaya da se\u00f1ales de expansi\u00f3n en el segundo trimestre, de acuerdo a la mayor\u00eda de los indicadores adelantados de actividad, relevados por el informe de coyuntura de la firma Grant Thornton. No obstante, si bien se mantiene la tendencia positiva y de \u201cdinamismo econ\u00f3mico\u201d, se entiende que puede haber una desaceleraci\u00f3n de la actividad en la segunda mitad del a\u00f1o, y en 2026. El informe de Grant Thornton se\u00f1ala que la econom\u00eda local creci\u00f3 por encima de lo esperado en el primer trimestre del a\u00f1o, al registrar una expansi\u00f3n interanual 3,44% y de 0,54% en comparaci\u00f3n con el \u00faltimo trimestre del 2024 en t\u00e9rminos desestacionalizados. En tal sentido, se destac\u00f3 la incidencia positiva coyuntural que implic\u00f3 la puesta en funcionamiento de la refiner\u00eda de Ancap, que hab\u00eda paralizado sus actividades durante el primer trimestre de 2024.\u00a0Por el lado de la demanda, se registraron aumentos de todos los componentes, destac\u00e1ndose la Formaci\u00f3n Bruta de Capital (inversi\u00f3n y variaci\u00f3n de existencias) que aument\u00f3 11,6% en comparaci\u00f3n con el primer trimestre del a\u00f1o pasado. En cuanto a las perspectivas a futuro, el informe asegura que se mantienen las expectativas de crecimiento tanto para este a\u00f1o como para el pr\u00f3ximo, aunque con los analistas afinando el l\u00e1piz. Las expectativas del mercado relevadas por el Banco Central del Uruguay (BCU) siguen marcando un crecimiento esperado de 2,5% para este a\u00f1o, pero para 2026 tuvieron un ajuste a la baja, anticipando ahora una expansi\u00f3n de 2%. (Cr\u00f3nicas)<\/p>\n","protected":false},"excerpt":{"rendered":"<p>Luego de crecer m\u00e1s de lo previsto en el primer trimestre del a\u00f1o, la econom\u00eda uruguaya da se\u00f1ales de expansi\u00f3n en el segundo trimestre, de acuerdo a la mayor\u00eda de los indicadores adelantados de actividad, relevados por el informe de coyuntura de la firma Grant Thornton. No obstante, si bien se mantiene la tendencia positiva [&hellip;]<\/p>\n","protected":false},"author":3,"featured_media":1481,"comment_status":"open","ping_status":"open","sticky":false,"template":"","format":"standard","meta":{"_joinchat":[],"footnotes":""},"categories":[37],"tags":[],"class_list":{"0":"post-1480","1":"post","2":"type-post","3":"status-publish","4":"format-standard","5":"has-post-thumbnail","7":"category-noticias"},"yoast_head":"<!-- This site is optimized with the Yoast SEO plugin v27.5 - https:\/\/yoast.com\/product\/yoast-seo-wordpress\/ -->\n<title>SE MANTIENEN PERSPECTIVAS DE CRECIMIENTO LOCAL, PERO SE ADVIERTE POR UN AJUSTE A LA BAJA PARA 2026. - Palmero Despachante de Aduana<\/title>\n<meta name=\"robots\" content=\"noindex, follow\" \/>\n<meta property=\"og:locale\" content=\"es_ES\" \/>\n<meta property=\"og:type\" content=\"article\" \/>\n<meta property=\"og:title\" content=\"SE MANTIENEN PERSPECTIVAS DE CRECIMIENTO LOCAL, PERO SE ADVIERTE POR UN AJUSTE A LA BAJA PARA 2026. - Palmero Despachante de Aduana\" \/>\n<meta property=\"og:description\" content=\"Luego de crecer m\u00e1s de lo previsto en el primer trimestre del a\u00f1o, la econom\u00eda uruguaya da se\u00f1ales de expansi\u00f3n en el segundo trimestre, de acuerdo a la mayor\u00eda de los indicadores adelantados de actividad, relevados por el informe de coyuntura de la firma Grant Thornton. No obstante, si bien se mantiene la tendencia positiva [&hellip;]\" \/>\n<meta property=\"og:url\" content=\"https:\/\/palmerodespachante.uy\/index.php\/2025\/07\/14\/se-mantienen-perspectivas-de-crecimiento-local-pero-se-advierte-por-un-ajuste-a-la-baja-para-2026\/\" \/>\n<meta property=\"og:site_name\" content=\"Palmero Despachante de Aduana\" \/>\n<meta property=\"article:publisher\" content=\"https:\/\/www.facebook.com\/despachantedeaduana.palmero?hc_ref=ARQPWzEmqFz3O_9qTlrxPP6NW-Vf1b4-iJdwH7XdkuWdfarefzfPyjY7DGBCye4mnJs\" \/>\n<meta property=\"article:published_time\" content=\"2025-07-14T17:45:24+00:00\" \/>\n<meta property=\"article:modified_time\" content=\"2025-07-14T17:45:26+00:00\" \/>\n<meta property=\"og:image\" content=\"http:\/\/palmerodespachante.uy\/wp-content\/uploads\/2025\/07\/eco-coyuntura.jpg\" \/>\n\t<meta property=\"og:image:width\" content=\"800\" \/>\n\t<meta property=\"og:image:height\" content=\"449\" \/>\n\t<meta property=\"og:image:type\" content=\"image\/jpeg\" \/>\n<meta name=\"author\" content=\"Javier Palmero\" \/>\n<meta name=\"twitter:card\" content=\"summary_large_image\" \/>\n<meta name=\"twitter:label1\" content=\"Escrito por\" \/>\n\t<meta name=\"twitter:data1\" content=\"Javier Palmero\" \/>\n\t<meta name=\"twitter:label2\" content=\"Tiempo de lectura\" \/>\n\t<meta name=\"twitter:data2\" content=\"2 minutos\" \/>\n<script type=\"application\/ld+json\" class=\"yoast-schema-graph\">{\"@context\":\"https:\\\/\\\/schema.org\",\"@graph\":[{\"@type\":\"Article\",\"@id\":\"https:\\\/\\\/palmerodespachante.uy\\\/index.php\\\/2025\\\/07\\\/14\\\/se-mantienen-perspectivas-de-crecimiento-local-pero-se-advierte-por-un-ajuste-a-la-baja-para-2026\\\/#article\",\"isPartOf\":{\"@id\":\"https:\\\/\\\/palmerodespachante.uy\\\/index.php\\\/2025\\\/07\\\/14\\\/se-mantienen-perspectivas-de-crecimiento-local-pero-se-advierte-por-un-ajuste-a-la-baja-para-2026\\\/\"},\"author\":{\"name\":\"Javier Palmero\",\"@id\":\"https:\\\/\\\/palmerodespachante.uy\\\/#\\\/schema\\\/person\\\/9eabdcdc87fc74d275cc2faf2ce2f732\"},\"headline\":\"SE MANTIENEN PERSPECTIVAS DE CRECIMIENTO LOCAL, PERO SE ADVIERTE POR UN AJUSTE A LA BAJA PARA 2026.\",\"datePublished\":\"2025-07-14T17:45:24+00:00\",\"dateModified\":\"2025-07-14T17:45:26+00:00\",\"mainEntityOfPage\":{\"@id\":\"https:\\\/\\\/palmerodespachante.uy\\\/index.php\\\/2025\\\/07\\\/14\\\/se-mantienen-perspectivas-de-crecimiento-local-pero-se-advierte-por-un-ajuste-a-la-baja-para-2026\\\/\"},\"wordCount\":293,\"commentCount\":0,\"publisher\":{\"@id\":\"https:\\\/\\\/palmerodespachante.uy\\\/#organization\"},\"image\":{\"@id\":\"https:\\\/\\\/palmerodespachante.uy\\\/index.php\\\/2025\\\/07\\\/14\\\/se-mantienen-perspectivas-de-crecimiento-local-pero-se-advierte-por-un-ajuste-a-la-baja-para-2026\\\/#primaryimage\"},\"thumbnailUrl\":\"https:\\\/\\\/palmerodespachante.uy\\\/wp-content\\\/uploads\\\/2025\\\/07\\\/eco-coyuntura.jpg\",\"articleSection\":[\"Noticias\"],\"inLanguage\":\"es\",\"potentialAction\":[{\"@type\":\"CommentAction\",\"name\":\"Comment\",\"target\":[\"https:\\\/\\\/palmerodespachante.uy\\\/index.php\\\/2025\\\/07\\\/14\\\/se-mantienen-perspectivas-de-crecimiento-local-pero-se-advierte-por-un-ajuste-a-la-baja-para-2026\\\/#respond\"]}]},{\"@type\":\"WebPage\",\"@id\":\"https:\\\/\\\/palmerodespachante.uy\\\/index.php\\\/2025\\\/07\\\/14\\\/se-mantienen-perspectivas-de-crecimiento-local-pero-se-advierte-por-un-ajuste-a-la-baja-para-2026\\\/\",\"url\":\"https:\\\/\\\/palmerodespachante.uy\\\/index.php\\\/2025\\\/07\\\/14\\\/se-mantienen-perspectivas-de-crecimiento-local-pero-se-advierte-por-un-ajuste-a-la-baja-para-2026\\\/\",\"name\":\"SE MANTIENEN PERSPECTIVAS DE CRECIMIENTO LOCAL, PERO SE ADVIERTE POR UN AJUSTE A LA BAJA PARA 2026. - Palmero Despachante de Aduana\",\"isPartOf\":{\"@id\":\"https:\\\/\\\/palmerodespachante.uy\\\/#website\"},\"primaryImageOfPage\":{\"@id\":\"https:\\\/\\\/palmerodespachante.uy\\\/index.php\\\/2025\\\/07\\\/14\\\/se-mantienen-perspectivas-de-crecimiento-local-pero-se-advierte-por-un-ajuste-a-la-baja-para-2026\\\/#primaryimage\"},\"image\":{\"@id\":\"https:\\\/\\\/palmerodespachante.uy\\\/index.php\\\/2025\\\/07\\\/14\\\/se-mantienen-perspectivas-de-crecimiento-local-pero-se-advierte-por-un-ajuste-a-la-baja-para-2026\\\/#primaryimage\"},\"thumbnailUrl\":\"https:\\\/\\\/palmerodespachante.uy\\\/wp-content\\\/uploads\\\/2025\\\/07\\\/eco-coyuntura.jpg\",\"datePublished\":\"2025-07-14T17:45:24+00:00\",\"dateModified\":\"2025-07-14T17:45:26+00:00\",\"breadcrumb\":{\"@id\":\"https:\\\/\\\/palmerodespachante.uy\\\/index.php\\\/2025\\\/07\\\/14\\\/se-mantienen-perspectivas-de-crecimiento-local-pero-se-advierte-por-un-ajuste-a-la-baja-para-2026\\\/#breadcrumb\"},\"inLanguage\":\"es\",\"potentialAction\":[{\"@type\":\"ReadAction\",\"target\":[\"https:\\\/\\\/palmerodespachante.uy\\\/index.php\\\/2025\\\/07\\\/14\\\/se-mantienen-perspectivas-de-crecimiento-local-pero-se-advierte-por-un-ajuste-a-la-baja-para-2026\\\/\"]}]},{\"@type\":\"ImageObject\",\"inLanguage\":\"es\",\"@id\":\"https:\\\/\\\/palmerodespachante.uy\\\/index.php\\\/2025\\\/07\\\/14\\\/se-mantienen-perspectivas-de-crecimiento-local-pero-se-advierte-por-un-ajuste-a-la-baja-para-2026\\\/#primaryimage\",\"url\":\"https:\\\/\\\/palmerodespachante.uy\\\/wp-content\\\/uploads\\\/2025\\\/07\\\/eco-coyuntura.jpg\",\"contentUrl\":\"https:\\\/\\\/palmerodespachante.uy\\\/wp-content\\\/uploads\\\/2025\\\/07\\\/eco-coyuntura.jpg\",\"width\":800,\"height\":449},{\"@type\":\"BreadcrumbList\",\"@id\":\"https:\\\/\\\/palmerodespachante.uy\\\/index.php\\\/2025\\\/07\\\/14\\\/se-mantienen-perspectivas-de-crecimiento-local-pero-se-advierte-por-un-ajuste-a-la-baja-para-2026\\\/#breadcrumb\",\"itemListElement\":[{\"@type\":\"ListItem\",\"position\":1,\"name\":\"Portada\",\"item\":\"https:\\\/\\\/palmerodespachante.uy\\\/\"},{\"@type\":\"ListItem\",\"position\":2,\"name\":\"SE MANTIENEN PERSPECTIVAS DE CRECIMIENTO LOCAL, PERO SE ADVIERTE POR UN AJUSTE A LA BAJA PARA 2026.\"}]},{\"@type\":\"WebSite\",\"@id\":\"https:\\\/\\\/palmerodespachante.uy\\\/#website\",\"url\":\"https:\\\/\\\/palmerodespachante.uy\\\/\",\"name\":\"Palmero Despachante de Aduana\",\"description\":\"Importaci\u00f3n, Exportaci\u00f3n, Tr\u00e1nsito\",\"publisher\":{\"@id\":\"https:\\\/\\\/palmerodespachante.uy\\\/#organization\"},\"potentialAction\":[{\"@type\":\"SearchAction\",\"target\":{\"@type\":\"EntryPoint\",\"urlTemplate\":\"https:\\\/\\\/palmerodespachante.uy\\\/?s={search_term_string}\"},\"query-input\":{\"@type\":\"PropertyValueSpecification\",\"valueRequired\":true,\"valueName\":\"search_term_string\"}}],\"inLanguage\":\"es\"},{\"@type\":\"Organization\",\"@id\":\"https:\\\/\\\/palmerodespachante.uy\\\/#organization\",\"name\":\"Palmero Despachante de Aduanas\",\"url\":\"https:\\\/\\\/palmerodespachante.uy\\\/\",\"logo\":{\"@type\":\"ImageObject\",\"inLanguage\":\"es\",\"@id\":\"https:\\\/\\\/palmerodespachante.uy\\\/#\\\/schema\\\/logo\\\/image\\\/\",\"url\":\"https:\\\/\\\/palmerodespachante.uy\\\/wp-content\\\/uploads\\\/2018\\\/08\\\/Logo-144.png\",\"contentUrl\":\"https:\\\/\\\/palmerodespachante.uy\\\/wp-content\\\/uploads\\\/2018\\\/08\\\/Logo-144.png\",\"width\":144,\"height\":144,\"caption\":\"Palmero Despachante de Aduanas\"},\"image\":{\"@id\":\"https:\\\/\\\/palmerodespachante.uy\\\/#\\\/schema\\\/logo\\\/image\\\/\"},\"sameAs\":[\"https:\\\/\\\/www.facebook.com\\\/despachantedeaduana.palmero?hc_ref=ARQPWzEmqFz3O_9qTlrxPP6NW-Vf1b4-iJdwH7XdkuWdfarefzfPyjY7DGBCye4mnJs\",\"https:\\\/\\\/www.linkedin.com\\\/company\\\/despachante-de-aduana-palmero\\\/\"]},{\"@type\":\"Person\",\"@id\":\"https:\\\/\\\/palmerodespachante.uy\\\/#\\\/schema\\\/person\\\/9eabdcdc87fc74d275cc2faf2ce2f732\",\"name\":\"Javier Palmero\",\"image\":{\"@type\":\"ImageObject\",\"inLanguage\":\"es\",\"@id\":\"https:\\\/\\\/palmerodespachante.uy\\\/wp-content\\\/litespeed\\\/avatar\\\/8e783966089c8fa82b27a6627fb956c2.jpg?ver=1777463218\",\"url\":\"https:\\\/\\\/palmerodespachante.uy\\\/wp-content\\\/litespeed\\\/avatar\\\/8e783966089c8fa82b27a6627fb956c2.jpg?ver=1777463218\",\"contentUrl\":\"https:\\\/\\\/palmerodespachante.uy\\\/wp-content\\\/litespeed\\\/avatar\\\/8e783966089c8fa82b27a6627fb956c2.jpg?ver=1777463218\",\"caption\":\"Javier Palmero\"}}]}<\/script>\n<!-- \/ Yoast SEO plugin. -->","yoast_head_json":{"title":"SE MANTIENEN PERSPECTIVAS DE CRECIMIENTO LOCAL, PERO SE ADVIERTE POR UN AJUSTE A LA BAJA PARA 2026. - Palmero Despachante de Aduana","robots":{"index":"noindex","follow":"follow"},"og_locale":"es_ES","og_type":"article","og_title":"SE MANTIENEN PERSPECTIVAS DE CRECIMIENTO LOCAL, PERO SE ADVIERTE POR UN AJUSTE A LA BAJA PARA 2026. - Palmero Despachante de Aduana","og_description":"Luego de crecer m\u00e1s de lo previsto en el primer trimestre del a\u00f1o, la econom\u00eda uruguaya da se\u00f1ales de expansi\u00f3n en el segundo trimestre, de acuerdo a la mayor\u00eda de los indicadores adelantados de actividad, relevados por el informe de coyuntura de la firma Grant Thornton. No obstante, si bien se mantiene la tendencia positiva [&hellip;]","og_url":"https:\/\/palmerodespachante.uy\/index.php\/2025\/07\/14\/se-mantienen-perspectivas-de-crecimiento-local-pero-se-advierte-por-un-ajuste-a-la-baja-para-2026\/","og_site_name":"Palmero Despachante de Aduana","article_publisher":"https:\/\/www.facebook.com\/despachantedeaduana.palmero?hc_ref=ARQPWzEmqFz3O_9qTlrxPP6NW-Vf1b4-iJdwH7XdkuWdfarefzfPyjY7DGBCye4mnJs","article_published_time":"2025-07-14T17:45:24+00:00","article_modified_time":"2025-07-14T17:45:26+00:00","og_image":[{"width":800,"height":449,"url":"http:\/\/palmerodespachante.uy\/wp-content\/uploads\/2025\/07\/eco-coyuntura.jpg","type":"image\/jpeg"}],"author":"Javier Palmero","twitter_card":"summary_large_image","twitter_misc":{"Escrito por":"Javier Palmero","Tiempo de lectura":"2 minutos"},"schema":{"@context":"https:\/\/schema.org","@graph":[{"@type":"Article","@id":"https:\/\/palmerodespachante.uy\/index.php\/2025\/07\/14\/se-mantienen-perspectivas-de-crecimiento-local-pero-se-advierte-por-un-ajuste-a-la-baja-para-2026\/#article","isPartOf":{"@id":"https:\/\/palmerodespachante.uy\/index.php\/2025\/07\/14\/se-mantienen-perspectivas-de-crecimiento-local-pero-se-advierte-por-un-ajuste-a-la-baja-para-2026\/"},"author":{"name":"Javier Palmero","@id":"https:\/\/palmerodespachante.uy\/#\/schema\/person\/9eabdcdc87fc74d275cc2faf2ce2f732"},"headline":"SE MANTIENEN PERSPECTIVAS DE CRECIMIENTO LOCAL, PERO SE ADVIERTE POR UN AJUSTE A LA BAJA PARA 2026.","datePublished":"2025-07-14T17:45:24+00:00","dateModified":"2025-07-14T17:45:26+00:00","mainEntityOfPage":{"@id":"https:\/\/palmerodespachante.uy\/index.php\/2025\/07\/14\/se-mantienen-perspectivas-de-crecimiento-local-pero-se-advierte-por-un-ajuste-a-la-baja-para-2026\/"},"wordCount":293,"commentCount":0,"publisher":{"@id":"https:\/\/palmerodespachante.uy\/#organization"},"image":{"@id":"https:\/\/palmerodespachante.uy\/index.php\/2025\/07\/14\/se-mantienen-perspectivas-de-crecimiento-local-pero-se-advierte-por-un-ajuste-a-la-baja-para-2026\/#primaryimage"},"thumbnailUrl":"https:\/\/palmerodespachante.uy\/wp-content\/uploads\/2025\/07\/eco-coyuntura.jpg","articleSection":["Noticias"],"inLanguage":"es","potentialAction":[{"@type":"CommentAction","name":"Comment","target":["https:\/\/palmerodespachante.uy\/index.php\/2025\/07\/14\/se-mantienen-perspectivas-de-crecimiento-local-pero-se-advierte-por-un-ajuste-a-la-baja-para-2026\/#respond"]}]},{"@type":"WebPage","@id":"https:\/\/palmerodespachante.uy\/index.php\/2025\/07\/14\/se-mantienen-perspectivas-de-crecimiento-local-pero-se-advierte-por-un-ajuste-a-la-baja-para-2026\/","url":"https:\/\/palmerodespachante.uy\/index.php\/2025\/07\/14\/se-mantienen-perspectivas-de-crecimiento-local-pero-se-advierte-por-un-ajuste-a-la-baja-para-2026\/","name":"SE MANTIENEN PERSPECTIVAS DE CRECIMIENTO LOCAL, PERO SE ADVIERTE POR UN AJUSTE A LA BAJA PARA 2026. - Palmero Despachante de Aduana","isPartOf":{"@id":"https:\/\/palmerodespachante.uy\/#website"},"primaryImageOfPage":{"@id":"https:\/\/palmerodespachante.uy\/index.php\/2025\/07\/14\/se-mantienen-perspectivas-de-crecimiento-local-pero-se-advierte-por-un-ajuste-a-la-baja-para-2026\/#primaryimage"},"image":{"@id":"https:\/\/palmerodespachante.uy\/index.php\/2025\/07\/14\/se-mantienen-perspectivas-de-crecimiento-local-pero-se-advierte-por-un-ajuste-a-la-baja-para-2026\/#primaryimage"},"thumbnailUrl":"https:\/\/palmerodespachante.uy\/wp-content\/uploads\/2025\/07\/eco-coyuntura.jpg","datePublished":"2025-07-14T17:45:24+00:00","dateModified":"2025-07-14T17:45:26+00:00","breadcrumb":{"@id":"https:\/\/palmerodespachante.uy\/index.php\/2025\/07\/14\/se-mantienen-perspectivas-de-crecimiento-local-pero-se-advierte-por-un-ajuste-a-la-baja-para-2026\/#breadcrumb"},"inLanguage":"es","potentialAction":[{"@type":"ReadAction","target":["https:\/\/palmerodespachante.uy\/index.php\/2025\/07\/14\/se-mantienen-perspectivas-de-crecimiento-local-pero-se-advierte-por-un-ajuste-a-la-baja-para-2026\/"]}]},{"@type":"ImageObject","inLanguage":"es","@id":"https:\/\/palmerodespachante.uy\/index.php\/2025\/07\/14\/se-mantienen-perspectivas-de-crecimiento-local-pero-se-advierte-por-un-ajuste-a-la-baja-para-2026\/#primaryimage","url":"https:\/\/palmerodespachante.uy\/wp-content\/uploads\/2025\/07\/eco-coyuntura.jpg","contentUrl":"https:\/\/palmerodespachante.uy\/wp-content\/uploads\/2025\/07\/eco-coyuntura.jpg","width":800,"height":449},{"@type":"BreadcrumbList","@id":"https:\/\/palmerodespachante.uy\/index.php\/2025\/07\/14\/se-mantienen-perspectivas-de-crecimiento-local-pero-se-advierte-por-un-ajuste-a-la-baja-para-2026\/#breadcrumb","itemListElement":[{"@type":"ListItem","position":1,"name":"Portada","item":"https:\/\/palmerodespachante.uy\/"},{"@type":"ListItem","position":2,"name":"SE MANTIENEN PERSPECTIVAS DE CRECIMIENTO LOCAL, PERO SE ADVIERTE POR UN AJUSTE A LA BAJA PARA 2026."}]},{"@type":"WebSite","@id":"https:\/\/palmerodespachante.uy\/#website","url":"https:\/\/palmerodespachante.uy\/","name":"Palmero Despachante de Aduana","description":"Importaci\u00f3n, Exportaci\u00f3n, Tr\u00e1nsito","publisher":{"@id":"https:\/\/palmerodespachante.uy\/#organization"},"potentialAction":[{"@type":"SearchAction","target":{"@type":"EntryPoint","urlTemplate":"https:\/\/palmerodespachante.uy\/?s={search_term_string}"},"query-input":{"@type":"PropertyValueSpecification","valueRequired":true,"valueName":"search_term_string"}}],"inLanguage":"es"},{"@type":"Organization","@id":"https:\/\/palmerodespachante.uy\/#organization","name":"Palmero Despachante de Aduanas","url":"https:\/\/palmerodespachante.uy\/","logo":{"@type":"ImageObject","inLanguage":"es","@id":"https:\/\/palmerodespachante.uy\/#\/schema\/logo\/image\/","url":"https:\/\/palmerodespachante.uy\/wp-content\/uploads\/2018\/08\/Logo-144.png","contentUrl":"https:\/\/palmerodespachante.uy\/wp-content\/uploads\/2018\/08\/Logo-144.png","width":144,"height":144,"caption":"Palmero Despachante de Aduanas"},"image":{"@id":"https:\/\/palmerodespachante.uy\/#\/schema\/logo\/image\/"},"sameAs":["https:\/\/www.facebook.com\/despachantedeaduana.palmero?hc_ref=ARQPWzEmqFz3O_9qTlrxPP6NW-Vf1b4-iJdwH7XdkuWdfarefzfPyjY7DGBCye4mnJs","https:\/\/www.linkedin.com\/company\/despachante-de-aduana-palmero\/"]},{"@type":"Person","@id":"https:\/\/palmerodespachante.uy\/#\/schema\/person\/9eabdcdc87fc74d275cc2faf2ce2f732","name":"Javier Palmero","image":{"@type":"ImageObject","inLanguage":"es","@id":"https:\/\/palmerodespachante.uy\/wp-content\/litespeed\/avatar\/8e783966089c8fa82b27a6627fb956c2.jpg?ver=1777463218","url":"https:\/\/palmerodespachante.uy\/wp-content\/litespeed\/avatar\/8e783966089c8fa82b27a6627fb956c2.jpg?ver=1777463218","contentUrl":"https:\/\/palmerodespachante.uy\/wp-content\/litespeed\/avatar\/8e783966089c8fa82b27a6627fb956c2.jpg?ver=1777463218","caption":"Javier Palmero"}}]}},"jetpack_featured_media_url":"https:\/\/palmerodespachante.uy\/wp-content\/uploads\/2025\/07\/eco-coyuntura.jpg","_links":{"self":[{"href":"https:\/\/palmerodespachante.uy\/index.php\/wp-json\/wp\/v2\/posts\/1480","targetHints":{"allow":["GET"]}}],"collection":[{"href":"https:\/\/palmerodespachante.uy\/index.php\/wp-json\/wp\/v2\/posts"}],"about":[{"href":"https:\/\/palmerodespachante.uy\/index.php\/wp-json\/wp\/v2\/types\/post"}],"author":[{"embeddable":true,"href":"https:\/\/palmerodespachante.uy\/index.php\/wp-json\/wp\/v2\/users\/3"}],"replies":[{"embeddable":true,"href":"https:\/\/palmerodespachante.uy\/index.php\/wp-json\/wp\/v2\/comments?post=1480"}],"version-history":[{"count":1,"href":"https:\/\/palmerodespachante.uy\/index.php\/wp-json\/wp\/v2\/posts\/1480\/revisions"}],"predecessor-version":[{"id":1482,"href":"https:\/\/palmerodespachante.uy\/index.php\/wp-json\/wp\/v2\/posts\/1480\/revisions\/1482"}],"wp:featuredmedia":[{"embeddable":true,"href":"https:\/\/palmerodespachante.uy\/index.php\/wp-json\/wp\/v2\/media\/1481"}],"wp:attachment":[{"href":"https:\/\/palmerodespachante.uy\/index.php\/wp-json\/wp\/v2\/media?parent=1480"}],"wp:term":[{"taxonomy":"category","embeddable":true,"href":"https:\/\/palmerodespachante.uy\/index.php\/wp-json\/wp\/v2\/categories?post=1480"},{"taxonomy":"post_tag","embeddable":true,"href":"https:\/\/palmerodespachante.uy\/index.php\/wp-json\/wp\/v2\/tags?post=1480"}],"curies":[{"name":"wp","href":"https:\/\/api.w.org\/{rel}","templated":true}]}}