{"id":1475,"date":"2025-07-03T15:41:51","date_gmt":"2025-07-03T18:41:51","guid":{"rendered":"https:\/\/palmerodespachante.uy\/?p=1475"},"modified":"2025-07-03T15:41:53","modified_gmt":"2025-07-03T18:41:53","slug":"en-el-primer-semestre-del-ano-las-exportaciones-de-productos-uruguayos-aumentan-4-que-explica-la-suba","status":"publish","type":"post","link":"https:\/\/palmerodespachante.uy\/index.php\/2025\/07\/03\/en-el-primer-semestre-del-ano-las-exportaciones-de-productos-uruguayos-aumentan-4-que-explica-la-suba\/","title":{"rendered":"EN EL PRIMER SEMESTRE DEL A\u00d1O LAS EXPORTACIONES DE PRODUCTOS URUGUAYOS AUMENTAN 4%, \u00bfQU\u00c9 EXPLICA LA SUBA?"},"content":{"rendered":"\n<p>En junio de 2025, las solicitudes de exportaci\u00f3n de productos uruguayos, incluidas las zonas francas, alcanzaron a US$ 1.325 millones y marcaron un aumento interanual de 4%. Es el cuarto mes consecutivo de incremento de las ventas al exterior. En tanto, en el primer semestre del a\u00f1o, las exportaciones de bienes, incluidas las zonas francas, totalizaron US$ 6.451 millones, lo que implic\u00f3 una suba de 4% frente al primer semestre del a\u00f1o pasado, seg\u00fan el Informe de Comercio Exterior del Instituto Uruguay XXI. En junio, las colocaciones de productos uruguayos en el exterior estuvieron impulsadas principalmente por las ventas de carne bovina, veh\u00edculos y ganado en pie, mientras que la menor demanda de celulosa y arroz incidi\u00f3 negativamente en el desempe\u00f1o mensual, indic\u00f3 el informe. La soja se posicion\u00f3 en junio como el principal producto exportado, con colocaciones por US$ 336 millones y una ca\u00edda interanual de 3%. La carne bovina ocup\u00f3 el segundo lugar con env\u00edos por US$ 226 millones, creciendo 34% respecto al mismo mes del a\u00f1o anterior, seg\u00fan los datos de Uruguay XXI. \u00abLe sigui\u00f3 la celulosa, con US$ 189 millones, y con una ca\u00edda de 14%. Los productos l\u00e1cteos alcanzaron US$ 66 millones, con un aumento de 11%, mientras que los concentrados de bebidas totalizaron US$ 65 millones, 13% menos que en 2024. El ganado en pie tambi\u00e9n registr\u00f3 un aumento de 82% ( y totalizaron US$ 50 millones), mientras que las exportaciones de veh\u00edculos se duplicaron respecto a junio de 2024 (y alcanzaron a US$ 49 millones)\u00bb, a\u00f1adi\u00f3 el reporte. En cuanto a destinos, en el mes China fue el principal, ya que all\u00ed se dirigieron exportaciones uruguayas por US$ 505 millones (una ca\u00edda interanual de 4%). (El Pa\u00eds)<\/p>\n","protected":false},"excerpt":{"rendered":"<p>En junio de 2025, las solicitudes de exportaci\u00f3n de productos uruguayos, incluidas las zonas francas, alcanzaron a US$ 1.325 millones y marcaron un aumento interanual de 4%. Es el cuarto mes consecutivo de incremento de las ventas al exterior. En tanto, en el primer semestre del a\u00f1o, las exportaciones de bienes, incluidas las zonas francas, [&hellip;]<\/p>\n","protected":false},"author":3,"featured_media":1476,"comment_status":"open","ping_status":"open","sticky":false,"template":"","format":"standard","meta":{"_joinchat":[],"footnotes":""},"categories":[37],"tags":[],"class_list":{"0":"post-1475","1":"post","2":"type-post","3":"status-publish","4":"format-standard","5":"has-post-thumbnail","7":"category-noticias"},"yoast_head":"<!-- This site is optimized with the Yoast SEO plugin v27.5 - https:\/\/yoast.com\/product\/yoast-seo-wordpress\/ -->\n<title>EN EL PRIMER SEMESTRE DEL A\u00d1O LAS EXPORTACIONES DE PRODUCTOS URUGUAYOS AUMENTAN 4%, \u00bfQU\u00c9 EXPLICA LA SUBA? - Palmero Despachante de Aduana<\/title>\n<meta name=\"robots\" content=\"noindex, follow\" \/>\n<meta property=\"og:locale\" content=\"es_ES\" \/>\n<meta property=\"og:type\" content=\"article\" \/>\n<meta property=\"og:title\" content=\"EN EL PRIMER SEMESTRE DEL A\u00d1O LAS EXPORTACIONES DE PRODUCTOS URUGUAYOS AUMENTAN 4%, \u00bfQU\u00c9 EXPLICA LA SUBA? - Palmero Despachante de Aduana\" \/>\n<meta property=\"og:description\" content=\"En junio de 2025, las solicitudes de exportaci\u00f3n de productos uruguayos, incluidas las zonas francas, alcanzaron a US$ 1.325 millones y marcaron un aumento interanual de 4%. Es el cuarto mes consecutivo de incremento de las ventas al exterior. En tanto, en el primer semestre del a\u00f1o, las exportaciones de bienes, incluidas las zonas francas, [&hellip;]\" \/>\n<meta property=\"og:url\" content=\"https:\/\/palmerodespachante.uy\/index.php\/2025\/07\/03\/en-el-primer-semestre-del-ano-las-exportaciones-de-productos-uruguayos-aumentan-4-que-explica-la-suba\/\" \/>\n<meta property=\"og:site_name\" content=\"Palmero Despachante de Aduana\" \/>\n<meta property=\"article:publisher\" content=\"https:\/\/www.facebook.com\/despachantedeaduana.palmero?hc_ref=ARQPWzEmqFz3O_9qTlrxPP6NW-Vf1b4-iJdwH7XdkuWdfarefzfPyjY7DGBCye4mnJs\" \/>\n<meta property=\"article:published_time\" content=\"2025-07-03T18:41:51+00:00\" \/>\n<meta property=\"article:modified_time\" content=\"2025-07-03T18:41:53+00:00\" \/>\n<meta property=\"og:image\" content=\"http:\/\/palmerodespachante.uy\/wp-content\/uploads\/2025\/07\/EXPORTACION-2.jpg\" \/>\n\t<meta property=\"og:image:width\" content=\"718\" \/>\n\t<meta property=\"og:image:height\" content=\"492\" \/>\n\t<meta property=\"og:image:type\" content=\"image\/jpeg\" \/>\n<meta name=\"author\" content=\"Javier Palmero\" \/>\n<meta name=\"twitter:card\" content=\"summary_large_image\" \/>\n<meta name=\"twitter:label1\" content=\"Escrito por\" \/>\n\t<meta name=\"twitter:data1\" content=\"Javier Palmero\" \/>\n\t<meta name=\"twitter:label2\" content=\"Tiempo de lectura\" \/>\n\t<meta name=\"twitter:data2\" content=\"2 minutos\" \/>\n<script type=\"application\/ld+json\" class=\"yoast-schema-graph\">{\"@context\":\"https:\\\/\\\/schema.org\",\"@graph\":[{\"@type\":\"Article\",\"@id\":\"https:\\\/\\\/palmerodespachante.uy\\\/index.php\\\/2025\\\/07\\\/03\\\/en-el-primer-semestre-del-ano-las-exportaciones-de-productos-uruguayos-aumentan-4-que-explica-la-suba\\\/#article\",\"isPartOf\":{\"@id\":\"https:\\\/\\\/palmerodespachante.uy\\\/index.php\\\/2025\\\/07\\\/03\\\/en-el-primer-semestre-del-ano-las-exportaciones-de-productos-uruguayos-aumentan-4-que-explica-la-suba\\\/\"},\"author\":{\"name\":\"Javier Palmero\",\"@id\":\"https:\\\/\\\/palmerodespachante.uy\\\/#\\\/schema\\\/person\\\/9eabdcdc87fc74d275cc2faf2ce2f732\"},\"headline\":\"EN EL PRIMER SEMESTRE DEL A\u00d1O LAS EXPORTACIONES DE PRODUCTOS URUGUAYOS AUMENTAN 4%, \u00bfQU\u00c9 EXPLICA LA SUBA?\",\"datePublished\":\"2025-07-03T18:41:51+00:00\",\"dateModified\":\"2025-07-03T18:41:53+00:00\",\"mainEntityOfPage\":{\"@id\":\"https:\\\/\\\/palmerodespachante.uy\\\/index.php\\\/2025\\\/07\\\/03\\\/en-el-primer-semestre-del-ano-las-exportaciones-de-productos-uruguayos-aumentan-4-que-explica-la-suba\\\/\"},\"wordCount\":295,\"commentCount\":0,\"publisher\":{\"@id\":\"https:\\\/\\\/palmerodespachante.uy\\\/#organization\"},\"image\":{\"@id\":\"https:\\\/\\\/palmerodespachante.uy\\\/index.php\\\/2025\\\/07\\\/03\\\/en-el-primer-semestre-del-ano-las-exportaciones-de-productos-uruguayos-aumentan-4-que-explica-la-suba\\\/#primaryimage\"},\"thumbnailUrl\":\"https:\\\/\\\/palmerodespachante.uy\\\/wp-content\\\/uploads\\\/2025\\\/07\\\/EXPORTACION-2.jpg\",\"articleSection\":[\"Noticias\"],\"inLanguage\":\"es\",\"potentialAction\":[{\"@type\":\"CommentAction\",\"name\":\"Comment\",\"target\":[\"https:\\\/\\\/palmerodespachante.uy\\\/index.php\\\/2025\\\/07\\\/03\\\/en-el-primer-semestre-del-ano-las-exportaciones-de-productos-uruguayos-aumentan-4-que-explica-la-suba\\\/#respond\"]}]},{\"@type\":\"WebPage\",\"@id\":\"https:\\\/\\\/palmerodespachante.uy\\\/index.php\\\/2025\\\/07\\\/03\\\/en-el-primer-semestre-del-ano-las-exportaciones-de-productos-uruguayos-aumentan-4-que-explica-la-suba\\\/\",\"url\":\"https:\\\/\\\/palmerodespachante.uy\\\/index.php\\\/2025\\\/07\\\/03\\\/en-el-primer-semestre-del-ano-las-exportaciones-de-productos-uruguayos-aumentan-4-que-explica-la-suba\\\/\",\"name\":\"EN EL PRIMER SEMESTRE DEL A\u00d1O LAS EXPORTACIONES DE PRODUCTOS URUGUAYOS AUMENTAN 4%, \u00bfQU\u00c9 EXPLICA LA SUBA? - Palmero Despachante de Aduana\",\"isPartOf\":{\"@id\":\"https:\\\/\\\/palmerodespachante.uy\\\/#website\"},\"primaryImageOfPage\":{\"@id\":\"https:\\\/\\\/palmerodespachante.uy\\\/index.php\\\/2025\\\/07\\\/03\\\/en-el-primer-semestre-del-ano-las-exportaciones-de-productos-uruguayos-aumentan-4-que-explica-la-suba\\\/#primaryimage\"},\"image\":{\"@id\":\"https:\\\/\\\/palmerodespachante.uy\\\/index.php\\\/2025\\\/07\\\/03\\\/en-el-primer-semestre-del-ano-las-exportaciones-de-productos-uruguayos-aumentan-4-que-explica-la-suba\\\/#primaryimage\"},\"thumbnailUrl\":\"https:\\\/\\\/palmerodespachante.uy\\\/wp-content\\\/uploads\\\/2025\\\/07\\\/EXPORTACION-2.jpg\",\"datePublished\":\"2025-07-03T18:41:51+00:00\",\"dateModified\":\"2025-07-03T18:41:53+00:00\",\"breadcrumb\":{\"@id\":\"https:\\\/\\\/palmerodespachante.uy\\\/index.php\\\/2025\\\/07\\\/03\\\/en-el-primer-semestre-del-ano-las-exportaciones-de-productos-uruguayos-aumentan-4-que-explica-la-suba\\\/#breadcrumb\"},\"inLanguage\":\"es\",\"potentialAction\":[{\"@type\":\"ReadAction\",\"target\":[\"https:\\\/\\\/palmerodespachante.uy\\\/index.php\\\/2025\\\/07\\\/03\\\/en-el-primer-semestre-del-ano-las-exportaciones-de-productos-uruguayos-aumentan-4-que-explica-la-suba\\\/\"]}]},{\"@type\":\"ImageObject\",\"inLanguage\":\"es\",\"@id\":\"https:\\\/\\\/palmerodespachante.uy\\\/index.php\\\/2025\\\/07\\\/03\\\/en-el-primer-semestre-del-ano-las-exportaciones-de-productos-uruguayos-aumentan-4-que-explica-la-suba\\\/#primaryimage\",\"url\":\"https:\\\/\\\/palmerodespachante.uy\\\/wp-content\\\/uploads\\\/2025\\\/07\\\/EXPORTACION-2.jpg\",\"contentUrl\":\"https:\\\/\\\/palmerodespachante.uy\\\/wp-content\\\/uploads\\\/2025\\\/07\\\/EXPORTACION-2.jpg\",\"width\":718,\"height\":492},{\"@type\":\"BreadcrumbList\",\"@id\":\"https:\\\/\\\/palmerodespachante.uy\\\/index.php\\\/2025\\\/07\\\/03\\\/en-el-primer-semestre-del-ano-las-exportaciones-de-productos-uruguayos-aumentan-4-que-explica-la-suba\\\/#breadcrumb\",\"itemListElement\":[{\"@type\":\"ListItem\",\"position\":1,\"name\":\"Portada\",\"item\":\"https:\\\/\\\/palmerodespachante.uy\\\/\"},{\"@type\":\"ListItem\",\"position\":2,\"name\":\"EN EL PRIMER SEMESTRE DEL A\u00d1O LAS EXPORTACIONES DE PRODUCTOS URUGUAYOS AUMENTAN 4%, \u00bfQU\u00c9 EXPLICA LA SUBA?\"}]},{\"@type\":\"WebSite\",\"@id\":\"https:\\\/\\\/palmerodespachante.uy\\\/#website\",\"url\":\"https:\\\/\\\/palmerodespachante.uy\\\/\",\"name\":\"Palmero Despachante de Aduana\",\"description\":\"Importaci\u00f3n, Exportaci\u00f3n, Tr\u00e1nsito\",\"publisher\":{\"@id\":\"https:\\\/\\\/palmerodespachante.uy\\\/#organization\"},\"potentialAction\":[{\"@type\":\"SearchAction\",\"target\":{\"@type\":\"EntryPoint\",\"urlTemplate\":\"https:\\\/\\\/palmerodespachante.uy\\\/?s={search_term_string}\"},\"query-input\":{\"@type\":\"PropertyValueSpecification\",\"valueRequired\":true,\"valueName\":\"search_term_string\"}}],\"inLanguage\":\"es\"},{\"@type\":\"Organization\",\"@id\":\"https:\\\/\\\/palmerodespachante.uy\\\/#organization\",\"name\":\"Palmero Despachante de Aduanas\",\"url\":\"https:\\\/\\\/palmerodespachante.uy\\\/\",\"logo\":{\"@type\":\"ImageObject\",\"inLanguage\":\"es\",\"@id\":\"https:\\\/\\\/palmerodespachante.uy\\\/#\\\/schema\\\/logo\\\/image\\\/\",\"url\":\"https:\\\/\\\/palmerodespachante.uy\\\/wp-content\\\/uploads\\\/2018\\\/08\\\/Logo-144.png\",\"contentUrl\":\"https:\\\/\\\/palmerodespachante.uy\\\/wp-content\\\/uploads\\\/2018\\\/08\\\/Logo-144.png\",\"width\":144,\"height\":144,\"caption\":\"Palmero Despachante de Aduanas\"},\"image\":{\"@id\":\"https:\\\/\\\/palmerodespachante.uy\\\/#\\\/schema\\\/logo\\\/image\\\/\"},\"sameAs\":[\"https:\\\/\\\/www.facebook.com\\\/despachantedeaduana.palmero?hc_ref=ARQPWzEmqFz3O_9qTlrxPP6NW-Vf1b4-iJdwH7XdkuWdfarefzfPyjY7DGBCye4mnJs\",\"https:\\\/\\\/www.linkedin.com\\\/company\\\/despachante-de-aduana-palmero\\\/\"]},{\"@type\":\"Person\",\"@id\":\"https:\\\/\\\/palmerodespachante.uy\\\/#\\\/schema\\\/person\\\/9eabdcdc87fc74d275cc2faf2ce2f732\",\"name\":\"Javier Palmero\",\"image\":{\"@type\":\"ImageObject\",\"inLanguage\":\"es\",\"@id\":\"https:\\\/\\\/palmerodespachante.uy\\\/wp-content\\\/litespeed\\\/avatar\\\/8e783966089c8fa82b27a6627fb956c2.jpg?ver=1777463218\",\"url\":\"https:\\\/\\\/palmerodespachante.uy\\\/wp-content\\\/litespeed\\\/avatar\\\/8e783966089c8fa82b27a6627fb956c2.jpg?ver=1777463218\",\"contentUrl\":\"https:\\\/\\\/palmerodespachante.uy\\\/wp-content\\\/litespeed\\\/avatar\\\/8e783966089c8fa82b27a6627fb956c2.jpg?ver=1777463218\",\"caption\":\"Javier Palmero\"}}]}<\/script>\n<!-- \/ Yoast SEO plugin. -->","yoast_head_json":{"title":"EN EL PRIMER SEMESTRE DEL A\u00d1O LAS EXPORTACIONES DE PRODUCTOS URUGUAYOS AUMENTAN 4%, \u00bfQU\u00c9 EXPLICA LA SUBA? - Palmero Despachante de Aduana","robots":{"index":"noindex","follow":"follow"},"og_locale":"es_ES","og_type":"article","og_title":"EN EL PRIMER SEMESTRE DEL A\u00d1O LAS EXPORTACIONES DE PRODUCTOS URUGUAYOS AUMENTAN 4%, \u00bfQU\u00c9 EXPLICA LA SUBA? - Palmero Despachante de Aduana","og_description":"En junio de 2025, las solicitudes de exportaci\u00f3n de productos uruguayos, incluidas las zonas francas, alcanzaron a US$ 1.325 millones y marcaron un aumento interanual de 4%. Es el cuarto mes consecutivo de incremento de las ventas al exterior. En tanto, en el primer semestre del a\u00f1o, las exportaciones de bienes, incluidas las zonas francas, [&hellip;]","og_url":"https:\/\/palmerodespachante.uy\/index.php\/2025\/07\/03\/en-el-primer-semestre-del-ano-las-exportaciones-de-productos-uruguayos-aumentan-4-que-explica-la-suba\/","og_site_name":"Palmero Despachante de Aduana","article_publisher":"https:\/\/www.facebook.com\/despachantedeaduana.palmero?hc_ref=ARQPWzEmqFz3O_9qTlrxPP6NW-Vf1b4-iJdwH7XdkuWdfarefzfPyjY7DGBCye4mnJs","article_published_time":"2025-07-03T18:41:51+00:00","article_modified_time":"2025-07-03T18:41:53+00:00","og_image":[{"width":718,"height":492,"url":"http:\/\/palmerodespachante.uy\/wp-content\/uploads\/2025\/07\/EXPORTACION-2.jpg","type":"image\/jpeg"}],"author":"Javier Palmero","twitter_card":"summary_large_image","twitter_misc":{"Escrito por":"Javier Palmero","Tiempo de lectura":"2 minutos"},"schema":{"@context":"https:\/\/schema.org","@graph":[{"@type":"Article","@id":"https:\/\/palmerodespachante.uy\/index.php\/2025\/07\/03\/en-el-primer-semestre-del-ano-las-exportaciones-de-productos-uruguayos-aumentan-4-que-explica-la-suba\/#article","isPartOf":{"@id":"https:\/\/palmerodespachante.uy\/index.php\/2025\/07\/03\/en-el-primer-semestre-del-ano-las-exportaciones-de-productos-uruguayos-aumentan-4-que-explica-la-suba\/"},"author":{"name":"Javier Palmero","@id":"https:\/\/palmerodespachante.uy\/#\/schema\/person\/9eabdcdc87fc74d275cc2faf2ce2f732"},"headline":"EN EL PRIMER SEMESTRE DEL A\u00d1O LAS EXPORTACIONES DE PRODUCTOS URUGUAYOS AUMENTAN 4%, \u00bfQU\u00c9 EXPLICA LA SUBA?","datePublished":"2025-07-03T18:41:51+00:00","dateModified":"2025-07-03T18:41:53+00:00","mainEntityOfPage":{"@id":"https:\/\/palmerodespachante.uy\/index.php\/2025\/07\/03\/en-el-primer-semestre-del-ano-las-exportaciones-de-productos-uruguayos-aumentan-4-que-explica-la-suba\/"},"wordCount":295,"commentCount":0,"publisher":{"@id":"https:\/\/palmerodespachante.uy\/#organization"},"image":{"@id":"https:\/\/palmerodespachante.uy\/index.php\/2025\/07\/03\/en-el-primer-semestre-del-ano-las-exportaciones-de-productos-uruguayos-aumentan-4-que-explica-la-suba\/#primaryimage"},"thumbnailUrl":"https:\/\/palmerodespachante.uy\/wp-content\/uploads\/2025\/07\/EXPORTACION-2.jpg","articleSection":["Noticias"],"inLanguage":"es","potentialAction":[{"@type":"CommentAction","name":"Comment","target":["https:\/\/palmerodespachante.uy\/index.php\/2025\/07\/03\/en-el-primer-semestre-del-ano-las-exportaciones-de-productos-uruguayos-aumentan-4-que-explica-la-suba\/#respond"]}]},{"@type":"WebPage","@id":"https:\/\/palmerodespachante.uy\/index.php\/2025\/07\/03\/en-el-primer-semestre-del-ano-las-exportaciones-de-productos-uruguayos-aumentan-4-que-explica-la-suba\/","url":"https:\/\/palmerodespachante.uy\/index.php\/2025\/07\/03\/en-el-primer-semestre-del-ano-las-exportaciones-de-productos-uruguayos-aumentan-4-que-explica-la-suba\/","name":"EN EL PRIMER SEMESTRE DEL A\u00d1O LAS EXPORTACIONES DE PRODUCTOS URUGUAYOS AUMENTAN 4%, \u00bfQU\u00c9 EXPLICA LA SUBA? - Palmero Despachante de Aduana","isPartOf":{"@id":"https:\/\/palmerodespachante.uy\/#website"},"primaryImageOfPage":{"@id":"https:\/\/palmerodespachante.uy\/index.php\/2025\/07\/03\/en-el-primer-semestre-del-ano-las-exportaciones-de-productos-uruguayos-aumentan-4-que-explica-la-suba\/#primaryimage"},"image":{"@id":"https:\/\/palmerodespachante.uy\/index.php\/2025\/07\/03\/en-el-primer-semestre-del-ano-las-exportaciones-de-productos-uruguayos-aumentan-4-que-explica-la-suba\/#primaryimage"},"thumbnailUrl":"https:\/\/palmerodespachante.uy\/wp-content\/uploads\/2025\/07\/EXPORTACION-2.jpg","datePublished":"2025-07-03T18:41:51+00:00","dateModified":"2025-07-03T18:41:53+00:00","breadcrumb":{"@id":"https:\/\/palmerodespachante.uy\/index.php\/2025\/07\/03\/en-el-primer-semestre-del-ano-las-exportaciones-de-productos-uruguayos-aumentan-4-que-explica-la-suba\/#breadcrumb"},"inLanguage":"es","potentialAction":[{"@type":"ReadAction","target":["https:\/\/palmerodespachante.uy\/index.php\/2025\/07\/03\/en-el-primer-semestre-del-ano-las-exportaciones-de-productos-uruguayos-aumentan-4-que-explica-la-suba\/"]}]},{"@type":"ImageObject","inLanguage":"es","@id":"https:\/\/palmerodespachante.uy\/index.php\/2025\/07\/03\/en-el-primer-semestre-del-ano-las-exportaciones-de-productos-uruguayos-aumentan-4-que-explica-la-suba\/#primaryimage","url":"https:\/\/palmerodespachante.uy\/wp-content\/uploads\/2025\/07\/EXPORTACION-2.jpg","contentUrl":"https:\/\/palmerodespachante.uy\/wp-content\/uploads\/2025\/07\/EXPORTACION-2.jpg","width":718,"height":492},{"@type":"BreadcrumbList","@id":"https:\/\/palmerodespachante.uy\/index.php\/2025\/07\/03\/en-el-primer-semestre-del-ano-las-exportaciones-de-productos-uruguayos-aumentan-4-que-explica-la-suba\/#breadcrumb","itemListElement":[{"@type":"ListItem","position":1,"name":"Portada","item":"https:\/\/palmerodespachante.uy\/"},{"@type":"ListItem","position":2,"name":"EN EL PRIMER SEMESTRE DEL A\u00d1O LAS EXPORTACIONES DE PRODUCTOS URUGUAYOS AUMENTAN 4%, \u00bfQU\u00c9 EXPLICA LA SUBA?"}]},{"@type":"WebSite","@id":"https:\/\/palmerodespachante.uy\/#website","url":"https:\/\/palmerodespachante.uy\/","name":"Palmero Despachante de Aduana","description":"Importaci\u00f3n, Exportaci\u00f3n, Tr\u00e1nsito","publisher":{"@id":"https:\/\/palmerodespachante.uy\/#organization"},"potentialAction":[{"@type":"SearchAction","target":{"@type":"EntryPoint","urlTemplate":"https:\/\/palmerodespachante.uy\/?s={search_term_string}"},"query-input":{"@type":"PropertyValueSpecification","valueRequired":true,"valueName":"search_term_string"}}],"inLanguage":"es"},{"@type":"Organization","@id":"https:\/\/palmerodespachante.uy\/#organization","name":"Palmero Despachante de Aduanas","url":"https:\/\/palmerodespachante.uy\/","logo":{"@type":"ImageObject","inLanguage":"es","@id":"https:\/\/palmerodespachante.uy\/#\/schema\/logo\/image\/","url":"https:\/\/palmerodespachante.uy\/wp-content\/uploads\/2018\/08\/Logo-144.png","contentUrl":"https:\/\/palmerodespachante.uy\/wp-content\/uploads\/2018\/08\/Logo-144.png","width":144,"height":144,"caption":"Palmero Despachante de Aduanas"},"image":{"@id":"https:\/\/palmerodespachante.uy\/#\/schema\/logo\/image\/"},"sameAs":["https:\/\/www.facebook.com\/despachantedeaduana.palmero?hc_ref=ARQPWzEmqFz3O_9qTlrxPP6NW-Vf1b4-iJdwH7XdkuWdfarefzfPyjY7DGBCye4mnJs","https:\/\/www.linkedin.com\/company\/despachante-de-aduana-palmero\/"]},{"@type":"Person","@id":"https:\/\/palmerodespachante.uy\/#\/schema\/person\/9eabdcdc87fc74d275cc2faf2ce2f732","name":"Javier Palmero","image":{"@type":"ImageObject","inLanguage":"es","@id":"https:\/\/palmerodespachante.uy\/wp-content\/litespeed\/avatar\/8e783966089c8fa82b27a6627fb956c2.jpg?ver=1777463218","url":"https:\/\/palmerodespachante.uy\/wp-content\/litespeed\/avatar\/8e783966089c8fa82b27a6627fb956c2.jpg?ver=1777463218","contentUrl":"https:\/\/palmerodespachante.uy\/wp-content\/litespeed\/avatar\/8e783966089c8fa82b27a6627fb956c2.jpg?ver=1777463218","caption":"Javier Palmero"}}]}},"jetpack_featured_media_url":"https:\/\/palmerodespachante.uy\/wp-content\/uploads\/2025\/07\/EXPORTACION-2.jpg","_links":{"self":[{"href":"https:\/\/palmerodespachante.uy\/index.php\/wp-json\/wp\/v2\/posts\/1475","targetHints":{"allow":["GET"]}}],"collection":[{"href":"https:\/\/palmerodespachante.uy\/index.php\/wp-json\/wp\/v2\/posts"}],"about":[{"href":"https:\/\/palmerodespachante.uy\/index.php\/wp-json\/wp\/v2\/types\/post"}],"author":[{"embeddable":true,"href":"https:\/\/palmerodespachante.uy\/index.php\/wp-json\/wp\/v2\/users\/3"}],"replies":[{"embeddable":true,"href":"https:\/\/palmerodespachante.uy\/index.php\/wp-json\/wp\/v2\/comments?post=1475"}],"version-history":[{"count":1,"href":"https:\/\/palmerodespachante.uy\/index.php\/wp-json\/wp\/v2\/posts\/1475\/revisions"}],"predecessor-version":[{"id":1477,"href":"https:\/\/palmerodespachante.uy\/index.php\/wp-json\/wp\/v2\/posts\/1475\/revisions\/1477"}],"wp:featuredmedia":[{"embeddable":true,"href":"https:\/\/palmerodespachante.uy\/index.php\/wp-json\/wp\/v2\/media\/1476"}],"wp:attachment":[{"href":"https:\/\/palmerodespachante.uy\/index.php\/wp-json\/wp\/v2\/media?parent=1475"}],"wp:term":[{"taxonomy":"category","embeddable":true,"href":"https:\/\/palmerodespachante.uy\/index.php\/wp-json\/wp\/v2\/categories?post=1475"},{"taxonomy":"post_tag","embeddable":true,"href":"https:\/\/palmerodespachante.uy\/index.php\/wp-json\/wp\/v2\/tags?post=1475"}],"curies":[{"name":"wp","href":"https:\/\/api.w.org\/{rel}","templated":true}]}}