{"id":1453,"date":"2025-06-23T16:36:53","date_gmt":"2025-06-23T19:36:53","guid":{"rendered":"https:\/\/palmerodespachante.uy\/?p=1453"},"modified":"2025-06-23T16:36:57","modified_gmt":"2025-06-23T19:36:57","slug":"las-exigencias-de-francia-e-italia-podrian-afectar-los-intereses-comerciales-de-uruguay","status":"publish","type":"post","link":"https:\/\/palmerodespachante.uy\/index.php\/2025\/06\/23\/las-exigencias-de-francia-e-italia-podrian-afectar-los-intereses-comerciales-de-uruguay\/","title":{"rendered":"LAS EXIGENCIAS DE FRANCIA E ITALIA PODR\u00cdAN AFECTAR LOS INTERESES COMERCIALES DE URUGUAY."},"content":{"rendered":"\n<p>Uruguay observa con atenci\u00f3n las tensiones dentro de la Uni\u00f3n Europea (UE) en torno al acuerdo Mercosur-UE, ya que el resultado de estas discusiones podr\u00eda alterar las condiciones de acceso al mercado europeo para los productos del bloque y, en particular, para el sector agroexportador uruguayo. Mientras los ministros de Agricultura de la UE se re\u00fanen en Luxemburgo para debatir la simplificaci\u00f3n de la Pol\u00edtica Agr\u00edcola Com\u00fan (PAC), tambi\u00e9n planean abordar temas de comercio internacional que impactan directamente en el acuerdo UE-Mercosur, el cual se encuentra en su recta final hacia la ratificaci\u00f3n. Sin embargo, las crecientes objeciones como las del Gobierno de Francia, que exige un \u00abmayor equilibrio\u00bb en el pacto para proteger a sus productores agr\u00edcolas, generan incertidumbre en Montevideo y en el resto de los socios del bloque sudamericano. (\u00c1mbito Financiero \u2013 22\/06)<\/p>\n","protected":false},"excerpt":{"rendered":"<p>Uruguay observa con atenci\u00f3n las tensiones dentro de la Uni\u00f3n Europea (UE) en torno al acuerdo Mercosur-UE, ya que el resultado de estas discusiones podr\u00eda alterar las condiciones de acceso al mercado europeo para los productos del bloque y, en particular, para el sector agroexportador uruguayo. Mientras los ministros de Agricultura de la UE se [&hellip;]<\/p>\n","protected":false},"author":3,"featured_media":1455,"comment_status":"open","ping_status":"open","sticky":false,"template":"","format":"standard","meta":{"_joinchat":[],"footnotes":""},"categories":[37],"tags":[],"class_list":{"0":"post-1453","1":"post","2":"type-post","3":"status-publish","4":"format-standard","5":"has-post-thumbnail","7":"category-noticias"},"yoast_head":"<!-- This site is optimized with the Yoast SEO plugin v27.5 - https:\/\/yoast.com\/product\/yoast-seo-wordpress\/ -->\n<title>LAS EXIGENCIAS DE FRANCIA E ITALIA PODR\u00cdAN AFECTAR LOS INTERESES COMERCIALES DE URUGUAY. - Palmero Despachante de Aduana<\/title>\n<meta name=\"robots\" content=\"noindex, follow\" \/>\n<meta property=\"og:locale\" content=\"es_ES\" \/>\n<meta property=\"og:type\" content=\"article\" \/>\n<meta property=\"og:title\" content=\"LAS EXIGENCIAS DE FRANCIA E ITALIA PODR\u00cdAN AFECTAR LOS INTERESES COMERCIALES DE URUGUAY. - Palmero Despachante de Aduana\" \/>\n<meta property=\"og:description\" content=\"Uruguay observa con atenci\u00f3n las tensiones dentro de la Uni\u00f3n Europea (UE) en torno al acuerdo Mercosur-UE, ya que el resultado de estas discusiones podr\u00eda alterar las condiciones de acceso al mercado europeo para los productos del bloque y, en particular, para el sector agroexportador uruguayo. Mientras los ministros de Agricultura de la UE se [&hellip;]\" \/>\n<meta property=\"og:url\" content=\"https:\/\/palmerodespachante.uy\/index.php\/2025\/06\/23\/las-exigencias-de-francia-e-italia-podrian-afectar-los-intereses-comerciales-de-uruguay\/\" \/>\n<meta property=\"og:site_name\" content=\"Palmero Despachante de Aduana\" \/>\n<meta property=\"article:publisher\" content=\"https:\/\/www.facebook.com\/despachantedeaduana.palmero?hc_ref=ARQPWzEmqFz3O_9qTlrxPP6NW-Vf1b4-iJdwH7XdkuWdfarefzfPyjY7DGBCye4mnJs\" \/>\n<meta property=\"article:published_time\" content=\"2025-06-23T19:36:53+00:00\" \/>\n<meta property=\"article:modified_time\" content=\"2025-06-23T19:36:57+00:00\" \/>\n<meta property=\"og:image\" content=\"http:\/\/palmerodespachante.uy\/wp-content\/uploads\/2025\/06\/mercosur-ue.jpg\" \/>\n\t<meta property=\"og:image:width\" content=\"656\" \/>\n\t<meta property=\"og:image:height\" content=\"368\" \/>\n\t<meta property=\"og:image:type\" content=\"image\/jpeg\" \/>\n<meta name=\"author\" content=\"Javier Palmero\" \/>\n<meta name=\"twitter:card\" content=\"summary_large_image\" \/>\n<meta name=\"twitter:label1\" content=\"Escrito por\" \/>\n\t<meta name=\"twitter:data1\" content=\"Javier Palmero\" \/>\n\t<meta name=\"twitter:label2\" content=\"Tiempo de lectura\" \/>\n\t<meta name=\"twitter:data2\" content=\"1 minuto\" \/>\n<script type=\"application\/ld+json\" class=\"yoast-schema-graph\">{\"@context\":\"https:\\\/\\\/schema.org\",\"@graph\":[{\"@type\":\"Article\",\"@id\":\"https:\\\/\\\/palmerodespachante.uy\\\/index.php\\\/2025\\\/06\\\/23\\\/las-exigencias-de-francia-e-italia-podrian-afectar-los-intereses-comerciales-de-uruguay\\\/#article\",\"isPartOf\":{\"@id\":\"https:\\\/\\\/palmerodespachante.uy\\\/index.php\\\/2025\\\/06\\\/23\\\/las-exigencias-de-francia-e-italia-podrian-afectar-los-intereses-comerciales-de-uruguay\\\/\"},\"author\":{\"name\":\"Javier Palmero\",\"@id\":\"https:\\\/\\\/palmerodespachante.uy\\\/#\\\/schema\\\/person\\\/9eabdcdc87fc74d275cc2faf2ce2f732\"},\"headline\":\"LAS EXIGENCIAS DE FRANCIA E ITALIA PODR\u00cdAN AFECTAR LOS INTERESES COMERCIALES DE URUGUAY.\",\"datePublished\":\"2025-06-23T19:36:53+00:00\",\"dateModified\":\"2025-06-23T19:36:57+00:00\",\"mainEntityOfPage\":{\"@id\":\"https:\\\/\\\/palmerodespachante.uy\\\/index.php\\\/2025\\\/06\\\/23\\\/las-exigencias-de-francia-e-italia-podrian-afectar-los-intereses-comerciales-de-uruguay\\\/\"},\"wordCount\":159,\"commentCount\":0,\"publisher\":{\"@id\":\"https:\\\/\\\/palmerodespachante.uy\\\/#organization\"},\"image\":{\"@id\":\"https:\\\/\\\/palmerodespachante.uy\\\/index.php\\\/2025\\\/06\\\/23\\\/las-exigencias-de-francia-e-italia-podrian-afectar-los-intereses-comerciales-de-uruguay\\\/#primaryimage\"},\"thumbnailUrl\":\"https:\\\/\\\/palmerodespachante.uy\\\/wp-content\\\/uploads\\\/2025\\\/06\\\/mercosur-ue.jpg\",\"articleSection\":[\"Noticias\"],\"inLanguage\":\"es\",\"potentialAction\":[{\"@type\":\"CommentAction\",\"name\":\"Comment\",\"target\":[\"https:\\\/\\\/palmerodespachante.uy\\\/index.php\\\/2025\\\/06\\\/23\\\/las-exigencias-de-francia-e-italia-podrian-afectar-los-intereses-comerciales-de-uruguay\\\/#respond\"]}]},{\"@type\":\"WebPage\",\"@id\":\"https:\\\/\\\/palmerodespachante.uy\\\/index.php\\\/2025\\\/06\\\/23\\\/las-exigencias-de-francia-e-italia-podrian-afectar-los-intereses-comerciales-de-uruguay\\\/\",\"url\":\"https:\\\/\\\/palmerodespachante.uy\\\/index.php\\\/2025\\\/06\\\/23\\\/las-exigencias-de-francia-e-italia-podrian-afectar-los-intereses-comerciales-de-uruguay\\\/\",\"name\":\"LAS EXIGENCIAS DE FRANCIA E ITALIA PODR\u00cdAN AFECTAR LOS INTERESES COMERCIALES DE URUGUAY. - Palmero Despachante de Aduana\",\"isPartOf\":{\"@id\":\"https:\\\/\\\/palmerodespachante.uy\\\/#website\"},\"primaryImageOfPage\":{\"@id\":\"https:\\\/\\\/palmerodespachante.uy\\\/index.php\\\/2025\\\/06\\\/23\\\/las-exigencias-de-francia-e-italia-podrian-afectar-los-intereses-comerciales-de-uruguay\\\/#primaryimage\"},\"image\":{\"@id\":\"https:\\\/\\\/palmerodespachante.uy\\\/index.php\\\/2025\\\/06\\\/23\\\/las-exigencias-de-francia-e-italia-podrian-afectar-los-intereses-comerciales-de-uruguay\\\/#primaryimage\"},\"thumbnailUrl\":\"https:\\\/\\\/palmerodespachante.uy\\\/wp-content\\\/uploads\\\/2025\\\/06\\\/mercosur-ue.jpg\",\"datePublished\":\"2025-06-23T19:36:53+00:00\",\"dateModified\":\"2025-06-23T19:36:57+00:00\",\"breadcrumb\":{\"@id\":\"https:\\\/\\\/palmerodespachante.uy\\\/index.php\\\/2025\\\/06\\\/23\\\/las-exigencias-de-francia-e-italia-podrian-afectar-los-intereses-comerciales-de-uruguay\\\/#breadcrumb\"},\"inLanguage\":\"es\",\"potentialAction\":[{\"@type\":\"ReadAction\",\"target\":[\"https:\\\/\\\/palmerodespachante.uy\\\/index.php\\\/2025\\\/06\\\/23\\\/las-exigencias-de-francia-e-italia-podrian-afectar-los-intereses-comerciales-de-uruguay\\\/\"]}]},{\"@type\":\"ImageObject\",\"inLanguage\":\"es\",\"@id\":\"https:\\\/\\\/palmerodespachante.uy\\\/index.php\\\/2025\\\/06\\\/23\\\/las-exigencias-de-francia-e-italia-podrian-afectar-los-intereses-comerciales-de-uruguay\\\/#primaryimage\",\"url\":\"https:\\\/\\\/palmerodespachante.uy\\\/wp-content\\\/uploads\\\/2025\\\/06\\\/mercosur-ue.jpg\",\"contentUrl\":\"https:\\\/\\\/palmerodespachante.uy\\\/wp-content\\\/uploads\\\/2025\\\/06\\\/mercosur-ue.jpg\",\"width\":656,\"height\":368},{\"@type\":\"BreadcrumbList\",\"@id\":\"https:\\\/\\\/palmerodespachante.uy\\\/index.php\\\/2025\\\/06\\\/23\\\/las-exigencias-de-francia-e-italia-podrian-afectar-los-intereses-comerciales-de-uruguay\\\/#breadcrumb\",\"itemListElement\":[{\"@type\":\"ListItem\",\"position\":1,\"name\":\"Portada\",\"item\":\"https:\\\/\\\/palmerodespachante.uy\\\/\"},{\"@type\":\"ListItem\",\"position\":2,\"name\":\"LAS EXIGENCIAS DE FRANCIA E ITALIA PODR\u00cdAN AFECTAR LOS INTERESES COMERCIALES DE URUGUAY.\"}]},{\"@type\":\"WebSite\",\"@id\":\"https:\\\/\\\/palmerodespachante.uy\\\/#website\",\"url\":\"https:\\\/\\\/palmerodespachante.uy\\\/\",\"name\":\"Palmero Despachante de Aduana\",\"description\":\"Importaci\u00f3n, Exportaci\u00f3n, Tr\u00e1nsito\",\"publisher\":{\"@id\":\"https:\\\/\\\/palmerodespachante.uy\\\/#organization\"},\"potentialAction\":[{\"@type\":\"SearchAction\",\"target\":{\"@type\":\"EntryPoint\",\"urlTemplate\":\"https:\\\/\\\/palmerodespachante.uy\\\/?s={search_term_string}\"},\"query-input\":{\"@type\":\"PropertyValueSpecification\",\"valueRequired\":true,\"valueName\":\"search_term_string\"}}],\"inLanguage\":\"es\"},{\"@type\":\"Organization\",\"@id\":\"https:\\\/\\\/palmerodespachante.uy\\\/#organization\",\"name\":\"Palmero Despachante de Aduanas\",\"url\":\"https:\\\/\\\/palmerodespachante.uy\\\/\",\"logo\":{\"@type\":\"ImageObject\",\"inLanguage\":\"es\",\"@id\":\"https:\\\/\\\/palmerodespachante.uy\\\/#\\\/schema\\\/logo\\\/image\\\/\",\"url\":\"https:\\\/\\\/palmerodespachante.uy\\\/wp-content\\\/uploads\\\/2018\\\/08\\\/Logo-144.png\",\"contentUrl\":\"https:\\\/\\\/palmerodespachante.uy\\\/wp-content\\\/uploads\\\/2018\\\/08\\\/Logo-144.png\",\"width\":144,\"height\":144,\"caption\":\"Palmero Despachante de Aduanas\"},\"image\":{\"@id\":\"https:\\\/\\\/palmerodespachante.uy\\\/#\\\/schema\\\/logo\\\/image\\\/\"},\"sameAs\":[\"https:\\\/\\\/www.facebook.com\\\/despachantedeaduana.palmero?hc_ref=ARQPWzEmqFz3O_9qTlrxPP6NW-Vf1b4-iJdwH7XdkuWdfarefzfPyjY7DGBCye4mnJs\",\"https:\\\/\\\/www.linkedin.com\\\/company\\\/despachante-de-aduana-palmero\\\/\"]},{\"@type\":\"Person\",\"@id\":\"https:\\\/\\\/palmerodespachante.uy\\\/#\\\/schema\\\/person\\\/9eabdcdc87fc74d275cc2faf2ce2f732\",\"name\":\"Javier Palmero\",\"image\":{\"@type\":\"ImageObject\",\"inLanguage\":\"es\",\"@id\":\"https:\\\/\\\/palmerodespachante.uy\\\/wp-content\\\/litespeed\\\/avatar\\\/8e783966089c8fa82b27a6627fb956c2.jpg?ver=1777463218\",\"url\":\"https:\\\/\\\/palmerodespachante.uy\\\/wp-content\\\/litespeed\\\/avatar\\\/8e783966089c8fa82b27a6627fb956c2.jpg?ver=1777463218\",\"contentUrl\":\"https:\\\/\\\/palmerodespachante.uy\\\/wp-content\\\/litespeed\\\/avatar\\\/8e783966089c8fa82b27a6627fb956c2.jpg?ver=1777463218\",\"caption\":\"Javier Palmero\"}}]}<\/script>\n<!-- \/ Yoast SEO plugin. -->","yoast_head_json":{"title":"LAS EXIGENCIAS DE FRANCIA E ITALIA PODR\u00cdAN AFECTAR LOS INTERESES COMERCIALES DE URUGUAY. - Palmero Despachante de Aduana","robots":{"index":"noindex","follow":"follow"},"og_locale":"es_ES","og_type":"article","og_title":"LAS EXIGENCIAS DE FRANCIA E ITALIA PODR\u00cdAN AFECTAR LOS INTERESES COMERCIALES DE URUGUAY. - Palmero Despachante de Aduana","og_description":"Uruguay observa con atenci\u00f3n las tensiones dentro de la Uni\u00f3n Europea (UE) en torno al acuerdo Mercosur-UE, ya que el resultado de estas discusiones podr\u00eda alterar las condiciones de acceso al mercado europeo para los productos del bloque y, en particular, para el sector agroexportador uruguayo. Mientras los ministros de Agricultura de la UE se [&hellip;]","og_url":"https:\/\/palmerodespachante.uy\/index.php\/2025\/06\/23\/las-exigencias-de-francia-e-italia-podrian-afectar-los-intereses-comerciales-de-uruguay\/","og_site_name":"Palmero Despachante de Aduana","article_publisher":"https:\/\/www.facebook.com\/despachantedeaduana.palmero?hc_ref=ARQPWzEmqFz3O_9qTlrxPP6NW-Vf1b4-iJdwH7XdkuWdfarefzfPyjY7DGBCye4mnJs","article_published_time":"2025-06-23T19:36:53+00:00","article_modified_time":"2025-06-23T19:36:57+00:00","og_image":[{"width":656,"height":368,"url":"http:\/\/palmerodespachante.uy\/wp-content\/uploads\/2025\/06\/mercosur-ue.jpg","type":"image\/jpeg"}],"author":"Javier Palmero","twitter_card":"summary_large_image","twitter_misc":{"Escrito por":"Javier Palmero","Tiempo de lectura":"1 minuto"},"schema":{"@context":"https:\/\/schema.org","@graph":[{"@type":"Article","@id":"https:\/\/palmerodespachante.uy\/index.php\/2025\/06\/23\/las-exigencias-de-francia-e-italia-podrian-afectar-los-intereses-comerciales-de-uruguay\/#article","isPartOf":{"@id":"https:\/\/palmerodespachante.uy\/index.php\/2025\/06\/23\/las-exigencias-de-francia-e-italia-podrian-afectar-los-intereses-comerciales-de-uruguay\/"},"author":{"name":"Javier Palmero","@id":"https:\/\/palmerodespachante.uy\/#\/schema\/person\/9eabdcdc87fc74d275cc2faf2ce2f732"},"headline":"LAS EXIGENCIAS DE FRANCIA E ITALIA PODR\u00cdAN AFECTAR LOS INTERESES COMERCIALES DE URUGUAY.","datePublished":"2025-06-23T19:36:53+00:00","dateModified":"2025-06-23T19:36:57+00:00","mainEntityOfPage":{"@id":"https:\/\/palmerodespachante.uy\/index.php\/2025\/06\/23\/las-exigencias-de-francia-e-italia-podrian-afectar-los-intereses-comerciales-de-uruguay\/"},"wordCount":159,"commentCount":0,"publisher":{"@id":"https:\/\/palmerodespachante.uy\/#organization"},"image":{"@id":"https:\/\/palmerodespachante.uy\/index.php\/2025\/06\/23\/las-exigencias-de-francia-e-italia-podrian-afectar-los-intereses-comerciales-de-uruguay\/#primaryimage"},"thumbnailUrl":"https:\/\/palmerodespachante.uy\/wp-content\/uploads\/2025\/06\/mercosur-ue.jpg","articleSection":["Noticias"],"inLanguage":"es","potentialAction":[{"@type":"CommentAction","name":"Comment","target":["https:\/\/palmerodespachante.uy\/index.php\/2025\/06\/23\/las-exigencias-de-francia-e-italia-podrian-afectar-los-intereses-comerciales-de-uruguay\/#respond"]}]},{"@type":"WebPage","@id":"https:\/\/palmerodespachante.uy\/index.php\/2025\/06\/23\/las-exigencias-de-francia-e-italia-podrian-afectar-los-intereses-comerciales-de-uruguay\/","url":"https:\/\/palmerodespachante.uy\/index.php\/2025\/06\/23\/las-exigencias-de-francia-e-italia-podrian-afectar-los-intereses-comerciales-de-uruguay\/","name":"LAS EXIGENCIAS DE FRANCIA E ITALIA PODR\u00cdAN AFECTAR LOS INTERESES COMERCIALES DE URUGUAY. - Palmero Despachante de Aduana","isPartOf":{"@id":"https:\/\/palmerodespachante.uy\/#website"},"primaryImageOfPage":{"@id":"https:\/\/palmerodespachante.uy\/index.php\/2025\/06\/23\/las-exigencias-de-francia-e-italia-podrian-afectar-los-intereses-comerciales-de-uruguay\/#primaryimage"},"image":{"@id":"https:\/\/palmerodespachante.uy\/index.php\/2025\/06\/23\/las-exigencias-de-francia-e-italia-podrian-afectar-los-intereses-comerciales-de-uruguay\/#primaryimage"},"thumbnailUrl":"https:\/\/palmerodespachante.uy\/wp-content\/uploads\/2025\/06\/mercosur-ue.jpg","datePublished":"2025-06-23T19:36:53+00:00","dateModified":"2025-06-23T19:36:57+00:00","breadcrumb":{"@id":"https:\/\/palmerodespachante.uy\/index.php\/2025\/06\/23\/las-exigencias-de-francia-e-italia-podrian-afectar-los-intereses-comerciales-de-uruguay\/#breadcrumb"},"inLanguage":"es","potentialAction":[{"@type":"ReadAction","target":["https:\/\/palmerodespachante.uy\/index.php\/2025\/06\/23\/las-exigencias-de-francia-e-italia-podrian-afectar-los-intereses-comerciales-de-uruguay\/"]}]},{"@type":"ImageObject","inLanguage":"es","@id":"https:\/\/palmerodespachante.uy\/index.php\/2025\/06\/23\/las-exigencias-de-francia-e-italia-podrian-afectar-los-intereses-comerciales-de-uruguay\/#primaryimage","url":"https:\/\/palmerodespachante.uy\/wp-content\/uploads\/2025\/06\/mercosur-ue.jpg","contentUrl":"https:\/\/palmerodespachante.uy\/wp-content\/uploads\/2025\/06\/mercosur-ue.jpg","width":656,"height":368},{"@type":"BreadcrumbList","@id":"https:\/\/palmerodespachante.uy\/index.php\/2025\/06\/23\/las-exigencias-de-francia-e-italia-podrian-afectar-los-intereses-comerciales-de-uruguay\/#breadcrumb","itemListElement":[{"@type":"ListItem","position":1,"name":"Portada","item":"https:\/\/palmerodespachante.uy\/"},{"@type":"ListItem","position":2,"name":"LAS EXIGENCIAS DE FRANCIA E ITALIA PODR\u00cdAN AFECTAR LOS INTERESES COMERCIALES DE URUGUAY."}]},{"@type":"WebSite","@id":"https:\/\/palmerodespachante.uy\/#website","url":"https:\/\/palmerodespachante.uy\/","name":"Palmero Despachante de Aduana","description":"Importaci\u00f3n, Exportaci\u00f3n, Tr\u00e1nsito","publisher":{"@id":"https:\/\/palmerodespachante.uy\/#organization"},"potentialAction":[{"@type":"SearchAction","target":{"@type":"EntryPoint","urlTemplate":"https:\/\/palmerodespachante.uy\/?s={search_term_string}"},"query-input":{"@type":"PropertyValueSpecification","valueRequired":true,"valueName":"search_term_string"}}],"inLanguage":"es"},{"@type":"Organization","@id":"https:\/\/palmerodespachante.uy\/#organization","name":"Palmero Despachante de Aduanas","url":"https:\/\/palmerodespachante.uy\/","logo":{"@type":"ImageObject","inLanguage":"es","@id":"https:\/\/palmerodespachante.uy\/#\/schema\/logo\/image\/","url":"https:\/\/palmerodespachante.uy\/wp-content\/uploads\/2018\/08\/Logo-144.png","contentUrl":"https:\/\/palmerodespachante.uy\/wp-content\/uploads\/2018\/08\/Logo-144.png","width":144,"height":144,"caption":"Palmero Despachante de Aduanas"},"image":{"@id":"https:\/\/palmerodespachante.uy\/#\/schema\/logo\/image\/"},"sameAs":["https:\/\/www.facebook.com\/despachantedeaduana.palmero?hc_ref=ARQPWzEmqFz3O_9qTlrxPP6NW-Vf1b4-iJdwH7XdkuWdfarefzfPyjY7DGBCye4mnJs","https:\/\/www.linkedin.com\/company\/despachante-de-aduana-palmero\/"]},{"@type":"Person","@id":"https:\/\/palmerodespachante.uy\/#\/schema\/person\/9eabdcdc87fc74d275cc2faf2ce2f732","name":"Javier Palmero","image":{"@type":"ImageObject","inLanguage":"es","@id":"https:\/\/palmerodespachante.uy\/wp-content\/litespeed\/avatar\/8e783966089c8fa82b27a6627fb956c2.jpg?ver=1777463218","url":"https:\/\/palmerodespachante.uy\/wp-content\/litespeed\/avatar\/8e783966089c8fa82b27a6627fb956c2.jpg?ver=1777463218","contentUrl":"https:\/\/palmerodespachante.uy\/wp-content\/litespeed\/avatar\/8e783966089c8fa82b27a6627fb956c2.jpg?ver=1777463218","caption":"Javier Palmero"}}]}},"jetpack_featured_media_url":"https:\/\/palmerodespachante.uy\/wp-content\/uploads\/2025\/06\/mercosur-ue.jpg","_links":{"self":[{"href":"https:\/\/palmerodespachante.uy\/index.php\/wp-json\/wp\/v2\/posts\/1453","targetHints":{"allow":["GET"]}}],"collection":[{"href":"https:\/\/palmerodespachante.uy\/index.php\/wp-json\/wp\/v2\/posts"}],"about":[{"href":"https:\/\/palmerodespachante.uy\/index.php\/wp-json\/wp\/v2\/types\/post"}],"author":[{"embeddable":true,"href":"https:\/\/palmerodespachante.uy\/index.php\/wp-json\/wp\/v2\/users\/3"}],"replies":[{"embeddable":true,"href":"https:\/\/palmerodespachante.uy\/index.php\/wp-json\/wp\/v2\/comments?post=1453"}],"version-history":[{"count":1,"href":"https:\/\/palmerodespachante.uy\/index.php\/wp-json\/wp\/v2\/posts\/1453\/revisions"}],"predecessor-version":[{"id":1456,"href":"https:\/\/palmerodespachante.uy\/index.php\/wp-json\/wp\/v2\/posts\/1453\/revisions\/1456"}],"wp:featuredmedia":[{"embeddable":true,"href":"https:\/\/palmerodespachante.uy\/index.php\/wp-json\/wp\/v2\/media\/1455"}],"wp:attachment":[{"href":"https:\/\/palmerodespachante.uy\/index.php\/wp-json\/wp\/v2\/media?parent=1453"}],"wp:term":[{"taxonomy":"category","embeddable":true,"href":"https:\/\/palmerodespachante.uy\/index.php\/wp-json\/wp\/v2\/categories?post=1453"},{"taxonomy":"post_tag","embeddable":true,"href":"https:\/\/palmerodespachante.uy\/index.php\/wp-json\/wp\/v2\/tags?post=1453"}],"curies":[{"name":"wp","href":"https:\/\/api.w.org\/{rel}","templated":true}]}}