{"id":1441,"date":"2025-06-16T11:53:43","date_gmt":"2025-06-16T14:53:43","guid":{"rendered":"https:\/\/palmerodespachante.uy\/?p=1441"},"modified":"2025-06-16T11:53:45","modified_gmt":"2025-06-16T14:53:45","slug":"navios-proyecta-ampliar-nueva-palmira","status":"publish","type":"post","link":"https:\/\/palmerodespachante.uy\/index.php\/2025\/06\/16\/navios-proyecta-ampliar-nueva-palmira\/","title":{"rendered":"Nav\u00edos proyecta ampliar Nueva Palmira"},"content":{"rendered":"\n<p>Nav\u00edos South American Logistics present\u00f3 al Gobierno un&nbsp;<strong>proyecto de ampliaci\u00f3n del Puerto de Nueva Palmira<\/strong>, en Uruguay. La propuesta busca fortalecer la infraestructura de acopio y el sistema de muellaje para barcazas y remolcadores.<\/p>\n\n\n\n<p>La inversi\u00f3n inicial ser\u00e1 de&nbsp;<strong>US$ 10 millones<\/strong>&nbsp;y se destinar\u00e1 a explanadas y amarraderos. En total, el proyecto prev\u00e9 una&nbsp;<strong>inversi\u00f3n escalonada de hasta US$ 100 millones<\/strong>; con obras a ejecutarse en un plazo estimado de&nbsp;<strong>dos a\u00f1os<\/strong>.<\/p>\n\n\n\n<h3 class=\"wp-block-heading\">M\u00e1s capacidad para minerales y granos<\/h3>\n\n\n\n<p>Ruben Martinez, Vice Chairman de Nav\u00edos South American Logistics, explic\u00f3 que la iniciativa contempla ampliar los&nbsp;<strong>patios de acopio para minerales<\/strong>&nbsp;y tambi\u00e9n construir&nbsp;<strong>futuros silos para granos<\/strong>. La infraestructura estar\u00e1 conectada mediante&nbsp;<strong>cintas transportadoras<\/strong>&nbsp;con el resto del puerto.<\/p>\n\n\n\n<p>En una primera etapa, el espacio permitir\u00e1 almacenar hasta&nbsp;<strong>500.000 toneladas m\u00e9tricas de mineral<\/strong>; con una segunda fase que sumar\u00e1 otras&nbsp;<strong>300.000 toneladas<\/strong>. Tambi\u00e9n se construir\u00e1 un&nbsp;<strong>nuevo puesto de muellaje<\/strong>&nbsp;ante el l\u00edmite actual de capacidad operativa.<\/p>\n\n\n\n<blockquote class=\"wp-block-quote is-layout-flow wp-block-quote-is-layout-flow\">\n<p>\u201cQueremos levantar el obst\u00e1culo de la falta de amarraderos, que hoy inhibe el crecimiento del sistema portuario\u201d, explic\u00f3 Martinez.<\/p>\n<\/blockquote>\n\n\n\n<h3 class=\"wp-block-heading\">Hidrov\u00eda estrat\u00e9gica y operaciones internacionales<\/h3>\n\n\n\n<p>El mineral de hierro se transporta desde Corumb\u00e1, Brasil, recorriendo&nbsp;<strong>2.700 kil\u00f3metros por los r\u00edos Paraguay y Paran\u00e1<\/strong>&nbsp;hasta Nueva Palmira. Las barcazas llegan en convoyes que trasladan hasta&nbsp;<strong>45.000 toneladas<\/strong>, dependiendo del calado.<\/p>\n\n\n\n<p>En el puerto, la carga se transfiere a buques de ultramar. Por las&nbsp;<strong>limitaciones del R\u00edo de la Plata<\/strong>, muchos se completan en&nbsp;<strong>la zona Alfa<\/strong>&nbsp;mediante operaciones top-off. Incluso se utilizan&nbsp;<strong>buques capesize<\/strong>, con capacidad de hasta&nbsp;<strong>200.000 toneladas<\/strong>, que parten hacia China y Europa.<\/p>\n\n\n\n<p>Nav\u00edos estima que la ejecuci\u00f3n del proyecto generar\u00e1&nbsp;<strong>unos 300 empleos temporales<\/strong>&nbsp;y&nbsp;<strong>puestos permanentes<\/strong>, consolidando a Nueva Palmira como un eje log\u00edstico clave en el Cono Sur.<\/p>\n\n\n\n<hr class=\"wp-block-separator has-alpha-channel-opacity\"\/>\n\n\n\n<p><strong><em>TodologisticaNEWS:<\/em><\/strong><\/p>\n","protected":false},"excerpt":{"rendered":"<p>Nav\u00edos South American Logistics present\u00f3 al Gobierno un&nbsp;proyecto de ampliaci\u00f3n del Puerto de Nueva Palmira, en Uruguay. La propuesta busca fortalecer la infraestructura de acopio y el sistema de muellaje para barcazas y remolcadores. La inversi\u00f3n inicial ser\u00e1 de&nbsp;US$ 10 millones&nbsp;y se destinar\u00e1 a explanadas y amarraderos. En total, el proyecto prev\u00e9 una&nbsp;inversi\u00f3n escalonada de [&hellip;]<\/p>\n","protected":false},"author":3,"featured_media":1442,"comment_status":"open","ping_status":"open","sticky":false,"template":"","format":"standard","meta":{"_joinchat":[],"footnotes":""},"categories":[37],"tags":[],"class_list":{"0":"post-1441","1":"post","2":"type-post","3":"status-publish","4":"format-standard","5":"has-post-thumbnail","7":"category-noticias"},"yoast_head":"<!-- This site is optimized with the Yoast SEO plugin v27.5 - https:\/\/yoast.com\/product\/yoast-seo-wordpress\/ -->\n<title>Nav\u00edos proyecta ampliar Nueva Palmira - Palmero Despachante de Aduana<\/title>\n<meta name=\"robots\" content=\"noindex, follow\" \/>\n<meta property=\"og:locale\" content=\"es_ES\" \/>\n<meta property=\"og:type\" content=\"article\" \/>\n<meta property=\"og:title\" content=\"Nav\u00edos proyecta ampliar Nueva Palmira - Palmero Despachante de Aduana\" \/>\n<meta property=\"og:description\" content=\"Nav\u00edos South American Logistics present\u00f3 al Gobierno un&nbsp;proyecto de ampliaci\u00f3n del Puerto de Nueva Palmira, en Uruguay. La propuesta busca fortalecer la infraestructura de acopio y el sistema de muellaje para barcazas y remolcadores. La inversi\u00f3n inicial ser\u00e1 de&nbsp;US$ 10 millones&nbsp;y se destinar\u00e1 a explanadas y amarraderos. En total, el proyecto prev\u00e9 una&nbsp;inversi\u00f3n escalonada de [&hellip;]\" \/>\n<meta property=\"og:url\" content=\"https:\/\/palmerodespachante.uy\/index.php\/2025\/06\/16\/navios-proyecta-ampliar-nueva-palmira\/\" \/>\n<meta property=\"og:site_name\" content=\"Palmero Despachante de Aduana\" \/>\n<meta property=\"article:publisher\" content=\"https:\/\/www.facebook.com\/despachantedeaduana.palmero?hc_ref=ARQPWzEmqFz3O_9qTlrxPP6NW-Vf1b4-iJdwH7XdkuWdfarefzfPyjY7DGBCye4mnJs\" \/>\n<meta property=\"article:published_time\" content=\"2025-06-16T14:53:43+00:00\" \/>\n<meta property=\"article:modified_time\" content=\"2025-06-16T14:53:45+00:00\" \/>\n<meta property=\"og:image\" content=\"http:\/\/palmerodespachante.uy\/wp-content\/uploads\/2025\/06\/Navios-proyecta-ampliar-Nueva-Palmira-768x366-1.jpg\" \/>\n\t<meta property=\"og:image:width\" content=\"768\" \/>\n\t<meta property=\"og:image:height\" content=\"366\" \/>\n\t<meta property=\"og:image:type\" content=\"image\/jpeg\" \/>\n<meta name=\"author\" content=\"Javier Palmero\" \/>\n<meta name=\"twitter:card\" content=\"summary_large_image\" \/>\n<meta name=\"twitter:label1\" content=\"Escrito por\" \/>\n\t<meta name=\"twitter:data1\" content=\"Javier Palmero\" \/>\n\t<meta name=\"twitter:label2\" content=\"Tiempo de lectura\" \/>\n\t<meta name=\"twitter:data2\" content=\"2 minutos\" \/>\n<script type=\"application\/ld+json\" class=\"yoast-schema-graph\">{\"@context\":\"https:\\\/\\\/schema.org\",\"@graph\":[{\"@type\":\"Article\",\"@id\":\"https:\\\/\\\/palmerodespachante.uy\\\/index.php\\\/2025\\\/06\\\/16\\\/navios-proyecta-ampliar-nueva-palmira\\\/#article\",\"isPartOf\":{\"@id\":\"https:\\\/\\\/palmerodespachante.uy\\\/index.php\\\/2025\\\/06\\\/16\\\/navios-proyecta-ampliar-nueva-palmira\\\/\"},\"author\":{\"name\":\"Javier Palmero\",\"@id\":\"https:\\\/\\\/palmerodespachante.uy\\\/#\\\/schema\\\/person\\\/9eabdcdc87fc74d275cc2faf2ce2f732\"},\"headline\":\"Nav\u00edos proyecta ampliar Nueva Palmira\",\"datePublished\":\"2025-06-16T14:53:43+00:00\",\"dateModified\":\"2025-06-16T14:53:45+00:00\",\"mainEntityOfPage\":{\"@id\":\"https:\\\/\\\/palmerodespachante.uy\\\/index.php\\\/2025\\\/06\\\/16\\\/navios-proyecta-ampliar-nueva-palmira\\\/\"},\"wordCount\":334,\"commentCount\":0,\"publisher\":{\"@id\":\"https:\\\/\\\/palmerodespachante.uy\\\/#organization\"},\"image\":{\"@id\":\"https:\\\/\\\/palmerodespachante.uy\\\/index.php\\\/2025\\\/06\\\/16\\\/navios-proyecta-ampliar-nueva-palmira\\\/#primaryimage\"},\"thumbnailUrl\":\"https:\\\/\\\/palmerodespachante.uy\\\/wp-content\\\/uploads\\\/2025\\\/06\\\/Navios-proyecta-ampliar-Nueva-Palmira-768x366-1.jpg\",\"articleSection\":[\"Noticias\"],\"inLanguage\":\"es\",\"potentialAction\":[{\"@type\":\"CommentAction\",\"name\":\"Comment\",\"target\":[\"https:\\\/\\\/palmerodespachante.uy\\\/index.php\\\/2025\\\/06\\\/16\\\/navios-proyecta-ampliar-nueva-palmira\\\/#respond\"]}]},{\"@type\":\"WebPage\",\"@id\":\"https:\\\/\\\/palmerodespachante.uy\\\/index.php\\\/2025\\\/06\\\/16\\\/navios-proyecta-ampliar-nueva-palmira\\\/\",\"url\":\"https:\\\/\\\/palmerodespachante.uy\\\/index.php\\\/2025\\\/06\\\/16\\\/navios-proyecta-ampliar-nueva-palmira\\\/\",\"name\":\"Nav\u00edos proyecta ampliar Nueva Palmira - Palmero Despachante de Aduana\",\"isPartOf\":{\"@id\":\"https:\\\/\\\/palmerodespachante.uy\\\/#website\"},\"primaryImageOfPage\":{\"@id\":\"https:\\\/\\\/palmerodespachante.uy\\\/index.php\\\/2025\\\/06\\\/16\\\/navios-proyecta-ampliar-nueva-palmira\\\/#primaryimage\"},\"image\":{\"@id\":\"https:\\\/\\\/palmerodespachante.uy\\\/index.php\\\/2025\\\/06\\\/16\\\/navios-proyecta-ampliar-nueva-palmira\\\/#primaryimage\"},\"thumbnailUrl\":\"https:\\\/\\\/palmerodespachante.uy\\\/wp-content\\\/uploads\\\/2025\\\/06\\\/Navios-proyecta-ampliar-Nueva-Palmira-768x366-1.jpg\",\"datePublished\":\"2025-06-16T14:53:43+00:00\",\"dateModified\":\"2025-06-16T14:53:45+00:00\",\"breadcrumb\":{\"@id\":\"https:\\\/\\\/palmerodespachante.uy\\\/index.php\\\/2025\\\/06\\\/16\\\/navios-proyecta-ampliar-nueva-palmira\\\/#breadcrumb\"},\"inLanguage\":\"es\",\"potentialAction\":[{\"@type\":\"ReadAction\",\"target\":[\"https:\\\/\\\/palmerodespachante.uy\\\/index.php\\\/2025\\\/06\\\/16\\\/navios-proyecta-ampliar-nueva-palmira\\\/\"]}]},{\"@type\":\"ImageObject\",\"inLanguage\":\"es\",\"@id\":\"https:\\\/\\\/palmerodespachante.uy\\\/index.php\\\/2025\\\/06\\\/16\\\/navios-proyecta-ampliar-nueva-palmira\\\/#primaryimage\",\"url\":\"https:\\\/\\\/palmerodespachante.uy\\\/wp-content\\\/uploads\\\/2025\\\/06\\\/Navios-proyecta-ampliar-Nueva-Palmira-768x366-1.jpg\",\"contentUrl\":\"https:\\\/\\\/palmerodespachante.uy\\\/wp-content\\\/uploads\\\/2025\\\/06\\\/Navios-proyecta-ampliar-Nueva-Palmira-768x366-1.jpg\",\"width\":768,\"height\":366},{\"@type\":\"BreadcrumbList\",\"@id\":\"https:\\\/\\\/palmerodespachante.uy\\\/index.php\\\/2025\\\/06\\\/16\\\/navios-proyecta-ampliar-nueva-palmira\\\/#breadcrumb\",\"itemListElement\":[{\"@type\":\"ListItem\",\"position\":1,\"name\":\"Portada\",\"item\":\"https:\\\/\\\/palmerodespachante.uy\\\/\"},{\"@type\":\"ListItem\",\"position\":2,\"name\":\"Nav\u00edos proyecta ampliar Nueva Palmira\"}]},{\"@type\":\"WebSite\",\"@id\":\"https:\\\/\\\/palmerodespachante.uy\\\/#website\",\"url\":\"https:\\\/\\\/palmerodespachante.uy\\\/\",\"name\":\"Palmero Despachante de Aduana\",\"description\":\"Importaci\u00f3n, Exportaci\u00f3n, Tr\u00e1nsito\",\"publisher\":{\"@id\":\"https:\\\/\\\/palmerodespachante.uy\\\/#organization\"},\"potentialAction\":[{\"@type\":\"SearchAction\",\"target\":{\"@type\":\"EntryPoint\",\"urlTemplate\":\"https:\\\/\\\/palmerodespachante.uy\\\/?s={search_term_string}\"},\"query-input\":{\"@type\":\"PropertyValueSpecification\",\"valueRequired\":true,\"valueName\":\"search_term_string\"}}],\"inLanguage\":\"es\"},{\"@type\":\"Organization\",\"@id\":\"https:\\\/\\\/palmerodespachante.uy\\\/#organization\",\"name\":\"Palmero Despachante de Aduanas\",\"url\":\"https:\\\/\\\/palmerodespachante.uy\\\/\",\"logo\":{\"@type\":\"ImageObject\",\"inLanguage\":\"es\",\"@id\":\"https:\\\/\\\/palmerodespachante.uy\\\/#\\\/schema\\\/logo\\\/image\\\/\",\"url\":\"https:\\\/\\\/palmerodespachante.uy\\\/wp-content\\\/uploads\\\/2018\\\/08\\\/Logo-144.png\",\"contentUrl\":\"https:\\\/\\\/palmerodespachante.uy\\\/wp-content\\\/uploads\\\/2018\\\/08\\\/Logo-144.png\",\"width\":144,\"height\":144,\"caption\":\"Palmero Despachante de Aduanas\"},\"image\":{\"@id\":\"https:\\\/\\\/palmerodespachante.uy\\\/#\\\/schema\\\/logo\\\/image\\\/\"},\"sameAs\":[\"https:\\\/\\\/www.facebook.com\\\/despachantedeaduana.palmero?hc_ref=ARQPWzEmqFz3O_9qTlrxPP6NW-Vf1b4-iJdwH7XdkuWdfarefzfPyjY7DGBCye4mnJs\",\"https:\\\/\\\/www.linkedin.com\\\/company\\\/despachante-de-aduana-palmero\\\/\"]},{\"@type\":\"Person\",\"@id\":\"https:\\\/\\\/palmerodespachante.uy\\\/#\\\/schema\\\/person\\\/9eabdcdc87fc74d275cc2faf2ce2f732\",\"name\":\"Javier Palmero\",\"image\":{\"@type\":\"ImageObject\",\"inLanguage\":\"es\",\"@id\":\"https:\\\/\\\/palmerodespachante.uy\\\/wp-content\\\/litespeed\\\/avatar\\\/8e783966089c8fa82b27a6627fb956c2.jpg?ver=1777463218\",\"url\":\"https:\\\/\\\/palmerodespachante.uy\\\/wp-content\\\/litespeed\\\/avatar\\\/8e783966089c8fa82b27a6627fb956c2.jpg?ver=1777463218\",\"contentUrl\":\"https:\\\/\\\/palmerodespachante.uy\\\/wp-content\\\/litespeed\\\/avatar\\\/8e783966089c8fa82b27a6627fb956c2.jpg?ver=1777463218\",\"caption\":\"Javier Palmero\"}}]}<\/script>\n<!-- \/ Yoast SEO plugin. -->","yoast_head_json":{"title":"Nav\u00edos proyecta ampliar Nueva Palmira - Palmero Despachante de Aduana","robots":{"index":"noindex","follow":"follow"},"og_locale":"es_ES","og_type":"article","og_title":"Nav\u00edos proyecta ampliar Nueva Palmira - Palmero Despachante de Aduana","og_description":"Nav\u00edos South American Logistics present\u00f3 al Gobierno un&nbsp;proyecto de ampliaci\u00f3n del Puerto de Nueva Palmira, en Uruguay. La propuesta busca fortalecer la infraestructura de acopio y el sistema de muellaje para barcazas y remolcadores. La inversi\u00f3n inicial ser\u00e1 de&nbsp;US$ 10 millones&nbsp;y se destinar\u00e1 a explanadas y amarraderos. En total, el proyecto prev\u00e9 una&nbsp;inversi\u00f3n escalonada de [&hellip;]","og_url":"https:\/\/palmerodespachante.uy\/index.php\/2025\/06\/16\/navios-proyecta-ampliar-nueva-palmira\/","og_site_name":"Palmero Despachante de Aduana","article_publisher":"https:\/\/www.facebook.com\/despachantedeaduana.palmero?hc_ref=ARQPWzEmqFz3O_9qTlrxPP6NW-Vf1b4-iJdwH7XdkuWdfarefzfPyjY7DGBCye4mnJs","article_published_time":"2025-06-16T14:53:43+00:00","article_modified_time":"2025-06-16T14:53:45+00:00","og_image":[{"width":768,"height":366,"url":"http:\/\/palmerodespachante.uy\/wp-content\/uploads\/2025\/06\/Navios-proyecta-ampliar-Nueva-Palmira-768x366-1.jpg","type":"image\/jpeg"}],"author":"Javier Palmero","twitter_card":"summary_large_image","twitter_misc":{"Escrito por":"Javier Palmero","Tiempo de lectura":"2 minutos"},"schema":{"@context":"https:\/\/schema.org","@graph":[{"@type":"Article","@id":"https:\/\/palmerodespachante.uy\/index.php\/2025\/06\/16\/navios-proyecta-ampliar-nueva-palmira\/#article","isPartOf":{"@id":"https:\/\/palmerodespachante.uy\/index.php\/2025\/06\/16\/navios-proyecta-ampliar-nueva-palmira\/"},"author":{"name":"Javier Palmero","@id":"https:\/\/palmerodespachante.uy\/#\/schema\/person\/9eabdcdc87fc74d275cc2faf2ce2f732"},"headline":"Nav\u00edos proyecta ampliar Nueva Palmira","datePublished":"2025-06-16T14:53:43+00:00","dateModified":"2025-06-16T14:53:45+00:00","mainEntityOfPage":{"@id":"https:\/\/palmerodespachante.uy\/index.php\/2025\/06\/16\/navios-proyecta-ampliar-nueva-palmira\/"},"wordCount":334,"commentCount":0,"publisher":{"@id":"https:\/\/palmerodespachante.uy\/#organization"},"image":{"@id":"https:\/\/palmerodespachante.uy\/index.php\/2025\/06\/16\/navios-proyecta-ampliar-nueva-palmira\/#primaryimage"},"thumbnailUrl":"https:\/\/palmerodespachante.uy\/wp-content\/uploads\/2025\/06\/Navios-proyecta-ampliar-Nueva-Palmira-768x366-1.jpg","articleSection":["Noticias"],"inLanguage":"es","potentialAction":[{"@type":"CommentAction","name":"Comment","target":["https:\/\/palmerodespachante.uy\/index.php\/2025\/06\/16\/navios-proyecta-ampliar-nueva-palmira\/#respond"]}]},{"@type":"WebPage","@id":"https:\/\/palmerodespachante.uy\/index.php\/2025\/06\/16\/navios-proyecta-ampliar-nueva-palmira\/","url":"https:\/\/palmerodespachante.uy\/index.php\/2025\/06\/16\/navios-proyecta-ampliar-nueva-palmira\/","name":"Nav\u00edos proyecta ampliar Nueva Palmira - Palmero Despachante de Aduana","isPartOf":{"@id":"https:\/\/palmerodespachante.uy\/#website"},"primaryImageOfPage":{"@id":"https:\/\/palmerodespachante.uy\/index.php\/2025\/06\/16\/navios-proyecta-ampliar-nueva-palmira\/#primaryimage"},"image":{"@id":"https:\/\/palmerodespachante.uy\/index.php\/2025\/06\/16\/navios-proyecta-ampliar-nueva-palmira\/#primaryimage"},"thumbnailUrl":"https:\/\/palmerodespachante.uy\/wp-content\/uploads\/2025\/06\/Navios-proyecta-ampliar-Nueva-Palmira-768x366-1.jpg","datePublished":"2025-06-16T14:53:43+00:00","dateModified":"2025-06-16T14:53:45+00:00","breadcrumb":{"@id":"https:\/\/palmerodespachante.uy\/index.php\/2025\/06\/16\/navios-proyecta-ampliar-nueva-palmira\/#breadcrumb"},"inLanguage":"es","potentialAction":[{"@type":"ReadAction","target":["https:\/\/palmerodespachante.uy\/index.php\/2025\/06\/16\/navios-proyecta-ampliar-nueva-palmira\/"]}]},{"@type":"ImageObject","inLanguage":"es","@id":"https:\/\/palmerodespachante.uy\/index.php\/2025\/06\/16\/navios-proyecta-ampliar-nueva-palmira\/#primaryimage","url":"https:\/\/palmerodespachante.uy\/wp-content\/uploads\/2025\/06\/Navios-proyecta-ampliar-Nueva-Palmira-768x366-1.jpg","contentUrl":"https:\/\/palmerodespachante.uy\/wp-content\/uploads\/2025\/06\/Navios-proyecta-ampliar-Nueva-Palmira-768x366-1.jpg","width":768,"height":366},{"@type":"BreadcrumbList","@id":"https:\/\/palmerodespachante.uy\/index.php\/2025\/06\/16\/navios-proyecta-ampliar-nueva-palmira\/#breadcrumb","itemListElement":[{"@type":"ListItem","position":1,"name":"Portada","item":"https:\/\/palmerodespachante.uy\/"},{"@type":"ListItem","position":2,"name":"Nav\u00edos proyecta ampliar Nueva Palmira"}]},{"@type":"WebSite","@id":"https:\/\/palmerodespachante.uy\/#website","url":"https:\/\/palmerodespachante.uy\/","name":"Palmero Despachante de Aduana","description":"Importaci\u00f3n, Exportaci\u00f3n, Tr\u00e1nsito","publisher":{"@id":"https:\/\/palmerodespachante.uy\/#organization"},"potentialAction":[{"@type":"SearchAction","target":{"@type":"EntryPoint","urlTemplate":"https:\/\/palmerodespachante.uy\/?s={search_term_string}"},"query-input":{"@type":"PropertyValueSpecification","valueRequired":true,"valueName":"search_term_string"}}],"inLanguage":"es"},{"@type":"Organization","@id":"https:\/\/palmerodespachante.uy\/#organization","name":"Palmero Despachante de Aduanas","url":"https:\/\/palmerodespachante.uy\/","logo":{"@type":"ImageObject","inLanguage":"es","@id":"https:\/\/palmerodespachante.uy\/#\/schema\/logo\/image\/","url":"https:\/\/palmerodespachante.uy\/wp-content\/uploads\/2018\/08\/Logo-144.png","contentUrl":"https:\/\/palmerodespachante.uy\/wp-content\/uploads\/2018\/08\/Logo-144.png","width":144,"height":144,"caption":"Palmero Despachante de Aduanas"},"image":{"@id":"https:\/\/palmerodespachante.uy\/#\/schema\/logo\/image\/"},"sameAs":["https:\/\/www.facebook.com\/despachantedeaduana.palmero?hc_ref=ARQPWzEmqFz3O_9qTlrxPP6NW-Vf1b4-iJdwH7XdkuWdfarefzfPyjY7DGBCye4mnJs","https:\/\/www.linkedin.com\/company\/despachante-de-aduana-palmero\/"]},{"@type":"Person","@id":"https:\/\/palmerodespachante.uy\/#\/schema\/person\/9eabdcdc87fc74d275cc2faf2ce2f732","name":"Javier Palmero","image":{"@type":"ImageObject","inLanguage":"es","@id":"https:\/\/palmerodespachante.uy\/wp-content\/litespeed\/avatar\/8e783966089c8fa82b27a6627fb956c2.jpg?ver=1777463218","url":"https:\/\/palmerodespachante.uy\/wp-content\/litespeed\/avatar\/8e783966089c8fa82b27a6627fb956c2.jpg?ver=1777463218","contentUrl":"https:\/\/palmerodespachante.uy\/wp-content\/litespeed\/avatar\/8e783966089c8fa82b27a6627fb956c2.jpg?ver=1777463218","caption":"Javier Palmero"}}]}},"jetpack_featured_media_url":"https:\/\/palmerodespachante.uy\/wp-content\/uploads\/2025\/06\/Navios-proyecta-ampliar-Nueva-Palmira-768x366-1.jpg","_links":{"self":[{"href":"https:\/\/palmerodespachante.uy\/index.php\/wp-json\/wp\/v2\/posts\/1441","targetHints":{"allow":["GET"]}}],"collection":[{"href":"https:\/\/palmerodespachante.uy\/index.php\/wp-json\/wp\/v2\/posts"}],"about":[{"href":"https:\/\/palmerodespachante.uy\/index.php\/wp-json\/wp\/v2\/types\/post"}],"author":[{"embeddable":true,"href":"https:\/\/palmerodespachante.uy\/index.php\/wp-json\/wp\/v2\/users\/3"}],"replies":[{"embeddable":true,"href":"https:\/\/palmerodespachante.uy\/index.php\/wp-json\/wp\/v2\/comments?post=1441"}],"version-history":[{"count":1,"href":"https:\/\/palmerodespachante.uy\/index.php\/wp-json\/wp\/v2\/posts\/1441\/revisions"}],"predecessor-version":[{"id":1443,"href":"https:\/\/palmerodespachante.uy\/index.php\/wp-json\/wp\/v2\/posts\/1441\/revisions\/1443"}],"wp:featuredmedia":[{"embeddable":true,"href":"https:\/\/palmerodespachante.uy\/index.php\/wp-json\/wp\/v2\/media\/1442"}],"wp:attachment":[{"href":"https:\/\/palmerodespachante.uy\/index.php\/wp-json\/wp\/v2\/media?parent=1441"}],"wp:term":[{"taxonomy":"category","embeddable":true,"href":"https:\/\/palmerodespachante.uy\/index.php\/wp-json\/wp\/v2\/categories?post=1441"},{"taxonomy":"post_tag","embeddable":true,"href":"https:\/\/palmerodespachante.uy\/index.php\/wp-json\/wp\/v2\/tags?post=1441"}],"curies":[{"name":"wp","href":"https:\/\/api.w.org\/{rel}","templated":true}]}}