{"id":1438,"date":"2025-06-16T11:50:35","date_gmt":"2025-06-16T14:50:35","guid":{"rendered":"https:\/\/palmerodespachante.uy\/?p=1438"},"modified":"2025-06-16T11:50:36","modified_gmt":"2025-06-16T14:50:36","slug":"one-alerta-sobre-impacto-de-la-perdida-de-carga-paraguaya-2","status":"publish","type":"post","link":"https:\/\/palmerodespachante.uy\/index.php\/2025\/06\/16\/one-alerta-sobre-impacto-de-la-perdida-de-carga-paraguaya-2\/","title":{"rendered":"ONE alerta sobre impacto de la p\u00e9rdida de carga paraguaya"},"content":{"rendered":"\n<p>Ocean Network Express (ONE) alert\u00f3 sobre el impacto de la p\u00e9rdida de carga paraguaya en el Puerto de Montevideo.<\/p>\n\n\n\n<p>El country manager de ONE Uruguay, Pablo Dom\u00ednguez, afirm\u00f3 que es urgente recuperar esa carga para sostener el volumen portuario. Explic\u00f3 que 50% del movimiento del puerto uruguayo depende de tr\u00e1nsitos, especialmente desde y hacia Paraguay.<\/p>\n\n\n\n<p>\u201cLa carga paraguaya define el flujo en la hidrov\u00eda. Sin ella, migran tambi\u00e9n los servicios log\u00edsticos asociados\u201d, indic\u00f3 Dom\u00ednguez.<\/p>\n\n\n\n<p>La mayor parte de este tr\u00e1fico ahora se traslada al Puerto de Buenos Aires, Argentina, desde comienzos de 2024. El ejecutivo remarc\u00f3 que el mercado interno uruguayo no tiene volumen suficiente para compensar esta p\u00e9rdida.<\/p>\n\n\n\n<h4 class=\"wp-block-heading\">El impacto en cifras<\/h4>\n\n\n\n<p>Adem\u00e1s, ilustr\u00f3 el impacto con cifras: un buque con conexi\u00f3n a Asia moviliza 2.000 unidades con transbordos, pero solo 1.000 sin ellos. Esto reduce a la mitad los procedimientos operativos, mientras se mantienen los costos fijos. \u201cSe lic\u00faan las facturas en vol\u00famenes m\u00e1s peque\u00f1os; es insostenible en el mediano plazo\u201d, advirti\u00f3.<\/p>\n\n\n\n<p>Dom\u00ednguez tambi\u00e9n se\u00f1al\u00f3 problemas log\u00edsticos por los escaneos aduaneros iniciados este a\u00f1o en Montevideo.Aduanas escanea la carga lista para embarcar, generando demoras que superan los tiempos de espera del buque. Esto provoca costos de almacenaje adicionales, absorbidos por las navieras. \u201cEs un tema sensible que debe revisarse\u201d, subray\u00f3.<\/p>\n\n\n\n<p>En ese contexto, ONE opt\u00f3 por hacer de R\u00edo Grande, Brasil, el nuevo centro de su red regional. El servicio feeder River Plate Express conecta R\u00edo Grande con puertos argentinos y se integra a rutas asi\u00e1ticas del servicio SX2. La decisi\u00f3n de excluir a Montevideo de este nodo afecta a\u00fan m\u00e1s su competitividad regional.<\/p>\n\n\n\n<p>Por su parte, MSC y Hapag-Lloyd eliminaron recientemente escalas directas en Montevideo y Asunci\u00f3n, reconfigurando su servicio MSE. El panorama plantea nuevos desaf\u00edos para Uruguay en la hidrov\u00eda y el comercio regional.<\/p>\n\n\n\n<hr class=\"wp-block-separator has-alpha-channel-opacity\"\/>\n\n\n\n<p><strong><em>TodologisticaNEWS:&nbsp;<\/em><\/strong><\/p>\n","protected":false},"excerpt":{"rendered":"<p>Ocean Network Express (ONE) alert\u00f3 sobre el impacto de la p\u00e9rdida de carga paraguaya en el Puerto de Montevideo. El country manager de ONE Uruguay, Pablo Dom\u00ednguez, afirm\u00f3 que es urgente recuperar esa carga para sostener el volumen portuario. Explic\u00f3 que 50% del movimiento del puerto uruguayo depende de tr\u00e1nsitos, especialmente desde y hacia Paraguay. [&hellip;]<\/p>\n","protected":false},"author":3,"featured_media":1439,"comment_status":"open","ping_status":"open","sticky":false,"template":"","format":"standard","meta":{"_joinchat":[],"footnotes":""},"categories":[37],"tags":[],"class_list":{"0":"post-1438","1":"post","2":"type-post","3":"status-publish","4":"format-standard","5":"has-post-thumbnail","7":"category-noticias"},"yoast_head":"<!-- This site is optimized with the Yoast SEO plugin v27.5 - https:\/\/yoast.com\/product\/yoast-seo-wordpress\/ -->\n<title>ONE alerta sobre impacto de la p\u00e9rdida de carga paraguaya - Palmero Despachante de Aduana<\/title>\n<meta name=\"robots\" content=\"noindex, follow\" \/>\n<meta property=\"og:locale\" content=\"es_ES\" \/>\n<meta property=\"og:type\" content=\"article\" \/>\n<meta property=\"og:title\" content=\"ONE alerta sobre impacto de la p\u00e9rdida de carga paraguaya - Palmero Despachante de Aduana\" \/>\n<meta property=\"og:description\" content=\"Ocean Network Express (ONE) alert\u00f3 sobre el impacto de la p\u00e9rdida de carga paraguaya en el Puerto de Montevideo. El country manager de ONE Uruguay, Pablo Dom\u00ednguez, afirm\u00f3 que es urgente recuperar esa carga para sostener el volumen portuario. Explic\u00f3 que 50% del movimiento del puerto uruguayo depende de tr\u00e1nsitos, especialmente desde y hacia Paraguay. [&hellip;]\" \/>\n<meta property=\"og:url\" content=\"https:\/\/palmerodespachante.uy\/index.php\/2025\/06\/16\/one-alerta-sobre-impacto-de-la-perdida-de-carga-paraguaya-2\/\" \/>\n<meta property=\"og:site_name\" content=\"Palmero Despachante de Aduana\" \/>\n<meta property=\"article:publisher\" content=\"https:\/\/www.facebook.com\/despachantedeaduana.palmero?hc_ref=ARQPWzEmqFz3O_9qTlrxPP6NW-Vf1b4-iJdwH7XdkuWdfarefzfPyjY7DGBCye4mnJs\" \/>\n<meta property=\"article:published_time\" content=\"2025-06-16T14:50:35+00:00\" \/>\n<meta property=\"article:modified_time\" content=\"2025-06-16T14:50:36+00:00\" \/>\n<meta property=\"og:image\" content=\"http:\/\/palmerodespachante.uy\/wp-content\/uploads\/2025\/06\/ONE-alerta-sobre-impacto-de-la-perdida-de-carga-paraguaya-768x366-1.jpg\" \/>\n\t<meta property=\"og:image:width\" content=\"768\" \/>\n\t<meta property=\"og:image:height\" content=\"366\" \/>\n\t<meta property=\"og:image:type\" content=\"image\/jpeg\" \/>\n<meta name=\"author\" content=\"Javier Palmero\" \/>\n<meta name=\"twitter:card\" content=\"summary_large_image\" \/>\n<meta name=\"twitter:label1\" content=\"Escrito por\" \/>\n\t<meta name=\"twitter:data1\" content=\"Javier Palmero\" \/>\n\t<meta name=\"twitter:label2\" content=\"Tiempo de lectura\" \/>\n\t<meta name=\"twitter:data2\" content=\"2 minutos\" \/>\n<script type=\"application\/ld+json\" class=\"yoast-schema-graph\">{\"@context\":\"https:\\\/\\\/schema.org\",\"@graph\":[{\"@type\":\"Article\",\"@id\":\"https:\\\/\\\/palmerodespachante.uy\\\/index.php\\\/2025\\\/06\\\/16\\\/one-alerta-sobre-impacto-de-la-perdida-de-carga-paraguaya-2\\\/#article\",\"isPartOf\":{\"@id\":\"https:\\\/\\\/palmerodespachante.uy\\\/index.php\\\/2025\\\/06\\\/16\\\/one-alerta-sobre-impacto-de-la-perdida-de-carga-paraguaya-2\\\/\"},\"author\":{\"name\":\"Javier Palmero\",\"@id\":\"https:\\\/\\\/palmerodespachante.uy\\\/#\\\/schema\\\/person\\\/9eabdcdc87fc74d275cc2faf2ce2f732\"},\"headline\":\"ONE alerta sobre impacto de la p\u00e9rdida de carga paraguaya\",\"datePublished\":\"2025-06-16T14:50:35+00:00\",\"dateModified\":\"2025-06-16T14:50:36+00:00\",\"mainEntityOfPage\":{\"@id\":\"https:\\\/\\\/palmerodespachante.uy\\\/index.php\\\/2025\\\/06\\\/16\\\/one-alerta-sobre-impacto-de-la-perdida-de-carga-paraguaya-2\\\/\"},\"wordCount\":337,\"commentCount\":0,\"publisher\":{\"@id\":\"https:\\\/\\\/palmerodespachante.uy\\\/#organization\"},\"image\":{\"@id\":\"https:\\\/\\\/palmerodespachante.uy\\\/index.php\\\/2025\\\/06\\\/16\\\/one-alerta-sobre-impacto-de-la-perdida-de-carga-paraguaya-2\\\/#primaryimage\"},\"thumbnailUrl\":\"https:\\\/\\\/palmerodespachante.uy\\\/wp-content\\\/uploads\\\/2025\\\/06\\\/ONE-alerta-sobre-impacto-de-la-perdida-de-carga-paraguaya-768x366-1.jpg\",\"articleSection\":[\"Noticias\"],\"inLanguage\":\"es\",\"potentialAction\":[{\"@type\":\"CommentAction\",\"name\":\"Comment\",\"target\":[\"https:\\\/\\\/palmerodespachante.uy\\\/index.php\\\/2025\\\/06\\\/16\\\/one-alerta-sobre-impacto-de-la-perdida-de-carga-paraguaya-2\\\/#respond\"]}]},{\"@type\":\"WebPage\",\"@id\":\"https:\\\/\\\/palmerodespachante.uy\\\/index.php\\\/2025\\\/06\\\/16\\\/one-alerta-sobre-impacto-de-la-perdida-de-carga-paraguaya-2\\\/\",\"url\":\"https:\\\/\\\/palmerodespachante.uy\\\/index.php\\\/2025\\\/06\\\/16\\\/one-alerta-sobre-impacto-de-la-perdida-de-carga-paraguaya-2\\\/\",\"name\":\"ONE alerta sobre impacto de la p\u00e9rdida de carga paraguaya - Palmero Despachante de Aduana\",\"isPartOf\":{\"@id\":\"https:\\\/\\\/palmerodespachante.uy\\\/#website\"},\"primaryImageOfPage\":{\"@id\":\"https:\\\/\\\/palmerodespachante.uy\\\/index.php\\\/2025\\\/06\\\/16\\\/one-alerta-sobre-impacto-de-la-perdida-de-carga-paraguaya-2\\\/#primaryimage\"},\"image\":{\"@id\":\"https:\\\/\\\/palmerodespachante.uy\\\/index.php\\\/2025\\\/06\\\/16\\\/one-alerta-sobre-impacto-de-la-perdida-de-carga-paraguaya-2\\\/#primaryimage\"},\"thumbnailUrl\":\"https:\\\/\\\/palmerodespachante.uy\\\/wp-content\\\/uploads\\\/2025\\\/06\\\/ONE-alerta-sobre-impacto-de-la-perdida-de-carga-paraguaya-768x366-1.jpg\",\"datePublished\":\"2025-06-16T14:50:35+00:00\",\"dateModified\":\"2025-06-16T14:50:36+00:00\",\"breadcrumb\":{\"@id\":\"https:\\\/\\\/palmerodespachante.uy\\\/index.php\\\/2025\\\/06\\\/16\\\/one-alerta-sobre-impacto-de-la-perdida-de-carga-paraguaya-2\\\/#breadcrumb\"},\"inLanguage\":\"es\",\"potentialAction\":[{\"@type\":\"ReadAction\",\"target\":[\"https:\\\/\\\/palmerodespachante.uy\\\/index.php\\\/2025\\\/06\\\/16\\\/one-alerta-sobre-impacto-de-la-perdida-de-carga-paraguaya-2\\\/\"]}]},{\"@type\":\"ImageObject\",\"inLanguage\":\"es\",\"@id\":\"https:\\\/\\\/palmerodespachante.uy\\\/index.php\\\/2025\\\/06\\\/16\\\/one-alerta-sobre-impacto-de-la-perdida-de-carga-paraguaya-2\\\/#primaryimage\",\"url\":\"https:\\\/\\\/palmerodespachante.uy\\\/wp-content\\\/uploads\\\/2025\\\/06\\\/ONE-alerta-sobre-impacto-de-la-perdida-de-carga-paraguaya-768x366-1.jpg\",\"contentUrl\":\"https:\\\/\\\/palmerodespachante.uy\\\/wp-content\\\/uploads\\\/2025\\\/06\\\/ONE-alerta-sobre-impacto-de-la-perdida-de-carga-paraguaya-768x366-1.jpg\",\"width\":768,\"height\":366},{\"@type\":\"BreadcrumbList\",\"@id\":\"https:\\\/\\\/palmerodespachante.uy\\\/index.php\\\/2025\\\/06\\\/16\\\/one-alerta-sobre-impacto-de-la-perdida-de-carga-paraguaya-2\\\/#breadcrumb\",\"itemListElement\":[{\"@type\":\"ListItem\",\"position\":1,\"name\":\"Portada\",\"item\":\"https:\\\/\\\/palmerodespachante.uy\\\/\"},{\"@type\":\"ListItem\",\"position\":2,\"name\":\"ONE alerta sobre impacto de la p\u00e9rdida de carga paraguaya\"}]},{\"@type\":\"WebSite\",\"@id\":\"https:\\\/\\\/palmerodespachante.uy\\\/#website\",\"url\":\"https:\\\/\\\/palmerodespachante.uy\\\/\",\"name\":\"Palmero Despachante de Aduana\",\"description\":\"Importaci\u00f3n, Exportaci\u00f3n, Tr\u00e1nsito\",\"publisher\":{\"@id\":\"https:\\\/\\\/palmerodespachante.uy\\\/#organization\"},\"potentialAction\":[{\"@type\":\"SearchAction\",\"target\":{\"@type\":\"EntryPoint\",\"urlTemplate\":\"https:\\\/\\\/palmerodespachante.uy\\\/?s={search_term_string}\"},\"query-input\":{\"@type\":\"PropertyValueSpecification\",\"valueRequired\":true,\"valueName\":\"search_term_string\"}}],\"inLanguage\":\"es\"},{\"@type\":\"Organization\",\"@id\":\"https:\\\/\\\/palmerodespachante.uy\\\/#organization\",\"name\":\"Palmero Despachante de Aduanas\",\"url\":\"https:\\\/\\\/palmerodespachante.uy\\\/\",\"logo\":{\"@type\":\"ImageObject\",\"inLanguage\":\"es\",\"@id\":\"https:\\\/\\\/palmerodespachante.uy\\\/#\\\/schema\\\/logo\\\/image\\\/\",\"url\":\"https:\\\/\\\/palmerodespachante.uy\\\/wp-content\\\/uploads\\\/2018\\\/08\\\/Logo-144.png\",\"contentUrl\":\"https:\\\/\\\/palmerodespachante.uy\\\/wp-content\\\/uploads\\\/2018\\\/08\\\/Logo-144.png\",\"width\":144,\"height\":144,\"caption\":\"Palmero Despachante de Aduanas\"},\"image\":{\"@id\":\"https:\\\/\\\/palmerodespachante.uy\\\/#\\\/schema\\\/logo\\\/image\\\/\"},\"sameAs\":[\"https:\\\/\\\/www.facebook.com\\\/despachantedeaduana.palmero?hc_ref=ARQPWzEmqFz3O_9qTlrxPP6NW-Vf1b4-iJdwH7XdkuWdfarefzfPyjY7DGBCye4mnJs\",\"https:\\\/\\\/www.linkedin.com\\\/company\\\/despachante-de-aduana-palmero\\\/\"]},{\"@type\":\"Person\",\"@id\":\"https:\\\/\\\/palmerodespachante.uy\\\/#\\\/schema\\\/person\\\/9eabdcdc87fc74d275cc2faf2ce2f732\",\"name\":\"Javier Palmero\",\"image\":{\"@type\":\"ImageObject\",\"inLanguage\":\"es\",\"@id\":\"https:\\\/\\\/palmerodespachante.uy\\\/wp-content\\\/litespeed\\\/avatar\\\/8e783966089c8fa82b27a6627fb956c2.jpg?ver=1777463218\",\"url\":\"https:\\\/\\\/palmerodespachante.uy\\\/wp-content\\\/litespeed\\\/avatar\\\/8e783966089c8fa82b27a6627fb956c2.jpg?ver=1777463218\",\"contentUrl\":\"https:\\\/\\\/palmerodespachante.uy\\\/wp-content\\\/litespeed\\\/avatar\\\/8e783966089c8fa82b27a6627fb956c2.jpg?ver=1777463218\",\"caption\":\"Javier Palmero\"}}]}<\/script>\n<!-- \/ Yoast SEO plugin. -->","yoast_head_json":{"title":"ONE alerta sobre impacto de la p\u00e9rdida de carga paraguaya - Palmero Despachante de Aduana","robots":{"index":"noindex","follow":"follow"},"og_locale":"es_ES","og_type":"article","og_title":"ONE alerta sobre impacto de la p\u00e9rdida de carga paraguaya - Palmero Despachante de Aduana","og_description":"Ocean Network Express (ONE) alert\u00f3 sobre el impacto de la p\u00e9rdida de carga paraguaya en el Puerto de Montevideo. El country manager de ONE Uruguay, Pablo Dom\u00ednguez, afirm\u00f3 que es urgente recuperar esa carga para sostener el volumen portuario. Explic\u00f3 que 50% del movimiento del puerto uruguayo depende de tr\u00e1nsitos, especialmente desde y hacia Paraguay. [&hellip;]","og_url":"https:\/\/palmerodespachante.uy\/index.php\/2025\/06\/16\/one-alerta-sobre-impacto-de-la-perdida-de-carga-paraguaya-2\/","og_site_name":"Palmero Despachante de Aduana","article_publisher":"https:\/\/www.facebook.com\/despachantedeaduana.palmero?hc_ref=ARQPWzEmqFz3O_9qTlrxPP6NW-Vf1b4-iJdwH7XdkuWdfarefzfPyjY7DGBCye4mnJs","article_published_time":"2025-06-16T14:50:35+00:00","article_modified_time":"2025-06-16T14:50:36+00:00","og_image":[{"width":768,"height":366,"url":"http:\/\/palmerodespachante.uy\/wp-content\/uploads\/2025\/06\/ONE-alerta-sobre-impacto-de-la-perdida-de-carga-paraguaya-768x366-1.jpg","type":"image\/jpeg"}],"author":"Javier Palmero","twitter_card":"summary_large_image","twitter_misc":{"Escrito por":"Javier Palmero","Tiempo de lectura":"2 minutos"},"schema":{"@context":"https:\/\/schema.org","@graph":[{"@type":"Article","@id":"https:\/\/palmerodespachante.uy\/index.php\/2025\/06\/16\/one-alerta-sobre-impacto-de-la-perdida-de-carga-paraguaya-2\/#article","isPartOf":{"@id":"https:\/\/palmerodespachante.uy\/index.php\/2025\/06\/16\/one-alerta-sobre-impacto-de-la-perdida-de-carga-paraguaya-2\/"},"author":{"name":"Javier Palmero","@id":"https:\/\/palmerodespachante.uy\/#\/schema\/person\/9eabdcdc87fc74d275cc2faf2ce2f732"},"headline":"ONE alerta sobre impacto de la p\u00e9rdida de carga paraguaya","datePublished":"2025-06-16T14:50:35+00:00","dateModified":"2025-06-16T14:50:36+00:00","mainEntityOfPage":{"@id":"https:\/\/palmerodespachante.uy\/index.php\/2025\/06\/16\/one-alerta-sobre-impacto-de-la-perdida-de-carga-paraguaya-2\/"},"wordCount":337,"commentCount":0,"publisher":{"@id":"https:\/\/palmerodespachante.uy\/#organization"},"image":{"@id":"https:\/\/palmerodespachante.uy\/index.php\/2025\/06\/16\/one-alerta-sobre-impacto-de-la-perdida-de-carga-paraguaya-2\/#primaryimage"},"thumbnailUrl":"https:\/\/palmerodespachante.uy\/wp-content\/uploads\/2025\/06\/ONE-alerta-sobre-impacto-de-la-perdida-de-carga-paraguaya-768x366-1.jpg","articleSection":["Noticias"],"inLanguage":"es","potentialAction":[{"@type":"CommentAction","name":"Comment","target":["https:\/\/palmerodespachante.uy\/index.php\/2025\/06\/16\/one-alerta-sobre-impacto-de-la-perdida-de-carga-paraguaya-2\/#respond"]}]},{"@type":"WebPage","@id":"https:\/\/palmerodespachante.uy\/index.php\/2025\/06\/16\/one-alerta-sobre-impacto-de-la-perdida-de-carga-paraguaya-2\/","url":"https:\/\/palmerodespachante.uy\/index.php\/2025\/06\/16\/one-alerta-sobre-impacto-de-la-perdida-de-carga-paraguaya-2\/","name":"ONE alerta sobre impacto de la p\u00e9rdida de carga paraguaya - Palmero Despachante de Aduana","isPartOf":{"@id":"https:\/\/palmerodespachante.uy\/#website"},"primaryImageOfPage":{"@id":"https:\/\/palmerodespachante.uy\/index.php\/2025\/06\/16\/one-alerta-sobre-impacto-de-la-perdida-de-carga-paraguaya-2\/#primaryimage"},"image":{"@id":"https:\/\/palmerodespachante.uy\/index.php\/2025\/06\/16\/one-alerta-sobre-impacto-de-la-perdida-de-carga-paraguaya-2\/#primaryimage"},"thumbnailUrl":"https:\/\/palmerodespachante.uy\/wp-content\/uploads\/2025\/06\/ONE-alerta-sobre-impacto-de-la-perdida-de-carga-paraguaya-768x366-1.jpg","datePublished":"2025-06-16T14:50:35+00:00","dateModified":"2025-06-16T14:50:36+00:00","breadcrumb":{"@id":"https:\/\/palmerodespachante.uy\/index.php\/2025\/06\/16\/one-alerta-sobre-impacto-de-la-perdida-de-carga-paraguaya-2\/#breadcrumb"},"inLanguage":"es","potentialAction":[{"@type":"ReadAction","target":["https:\/\/palmerodespachante.uy\/index.php\/2025\/06\/16\/one-alerta-sobre-impacto-de-la-perdida-de-carga-paraguaya-2\/"]}]},{"@type":"ImageObject","inLanguage":"es","@id":"https:\/\/palmerodespachante.uy\/index.php\/2025\/06\/16\/one-alerta-sobre-impacto-de-la-perdida-de-carga-paraguaya-2\/#primaryimage","url":"https:\/\/palmerodespachante.uy\/wp-content\/uploads\/2025\/06\/ONE-alerta-sobre-impacto-de-la-perdida-de-carga-paraguaya-768x366-1.jpg","contentUrl":"https:\/\/palmerodespachante.uy\/wp-content\/uploads\/2025\/06\/ONE-alerta-sobre-impacto-de-la-perdida-de-carga-paraguaya-768x366-1.jpg","width":768,"height":366},{"@type":"BreadcrumbList","@id":"https:\/\/palmerodespachante.uy\/index.php\/2025\/06\/16\/one-alerta-sobre-impacto-de-la-perdida-de-carga-paraguaya-2\/#breadcrumb","itemListElement":[{"@type":"ListItem","position":1,"name":"Portada","item":"https:\/\/palmerodespachante.uy\/"},{"@type":"ListItem","position":2,"name":"ONE alerta sobre impacto de la p\u00e9rdida de carga paraguaya"}]},{"@type":"WebSite","@id":"https:\/\/palmerodespachante.uy\/#website","url":"https:\/\/palmerodespachante.uy\/","name":"Palmero Despachante de Aduana","description":"Importaci\u00f3n, Exportaci\u00f3n, Tr\u00e1nsito","publisher":{"@id":"https:\/\/palmerodespachante.uy\/#organization"},"potentialAction":[{"@type":"SearchAction","target":{"@type":"EntryPoint","urlTemplate":"https:\/\/palmerodespachante.uy\/?s={search_term_string}"},"query-input":{"@type":"PropertyValueSpecification","valueRequired":true,"valueName":"search_term_string"}}],"inLanguage":"es"},{"@type":"Organization","@id":"https:\/\/palmerodespachante.uy\/#organization","name":"Palmero Despachante de Aduanas","url":"https:\/\/palmerodespachante.uy\/","logo":{"@type":"ImageObject","inLanguage":"es","@id":"https:\/\/palmerodespachante.uy\/#\/schema\/logo\/image\/","url":"https:\/\/palmerodespachante.uy\/wp-content\/uploads\/2018\/08\/Logo-144.png","contentUrl":"https:\/\/palmerodespachante.uy\/wp-content\/uploads\/2018\/08\/Logo-144.png","width":144,"height":144,"caption":"Palmero Despachante de Aduanas"},"image":{"@id":"https:\/\/palmerodespachante.uy\/#\/schema\/logo\/image\/"},"sameAs":["https:\/\/www.facebook.com\/despachantedeaduana.palmero?hc_ref=ARQPWzEmqFz3O_9qTlrxPP6NW-Vf1b4-iJdwH7XdkuWdfarefzfPyjY7DGBCye4mnJs","https:\/\/www.linkedin.com\/company\/despachante-de-aduana-palmero\/"]},{"@type":"Person","@id":"https:\/\/palmerodespachante.uy\/#\/schema\/person\/9eabdcdc87fc74d275cc2faf2ce2f732","name":"Javier Palmero","image":{"@type":"ImageObject","inLanguage":"es","@id":"https:\/\/palmerodespachante.uy\/wp-content\/litespeed\/avatar\/8e783966089c8fa82b27a6627fb956c2.jpg?ver=1777463218","url":"https:\/\/palmerodespachante.uy\/wp-content\/litespeed\/avatar\/8e783966089c8fa82b27a6627fb956c2.jpg?ver=1777463218","contentUrl":"https:\/\/palmerodespachante.uy\/wp-content\/litespeed\/avatar\/8e783966089c8fa82b27a6627fb956c2.jpg?ver=1777463218","caption":"Javier Palmero"}}]}},"jetpack_featured_media_url":"https:\/\/palmerodespachante.uy\/wp-content\/uploads\/2025\/06\/ONE-alerta-sobre-impacto-de-la-perdida-de-carga-paraguaya-768x366-1.jpg","_links":{"self":[{"href":"https:\/\/palmerodespachante.uy\/index.php\/wp-json\/wp\/v2\/posts\/1438","targetHints":{"allow":["GET"]}}],"collection":[{"href":"https:\/\/palmerodespachante.uy\/index.php\/wp-json\/wp\/v2\/posts"}],"about":[{"href":"https:\/\/palmerodespachante.uy\/index.php\/wp-json\/wp\/v2\/types\/post"}],"author":[{"embeddable":true,"href":"https:\/\/palmerodespachante.uy\/index.php\/wp-json\/wp\/v2\/users\/3"}],"replies":[{"embeddable":true,"href":"https:\/\/palmerodespachante.uy\/index.php\/wp-json\/wp\/v2\/comments?post=1438"}],"version-history":[{"count":1,"href":"https:\/\/palmerodespachante.uy\/index.php\/wp-json\/wp\/v2\/posts\/1438\/revisions"}],"predecessor-version":[{"id":1440,"href":"https:\/\/palmerodespachante.uy\/index.php\/wp-json\/wp\/v2\/posts\/1438\/revisions\/1440"}],"wp:featuredmedia":[{"embeddable":true,"href":"https:\/\/palmerodespachante.uy\/index.php\/wp-json\/wp\/v2\/media\/1439"}],"wp:attachment":[{"href":"https:\/\/palmerodespachante.uy\/index.php\/wp-json\/wp\/v2\/media?parent=1438"}],"wp:term":[{"taxonomy":"category","embeddable":true,"href":"https:\/\/palmerodespachante.uy\/index.php\/wp-json\/wp\/v2\/categories?post=1438"},{"taxonomy":"post_tag","embeddable":true,"href":"https:\/\/palmerodespachante.uy\/index.php\/wp-json\/wp\/v2\/tags?post=1438"}],"curies":[{"name":"wp","href":"https:\/\/api.w.org\/{rel}","templated":true}]}}