{"id":1434,"date":"2025-06-16T11:47:36","date_gmt":"2025-06-16T14:47:36","guid":{"rendered":"https:\/\/palmerodespachante.uy\/?p=1434"},"modified":"2025-06-16T11:47:38","modified_gmt":"2025-06-16T14:47:38","slug":"uruguay-modera-crecimiento-exportador","status":"publish","type":"post","link":"https:\/\/palmerodespachante.uy\/index.php\/2025\/06\/16\/uruguay-modera-crecimiento-exportador\/","title":{"rendered":"Uruguay modera crecimiento exportador"},"content":{"rendered":"\n<p>Las exportaciones de bienes uruguayos alcanzaron US$ 1.169 millones en mayo de 2025, con un leve incremento interanual del 1%, seg\u00fan inform\u00f3 Uruguay XXI. Esta cifra consolid\u00f3 el tercer mes consecutivo de crecimiento luego de la ca\u00edda registrada en febrero.<\/p>\n\n\n\n<p>En el acumulado enero-mayo, las colocaciones al exterior sumaron US$ 5.119 millones, lo que represent\u00f3 un crecimiento del 4% frente al mismo per\u00edodo de 2024. Sin embargo, la tendencia mensual mostr\u00f3 se\u00f1ales de desaceleraci\u00f3n: en abril las exportaciones crecieron 4% y en marzo, 14%.<\/p>\n\n\n\n<p>Entre los productos m\u00e1s destacados en mayo se ubicaron la carne bovina, con US$ 256 millones exportados y un crecimiento interanual del 35%; y la celulosa, con colocaciones por US$ 203 millones, lo que implic\u00f3 un aumento del 24%.<\/p>\n\n\n\n<p>En contraste, algunos productos clave retrocedieron. La soja totaliz\u00f3 exportaciones por US$ 124 millones, una baja del 31% respecto a abril del a\u00f1o pasado. El concentrado de bebidas cay\u00f3 un 10% con US$ 70 millones, al igual que los productos l\u00e1cteos que tambi\u00e9n retrocedieron 10%, hasta US$ 66 millones.<\/p>\n\n\n\n<p>En cuanto a destinos, China lider\u00f3 con US$ 271 millones, pese a una ca\u00edda interanual del 15% por menores env\u00edos de soja. Le siguieron la Uni\u00f3n Europea (US$ 206 millones, +43%), Brasil (US$ 160 millones, -18%) y Estados Unidos (US$ 129 millones, +25%).<\/p>\n\n\n\n<p>A su vez, el informe resalt\u00f3 el fortalecimiento del sector farmac\u00e9utico. Uruguay consolid\u00f3 su perfil como hub regional, con una producci\u00f3n anual de US$ 928 millones, lo que representa el 11% del PIB industrial y el 1% del total. Este sector emplea a casi 7.800 personas en 175 empresas.<\/p>\n\n\n\n<hr class=\"wp-block-separator has-alpha-channel-opacity\"\/>\n\n\n\n<p><strong><em>TodologisticaNEWS:<\/em><\/strong><\/p>\n","protected":false},"excerpt":{"rendered":"<p>Las exportaciones de bienes uruguayos alcanzaron US$ 1.169 millones en mayo de 2025, con un leve incremento interanual del 1%, seg\u00fan inform\u00f3 Uruguay XXI. Esta cifra consolid\u00f3 el tercer mes consecutivo de crecimiento luego de la ca\u00edda registrada en febrero. En el acumulado enero-mayo, las colocaciones al exterior sumaron US$ 5.119 millones, lo que represent\u00f3 [&hellip;]<\/p>\n","protected":false},"author":3,"featured_media":1435,"comment_status":"open","ping_status":"open","sticky":false,"template":"","format":"standard","meta":{"_joinchat":[],"footnotes":""},"categories":[37],"tags":[],"class_list":{"0":"post-1434","1":"post","2":"type-post","3":"status-publish","4":"format-standard","5":"has-post-thumbnail","7":"category-noticias"},"yoast_head":"<!-- This site is optimized with the Yoast SEO plugin v27.5 - https:\/\/yoast.com\/product\/yoast-seo-wordpress\/ -->\n<title>Uruguay modera crecimiento exportador - Palmero Despachante de Aduana<\/title>\n<meta name=\"robots\" content=\"noindex, follow\" \/>\n<meta property=\"og:locale\" content=\"es_ES\" \/>\n<meta property=\"og:type\" content=\"article\" \/>\n<meta property=\"og:title\" content=\"Uruguay modera crecimiento exportador - Palmero Despachante de Aduana\" \/>\n<meta property=\"og:description\" content=\"Las exportaciones de bienes uruguayos alcanzaron US$ 1.169 millones en mayo de 2025, con un leve incremento interanual del 1%, seg\u00fan inform\u00f3 Uruguay XXI. Esta cifra consolid\u00f3 el tercer mes consecutivo de crecimiento luego de la ca\u00edda registrada en febrero. En el acumulado enero-mayo, las colocaciones al exterior sumaron US$ 5.119 millones, lo que represent\u00f3 [&hellip;]\" \/>\n<meta property=\"og:url\" content=\"https:\/\/palmerodespachante.uy\/index.php\/2025\/06\/16\/uruguay-modera-crecimiento-exportador\/\" \/>\n<meta property=\"og:site_name\" content=\"Palmero Despachante de Aduana\" \/>\n<meta property=\"article:publisher\" content=\"https:\/\/www.facebook.com\/despachantedeaduana.palmero?hc_ref=ARQPWzEmqFz3O_9qTlrxPP6NW-Vf1b4-iJdwH7XdkuWdfarefzfPyjY7DGBCye4mnJs\" \/>\n<meta property=\"article:published_time\" content=\"2025-06-16T14:47:36+00:00\" \/>\n<meta property=\"article:modified_time\" content=\"2025-06-16T14:47:38+00:00\" \/>\n<meta property=\"og:image\" content=\"http:\/\/palmerodespachante.uy\/wp-content\/uploads\/2025\/06\/Uruguay-modera-crecimiento-exportador-768x366-1.jpg\" \/>\n\t<meta property=\"og:image:width\" content=\"768\" \/>\n\t<meta property=\"og:image:height\" content=\"366\" \/>\n\t<meta property=\"og:image:type\" content=\"image\/jpeg\" \/>\n<meta name=\"author\" content=\"Javier Palmero\" \/>\n<meta name=\"twitter:card\" content=\"summary_large_image\" \/>\n<meta name=\"twitter:label1\" content=\"Escrito por\" \/>\n\t<meta name=\"twitter:data1\" content=\"Javier Palmero\" \/>\n\t<meta name=\"twitter:label2\" content=\"Tiempo de lectura\" \/>\n\t<meta name=\"twitter:data2\" content=\"2 minutos\" \/>\n<script type=\"application\/ld+json\" class=\"yoast-schema-graph\">{\"@context\":\"https:\\\/\\\/schema.org\",\"@graph\":[{\"@type\":\"Article\",\"@id\":\"https:\\\/\\\/palmerodespachante.uy\\\/index.php\\\/2025\\\/06\\\/16\\\/uruguay-modera-crecimiento-exportador\\\/#article\",\"isPartOf\":{\"@id\":\"https:\\\/\\\/palmerodespachante.uy\\\/index.php\\\/2025\\\/06\\\/16\\\/uruguay-modera-crecimiento-exportador\\\/\"},\"author\":{\"name\":\"Javier Palmero\",\"@id\":\"https:\\\/\\\/palmerodespachante.uy\\\/#\\\/schema\\\/person\\\/9eabdcdc87fc74d275cc2faf2ce2f732\"},\"headline\":\"Uruguay modera crecimiento exportador\",\"datePublished\":\"2025-06-16T14:47:36+00:00\",\"dateModified\":\"2025-06-16T14:47:38+00:00\",\"mainEntityOfPage\":{\"@id\":\"https:\\\/\\\/palmerodespachante.uy\\\/index.php\\\/2025\\\/06\\\/16\\\/uruguay-modera-crecimiento-exportador\\\/\"},\"wordCount\":253,\"commentCount\":0,\"publisher\":{\"@id\":\"https:\\\/\\\/palmerodespachante.uy\\\/#organization\"},\"image\":{\"@id\":\"https:\\\/\\\/palmerodespachante.uy\\\/index.php\\\/2025\\\/06\\\/16\\\/uruguay-modera-crecimiento-exportador\\\/#primaryimage\"},\"thumbnailUrl\":\"https:\\\/\\\/palmerodespachante.uy\\\/wp-content\\\/uploads\\\/2025\\\/06\\\/Uruguay-modera-crecimiento-exportador-768x366-1.jpg\",\"articleSection\":[\"Noticias\"],\"inLanguage\":\"es\",\"potentialAction\":[{\"@type\":\"CommentAction\",\"name\":\"Comment\",\"target\":[\"https:\\\/\\\/palmerodespachante.uy\\\/index.php\\\/2025\\\/06\\\/16\\\/uruguay-modera-crecimiento-exportador\\\/#respond\"]}]},{\"@type\":\"WebPage\",\"@id\":\"https:\\\/\\\/palmerodespachante.uy\\\/index.php\\\/2025\\\/06\\\/16\\\/uruguay-modera-crecimiento-exportador\\\/\",\"url\":\"https:\\\/\\\/palmerodespachante.uy\\\/index.php\\\/2025\\\/06\\\/16\\\/uruguay-modera-crecimiento-exportador\\\/\",\"name\":\"Uruguay modera crecimiento exportador - Palmero Despachante de Aduana\",\"isPartOf\":{\"@id\":\"https:\\\/\\\/palmerodespachante.uy\\\/#website\"},\"primaryImageOfPage\":{\"@id\":\"https:\\\/\\\/palmerodespachante.uy\\\/index.php\\\/2025\\\/06\\\/16\\\/uruguay-modera-crecimiento-exportador\\\/#primaryimage\"},\"image\":{\"@id\":\"https:\\\/\\\/palmerodespachante.uy\\\/index.php\\\/2025\\\/06\\\/16\\\/uruguay-modera-crecimiento-exportador\\\/#primaryimage\"},\"thumbnailUrl\":\"https:\\\/\\\/palmerodespachante.uy\\\/wp-content\\\/uploads\\\/2025\\\/06\\\/Uruguay-modera-crecimiento-exportador-768x366-1.jpg\",\"datePublished\":\"2025-06-16T14:47:36+00:00\",\"dateModified\":\"2025-06-16T14:47:38+00:00\",\"breadcrumb\":{\"@id\":\"https:\\\/\\\/palmerodespachante.uy\\\/index.php\\\/2025\\\/06\\\/16\\\/uruguay-modera-crecimiento-exportador\\\/#breadcrumb\"},\"inLanguage\":\"es\",\"potentialAction\":[{\"@type\":\"ReadAction\",\"target\":[\"https:\\\/\\\/palmerodespachante.uy\\\/index.php\\\/2025\\\/06\\\/16\\\/uruguay-modera-crecimiento-exportador\\\/\"]}]},{\"@type\":\"ImageObject\",\"inLanguage\":\"es\",\"@id\":\"https:\\\/\\\/palmerodespachante.uy\\\/index.php\\\/2025\\\/06\\\/16\\\/uruguay-modera-crecimiento-exportador\\\/#primaryimage\",\"url\":\"https:\\\/\\\/palmerodespachante.uy\\\/wp-content\\\/uploads\\\/2025\\\/06\\\/Uruguay-modera-crecimiento-exportador-768x366-1.jpg\",\"contentUrl\":\"https:\\\/\\\/palmerodespachante.uy\\\/wp-content\\\/uploads\\\/2025\\\/06\\\/Uruguay-modera-crecimiento-exportador-768x366-1.jpg\",\"width\":768,\"height\":366},{\"@type\":\"BreadcrumbList\",\"@id\":\"https:\\\/\\\/palmerodespachante.uy\\\/index.php\\\/2025\\\/06\\\/16\\\/uruguay-modera-crecimiento-exportador\\\/#breadcrumb\",\"itemListElement\":[{\"@type\":\"ListItem\",\"position\":1,\"name\":\"Portada\",\"item\":\"https:\\\/\\\/palmerodespachante.uy\\\/\"},{\"@type\":\"ListItem\",\"position\":2,\"name\":\"Uruguay modera crecimiento exportador\"}]},{\"@type\":\"WebSite\",\"@id\":\"https:\\\/\\\/palmerodespachante.uy\\\/#website\",\"url\":\"https:\\\/\\\/palmerodespachante.uy\\\/\",\"name\":\"Palmero Despachante de Aduana\",\"description\":\"Importaci\u00f3n, Exportaci\u00f3n, Tr\u00e1nsito\",\"publisher\":{\"@id\":\"https:\\\/\\\/palmerodespachante.uy\\\/#organization\"},\"potentialAction\":[{\"@type\":\"SearchAction\",\"target\":{\"@type\":\"EntryPoint\",\"urlTemplate\":\"https:\\\/\\\/palmerodespachante.uy\\\/?s={search_term_string}\"},\"query-input\":{\"@type\":\"PropertyValueSpecification\",\"valueRequired\":true,\"valueName\":\"search_term_string\"}}],\"inLanguage\":\"es\"},{\"@type\":\"Organization\",\"@id\":\"https:\\\/\\\/palmerodespachante.uy\\\/#organization\",\"name\":\"Palmero Despachante de Aduanas\",\"url\":\"https:\\\/\\\/palmerodespachante.uy\\\/\",\"logo\":{\"@type\":\"ImageObject\",\"inLanguage\":\"es\",\"@id\":\"https:\\\/\\\/palmerodespachante.uy\\\/#\\\/schema\\\/logo\\\/image\\\/\",\"url\":\"https:\\\/\\\/palmerodespachante.uy\\\/wp-content\\\/uploads\\\/2018\\\/08\\\/Logo-144.png\",\"contentUrl\":\"https:\\\/\\\/palmerodespachante.uy\\\/wp-content\\\/uploads\\\/2018\\\/08\\\/Logo-144.png\",\"width\":144,\"height\":144,\"caption\":\"Palmero Despachante de Aduanas\"},\"image\":{\"@id\":\"https:\\\/\\\/palmerodespachante.uy\\\/#\\\/schema\\\/logo\\\/image\\\/\"},\"sameAs\":[\"https:\\\/\\\/www.facebook.com\\\/despachantedeaduana.palmero?hc_ref=ARQPWzEmqFz3O_9qTlrxPP6NW-Vf1b4-iJdwH7XdkuWdfarefzfPyjY7DGBCye4mnJs\",\"https:\\\/\\\/www.linkedin.com\\\/company\\\/despachante-de-aduana-palmero\\\/\"]},{\"@type\":\"Person\",\"@id\":\"https:\\\/\\\/palmerodespachante.uy\\\/#\\\/schema\\\/person\\\/9eabdcdc87fc74d275cc2faf2ce2f732\",\"name\":\"Javier Palmero\",\"image\":{\"@type\":\"ImageObject\",\"inLanguage\":\"es\",\"@id\":\"https:\\\/\\\/palmerodespachante.uy\\\/wp-content\\\/litespeed\\\/avatar\\\/8e783966089c8fa82b27a6627fb956c2.jpg?ver=1777463218\",\"url\":\"https:\\\/\\\/palmerodespachante.uy\\\/wp-content\\\/litespeed\\\/avatar\\\/8e783966089c8fa82b27a6627fb956c2.jpg?ver=1777463218\",\"contentUrl\":\"https:\\\/\\\/palmerodespachante.uy\\\/wp-content\\\/litespeed\\\/avatar\\\/8e783966089c8fa82b27a6627fb956c2.jpg?ver=1777463218\",\"caption\":\"Javier Palmero\"}}]}<\/script>\n<!-- \/ Yoast SEO plugin. -->","yoast_head_json":{"title":"Uruguay modera crecimiento exportador - Palmero Despachante de Aduana","robots":{"index":"noindex","follow":"follow"},"og_locale":"es_ES","og_type":"article","og_title":"Uruguay modera crecimiento exportador - Palmero Despachante de Aduana","og_description":"Las exportaciones de bienes uruguayos alcanzaron US$ 1.169 millones en mayo de 2025, con un leve incremento interanual del 1%, seg\u00fan inform\u00f3 Uruguay XXI. Esta cifra consolid\u00f3 el tercer mes consecutivo de crecimiento luego de la ca\u00edda registrada en febrero. En el acumulado enero-mayo, las colocaciones al exterior sumaron US$ 5.119 millones, lo que represent\u00f3 [&hellip;]","og_url":"https:\/\/palmerodespachante.uy\/index.php\/2025\/06\/16\/uruguay-modera-crecimiento-exportador\/","og_site_name":"Palmero Despachante de Aduana","article_publisher":"https:\/\/www.facebook.com\/despachantedeaduana.palmero?hc_ref=ARQPWzEmqFz3O_9qTlrxPP6NW-Vf1b4-iJdwH7XdkuWdfarefzfPyjY7DGBCye4mnJs","article_published_time":"2025-06-16T14:47:36+00:00","article_modified_time":"2025-06-16T14:47:38+00:00","og_image":[{"width":768,"height":366,"url":"http:\/\/palmerodespachante.uy\/wp-content\/uploads\/2025\/06\/Uruguay-modera-crecimiento-exportador-768x366-1.jpg","type":"image\/jpeg"}],"author":"Javier Palmero","twitter_card":"summary_large_image","twitter_misc":{"Escrito por":"Javier Palmero","Tiempo de lectura":"2 minutos"},"schema":{"@context":"https:\/\/schema.org","@graph":[{"@type":"Article","@id":"https:\/\/palmerodespachante.uy\/index.php\/2025\/06\/16\/uruguay-modera-crecimiento-exportador\/#article","isPartOf":{"@id":"https:\/\/palmerodespachante.uy\/index.php\/2025\/06\/16\/uruguay-modera-crecimiento-exportador\/"},"author":{"name":"Javier Palmero","@id":"https:\/\/palmerodespachante.uy\/#\/schema\/person\/9eabdcdc87fc74d275cc2faf2ce2f732"},"headline":"Uruguay modera crecimiento exportador","datePublished":"2025-06-16T14:47:36+00:00","dateModified":"2025-06-16T14:47:38+00:00","mainEntityOfPage":{"@id":"https:\/\/palmerodespachante.uy\/index.php\/2025\/06\/16\/uruguay-modera-crecimiento-exportador\/"},"wordCount":253,"commentCount":0,"publisher":{"@id":"https:\/\/palmerodespachante.uy\/#organization"},"image":{"@id":"https:\/\/palmerodespachante.uy\/index.php\/2025\/06\/16\/uruguay-modera-crecimiento-exportador\/#primaryimage"},"thumbnailUrl":"https:\/\/palmerodespachante.uy\/wp-content\/uploads\/2025\/06\/Uruguay-modera-crecimiento-exportador-768x366-1.jpg","articleSection":["Noticias"],"inLanguage":"es","potentialAction":[{"@type":"CommentAction","name":"Comment","target":["https:\/\/palmerodespachante.uy\/index.php\/2025\/06\/16\/uruguay-modera-crecimiento-exportador\/#respond"]}]},{"@type":"WebPage","@id":"https:\/\/palmerodespachante.uy\/index.php\/2025\/06\/16\/uruguay-modera-crecimiento-exportador\/","url":"https:\/\/palmerodespachante.uy\/index.php\/2025\/06\/16\/uruguay-modera-crecimiento-exportador\/","name":"Uruguay modera crecimiento exportador - Palmero Despachante de Aduana","isPartOf":{"@id":"https:\/\/palmerodespachante.uy\/#website"},"primaryImageOfPage":{"@id":"https:\/\/palmerodespachante.uy\/index.php\/2025\/06\/16\/uruguay-modera-crecimiento-exportador\/#primaryimage"},"image":{"@id":"https:\/\/palmerodespachante.uy\/index.php\/2025\/06\/16\/uruguay-modera-crecimiento-exportador\/#primaryimage"},"thumbnailUrl":"https:\/\/palmerodespachante.uy\/wp-content\/uploads\/2025\/06\/Uruguay-modera-crecimiento-exportador-768x366-1.jpg","datePublished":"2025-06-16T14:47:36+00:00","dateModified":"2025-06-16T14:47:38+00:00","breadcrumb":{"@id":"https:\/\/palmerodespachante.uy\/index.php\/2025\/06\/16\/uruguay-modera-crecimiento-exportador\/#breadcrumb"},"inLanguage":"es","potentialAction":[{"@type":"ReadAction","target":["https:\/\/palmerodespachante.uy\/index.php\/2025\/06\/16\/uruguay-modera-crecimiento-exportador\/"]}]},{"@type":"ImageObject","inLanguage":"es","@id":"https:\/\/palmerodespachante.uy\/index.php\/2025\/06\/16\/uruguay-modera-crecimiento-exportador\/#primaryimage","url":"https:\/\/palmerodespachante.uy\/wp-content\/uploads\/2025\/06\/Uruguay-modera-crecimiento-exportador-768x366-1.jpg","contentUrl":"https:\/\/palmerodespachante.uy\/wp-content\/uploads\/2025\/06\/Uruguay-modera-crecimiento-exportador-768x366-1.jpg","width":768,"height":366},{"@type":"BreadcrumbList","@id":"https:\/\/palmerodespachante.uy\/index.php\/2025\/06\/16\/uruguay-modera-crecimiento-exportador\/#breadcrumb","itemListElement":[{"@type":"ListItem","position":1,"name":"Portada","item":"https:\/\/palmerodespachante.uy\/"},{"@type":"ListItem","position":2,"name":"Uruguay modera crecimiento exportador"}]},{"@type":"WebSite","@id":"https:\/\/palmerodespachante.uy\/#website","url":"https:\/\/palmerodespachante.uy\/","name":"Palmero Despachante de Aduana","description":"Importaci\u00f3n, Exportaci\u00f3n, Tr\u00e1nsito","publisher":{"@id":"https:\/\/palmerodespachante.uy\/#organization"},"potentialAction":[{"@type":"SearchAction","target":{"@type":"EntryPoint","urlTemplate":"https:\/\/palmerodespachante.uy\/?s={search_term_string}"},"query-input":{"@type":"PropertyValueSpecification","valueRequired":true,"valueName":"search_term_string"}}],"inLanguage":"es"},{"@type":"Organization","@id":"https:\/\/palmerodespachante.uy\/#organization","name":"Palmero Despachante de Aduanas","url":"https:\/\/palmerodespachante.uy\/","logo":{"@type":"ImageObject","inLanguage":"es","@id":"https:\/\/palmerodespachante.uy\/#\/schema\/logo\/image\/","url":"https:\/\/palmerodespachante.uy\/wp-content\/uploads\/2018\/08\/Logo-144.png","contentUrl":"https:\/\/palmerodespachante.uy\/wp-content\/uploads\/2018\/08\/Logo-144.png","width":144,"height":144,"caption":"Palmero Despachante de Aduanas"},"image":{"@id":"https:\/\/palmerodespachante.uy\/#\/schema\/logo\/image\/"},"sameAs":["https:\/\/www.facebook.com\/despachantedeaduana.palmero?hc_ref=ARQPWzEmqFz3O_9qTlrxPP6NW-Vf1b4-iJdwH7XdkuWdfarefzfPyjY7DGBCye4mnJs","https:\/\/www.linkedin.com\/company\/despachante-de-aduana-palmero\/"]},{"@type":"Person","@id":"https:\/\/palmerodespachante.uy\/#\/schema\/person\/9eabdcdc87fc74d275cc2faf2ce2f732","name":"Javier Palmero","image":{"@type":"ImageObject","inLanguage":"es","@id":"https:\/\/palmerodespachante.uy\/wp-content\/litespeed\/avatar\/8e783966089c8fa82b27a6627fb956c2.jpg?ver=1777463218","url":"https:\/\/palmerodespachante.uy\/wp-content\/litespeed\/avatar\/8e783966089c8fa82b27a6627fb956c2.jpg?ver=1777463218","contentUrl":"https:\/\/palmerodespachante.uy\/wp-content\/litespeed\/avatar\/8e783966089c8fa82b27a6627fb956c2.jpg?ver=1777463218","caption":"Javier Palmero"}}]}},"jetpack_featured_media_url":"https:\/\/palmerodespachante.uy\/wp-content\/uploads\/2025\/06\/Uruguay-modera-crecimiento-exportador-768x366-1.jpg","_links":{"self":[{"href":"https:\/\/palmerodespachante.uy\/index.php\/wp-json\/wp\/v2\/posts\/1434","targetHints":{"allow":["GET"]}}],"collection":[{"href":"https:\/\/palmerodespachante.uy\/index.php\/wp-json\/wp\/v2\/posts"}],"about":[{"href":"https:\/\/palmerodespachante.uy\/index.php\/wp-json\/wp\/v2\/types\/post"}],"author":[{"embeddable":true,"href":"https:\/\/palmerodespachante.uy\/index.php\/wp-json\/wp\/v2\/users\/3"}],"replies":[{"embeddable":true,"href":"https:\/\/palmerodespachante.uy\/index.php\/wp-json\/wp\/v2\/comments?post=1434"}],"version-history":[{"count":1,"href":"https:\/\/palmerodespachante.uy\/index.php\/wp-json\/wp\/v2\/posts\/1434\/revisions"}],"predecessor-version":[{"id":1436,"href":"https:\/\/palmerodespachante.uy\/index.php\/wp-json\/wp\/v2\/posts\/1434\/revisions\/1436"}],"wp:featuredmedia":[{"embeddable":true,"href":"https:\/\/palmerodespachante.uy\/index.php\/wp-json\/wp\/v2\/media\/1435"}],"wp:attachment":[{"href":"https:\/\/palmerodespachante.uy\/index.php\/wp-json\/wp\/v2\/media?parent=1434"}],"wp:term":[{"taxonomy":"category","embeddable":true,"href":"https:\/\/palmerodespachante.uy\/index.php\/wp-json\/wp\/v2\/categories?post=1434"},{"taxonomy":"post_tag","embeddable":true,"href":"https:\/\/palmerodespachante.uy\/index.php\/wp-json\/wp\/v2\/tags?post=1434"}],"curies":[{"name":"wp","href":"https:\/\/api.w.org\/{rel}","templated":true}]}}