{"id":1408,"date":"2025-05-27T11:45:28","date_gmt":"2025-05-27T14:45:28","guid":{"rendered":"https:\/\/palmerodespachante.uy\/?p=1408"},"modified":"2025-05-27T11:45:30","modified_gmt":"2025-05-27T14:45:30","slug":"uruguay-innova-buscara-potenciar-el-sistema-de-investigacion-e-innovacion-del-pais","status":"publish","type":"post","link":"https:\/\/palmerodespachante.uy\/index.php\/2025\/05\/27\/uruguay-innova-buscara-potenciar-el-sistema-de-investigacion-e-innovacion-del-pais\/","title":{"rendered":"URUGUAY INNOVA BUSCAR\u00c1 POTENCIAR EL SISTEMA DE INVESTIGACI\u00d3N E INNOVACI\u00d3N DEL PA\u00cdS"},"content":{"rendered":"\n<p>Se realiz\u00f3 el lanzamiento de Uruguay Innova, un programa que busca potenciar el actual sistema de investigaci\u00f3n e innovaci\u00f3n del pa\u00eds, desde una perspectiva estrat\u00e9gica. Al respecto del mismo, Yamand\u00fa Orsi, presidente de la Rep\u00fablica, destac\u00f3 que la meta del programa es racionalizar esfuerzos y ordenar el ecosistema existente. En este sentido, el mandatario destac\u00f3 que el v\u00ednculo con la academia, el sector privado y la innovaci\u00f3n, entre otras \u00e1reas, debe confluir hacia algo \u201cmuy potente\u201d. El responsable del programa ser\u00e1 el contador Bruno Gili, que sostuvo que se proyecta como una pol\u00edtica de Estado para construir un desarrollo sostenible, con empleos de calidad, inclusi\u00f3n y bienestar para todos. Para lograrlo, el programa se estructurar\u00e1 en cuatro componentes: conocimiento, innovaci\u00f3n, internacionalizaci\u00f3n y calidad regulatoria. Esto implicar\u00e1, a su vez, repensar la institucionalidad del sistema de ciencia, tecnolog\u00eda e innovaci\u00f3n y dise\u00f1ar proyectos e incentivos para impulsar la mejora de la productividad y la competitividad del sector. (Cr\u00f3nicas \u2013 24\/05)<\/p>\n","protected":false},"excerpt":{"rendered":"<p>Se realiz\u00f3 el lanzamiento de Uruguay Innova, un programa que busca potenciar el actual sistema de investigaci\u00f3n e innovaci\u00f3n del pa\u00eds, desde una perspectiva estrat\u00e9gica. Al respecto del mismo, Yamand\u00fa Orsi, presidente de la Rep\u00fablica, destac\u00f3 que la meta del programa es racionalizar esfuerzos y ordenar el ecosistema existente. En este sentido, el mandatario destac\u00f3 [&hellip;]<\/p>\n","protected":false},"author":3,"featured_media":1411,"comment_status":"open","ping_status":"open","sticky":false,"template":"","format":"standard","meta":{"_joinchat":[],"footnotes":""},"categories":[15],"tags":[],"class_list":{"0":"post-1408","1":"post","2":"type-post","3":"status-publish","4":"format-standard","5":"has-post-thumbnail","7":"category-sin-categoria-es"},"yoast_head":"<!-- This site is optimized with the Yoast SEO plugin v27.5 - https:\/\/yoast.com\/product\/yoast-seo-wordpress\/ -->\n<title>URUGUAY INNOVA BUSCAR\u00c1 POTENCIAR EL SISTEMA DE INVESTIGACI\u00d3N E INNOVACI\u00d3N DEL PA\u00cdS - Palmero Despachante de Aduana<\/title>\n<meta name=\"robots\" content=\"noindex, follow\" \/>\n<meta property=\"og:locale\" content=\"es_ES\" \/>\n<meta property=\"og:type\" content=\"article\" \/>\n<meta property=\"og:title\" content=\"URUGUAY INNOVA BUSCAR\u00c1 POTENCIAR EL SISTEMA DE INVESTIGACI\u00d3N E INNOVACI\u00d3N DEL PA\u00cdS - Palmero Despachante de Aduana\" \/>\n<meta property=\"og:description\" content=\"Se realiz\u00f3 el lanzamiento de Uruguay Innova, un programa que busca potenciar el actual sistema de investigaci\u00f3n e innovaci\u00f3n del pa\u00eds, desde una perspectiva estrat\u00e9gica. Al respecto del mismo, Yamand\u00fa Orsi, presidente de la Rep\u00fablica, destac\u00f3 que la meta del programa es racionalizar esfuerzos y ordenar el ecosistema existente. En este sentido, el mandatario destac\u00f3 [&hellip;]\" \/>\n<meta property=\"og:url\" content=\"https:\/\/palmerodespachante.uy\/index.php\/2025\/05\/27\/uruguay-innova-buscara-potenciar-el-sistema-de-investigacion-e-innovacion-del-pais\/\" \/>\n<meta property=\"og:site_name\" content=\"Palmero Despachante de Aduana\" \/>\n<meta property=\"article:publisher\" content=\"https:\/\/www.facebook.com\/despachantedeaduana.palmero?hc_ref=ARQPWzEmqFz3O_9qTlrxPP6NW-Vf1b4-iJdwH7XdkuWdfarefzfPyjY7DGBCye4mnJs\" \/>\n<meta property=\"article:published_time\" content=\"2025-05-27T14:45:28+00:00\" \/>\n<meta property=\"article:modified_time\" content=\"2025-05-27T14:45:30+00:00\" \/>\n<meta property=\"og:image\" content=\"http:\/\/palmerodespachante.uy\/wp-content\/uploads\/2025\/05\/evento0-2.jpg\" \/>\n\t<meta property=\"og:image:width\" content=\"820\" \/>\n\t<meta property=\"og:image:height\" content=\"547\" \/>\n\t<meta property=\"og:image:type\" content=\"image\/jpeg\" \/>\n<meta name=\"author\" content=\"Javier Palmero\" \/>\n<meta name=\"twitter:card\" content=\"summary_large_image\" \/>\n<meta name=\"twitter:label1\" content=\"Escrito por\" \/>\n\t<meta name=\"twitter:data1\" content=\"Javier Palmero\" \/>\n\t<meta name=\"twitter:label2\" content=\"Tiempo de lectura\" \/>\n\t<meta name=\"twitter:data2\" content=\"1 minuto\" \/>\n<script type=\"application\/ld+json\" class=\"yoast-schema-graph\">{\"@context\":\"https:\\\/\\\/schema.org\",\"@graph\":[{\"@type\":\"Article\",\"@id\":\"https:\\\/\\\/palmerodespachante.uy\\\/index.php\\\/2025\\\/05\\\/27\\\/uruguay-innova-buscara-potenciar-el-sistema-de-investigacion-e-innovacion-del-pais\\\/#article\",\"isPartOf\":{\"@id\":\"https:\\\/\\\/palmerodespachante.uy\\\/index.php\\\/2025\\\/05\\\/27\\\/uruguay-innova-buscara-potenciar-el-sistema-de-investigacion-e-innovacion-del-pais\\\/\"},\"author\":{\"name\":\"Javier Palmero\",\"@id\":\"https:\\\/\\\/palmerodespachante.uy\\\/#\\\/schema\\\/person\\\/9eabdcdc87fc74d275cc2faf2ce2f732\"},\"headline\":\"URUGUAY INNOVA BUSCAR\u00c1 POTENCIAR EL SISTEMA DE INVESTIGACI\u00d3N E INNOVACI\u00d3N DEL PA\u00cdS\",\"datePublished\":\"2025-05-27T14:45:28+00:00\",\"dateModified\":\"2025-05-27T14:45:30+00:00\",\"mainEntityOfPage\":{\"@id\":\"https:\\\/\\\/palmerodespachante.uy\\\/index.php\\\/2025\\\/05\\\/27\\\/uruguay-innova-buscara-potenciar-el-sistema-de-investigacion-e-innovacion-del-pais\\\/\"},\"wordCount\":187,\"commentCount\":0,\"publisher\":{\"@id\":\"https:\\\/\\\/palmerodespachante.uy\\\/#organization\"},\"image\":{\"@id\":\"https:\\\/\\\/palmerodespachante.uy\\\/index.php\\\/2025\\\/05\\\/27\\\/uruguay-innova-buscara-potenciar-el-sistema-de-investigacion-e-innovacion-del-pais\\\/#primaryimage\"},\"thumbnailUrl\":\"https:\\\/\\\/palmerodespachante.uy\\\/wp-content\\\/uploads\\\/2025\\\/05\\\/evento0-2.jpg\",\"inLanguage\":\"es\",\"potentialAction\":[{\"@type\":\"CommentAction\",\"name\":\"Comment\",\"target\":[\"https:\\\/\\\/palmerodespachante.uy\\\/index.php\\\/2025\\\/05\\\/27\\\/uruguay-innova-buscara-potenciar-el-sistema-de-investigacion-e-innovacion-del-pais\\\/#respond\"]}]},{\"@type\":\"WebPage\",\"@id\":\"https:\\\/\\\/palmerodespachante.uy\\\/index.php\\\/2025\\\/05\\\/27\\\/uruguay-innova-buscara-potenciar-el-sistema-de-investigacion-e-innovacion-del-pais\\\/\",\"url\":\"https:\\\/\\\/palmerodespachante.uy\\\/index.php\\\/2025\\\/05\\\/27\\\/uruguay-innova-buscara-potenciar-el-sistema-de-investigacion-e-innovacion-del-pais\\\/\",\"name\":\"URUGUAY INNOVA BUSCAR\u00c1 POTENCIAR EL SISTEMA DE INVESTIGACI\u00d3N E INNOVACI\u00d3N DEL PA\u00cdS - Palmero Despachante de Aduana\",\"isPartOf\":{\"@id\":\"https:\\\/\\\/palmerodespachante.uy\\\/#website\"},\"primaryImageOfPage\":{\"@id\":\"https:\\\/\\\/palmerodespachante.uy\\\/index.php\\\/2025\\\/05\\\/27\\\/uruguay-innova-buscara-potenciar-el-sistema-de-investigacion-e-innovacion-del-pais\\\/#primaryimage\"},\"image\":{\"@id\":\"https:\\\/\\\/palmerodespachante.uy\\\/index.php\\\/2025\\\/05\\\/27\\\/uruguay-innova-buscara-potenciar-el-sistema-de-investigacion-e-innovacion-del-pais\\\/#primaryimage\"},\"thumbnailUrl\":\"https:\\\/\\\/palmerodespachante.uy\\\/wp-content\\\/uploads\\\/2025\\\/05\\\/evento0-2.jpg\",\"datePublished\":\"2025-05-27T14:45:28+00:00\",\"dateModified\":\"2025-05-27T14:45:30+00:00\",\"breadcrumb\":{\"@id\":\"https:\\\/\\\/palmerodespachante.uy\\\/index.php\\\/2025\\\/05\\\/27\\\/uruguay-innova-buscara-potenciar-el-sistema-de-investigacion-e-innovacion-del-pais\\\/#breadcrumb\"},\"inLanguage\":\"es\",\"potentialAction\":[{\"@type\":\"ReadAction\",\"target\":[\"https:\\\/\\\/palmerodespachante.uy\\\/index.php\\\/2025\\\/05\\\/27\\\/uruguay-innova-buscara-potenciar-el-sistema-de-investigacion-e-innovacion-del-pais\\\/\"]}]},{\"@type\":\"ImageObject\",\"inLanguage\":\"es\",\"@id\":\"https:\\\/\\\/palmerodespachante.uy\\\/index.php\\\/2025\\\/05\\\/27\\\/uruguay-innova-buscara-potenciar-el-sistema-de-investigacion-e-innovacion-del-pais\\\/#primaryimage\",\"url\":\"https:\\\/\\\/palmerodespachante.uy\\\/wp-content\\\/uploads\\\/2025\\\/05\\\/evento0-2.jpg\",\"contentUrl\":\"https:\\\/\\\/palmerodespachante.uy\\\/wp-content\\\/uploads\\\/2025\\\/05\\\/evento0-2.jpg\",\"width\":820,\"height\":547},{\"@type\":\"BreadcrumbList\",\"@id\":\"https:\\\/\\\/palmerodespachante.uy\\\/index.php\\\/2025\\\/05\\\/27\\\/uruguay-innova-buscara-potenciar-el-sistema-de-investigacion-e-innovacion-del-pais\\\/#breadcrumb\",\"itemListElement\":[{\"@type\":\"ListItem\",\"position\":1,\"name\":\"Portada\",\"item\":\"https:\\\/\\\/palmerodespachante.uy\\\/\"},{\"@type\":\"ListItem\",\"position\":2,\"name\":\"URUGUAY INNOVA BUSCAR\u00c1 POTENCIAR EL SISTEMA DE INVESTIGACI\u00d3N E INNOVACI\u00d3N DEL PA\u00cdS\"}]},{\"@type\":\"WebSite\",\"@id\":\"https:\\\/\\\/palmerodespachante.uy\\\/#website\",\"url\":\"https:\\\/\\\/palmerodespachante.uy\\\/\",\"name\":\"Palmero Despachante de Aduana\",\"description\":\"Importaci\u00f3n, Exportaci\u00f3n, Tr\u00e1nsito\",\"publisher\":{\"@id\":\"https:\\\/\\\/palmerodespachante.uy\\\/#organization\"},\"potentialAction\":[{\"@type\":\"SearchAction\",\"target\":{\"@type\":\"EntryPoint\",\"urlTemplate\":\"https:\\\/\\\/palmerodespachante.uy\\\/?s={search_term_string}\"},\"query-input\":{\"@type\":\"PropertyValueSpecification\",\"valueRequired\":true,\"valueName\":\"search_term_string\"}}],\"inLanguage\":\"es\"},{\"@type\":\"Organization\",\"@id\":\"https:\\\/\\\/palmerodespachante.uy\\\/#organization\",\"name\":\"Palmero Despachante de Aduanas\",\"url\":\"https:\\\/\\\/palmerodespachante.uy\\\/\",\"logo\":{\"@type\":\"ImageObject\",\"inLanguage\":\"es\",\"@id\":\"https:\\\/\\\/palmerodespachante.uy\\\/#\\\/schema\\\/logo\\\/image\\\/\",\"url\":\"https:\\\/\\\/palmerodespachante.uy\\\/wp-content\\\/uploads\\\/2018\\\/08\\\/Logo-144.png\",\"contentUrl\":\"https:\\\/\\\/palmerodespachante.uy\\\/wp-content\\\/uploads\\\/2018\\\/08\\\/Logo-144.png\",\"width\":144,\"height\":144,\"caption\":\"Palmero Despachante de Aduanas\"},\"image\":{\"@id\":\"https:\\\/\\\/palmerodespachante.uy\\\/#\\\/schema\\\/logo\\\/image\\\/\"},\"sameAs\":[\"https:\\\/\\\/www.facebook.com\\\/despachantedeaduana.palmero?hc_ref=ARQPWzEmqFz3O_9qTlrxPP6NW-Vf1b4-iJdwH7XdkuWdfarefzfPyjY7DGBCye4mnJs\",\"https:\\\/\\\/www.linkedin.com\\\/company\\\/despachante-de-aduana-palmero\\\/\"]},{\"@type\":\"Person\",\"@id\":\"https:\\\/\\\/palmerodespachante.uy\\\/#\\\/schema\\\/person\\\/9eabdcdc87fc74d275cc2faf2ce2f732\",\"name\":\"Javier Palmero\",\"image\":{\"@type\":\"ImageObject\",\"inLanguage\":\"es\",\"@id\":\"https:\\\/\\\/palmerodespachante.uy\\\/wp-content\\\/litespeed\\\/avatar\\\/8e783966089c8fa82b27a6627fb956c2.jpg?ver=1777463218\",\"url\":\"https:\\\/\\\/palmerodespachante.uy\\\/wp-content\\\/litespeed\\\/avatar\\\/8e783966089c8fa82b27a6627fb956c2.jpg?ver=1777463218\",\"contentUrl\":\"https:\\\/\\\/palmerodespachante.uy\\\/wp-content\\\/litespeed\\\/avatar\\\/8e783966089c8fa82b27a6627fb956c2.jpg?ver=1777463218\",\"caption\":\"Javier Palmero\"}}]}<\/script>\n<!-- \/ Yoast SEO plugin. -->","yoast_head_json":{"title":"URUGUAY INNOVA BUSCAR\u00c1 POTENCIAR EL SISTEMA DE INVESTIGACI\u00d3N E INNOVACI\u00d3N DEL PA\u00cdS - Palmero Despachante de Aduana","robots":{"index":"noindex","follow":"follow"},"og_locale":"es_ES","og_type":"article","og_title":"URUGUAY INNOVA BUSCAR\u00c1 POTENCIAR EL SISTEMA DE INVESTIGACI\u00d3N E INNOVACI\u00d3N DEL PA\u00cdS - Palmero Despachante de Aduana","og_description":"Se realiz\u00f3 el lanzamiento de Uruguay Innova, un programa que busca potenciar el actual sistema de investigaci\u00f3n e innovaci\u00f3n del pa\u00eds, desde una perspectiva estrat\u00e9gica. Al respecto del mismo, Yamand\u00fa Orsi, presidente de la Rep\u00fablica, destac\u00f3 que la meta del programa es racionalizar esfuerzos y ordenar el ecosistema existente. En este sentido, el mandatario destac\u00f3 [&hellip;]","og_url":"https:\/\/palmerodespachante.uy\/index.php\/2025\/05\/27\/uruguay-innova-buscara-potenciar-el-sistema-de-investigacion-e-innovacion-del-pais\/","og_site_name":"Palmero Despachante de Aduana","article_publisher":"https:\/\/www.facebook.com\/despachantedeaduana.palmero?hc_ref=ARQPWzEmqFz3O_9qTlrxPP6NW-Vf1b4-iJdwH7XdkuWdfarefzfPyjY7DGBCye4mnJs","article_published_time":"2025-05-27T14:45:28+00:00","article_modified_time":"2025-05-27T14:45:30+00:00","og_image":[{"width":820,"height":547,"url":"http:\/\/palmerodespachante.uy\/wp-content\/uploads\/2025\/05\/evento0-2.jpg","type":"image\/jpeg"}],"author":"Javier Palmero","twitter_card":"summary_large_image","twitter_misc":{"Escrito por":"Javier Palmero","Tiempo de lectura":"1 minuto"},"schema":{"@context":"https:\/\/schema.org","@graph":[{"@type":"Article","@id":"https:\/\/palmerodespachante.uy\/index.php\/2025\/05\/27\/uruguay-innova-buscara-potenciar-el-sistema-de-investigacion-e-innovacion-del-pais\/#article","isPartOf":{"@id":"https:\/\/palmerodespachante.uy\/index.php\/2025\/05\/27\/uruguay-innova-buscara-potenciar-el-sistema-de-investigacion-e-innovacion-del-pais\/"},"author":{"name":"Javier Palmero","@id":"https:\/\/palmerodespachante.uy\/#\/schema\/person\/9eabdcdc87fc74d275cc2faf2ce2f732"},"headline":"URUGUAY INNOVA BUSCAR\u00c1 POTENCIAR EL SISTEMA DE INVESTIGACI\u00d3N E INNOVACI\u00d3N DEL PA\u00cdS","datePublished":"2025-05-27T14:45:28+00:00","dateModified":"2025-05-27T14:45:30+00:00","mainEntityOfPage":{"@id":"https:\/\/palmerodespachante.uy\/index.php\/2025\/05\/27\/uruguay-innova-buscara-potenciar-el-sistema-de-investigacion-e-innovacion-del-pais\/"},"wordCount":187,"commentCount":0,"publisher":{"@id":"https:\/\/palmerodespachante.uy\/#organization"},"image":{"@id":"https:\/\/palmerodespachante.uy\/index.php\/2025\/05\/27\/uruguay-innova-buscara-potenciar-el-sistema-de-investigacion-e-innovacion-del-pais\/#primaryimage"},"thumbnailUrl":"https:\/\/palmerodespachante.uy\/wp-content\/uploads\/2025\/05\/evento0-2.jpg","inLanguage":"es","potentialAction":[{"@type":"CommentAction","name":"Comment","target":["https:\/\/palmerodespachante.uy\/index.php\/2025\/05\/27\/uruguay-innova-buscara-potenciar-el-sistema-de-investigacion-e-innovacion-del-pais\/#respond"]}]},{"@type":"WebPage","@id":"https:\/\/palmerodespachante.uy\/index.php\/2025\/05\/27\/uruguay-innova-buscara-potenciar-el-sistema-de-investigacion-e-innovacion-del-pais\/","url":"https:\/\/palmerodespachante.uy\/index.php\/2025\/05\/27\/uruguay-innova-buscara-potenciar-el-sistema-de-investigacion-e-innovacion-del-pais\/","name":"URUGUAY INNOVA BUSCAR\u00c1 POTENCIAR EL SISTEMA DE INVESTIGACI\u00d3N E INNOVACI\u00d3N DEL PA\u00cdS - Palmero Despachante de Aduana","isPartOf":{"@id":"https:\/\/palmerodespachante.uy\/#website"},"primaryImageOfPage":{"@id":"https:\/\/palmerodespachante.uy\/index.php\/2025\/05\/27\/uruguay-innova-buscara-potenciar-el-sistema-de-investigacion-e-innovacion-del-pais\/#primaryimage"},"image":{"@id":"https:\/\/palmerodespachante.uy\/index.php\/2025\/05\/27\/uruguay-innova-buscara-potenciar-el-sistema-de-investigacion-e-innovacion-del-pais\/#primaryimage"},"thumbnailUrl":"https:\/\/palmerodespachante.uy\/wp-content\/uploads\/2025\/05\/evento0-2.jpg","datePublished":"2025-05-27T14:45:28+00:00","dateModified":"2025-05-27T14:45:30+00:00","breadcrumb":{"@id":"https:\/\/palmerodespachante.uy\/index.php\/2025\/05\/27\/uruguay-innova-buscara-potenciar-el-sistema-de-investigacion-e-innovacion-del-pais\/#breadcrumb"},"inLanguage":"es","potentialAction":[{"@type":"ReadAction","target":["https:\/\/palmerodespachante.uy\/index.php\/2025\/05\/27\/uruguay-innova-buscara-potenciar-el-sistema-de-investigacion-e-innovacion-del-pais\/"]}]},{"@type":"ImageObject","inLanguage":"es","@id":"https:\/\/palmerodespachante.uy\/index.php\/2025\/05\/27\/uruguay-innova-buscara-potenciar-el-sistema-de-investigacion-e-innovacion-del-pais\/#primaryimage","url":"https:\/\/palmerodespachante.uy\/wp-content\/uploads\/2025\/05\/evento0-2.jpg","contentUrl":"https:\/\/palmerodespachante.uy\/wp-content\/uploads\/2025\/05\/evento0-2.jpg","width":820,"height":547},{"@type":"BreadcrumbList","@id":"https:\/\/palmerodespachante.uy\/index.php\/2025\/05\/27\/uruguay-innova-buscara-potenciar-el-sistema-de-investigacion-e-innovacion-del-pais\/#breadcrumb","itemListElement":[{"@type":"ListItem","position":1,"name":"Portada","item":"https:\/\/palmerodespachante.uy\/"},{"@type":"ListItem","position":2,"name":"URUGUAY INNOVA BUSCAR\u00c1 POTENCIAR EL SISTEMA DE INVESTIGACI\u00d3N E INNOVACI\u00d3N DEL PA\u00cdS"}]},{"@type":"WebSite","@id":"https:\/\/palmerodespachante.uy\/#website","url":"https:\/\/palmerodespachante.uy\/","name":"Palmero Despachante de Aduana","description":"Importaci\u00f3n, Exportaci\u00f3n, Tr\u00e1nsito","publisher":{"@id":"https:\/\/palmerodespachante.uy\/#organization"},"potentialAction":[{"@type":"SearchAction","target":{"@type":"EntryPoint","urlTemplate":"https:\/\/palmerodespachante.uy\/?s={search_term_string}"},"query-input":{"@type":"PropertyValueSpecification","valueRequired":true,"valueName":"search_term_string"}}],"inLanguage":"es"},{"@type":"Organization","@id":"https:\/\/palmerodespachante.uy\/#organization","name":"Palmero Despachante de Aduanas","url":"https:\/\/palmerodespachante.uy\/","logo":{"@type":"ImageObject","inLanguage":"es","@id":"https:\/\/palmerodespachante.uy\/#\/schema\/logo\/image\/","url":"https:\/\/palmerodespachante.uy\/wp-content\/uploads\/2018\/08\/Logo-144.png","contentUrl":"https:\/\/palmerodespachante.uy\/wp-content\/uploads\/2018\/08\/Logo-144.png","width":144,"height":144,"caption":"Palmero Despachante de Aduanas"},"image":{"@id":"https:\/\/palmerodespachante.uy\/#\/schema\/logo\/image\/"},"sameAs":["https:\/\/www.facebook.com\/despachantedeaduana.palmero?hc_ref=ARQPWzEmqFz3O_9qTlrxPP6NW-Vf1b4-iJdwH7XdkuWdfarefzfPyjY7DGBCye4mnJs","https:\/\/www.linkedin.com\/company\/despachante-de-aduana-palmero\/"]},{"@type":"Person","@id":"https:\/\/palmerodespachante.uy\/#\/schema\/person\/9eabdcdc87fc74d275cc2faf2ce2f732","name":"Javier Palmero","image":{"@type":"ImageObject","inLanguage":"es","@id":"https:\/\/palmerodespachante.uy\/wp-content\/litespeed\/avatar\/8e783966089c8fa82b27a6627fb956c2.jpg?ver=1777463218","url":"https:\/\/palmerodespachante.uy\/wp-content\/litespeed\/avatar\/8e783966089c8fa82b27a6627fb956c2.jpg?ver=1777463218","contentUrl":"https:\/\/palmerodespachante.uy\/wp-content\/litespeed\/avatar\/8e783966089c8fa82b27a6627fb956c2.jpg?ver=1777463218","caption":"Javier Palmero"}}]}},"jetpack_featured_media_url":"https:\/\/palmerodespachante.uy\/wp-content\/uploads\/2025\/05\/evento0-2.jpg","_links":{"self":[{"href":"https:\/\/palmerodespachante.uy\/index.php\/wp-json\/wp\/v2\/posts\/1408","targetHints":{"allow":["GET"]}}],"collection":[{"href":"https:\/\/palmerodespachante.uy\/index.php\/wp-json\/wp\/v2\/posts"}],"about":[{"href":"https:\/\/palmerodespachante.uy\/index.php\/wp-json\/wp\/v2\/types\/post"}],"author":[{"embeddable":true,"href":"https:\/\/palmerodespachante.uy\/index.php\/wp-json\/wp\/v2\/users\/3"}],"replies":[{"embeddable":true,"href":"https:\/\/palmerodespachante.uy\/index.php\/wp-json\/wp\/v2\/comments?post=1408"}],"version-history":[{"count":1,"href":"https:\/\/palmerodespachante.uy\/index.php\/wp-json\/wp\/v2\/posts\/1408\/revisions"}],"predecessor-version":[{"id":1412,"href":"https:\/\/palmerodespachante.uy\/index.php\/wp-json\/wp\/v2\/posts\/1408\/revisions\/1412"}],"wp:featuredmedia":[{"embeddable":true,"href":"https:\/\/palmerodespachante.uy\/index.php\/wp-json\/wp\/v2\/media\/1411"}],"wp:attachment":[{"href":"https:\/\/palmerodespachante.uy\/index.php\/wp-json\/wp\/v2\/media?parent=1408"}],"wp:term":[{"taxonomy":"category","embeddable":true,"href":"https:\/\/palmerodespachante.uy\/index.php\/wp-json\/wp\/v2\/categories?post=1408"},{"taxonomy":"post_tag","embeddable":true,"href":"https:\/\/palmerodespachante.uy\/index.php\/wp-json\/wp\/v2\/tags?post=1408"}],"curies":[{"name":"wp","href":"https:\/\/api.w.org\/{rel}","templated":true}]}}